{"id":3685,"date":"2012-02-05T11:11:38","date_gmt":"2012-02-05T10:11:38","guid":{"rendered":"http:\/\/www.altercampagne.net\/?p=3685"},"modified":"2016-04-07T11:14:21","modified_gmt":"2016-04-07T09:14:21","slug":"action-nationale-5-minutes-contre-le-nucleaire","status":"publish","type":"post","link":"https:\/\/www.altercampagne.net\/?p=3685","title":{"rendered":"Action nationale : 5 minutes contre le nucl\u00e9aire !"},"content":{"rendered":"<p class=\"Style138\" align=\"justify\">A l&rsquo;appel de 12 organisations (voir ci-contre),\u00a0<strong>vous \u00eates toutes et tous invit\u00e9(e)s \u00e0 \u00e9teindre vos lampes et appareils consommant de l&rsquo;\u00e9lectricit\u00e9 <\/strong>entre\u00a0<strong>19 h 55 et 20 h<\/strong>, les 11 f\u00e9vrier,\u00a011 mars, <strong>26 avril<\/strong> et 4 mai prochains.<\/p>\n<p class=\"Style138\" align=\"justify\">Cette action nationale a pour but :<\/p>\n<div align=\"justify\">\n<ul class=\"Style138\">\n<li>de comm\u00e9morer les catastrophes de Fukushima et Tchernobyl,<\/li>\n<li>de protester contre la politique \u00e9nerg\u00e9tique de l\u2019\u00c9tat fran\u00e7ais qui n&rsquo;a de cesse de soutenir encore et toujours le nucl\u00e9aire.<\/li>\n<\/ul>\n<\/div>\n<p class=\"Style138\" align=\"justify\"><strong>Apr\u00e8s la catastrophe de Fukushima, la France doit abandonner le nucl\u00e9aire.<\/strong><\/p>\n<p class=\"Style138\" align=\"justify\">La campagne pr\u00e9sidentielle doit \u00eatre l&rsquo;occasion d&rsquo;engager notre pays sur la voie d&rsquo;une transition \u00e9nerg\u00e9tique pleinement assum\u00e9e faisant la part belle aux \u00e9nergies renouvelables et \u00e0 la ma\u00eetrise de l&rsquo;\u00e9nergie.<\/p>\n<p class=\"Style138\" align=\"justify\"><strong>Restez au \u00ab courant \u00bb :<\/strong><\/p>\n<p class=\"Style138\" align=\"justify\">En nous laissant vos coordonn\u00e9es, quelques heures avant chaque action, vous recevrez un courriel et\/ou un SMS pour rappel et une invitation \u00e0 rediffuser l&rsquo;information largement afin d&rsquo;amplifier la mobilisation.<\/p>\n<p class=\"Style138\" align=\"justify\">Si nous sommes plusieurs dizaines de milliers d&rsquo;individus \u00e0 agir de concert, nous pouvons avoir un impact et montrer que nous sommes nombreux-ses \u00e0 vouloir sortir du nucl\u00e9aire.<\/p>\n<p class=\"Style138\" align=\"justify\"><strong>Un petit geste peut avoir, s\u2019il est d\u00e9multipli\u00e9, une puissance militante insoup\u00e7onn\u00e9e.<\/strong><\/p>\n<p class=\"Style138\" align=\"justify\">Plus d&rsquo;infos sur : <a href=\"http:\/\/www.cinqminutescontrelenucleaire.fr\/\" target=\"_blank\">http:\/\/www.cinqminutescontrelenucleaire.fr\/<\/a><\/p>\n<p class=\"Style138\" align=\"justify\"><strong> \u00ab\u00a05 minutes contre le nucl\u00e9aire\u00a0\u00bb<\/strong>\u00a0est une action nationale lanc\u00e9e \u00e0 l&rsquo;appel de l&rsquo;association Agir pour l&rsquo;Environnement et de 11 autres organisations (et peut-\u00eatre d&rsquo;autres \u00e0 venir ? Vous souhaitez \u00eatre partenaire : contactez nous sur <a href=\"http:\/\/altercampagne.free.fr\/pages\/2008\/AlterTour\/contact@cinqminutescontrelenucleaire.fr\" target=\"_blank\">contact@cinqminutescontrelenucleaire.fr<\/a>)<\/p>\n<ul class=\"Style138\">\n<li>l&rsquo;<a href=\"http:\/\/j.mp\/z6oCCz\" target=\"_blank\">association Agir pour l\u2019Environnement<\/a>,<\/li>\n<li>Greenpeace,<\/li>\n<li>Attac,<\/li>\n<li><a href=\"http:\/\/j.mp\/wOWGXw\" target=\"_blank\">Biocoop<\/a>,<\/li>\n<li>la Conf\u00e9d\u00e9ration paysanne,<\/li>\n<li>le\u00a0<a href=\"http:\/\/j.mp\/xo7l8S\" target=\"_blank\">R\u00e9seau Action Climat<\/a>,<\/li>\n<li>Nature et Progr\u00e8s,<\/li>\n<li>la\u00a0<a href=\"http:\/\/www.france-libertes.org\/Action-nationale-5-minutes-contre.html\" target=\"_blank\">Fondation France Libert\u00e9s<\/a>,<\/li>\n<li>le\u00a0<a href=\"http:\/\/groupes.sortirdunucleaire.org\/IMG\/lettre\/lettre_20120210_c70e2_fr.html\" target=\"_blank\">R\u00e9seau Sortir du nucl\u00e9aire<\/a>,<\/li>\n<li>WECF,<\/li>\n<li>G\u00e9n\u00e9rations Futures<\/li>\n<li><a href=\"http:\/\/j.mp\/xhx2zF\" target=\"_blank\">R\u00e9sistance \u00e0 l\u2019Agression Publicitaire<\/a><\/li>\n<\/ul>\n<p class=\"Style138\"><strong>Ils soutiennent :<\/strong><\/p>\n<ul>\n<li class=\"Style138\">Cyberacteurs<\/li>\n<li class=\"Style138\">Comit\u00e9 Stop Belleville Stop Dampierre<\/li>\n<\/ul>\n","protected":false},"excerpt":{"rendered":"<p>A l&rsquo;appel de 12 organisations (voir ci-contre),\u00a0vous \u00eates toutes et tous invit\u00e9(e)s \u00e0 \u00e9teindre vos lampes et appareils consommant de l&rsquo;\u00e9lectricit\u00e9 entre\u00a019 h 55 et 20 h, les 11 f\u00e9vrier,\u00a011 mars, 26 avril et 4 mai prochains. Cette action nationale a pour but : de comm\u00e9morer les catastrophes de Fukushima &#8230; <\/p>\n<div><a href=\"https:\/\/www.altercampagne.net\/?p=3685\" class=\"more-link\">Read More<\/a><\/div>\n","protected":false},"author":214,"featured_media":0,"comment_status":"closed","ping_status":"closed","sticky":false,"template":"","format":"standard","meta":{"footnotes":""},"categories":[1],"tags":[232,338,426,449,711,798,799,1008,1263,1264,1265,1266,1267,1268,1269,1270],"class_list":["post-3685","post","type-post","status-publish","format-standard","hentry","category-non-classe","tag-nucleaire","tag-resistance-a-lagression-publicitaire","tag-nature-et-progres","tag-confederation-paysanne","tag-biocoop","tag-fukushima","tag-tchernobyl","tag-attac","tag-electrique","tag-agir-pour-lenvironnement","tag-greenpeace","tag-reseau-action-climat","tag-fondation-france-libertes","tag-reseau-sortir-du-nucleaire","tag-wecf","tag-generations-futures","no-post-thumbnail"],"yoast_head":"<!-- This site is optimized with the Yoast SEO plugin v27.3 - https:\/\/yoast.com\/product\/yoast-seo-wordpress\/ -->\n<title>Action nationale : 5 minutes contre le nucl\u00e9aire ! - AlterTour<\/title>\n<meta name=\"robots\" content=\"index, follow, max-snippet:-1, max-image-preview:large, max-video-preview:-1\" \/>\n<link rel=\"canonical\" href=\"https:\/\/www.altercampagne.net\/?p=3685\" \/>\n<meta property=\"og:locale\" content=\"fr_FR\" \/>\n<meta property=\"og:type\" content=\"article\" \/>\n<meta property=\"og:title\" content=\"Action nationale : 5 minutes contre le nucl\u00e9aire ! - AlterTour\" \/>\n<meta property=\"og:description\" content=\"A l&rsquo;appel de 12 organisations (voir ci-contre),\u00a0vous \u00eates toutes et tous invit\u00e9(e)s \u00e0 \u00e9teindre vos lampes et appareils consommant de l&rsquo;\u00e9lectricit\u00e9 entre\u00a019 h 55 et 20 h, les 11 f\u00e9vrier,\u00a011 mars, 26 avril et 4 mai prochains. Cette action nationale a pour but : de comm\u00e9morer les catastrophes de Fukushima ... Read More\" \/>\n<meta property=\"og:url\" content=\"https:\/\/www.altercampagne.net\/?p=3685\" \/>\n<meta property=\"og:site_name\" content=\"AlterTour\" \/>\n<meta property=\"article:published_time\" content=\"2012-02-05T10:11:38+00:00\" \/>\n<meta property=\"article:modified_time\" content=\"2016-04-07T09:14:21+00:00\" \/>\n<meta name=\"author\" content=\"Mathieu\" \/>\n<meta name=\"twitter:card\" content=\"summary_large_image\" \/>\n<meta name=\"twitter:label1\" content=\"\u00c9crit par\" \/>\n\t<meta name=\"twitter:data1\" content=\"Mathieu\" \/>\n\t<meta name=\"twitter:label2\" content=\"Dur\u00e9e de lecture estim\u00e9e\" \/>\n\t<meta name=\"twitter:data2\" content=\"1 minute\" \/>\n<script type=\"application\/ld+json\" class=\"yoast-schema-graph\">{\"@context\":\"https:\\\/\\\/schema.org\",\"@graph\":[{\"@type\":\"Article\",\"@id\":\"https:\\\/\\\/www.altercampagne.net\\\/?p=3685#article\",\"isPartOf\":{\"@id\":\"https:\\\/\\\/www.altercampagne.net\\\/?p=3685\"},\"author\":{\"name\":\"Mathieu\",\"@id\":\"https:\\\/\\\/www.altercampagne.net\\\/#\\\/schema\\\/person\\\/0f261460c09e430caa0f9bcffa319109\"},\"headline\":\"Action nationale : 5 minutes contre le nucl\u00e9aire !\",\"datePublished\":\"2012-02-05T10:11:38+00:00\",\"dateModified\":\"2016-04-07T09:14:21+00:00\",\"mainEntityOfPage\":{\"@id\":\"https:\\\/\\\/www.altercampagne.net\\\/?p=3685\"},\"wordCount\":314,\"keywords\":[\"nucl\u00e9aire\",\"R\u00e9sistance \u00e0 l\u2019agression publicitaire\",\"nature et progres\",\"conf\u00e9d\u00e9ration paysanne\",\"biocoop\",\"Fukushima\",\"Tchernobyl\",\"Attac\",\"\u00e9lectrique\",\"Agir pour l\u2019Environnement\",\"Greenpeace\",\"R\u00e9seau Action Climat\",\"Fondation France Libert\u00e9s\",\"R\u00e9seau Sortir du nucl\u00e9aire\",\"WECF\",\"G\u00e9n\u00e9rations Futures\"],\"inLanguage\":\"fr-FR\"},{\"@type\":\"WebPage\",\"@id\":\"https:\\\/\\\/www.altercampagne.net\\\/?p=3685\",\"url\":\"https:\\\/\\\/www.altercampagne.net\\\/?p=3685\",\"name\":\"Action nationale : 5 minutes contre le nucl\u00e9aire ! - AlterTour\",\"isPartOf\":{\"@id\":\"https:\\\/\\\/www.altercampagne.net\\\/#website\"},\"datePublished\":\"2012-02-05T10:11:38+00:00\",\"dateModified\":\"2016-04-07T09:14:21+00:00\",\"author\":{\"@id\":\"https:\\\/\\\/www.altercampagne.net\\\/#\\\/schema\\\/person\\\/0f261460c09e430caa0f9bcffa319109\"},\"breadcrumb\":{\"@id\":\"https:\\\/\\\/www.altercampagne.net\\\/?p=3685#breadcrumb\"},\"inLanguage\":\"fr-FR\",\"potentialAction\":[{\"@type\":\"ReadAction\",\"target\":[\"https:\\\/\\\/www.altercampagne.net\\\/?p=3685\"]}]},{\"@type\":\"BreadcrumbList\",\"@id\":\"https:\\\/\\\/www.altercampagne.net\\\/?p=3685#breadcrumb\",\"itemListElement\":[{\"@type\":\"ListItem\",\"position\":1,\"name\":\"Accueil\",\"item\":\"https:\\\/\\\/www.altercampagne.net\\\/\"},{\"@type\":\"ListItem\",\"position\":2,\"name\":\"Action nationale : 5 minutes contre le nucl\u00e9aire !\"}]},{\"@type\":\"WebSite\",\"@id\":\"https:\\\/\\\/www.altercampagne.net\\\/#website\",\"url\":\"https:\\\/\\\/www.altercampagne.net\\\/\",\"name\":\"AlterTour\",\"description\":\"Reliez les Alternatives \u00e0 v\u00e9lo\",\"potentialAction\":[{\"@type\":\"SearchAction\",\"target\":{\"@type\":\"EntryPoint\",\"urlTemplate\":\"https:\\\/\\\/www.altercampagne.net\\\/?s={search_term_string}\"},\"query-input\":{\"@type\":\"PropertyValueSpecification\",\"valueRequired\":true,\"valueName\":\"search_term_string\"}}],\"inLanguage\":\"fr-FR\"},{\"@type\":\"Person\",\"@id\":\"https:\\\/\\\/www.altercampagne.net\\\/#\\\/schema\\\/person\\\/0f261460c09e430caa0f9bcffa319109\",\"name\":\"Mathieu\",\"image\":{\"@type\":\"ImageObject\",\"inLanguage\":\"fr-FR\",\"@id\":\"https:\\\/\\\/secure.gravatar.com\\\/avatar\\\/aa9d3d24c83f2141e5e2709d0f63d09a99f6be6bb7a50abc4915838d9f54501a?s=96&d=mm&r=g\",\"url\":\"https:\\\/\\\/secure.gravatar.com\\\/avatar\\\/aa9d3d24c83f2141e5e2709d0f63d09a99f6be6bb7a50abc4915838d9f54501a?s=96&d=mm&r=g\",\"contentUrl\":\"https:\\\/\\\/secure.gravatar.com\\\/avatar\\\/aa9d3d24c83f2141e5e2709d0f63d09a99f6be6bb7a50abc4915838d9f54501a?s=96&d=mm&r=g\",\"caption\":\"Mathieu\"},\"url\":\"https:\\\/\\\/www.altercampagne.net\\\/?author=214\"}]}<\/script>\n<!-- \/ Yoast SEO plugin. -->","yoast_head_json":{"title":"Action nationale : 5 minutes contre le nucl\u00e9aire ! - AlterTour","robots":{"index":"index","follow":"follow","max-snippet":"max-snippet:-1","max-image-preview":"max-image-preview:large","max-video-preview":"max-video-preview:-1"},"canonical":"https:\/\/www.altercampagne.net\/?p=3685","og_locale":"fr_FR","og_type":"article","og_title":"Action nationale : 5 minutes contre le nucl\u00e9aire ! - AlterTour","og_description":"A l&rsquo;appel de 12 organisations (voir ci-contre),\u00a0vous \u00eates toutes et tous invit\u00e9(e)s \u00e0 \u00e9teindre vos lampes et appareils consommant de l&rsquo;\u00e9lectricit\u00e9 entre\u00a019 h 55 et 20 h, les 11 f\u00e9vrier,\u00a011 mars, 26 avril et 4 mai prochains. Cette action nationale a pour but : de comm\u00e9morer les catastrophes de Fukushima ... Read More","og_url":"https:\/\/www.altercampagne.net\/?p=3685","og_site_name":"AlterTour","article_published_time":"2012-02-05T10:11:38+00:00","article_modified_time":"2016-04-07T09:14:21+00:00","author":"Mathieu","twitter_card":"summary_large_image","twitter_misc":{"\u00c9crit par":"Mathieu","Dur\u00e9e de lecture estim\u00e9e":"1 minute"},"schema":{"@context":"https:\/\/schema.org","@graph":[{"@type":"Article","@id":"https:\/\/www.altercampagne.net\/?p=3685#article","isPartOf":{"@id":"https:\/\/www.altercampagne.net\/?p=3685"},"author":{"name":"Mathieu","@id":"https:\/\/www.altercampagne.net\/#\/schema\/person\/0f261460c09e430caa0f9bcffa319109"},"headline":"Action nationale : 5 minutes contre le nucl\u00e9aire !","datePublished":"2012-02-05T10:11:38+00:00","dateModified":"2016-04-07T09:14:21+00:00","mainEntityOfPage":{"@id":"https:\/\/www.altercampagne.net\/?p=3685"},"wordCount":314,"keywords":["nucl\u00e9aire","R\u00e9sistance \u00e0 l\u2019agression publicitaire","nature et progres","conf\u00e9d\u00e9ration paysanne","biocoop","Fukushima","Tchernobyl","Attac","\u00e9lectrique","Agir pour l\u2019Environnement","Greenpeace","R\u00e9seau Action Climat","Fondation France Libert\u00e9s","R\u00e9seau Sortir du nucl\u00e9aire","WECF","G\u00e9n\u00e9rations Futures"],"inLanguage":"fr-FR"},{"@type":"WebPage","@id":"https:\/\/www.altercampagne.net\/?p=3685","url":"https:\/\/www.altercampagne.net\/?p=3685","name":"Action nationale : 5 minutes contre le nucl\u00e9aire ! - AlterTour","isPartOf":{"@id":"https:\/\/www.altercampagne.net\/#website"},"datePublished":"2012-02-05T10:11:38+00:00","dateModified":"2016-04-07T09:14:21+00:00","author":{"@id":"https:\/\/www.altercampagne.net\/#\/schema\/person\/0f261460c09e430caa0f9bcffa319109"},"breadcrumb":{"@id":"https:\/\/www.altercampagne.net\/?p=3685#breadcrumb"},"inLanguage":"fr-FR","potentialAction":[{"@type":"ReadAction","target":["https:\/\/www.altercampagne.net\/?p=3685"]}]},{"@type":"BreadcrumbList","@id":"https:\/\/www.altercampagne.net\/?p=3685#breadcrumb","itemListElement":[{"@type":"ListItem","position":1,"name":"Accueil","item":"https:\/\/www.altercampagne.net\/"},{"@type":"ListItem","position":2,"name":"Action nationale : 5 minutes contre le nucl\u00e9aire !"}]},{"@type":"WebSite","@id":"https:\/\/www.altercampagne.net\/#website","url":"https:\/\/www.altercampagne.net\/","name":"AlterTour","description":"Reliez les Alternatives \u00e0 v\u00e9lo","potentialAction":[{"@type":"SearchAction","target":{"@type":"EntryPoint","urlTemplate":"https:\/\/www.altercampagne.net\/?s={search_term_string}"},"query-input":{"@type":"PropertyValueSpecification","valueRequired":true,"valueName":"search_term_string"}}],"inLanguage":"fr-FR"},{"@type":"Person","@id":"https:\/\/www.altercampagne.net\/#\/schema\/person\/0f261460c09e430caa0f9bcffa319109","name":"Mathieu","image":{"@type":"ImageObject","inLanguage":"fr-FR","@id":"https:\/\/secure.gravatar.com\/avatar\/aa9d3d24c83f2141e5e2709d0f63d09a99f6be6bb7a50abc4915838d9f54501a?s=96&d=mm&r=g","url":"https:\/\/secure.gravatar.com\/avatar\/aa9d3d24c83f2141e5e2709d0f63d09a99f6be6bb7a50abc4915838d9f54501a?s=96&d=mm&r=g","contentUrl":"https:\/\/secure.gravatar.com\/avatar\/aa9d3d24c83f2141e5e2709d0f63d09a99f6be6bb7a50abc4915838d9f54501a?s=96&d=mm&r=g","caption":"Mathieu"},"url":"https:\/\/www.altercampagne.net\/?author=214"}]}},"_links":{"self":[{"href":"https:\/\/www.altercampagne.net\/index.php?rest_route=\/wp\/v2\/posts\/3685","targetHints":{"allow":["GET"]}}],"collection":[{"href":"https:\/\/www.altercampagne.net\/index.php?rest_route=\/wp\/v2\/posts"}],"about":[{"href":"https:\/\/www.altercampagne.net\/index.php?rest_route=\/wp\/v2\/types\/post"}],"author":[{"embeddable":true,"href":"https:\/\/www.altercampagne.net\/index.php?rest_route=\/wp\/v2\/users\/214"}],"replies":[{"embeddable":true,"href":"https:\/\/www.altercampagne.net\/index.php?rest_route=%2Fwp%2Fv2%2Fcomments&post=3685"}],"version-history":[{"count":0,"href":"https:\/\/www.altercampagne.net\/index.php?rest_route=\/wp\/v2\/posts\/3685\/revisions"}],"wp:attachment":[{"href":"https:\/\/www.altercampagne.net\/index.php?rest_route=%2Fwp%2Fv2%2Fmedia&parent=3685"}],"wp:term":[{"taxonomy":"category","embeddable":true,"href":"https:\/\/www.altercampagne.net\/index.php?rest_route=%2Fwp%2Fv2%2Fcategories&post=3685"},{"taxonomy":"post_tag","embeddable":true,"href":"https:\/\/www.altercampagne.net\/index.php?rest_route=%2Fwp%2Fv2%2Ftags&post=3685"}],"curies":[{"name":"wp","href":"https:\/\/api.w.org\/{rel}","templated":true}]}}