{"id":3687,"date":"2012-02-13T11:14:32","date_gmt":"2012-02-13T10:14:32","guid":{"rendered":"http:\/\/www.altercampagne.net\/?p=3687"},"modified":"2016-04-07T11:19:08","modified_gmt":"2016-04-07T09:19:08","slug":"en-avant-pour-lalter-gouvernement","status":"publish","type":"post","link":"https:\/\/www.altercampagne.net\/?p=3687","title":{"rendered":"En avant pour l&rsquo;Alter Gouvernement !"},"content":{"rendered":"<p align=\"justify\"><span class=\"Style138\"><a href=\"http:\/\/www.muscadier.fr\/auteurs\/jacques-testart\" rel=\"tag\">Jacques Testart<\/a>, <a href=\"http:\/\/www.muscadier.fr\/auteurs\/marc-dufumier\" rel=\"tag\">Marc Dufumier<\/a> et <a href=\"http:\/\/www.muscadier.fr\/auteurs\/paul-aries\/\" target=\"_blank\">Paul Ari\u00e8s<\/a> ont au moins 2 points communs : <\/span><\/p>\n<p class=\"Style138\" align=\"justify\">&#8211; Ils ont \u00e9t\u00e9 parrain de l&rsquo;AlterTour<\/p>\n<p class=\"Style138\" align=\"justify\">&#8211; Ils viennent de participer \u00e0 la r\u00e9daction du livre : Alter Gouvernement, aux \u00e9ditons le Muscadier.<\/p>\n<p class=\"Style138\" align=\"justify\">En association avec <a href=\"http:\/\/www.muscadier.fr\/auteurs\/aline-pailler\" rel=\"tag\">Aline Pailler<\/a>,\u00a0<a href=\"http:\/\/www.muscadier.fr\/auteurs\/clarisse-taron\" rel=\"tag\">Clarisse Taron<\/a>,\u00a0<a href=\"http:\/\/www.muscadier.fr\/auteurs\/claude-egullion\" rel=\"tag\">Claude Egullion<\/a>,\u00a0<a href=\"http:\/\/www.muscadier.fr\/auteurs\/fabien-piasecki\" rel=\"tag\">Fabien Piasecki<\/a>,\u00a0<a href=\"http:\/\/www.muscadier.fr\/auteurs\/franck-lepage\" rel=\"tag\">Franck Lepage<\/a>,\u00a0<a href=\"http:\/\/www.muscadier.fr\/auteurs\/genevieve-azam\" rel=\"tag\">Genevi\u00e8ve Azam<\/a>,\u00a0<a href=\"http:\/\/www.muscadier.fr\/auteurs\/gerard-da-silva\" rel=\"tag\">G\u00e9rard da Silva<\/a>,\u00a0<a href=\"http:\/\/www.muscadier.fr\/auteurs\/jean-baptiste-eyraud\" rel=\"tag\">Jean-Baptiste Eyraud<\/a>,\u00a0<a href=\"http:\/\/www.muscadier.fr\/auteurs\/jean-marie-harribey\" rel=\"tag\">Jean-Marie Harribey<\/a>,\u00a0<a href=\"http:\/\/www.muscadier.fr\/auteurs\/laurent-mucchielli\" rel=\"tag\">Laurent Mucchielli<\/a>,\u00a0<a href=\"http:\/\/www.muscadier.fr\/auteurs\/marie-duru-bellat\" rel=\"tag\">Marie Duru-Bellat<\/a>,\u00a0<a href=\"http:\/\/www.muscadier.fr\/auteurs\/michel-pincon\" rel=\"tag\">Michel Pin\u00e7on<\/a>,\u00a0<a href=\"http:\/\/www.muscadier.fr\/auteurs\/monique-pincon-charlot\" rel=\"tag\">Monique Pin\u00e7on-Charlot<\/a>,\u00a0<a href=\"http:\/\/www.muscadier.fr\/auteurs\/nathalie-pere-marzano\" rel=\"tag\">Nathalie P\u00e9r\u00e9-Marzano<\/a>, <a href=\"http:\/\/www.muscadier.fr\/auteurs\/philippe-leymarie\" rel=\"tag\">Philippe Leymarie <\/a>et\u00a0<a href=\"http:\/\/www.muscadier.fr\/auteurs\/susan-george\" rel=\"tag\">Susan George<\/a> ces citoyens engag\u00e9s proposent un Alter Programme \u00e0 la pollitique lib\u00e9rale men\u00e9 depuis de nombreux quinqu\u00e9nnat en France.<\/p>\n<p align=\"justify\"><strong><span class=\"Style138\"><img loading=\"lazy\" decoding=\"async\" class=\" alignleft\" src=\"http:\/\/www.muscadier.fr\/wp-content\/uploads\/2011\/12\/Couverture_altergouvernement_MD-165x250.jpg\" alt=\"\" width=\"165\" height=\"250\" \/>Mai 2012.\u00a0<\/span><\/strong><span class=\"Style138\">Rien ne s\u2019est pass\u00e9 comme pr\u00e9vu. Le pr\u00e9sident sortant et son concurrent le plus s\u00e9rieux ont \u00e9t\u00e9 tous deux balay\u00e9s par un grand souffle d\u2019air frais. En toute l\u00e9galit\u00e9, sans violence, le peuple fran\u00e7ais vient d\u2019accomplir une nouvelle r\u00e9volution. Apr\u00e8s une campagne \u00e9clair marqu\u00e9e par un v\u00e9ritable enthousiasme populaire, le candidat du Mouvement ind\u00e9pendant pour une r\u00e9elle alternative citoyenne (le Mirac) remporte le second tour de l\u2019\u00e9lection pr\u00e9sidentielle avec plus de 55\u00a0% des suffrages.<\/span><\/p>\n<p class=\"Style138\" align=\"justify\">Tr\u00e8s vite, un gouvernement est form\u00e9 \u2013 un gouvernement d\u2019un nouveau genre\u00a0: un<em> altergouvernement<\/em>. Celui-ci se compose de dix-huit citoyennes et citoyens venus d\u2019horizons divers. Aucun d\u2019entre eux n\u2019est politicien de m\u00e9tier \u2013 une premi\u00e8re dans l\u2019histoire de la Ve\u00a0R\u00e9publique ! Tous ces ministres-citoyens ont cependant bien l\u2019intention de prouver aux Fran\u00e7ais qui les ont \u00e9lus que le lib\u00e9ralisme qui r\u00e8gne en ma\u00eetre absolu sur nos soci\u00e9t\u00e9s d\u2019aujourd\u2019hui n\u2019est pas une fatalit\u00e9 :\u00a0<em>oui, une r\u00e9elle alternative sociale et d\u00e9mocratique est possible<\/em>.<\/p>\n<p class=\"Style138\" align=\"justify\">Tout ceci ressemble fort \u00e0 une fiction \u2013 et pourtant\u2026<\/p>\n<p class=\"Style138\" align=\"justify\">Jamais encore n\u2019avaient \u00e9t\u00e9 r\u00e9unies dans un seul livre autant de personnalit\u00e9s connues et reconnues pour leurs engagements respectifs. Chacun de ces auteurs, se glissant dans la peau d\u2019un ministre, d\u00e9taille ici les principes de son action et les mesures qu\u2019il s\u2019appr\u00eate \u00e0 mettre en place. Au fil des programmes distill\u00e9s avec une simplicit\u00e9 rare et \u2013 pour une fois \u2013 sans langue de bois, se cristallisent la conscience et l\u2019imaginaire communs d\u2019un monde plus juste et plus \u00e9galitaire.<\/p>\n<p class=\"Style138\" align=\"justify\">Et si ce\u00a0<em>Printemps fran\u00e7ais<\/em>\u00a0devenait un jour r\u00e9alit\u00e9\u00a0?<\/p>\n<p><iframe loading=\"lazy\" src=\"https:\/\/www.youtube.com\/embed\/oSWLxQnvscw\" width=\"560\" height=\"315\" frameborder=\"0\" allowfullscreen=\"allowfullscreen\"><\/iframe><\/p>\n","protected":false},"excerpt":{"rendered":"<p>Jacques Testart, Marc Dufumier et Paul Ari\u00e8s ont au moins 2 points communs : &#8211; Ils ont \u00e9t\u00e9 parrain de l&rsquo;AlterTour &#8211; Ils viennent de participer \u00e0 la r\u00e9daction du livre : Alter Gouvernement, aux \u00e9ditons le Muscadier. En association avec Aline Pailler,\u00a0Clarisse Taron,\u00a0Claude Egullion,\u00a0Fabien Piasecki,\u00a0Franck Lepage,\u00a0Genevi\u00e8ve Azam,\u00a0G\u00e9rard da Silva,\u00a0Jean-Baptiste &#8230; <\/p>\n<div><a href=\"https:\/\/www.altercampagne.net\/?p=3687\" class=\"more-link\">Read More<\/a><\/div>\n","protected":false},"author":214,"featured_media":0,"comment_status":"closed","ping_status":"closed","sticky":false,"template":"","format":"standard","meta":{"footnotes":""},"categories":[1],"tags":[1280,1289,1288,1287,1286,1285,1284,1283,1282,1281,1145,1279,1278,1277,1276,1275,1274,1273,1272,1271],"class_list":["post-3687","post","type-post","status-publish","format-standard","hentry","category-non-classe","tag-jean-baptiste-eyraud","tag-altergouvernement","tag-susan-george","tag-philippe-leymarie","tag-nathalie-pere-marzano","tag-monique-pincon-charlot","tag-michel-pincon","tag-marie-duru-bellat","tag-laurent-mucchielli","tag-jean-marie-harribey","tag-jacques-testart","tag-gerard-da-silva","tag-genevieve-azam","tag-franck-lepage","tag-fabien-piasecki","tag-claude-egullion","tag-clarisse-taron","tag-aline-pailler","tag-paul-aries","tag-marc-dufumier","no-post-thumbnail"],"yoast_head":"<!-- This site is optimized with the Yoast SEO plugin v27.3 - https:\/\/yoast.com\/product\/yoast-seo-wordpress\/ -->\n<title>En avant pour l&#039;Alter Gouvernement ! - AlterTour<\/title>\n<meta name=\"robots\" content=\"index, follow, max-snippet:-1, max-image-preview:large, max-video-preview:-1\" \/>\n<link rel=\"canonical\" href=\"https:\/\/www.altercampagne.net\/?p=3687\" \/>\n<meta property=\"og:locale\" content=\"fr_FR\" \/>\n<meta property=\"og:type\" content=\"article\" \/>\n<meta property=\"og:title\" content=\"En avant pour l&#039;Alter Gouvernement ! - AlterTour\" \/>\n<meta property=\"og:description\" content=\"Jacques Testart, Marc Dufumier et Paul Ari\u00e8s ont au moins 2 points communs : &#8211; Ils ont \u00e9t\u00e9 parrain de l&rsquo;AlterTour &#8211; Ils viennent de participer \u00e0 la r\u00e9daction du livre : Alter Gouvernement, aux \u00e9ditons le Muscadier. En association avec Aline Pailler,\u00a0Clarisse Taron,\u00a0Claude Egullion,\u00a0Fabien Piasecki,\u00a0Franck Lepage,\u00a0Genevi\u00e8ve Azam,\u00a0G\u00e9rard da Silva,\u00a0Jean-Baptiste ... Read More\" \/>\n<meta property=\"og:url\" content=\"https:\/\/www.altercampagne.net\/?p=3687\" \/>\n<meta property=\"og:site_name\" content=\"AlterTour\" \/>\n<meta property=\"article:published_time\" content=\"2012-02-13T10:14:32+00:00\" \/>\n<meta property=\"article:modified_time\" content=\"2016-04-07T09:19:08+00:00\" \/>\n<meta property=\"og:image\" content=\"http:\/\/www.muscadier.fr\/wp-content\/uploads\/2011\/12\/Couverture_altergouvernement_MD-165x250.jpg\" \/>\n<meta name=\"author\" content=\"Mathieu\" \/>\n<meta name=\"twitter:card\" content=\"summary_large_image\" \/>\n<meta name=\"twitter:label1\" content=\"\u00c9crit par\" \/>\n\t<meta name=\"twitter:data1\" content=\"Mathieu\" \/>\n\t<meta name=\"twitter:label2\" content=\"Dur\u00e9e de lecture estim\u00e9e\" \/>\n\t<meta name=\"twitter:data2\" content=\"2 minutes\" \/>\n<script type=\"application\/ld+json\" class=\"yoast-schema-graph\">{\"@context\":\"https:\\\/\\\/schema.org\",\"@graph\":[{\"@type\":\"Article\",\"@id\":\"https:\\\/\\\/www.altercampagne.net\\\/?p=3687#article\",\"isPartOf\":{\"@id\":\"https:\\\/\\\/www.altercampagne.net\\\/?p=3687\"},\"author\":{\"name\":\"Mathieu\",\"@id\":\"https:\\\/\\\/www.altercampagne.net\\\/#\\\/schema\\\/person\\\/0f261460c09e430caa0f9bcffa319109\"},\"headline\":\"En avant pour l&rsquo;Alter Gouvernement !\",\"datePublished\":\"2012-02-13T10:14:32+00:00\",\"dateModified\":\"2016-04-07T09:19:08+00:00\",\"mainEntityOfPage\":{\"@id\":\"https:\\\/\\\/www.altercampagne.net\\\/?p=3687\"},\"wordCount\":403,\"image\":{\"@id\":\"https:\\\/\\\/www.altercampagne.net\\\/?p=3687#primaryimage\"},\"thumbnailUrl\":\"http:\\\/\\\/www.muscadier.fr\\\/wp-content\\\/uploads\\\/2011\\\/12\\\/Couverture_altergouvernement_MD-165x250.jpg\",\"keywords\":[\"Jean-Baptiste Eyraud\",\"altergouvernement\",\"Susan George\",\"Philippe Leymarie\",\"Nathalie P\u00e9r\u00e9-Marzano\",\"Monique Pin\u00e7on-Charlot\",\"Michel Pin\u00e7on\",\"Marie Duru-Bellat\",\"Laurent Mucchielli\",\"Jean-Marie Harribey\",\"Jacques Testart\",\"G\u00e9rard da Silva\",\"Genevi\u00e8ve Azam\",\"Franck Lepage\",\"Fabien Piasecki\",\"Claude Egullion\",\"Clarisse Taron\",\"Aline Pailler\",\"Paul Ari\u00e8s\",\"Marc Dufumier\"],\"inLanguage\":\"fr-FR\"},{\"@type\":\"WebPage\",\"@id\":\"https:\\\/\\\/www.altercampagne.net\\\/?p=3687\",\"url\":\"https:\\\/\\\/www.altercampagne.net\\\/?p=3687\",\"name\":\"En avant pour l'Alter Gouvernement ! - AlterTour\",\"isPartOf\":{\"@id\":\"https:\\\/\\\/www.altercampagne.net\\\/#website\"},\"primaryImageOfPage\":{\"@id\":\"https:\\\/\\\/www.altercampagne.net\\\/?p=3687#primaryimage\"},\"image\":{\"@id\":\"https:\\\/\\\/www.altercampagne.net\\\/?p=3687#primaryimage\"},\"thumbnailUrl\":\"http:\\\/\\\/www.muscadier.fr\\\/wp-content\\\/uploads\\\/2011\\\/12\\\/Couverture_altergouvernement_MD-165x250.jpg\",\"datePublished\":\"2012-02-13T10:14:32+00:00\",\"dateModified\":\"2016-04-07T09:19:08+00:00\",\"author\":{\"@id\":\"https:\\\/\\\/www.altercampagne.net\\\/#\\\/schema\\\/person\\\/0f261460c09e430caa0f9bcffa319109\"},\"breadcrumb\":{\"@id\":\"https:\\\/\\\/www.altercampagne.net\\\/?p=3687#breadcrumb\"},\"inLanguage\":\"fr-FR\",\"potentialAction\":[{\"@type\":\"ReadAction\",\"target\":[\"https:\\\/\\\/www.altercampagne.net\\\/?p=3687\"]}]},{\"@type\":\"ImageObject\",\"inLanguage\":\"fr-FR\",\"@id\":\"https:\\\/\\\/www.altercampagne.net\\\/?p=3687#primaryimage\",\"url\":\"http:\\\/\\\/www.muscadier.fr\\\/wp-content\\\/uploads\\\/2011\\\/12\\\/Couverture_altergouvernement_MD-165x250.jpg\",\"contentUrl\":\"http:\\\/\\\/www.muscadier.fr\\\/wp-content\\\/uploads\\\/2011\\\/12\\\/Couverture_altergouvernement_MD-165x250.jpg\"},{\"@type\":\"BreadcrumbList\",\"@id\":\"https:\\\/\\\/www.altercampagne.net\\\/?p=3687#breadcrumb\",\"itemListElement\":[{\"@type\":\"ListItem\",\"position\":1,\"name\":\"Accueil\",\"item\":\"https:\\\/\\\/www.altercampagne.net\\\/\"},{\"@type\":\"ListItem\",\"position\":2,\"name\":\"En avant pour l&rsquo;Alter Gouvernement !\"}]},{\"@type\":\"WebSite\",\"@id\":\"https:\\\/\\\/www.altercampagne.net\\\/#website\",\"url\":\"https:\\\/\\\/www.altercampagne.net\\\/\",\"name\":\"AlterTour\",\"description\":\"Reliez les Alternatives \u00e0 v\u00e9lo\",\"potentialAction\":[{\"@type\":\"SearchAction\",\"target\":{\"@type\":\"EntryPoint\",\"urlTemplate\":\"https:\\\/\\\/www.altercampagne.net\\\/?s={search_term_string}\"},\"query-input\":{\"@type\":\"PropertyValueSpecification\",\"valueRequired\":true,\"valueName\":\"search_term_string\"}}],\"inLanguage\":\"fr-FR\"},{\"@type\":\"Person\",\"@id\":\"https:\\\/\\\/www.altercampagne.net\\\/#\\\/schema\\\/person\\\/0f261460c09e430caa0f9bcffa319109\",\"name\":\"Mathieu\",\"image\":{\"@type\":\"ImageObject\",\"inLanguage\":\"fr-FR\",\"@id\":\"https:\\\/\\\/secure.gravatar.com\\\/avatar\\\/aa9d3d24c83f2141e5e2709d0f63d09a99f6be6bb7a50abc4915838d9f54501a?s=96&d=mm&r=g\",\"url\":\"https:\\\/\\\/secure.gravatar.com\\\/avatar\\\/aa9d3d24c83f2141e5e2709d0f63d09a99f6be6bb7a50abc4915838d9f54501a?s=96&d=mm&r=g\",\"contentUrl\":\"https:\\\/\\\/secure.gravatar.com\\\/avatar\\\/aa9d3d24c83f2141e5e2709d0f63d09a99f6be6bb7a50abc4915838d9f54501a?s=96&d=mm&r=g\",\"caption\":\"Mathieu\"},\"url\":\"https:\\\/\\\/www.altercampagne.net\\\/?author=214\"}]}<\/script>\n<!-- \/ Yoast SEO plugin. -->","yoast_head_json":{"title":"En avant pour l'Alter Gouvernement ! - AlterTour","robots":{"index":"index","follow":"follow","max-snippet":"max-snippet:-1","max-image-preview":"max-image-preview:large","max-video-preview":"max-video-preview:-1"},"canonical":"https:\/\/www.altercampagne.net\/?p=3687","og_locale":"fr_FR","og_type":"article","og_title":"En avant pour l'Alter Gouvernement ! - AlterTour","og_description":"Jacques Testart, Marc Dufumier et Paul Ari\u00e8s ont au moins 2 points communs : &#8211; Ils ont \u00e9t\u00e9 parrain de l&rsquo;AlterTour &#8211; Ils viennent de participer \u00e0 la r\u00e9daction du livre : Alter Gouvernement, aux \u00e9ditons le Muscadier. En association avec Aline Pailler,\u00a0Clarisse Taron,\u00a0Claude Egullion,\u00a0Fabien Piasecki,\u00a0Franck Lepage,\u00a0Genevi\u00e8ve Azam,\u00a0G\u00e9rard da Silva,\u00a0Jean-Baptiste ... Read More","og_url":"https:\/\/www.altercampagne.net\/?p=3687","og_site_name":"AlterTour","article_published_time":"2012-02-13T10:14:32+00:00","article_modified_time":"2016-04-07T09:19:08+00:00","og_image":[{"url":"http:\/\/www.muscadier.fr\/wp-content\/uploads\/2011\/12\/Couverture_altergouvernement_MD-165x250.jpg","type":"","width":"","height":""}],"author":"Mathieu","twitter_card":"summary_large_image","twitter_misc":{"\u00c9crit par":"Mathieu","Dur\u00e9e de lecture estim\u00e9e":"2 minutes"},"schema":{"@context":"https:\/\/schema.org","@graph":[{"@type":"Article","@id":"https:\/\/www.altercampagne.net\/?p=3687#article","isPartOf":{"@id":"https:\/\/www.altercampagne.net\/?p=3687"},"author":{"name":"Mathieu","@id":"https:\/\/www.altercampagne.net\/#\/schema\/person\/0f261460c09e430caa0f9bcffa319109"},"headline":"En avant pour l&rsquo;Alter Gouvernement !","datePublished":"2012-02-13T10:14:32+00:00","dateModified":"2016-04-07T09:19:08+00:00","mainEntityOfPage":{"@id":"https:\/\/www.altercampagne.net\/?p=3687"},"wordCount":403,"image":{"@id":"https:\/\/www.altercampagne.net\/?p=3687#primaryimage"},"thumbnailUrl":"http:\/\/www.muscadier.fr\/wp-content\/uploads\/2011\/12\/Couverture_altergouvernement_MD-165x250.jpg","keywords":["Jean-Baptiste Eyraud","altergouvernement","Susan George","Philippe Leymarie","Nathalie P\u00e9r\u00e9-Marzano","Monique Pin\u00e7on-Charlot","Michel Pin\u00e7on","Marie Duru-Bellat","Laurent Mucchielli","Jean-Marie Harribey","Jacques Testart","G\u00e9rard da Silva","Genevi\u00e8ve Azam","Franck Lepage","Fabien Piasecki","Claude Egullion","Clarisse Taron","Aline Pailler","Paul Ari\u00e8s","Marc Dufumier"],"inLanguage":"fr-FR"},{"@type":"WebPage","@id":"https:\/\/www.altercampagne.net\/?p=3687","url":"https:\/\/www.altercampagne.net\/?p=3687","name":"En avant pour l'Alter Gouvernement ! - AlterTour","isPartOf":{"@id":"https:\/\/www.altercampagne.net\/#website"},"primaryImageOfPage":{"@id":"https:\/\/www.altercampagne.net\/?p=3687#primaryimage"},"image":{"@id":"https:\/\/www.altercampagne.net\/?p=3687#primaryimage"},"thumbnailUrl":"http:\/\/www.muscadier.fr\/wp-content\/uploads\/2011\/12\/Couverture_altergouvernement_MD-165x250.jpg","datePublished":"2012-02-13T10:14:32+00:00","dateModified":"2016-04-07T09:19:08+00:00","author":{"@id":"https:\/\/www.altercampagne.net\/#\/schema\/person\/0f261460c09e430caa0f9bcffa319109"},"breadcrumb":{"@id":"https:\/\/www.altercampagne.net\/?p=3687#breadcrumb"},"inLanguage":"fr-FR","potentialAction":[{"@type":"ReadAction","target":["https:\/\/www.altercampagne.net\/?p=3687"]}]},{"@type":"ImageObject","inLanguage":"fr-FR","@id":"https:\/\/www.altercampagne.net\/?p=3687#primaryimage","url":"http:\/\/www.muscadier.fr\/wp-content\/uploads\/2011\/12\/Couverture_altergouvernement_MD-165x250.jpg","contentUrl":"http:\/\/www.muscadier.fr\/wp-content\/uploads\/2011\/12\/Couverture_altergouvernement_MD-165x250.jpg"},{"@type":"BreadcrumbList","@id":"https:\/\/www.altercampagne.net\/?p=3687#breadcrumb","itemListElement":[{"@type":"ListItem","position":1,"name":"Accueil","item":"https:\/\/www.altercampagne.net\/"},{"@type":"ListItem","position":2,"name":"En avant pour l&rsquo;Alter Gouvernement !"}]},{"@type":"WebSite","@id":"https:\/\/www.altercampagne.net\/#website","url":"https:\/\/www.altercampagne.net\/","name":"AlterTour","description":"Reliez les Alternatives \u00e0 v\u00e9lo","potentialAction":[{"@type":"SearchAction","target":{"@type":"EntryPoint","urlTemplate":"https:\/\/www.altercampagne.net\/?s={search_term_string}"},"query-input":{"@type":"PropertyValueSpecification","valueRequired":true,"valueName":"search_term_string"}}],"inLanguage":"fr-FR"},{"@type":"Person","@id":"https:\/\/www.altercampagne.net\/#\/schema\/person\/0f261460c09e430caa0f9bcffa319109","name":"Mathieu","image":{"@type":"ImageObject","inLanguage":"fr-FR","@id":"https:\/\/secure.gravatar.com\/avatar\/aa9d3d24c83f2141e5e2709d0f63d09a99f6be6bb7a50abc4915838d9f54501a?s=96&d=mm&r=g","url":"https:\/\/secure.gravatar.com\/avatar\/aa9d3d24c83f2141e5e2709d0f63d09a99f6be6bb7a50abc4915838d9f54501a?s=96&d=mm&r=g","contentUrl":"https:\/\/secure.gravatar.com\/avatar\/aa9d3d24c83f2141e5e2709d0f63d09a99f6be6bb7a50abc4915838d9f54501a?s=96&d=mm&r=g","caption":"Mathieu"},"url":"https:\/\/www.altercampagne.net\/?author=214"}]}},"_links":{"self":[{"href":"https:\/\/www.altercampagne.net\/index.php?rest_route=\/wp\/v2\/posts\/3687","targetHints":{"allow":["GET"]}}],"collection":[{"href":"https:\/\/www.altercampagne.net\/index.php?rest_route=\/wp\/v2\/posts"}],"about":[{"href":"https:\/\/www.altercampagne.net\/index.php?rest_route=\/wp\/v2\/types\/post"}],"author":[{"embeddable":true,"href":"https:\/\/www.altercampagne.net\/index.php?rest_route=\/wp\/v2\/users\/214"}],"replies":[{"embeddable":true,"href":"https:\/\/www.altercampagne.net\/index.php?rest_route=%2Fwp%2Fv2%2Fcomments&post=3687"}],"version-history":[{"count":0,"href":"https:\/\/www.altercampagne.net\/index.php?rest_route=\/wp\/v2\/posts\/3687\/revisions"}],"wp:attachment":[{"href":"https:\/\/www.altercampagne.net\/index.php?rest_route=%2Fwp%2Fv2%2Fmedia&parent=3687"}],"wp:term":[{"taxonomy":"category","embeddable":true,"href":"https:\/\/www.altercampagne.net\/index.php?rest_route=%2Fwp%2Fv2%2Fcategories&post=3687"},{"taxonomy":"post_tag","embeddable":true,"href":"https:\/\/www.altercampagne.net\/index.php?rest_route=%2Fwp%2Fv2%2Ftags&post=3687"}],"curies":[{"name":"wp","href":"https:\/\/api.w.org\/{rel}","templated":true}]}}