{"id":3689,"date":"2012-02-08T11:19:14","date_gmt":"2012-02-08T10:19:14","guid":{"rendered":"http:\/\/www.altercampagne.net\/?p=3689"},"modified":"2016-04-07T11:25:21","modified_gmt":"2016-04-07T09:25:21","slug":"portes-ouvertes-chez-andines-le-18-fevrier-huitres-et-fromages","status":"publish","type":"post","link":"https:\/\/www.altercampagne.net\/?p=3689","title":{"rendered":"Portes ouvertes chez Andines le 18 F\u00e9vrier, huitres et fromages&#8230;"},"content":{"rendered":"<p>Nos amis d&rsquo;Andines organisent leurs portes ouvertes !<\/p>\n<p style=\"text-align: center;\"><a href=\"http:\/\/www.andines.com\/\" target=\"_blank\"><img loading=\"lazy\" decoding=\"async\" class=\"aligncenter wp-image-3230 size-full\" src=\"http:\/\/www.altercampagne.net\/wp-content\/uploads\/2014\/11\/andines.jpg\" alt=\"andines\" width=\"144\" height=\"92\" \/><\/a><a href=\"http:\/\/www.andines.com\/spip.php?rubrique7\" target=\"_blank\"><img loading=\"lazy\" decoding=\"async\" class=\"aligncenter wp-image-3690 size-full\" src=\"http:\/\/www.altercampagne.net\/wp-content\/uploads\/2016\/04\/amis-d-andines.png\" alt=\"amis-d-andines\" width=\"200\" height=\"60\" \/><\/a><strong><span class=\"Style138\">Bonjour,<br \/>\nNous avons le plaisir de vous inviter \u00e0 notre <\/span><\/strong><\/p>\n<p style=\"text-align: center;\"><span class=\"Style251\">Op\u00e9ration Portes ouvertes<\/span><span class=\"Style138\"><br \/>\n<span class=\"Style252\">le Samedi 18 F\u00e9vrier 2012, de 14h \u00e0 21 heures\u00a0<\/span><br \/>\n<span class=\"Style253\">Entr\u00e9e libre\u00a0<\/span><br \/>\n<strong>Visite<\/strong>\u00a0de la coop\u00e9rative et\u00a0<strong>d\u00e9couverte<\/strong>\u00a0de tous les produits, alimentaires comme artisanaux, provenant de 12 pays,<br \/>\n<span class=\"Style260\">D\u00e9gustations, Buvette,<\/span><\/span><\/p>\n<p align=\"center\"><span class=\"Style255\"><span class=\"Style138\"><strong>Stands<\/strong>\u00a0: Bandes dessin\u00e9es de Jean-Christophe POL, Palestine, Hu\u00eetres, fromage et pain biologiques, fruits et l\u00e9gumes, etc,\u00a0<\/span><\/span><span class=\"Style138\"><br \/>\nVisite du jardin partag\u00e9 et initiation \u00e0 la technique \u00ab\u00a0lasagne\u00a0\u00bb,<br \/>\n<span class=\"Style256\"><strong>15h\u00a0: Projections<\/strong>\u00a0des films \u00ab\u00a0Le beurre et l\u2019argent du beurre\u00a0\u00bb , et d\u2019un court m\u00e9trage sur l\u2019Amap de Saint Denis,\u00a0<\/span><br \/>\n<span class=\"Style257\"><strong>18h\u00a0: Interventions<\/strong>\u00a0d\u2019un p\u00eacheur, d\u2019une agriculteur, de V\u00e9ronique Lacomme, G\u00e9rante de la Coop\u00e9rative, et de Marie Christine Callet, Pr\u00e9sidente des Amis d\u2019Andines\u00a0<\/span><br \/>\n<span class=\"Style258\"><strong>18h30\u00a0: Musique\u00a0!<\/strong>\u00a0<\/span><br \/>\n<strong>20h\u00a0: Buffet dinatoire<\/strong>\u00a0(participation 10\u20ac, r\u00e9servez par email)<\/span><\/p>\n<h3 class=\"Style259\" align=\"center\">Bienvenue \u00e0 toutes et tous, petits et grands\u00a0!<\/h3>\n<p class=\"Style138\" align=\"center\"><strong>Coop\u00e9rative Andines<\/strong>, 5 rue de la Poterie, 93200 SAINT DENIS<br \/>\nTel\u00a0: 01 48 20 48 60 &#8211; Courriel\u00a0: <a href=\"http:\/\/altercampagne.free.fr\/pages\/2008\/AlterTour\/andines@nnx.com\" target=\"_blank\">andines@nnx.com<\/a><br \/>\n(M\u00e9tro Basilique St Denis ou RER D Station St Denis &#8211; Parking gratuit)<\/p>\n<p class=\"Style138\" align=\"center\"><a href=\"http:\/\/www.andines.com\/IMG\/pdf\/Invitation_pour_l_Operation_Porte_ouverte_du_18_02_2012.pdf\" target=\"_blank\">Invitation<\/a><br \/>\n<a href=\"http:\/\/www.andines.com\/IMG\/jpg\/Plan_acces_Metro-RER-2.jpg\" target=\"_blank\">Plan d&rsquo;acc\u00e8s <\/a><\/p>\n<p class=\"Style138\" align=\"center\">Pour plus d&rsquo;informations : <a href=\"http:\/\/www.andines.com\/article.php3?id_article=1644\">http:\/\/www.andines.com\/article.php3?id_article=1644<\/a><\/p>\n","protected":false},"excerpt":{"rendered":"<p>Nos amis d&rsquo;Andines organisent leurs portes ouvertes ! Bonjour, Nous avons le plaisir de vous inviter \u00e0 notre Op\u00e9ration Portes ouvertes le Samedi 18 F\u00e9vrier 2012, de 14h \u00e0 21 heures\u00a0 Entr\u00e9e libre\u00a0 Visite\u00a0de la coop\u00e9rative et\u00a0d\u00e9couverte\u00a0de tous les produits, alimentaires comme artisanaux, provenant de 12 pays, D\u00e9gustations, Buvette, Stands\u00a0: &#8230; <\/p>\n<div><a href=\"https:\/\/www.altercampagne.net\/?p=3689\" class=\"more-link\">Read More<\/a><\/div>\n","protected":false},"author":214,"featured_media":0,"comment_status":"closed","ping_status":"closed","sticky":false,"template":"","format":"standard","meta":{"footnotes":""},"categories":[1],"tags":[51,925,1290,1291,1292,1293,1294,1295,1296],"class_list":["post-3689","post","type-post","status-publish","format-standard","hentry","category-non-classe","tag-andines","tag-saint-denis","tag-les-amis-dandines","tag-operation-portes-ouvertes","tag-jean-christophe-pol","tag-le-beurre-et-largent-du-beurre","tag-amap-de-saint-denis","tag-veronique-lacomme","tag-marie-christine-callet","no-post-thumbnail"],"yoast_head":"<!-- This site is optimized with the Yoast SEO plugin v27.3 - https:\/\/yoast.com\/product\/yoast-seo-wordpress\/ -->\n<title>Portes ouvertes chez Andines le 18 F\u00e9vrier, huitres et fromages... - AlterTour<\/title>\n<meta name=\"robots\" content=\"index, follow, max-snippet:-1, max-image-preview:large, max-video-preview:-1\" \/>\n<link rel=\"canonical\" href=\"https:\/\/www.altercampagne.net\/?p=3689\" \/>\n<meta property=\"og:locale\" content=\"fr_FR\" \/>\n<meta property=\"og:type\" content=\"article\" \/>\n<meta property=\"og:title\" content=\"Portes ouvertes chez Andines le 18 F\u00e9vrier, huitres et fromages... - AlterTour\" \/>\n<meta property=\"og:description\" content=\"Nos amis d&rsquo;Andines organisent leurs portes ouvertes ! Bonjour, Nous avons le plaisir de vous inviter \u00e0 notre Op\u00e9ration Portes ouvertes le Samedi 18 F\u00e9vrier 2012, de 14h \u00e0 21 heures\u00a0 Entr\u00e9e libre\u00a0 Visite\u00a0de la coop\u00e9rative et\u00a0d\u00e9couverte\u00a0de tous les produits, alimentaires comme artisanaux, provenant de 12 pays, D\u00e9gustations, Buvette, Stands\u00a0: ... Read More\" \/>\n<meta property=\"og:url\" content=\"https:\/\/www.altercampagne.net\/?p=3689\" \/>\n<meta property=\"og:site_name\" content=\"AlterTour\" \/>\n<meta property=\"article:published_time\" content=\"2012-02-08T10:19:14+00:00\" \/>\n<meta property=\"article:modified_time\" content=\"2016-04-07T09:25:21+00:00\" \/>\n<meta property=\"og:image\" content=\"http:\/\/www.altercampagne.net\/wp-content\/uploads\/2014\/11\/andines.jpg\" \/>\n<meta name=\"author\" content=\"Mathieu\" \/>\n<meta name=\"twitter:card\" content=\"summary_large_image\" \/>\n<meta name=\"twitter:label1\" content=\"\u00c9crit par\" \/>\n\t<meta name=\"twitter:data1\" content=\"Mathieu\" \/>\n\t<meta name=\"twitter:label2\" content=\"Dur\u00e9e de lecture estim\u00e9e\" \/>\n\t<meta name=\"twitter:data2\" content=\"1 minute\" \/>\n<script type=\"application\/ld+json\" class=\"yoast-schema-graph\">{\"@context\":\"https:\\\/\\\/schema.org\",\"@graph\":[{\"@type\":\"Article\",\"@id\":\"https:\\\/\\\/www.altercampagne.net\\\/?p=3689#article\",\"isPartOf\":{\"@id\":\"https:\\\/\\\/www.altercampagne.net\\\/?p=3689\"},\"author\":{\"name\":\"Mathieu\",\"@id\":\"https:\\\/\\\/www.altercampagne.net\\\/#\\\/schema\\\/person\\\/0f261460c09e430caa0f9bcffa319109\"},\"headline\":\"Portes ouvertes chez Andines le 18 F\u00e9vrier, huitres et fromages&#8230;\",\"datePublished\":\"2012-02-08T10:19:14+00:00\",\"dateModified\":\"2016-04-07T09:25:21+00:00\",\"mainEntityOfPage\":{\"@id\":\"https:\\\/\\\/www.altercampagne.net\\\/?p=3689\"},\"wordCount\":206,\"image\":{\"@id\":\"https:\\\/\\\/www.altercampagne.net\\\/?p=3689#primaryimage\"},\"thumbnailUrl\":\"http:\\\/\\\/www.altercampagne.net\\\/wp-content\\\/uploads\\\/2014\\\/11\\\/andines.jpg\",\"keywords\":[\"Andines\",\"Saint-Denis\",\"les amis d'andines\",\"Op\u00e9ration Portes ouvertes\",\"Jean-Christophe POL\",\"Le beurre et l\u2019argent du beurre\",\"Amap de Saint Denis\",\"V\u00e9ronique Lacomme\",\"Marie Christine Callet\"],\"inLanguage\":\"fr-FR\"},{\"@type\":\"WebPage\",\"@id\":\"https:\\\/\\\/www.altercampagne.net\\\/?p=3689\",\"url\":\"https:\\\/\\\/www.altercampagne.net\\\/?p=3689\",\"name\":\"Portes ouvertes chez Andines le 18 F\u00e9vrier, huitres et fromages... - AlterTour\",\"isPartOf\":{\"@id\":\"https:\\\/\\\/www.altercampagne.net\\\/#website\"},\"primaryImageOfPage\":{\"@id\":\"https:\\\/\\\/www.altercampagne.net\\\/?p=3689#primaryimage\"},\"image\":{\"@id\":\"https:\\\/\\\/www.altercampagne.net\\\/?p=3689#primaryimage\"},\"thumbnailUrl\":\"http:\\\/\\\/www.altercampagne.net\\\/wp-content\\\/uploads\\\/2014\\\/11\\\/andines.jpg\",\"datePublished\":\"2012-02-08T10:19:14+00:00\",\"dateModified\":\"2016-04-07T09:25:21+00:00\",\"author\":{\"@id\":\"https:\\\/\\\/www.altercampagne.net\\\/#\\\/schema\\\/person\\\/0f261460c09e430caa0f9bcffa319109\"},\"breadcrumb\":{\"@id\":\"https:\\\/\\\/www.altercampagne.net\\\/?p=3689#breadcrumb\"},\"inLanguage\":\"fr-FR\",\"potentialAction\":[{\"@type\":\"ReadAction\",\"target\":[\"https:\\\/\\\/www.altercampagne.net\\\/?p=3689\"]}]},{\"@type\":\"ImageObject\",\"inLanguage\":\"fr-FR\",\"@id\":\"https:\\\/\\\/www.altercampagne.net\\\/?p=3689#primaryimage\",\"url\":\"https:\\\/\\\/www.altercampagne.net\\\/wp-content\\\/uploads\\\/2014\\\/11\\\/andines.jpg\",\"contentUrl\":\"https:\\\/\\\/www.altercampagne.net\\\/wp-content\\\/uploads\\\/2014\\\/11\\\/andines.jpg\",\"width\":144,\"height\":92},{\"@type\":\"BreadcrumbList\",\"@id\":\"https:\\\/\\\/www.altercampagne.net\\\/?p=3689#breadcrumb\",\"itemListElement\":[{\"@type\":\"ListItem\",\"position\":1,\"name\":\"Accueil\",\"item\":\"https:\\\/\\\/www.altercampagne.net\\\/\"},{\"@type\":\"ListItem\",\"position\":2,\"name\":\"Portes ouvertes chez Andines le 18 F\u00e9vrier, huitres et fromages&#8230;\"}]},{\"@type\":\"WebSite\",\"@id\":\"https:\\\/\\\/www.altercampagne.net\\\/#website\",\"url\":\"https:\\\/\\\/www.altercampagne.net\\\/\",\"name\":\"AlterTour\",\"description\":\"Reliez les Alternatives \u00e0 v\u00e9lo\",\"potentialAction\":[{\"@type\":\"SearchAction\",\"target\":{\"@type\":\"EntryPoint\",\"urlTemplate\":\"https:\\\/\\\/www.altercampagne.net\\\/?s={search_term_string}\"},\"query-input\":{\"@type\":\"PropertyValueSpecification\",\"valueRequired\":true,\"valueName\":\"search_term_string\"}}],\"inLanguage\":\"fr-FR\"},{\"@type\":\"Person\",\"@id\":\"https:\\\/\\\/www.altercampagne.net\\\/#\\\/schema\\\/person\\\/0f261460c09e430caa0f9bcffa319109\",\"name\":\"Mathieu\",\"image\":{\"@type\":\"ImageObject\",\"inLanguage\":\"fr-FR\",\"@id\":\"https:\\\/\\\/secure.gravatar.com\\\/avatar\\\/aa9d3d24c83f2141e5e2709d0f63d09a99f6be6bb7a50abc4915838d9f54501a?s=96&d=mm&r=g\",\"url\":\"https:\\\/\\\/secure.gravatar.com\\\/avatar\\\/aa9d3d24c83f2141e5e2709d0f63d09a99f6be6bb7a50abc4915838d9f54501a?s=96&d=mm&r=g\",\"contentUrl\":\"https:\\\/\\\/secure.gravatar.com\\\/avatar\\\/aa9d3d24c83f2141e5e2709d0f63d09a99f6be6bb7a50abc4915838d9f54501a?s=96&d=mm&r=g\",\"caption\":\"Mathieu\"},\"url\":\"https:\\\/\\\/www.altercampagne.net\\\/?author=214\"}]}<\/script>\n<!-- \/ Yoast SEO plugin. -->","yoast_head_json":{"title":"Portes ouvertes chez Andines le 18 F\u00e9vrier, huitres et fromages... - AlterTour","robots":{"index":"index","follow":"follow","max-snippet":"max-snippet:-1","max-image-preview":"max-image-preview:large","max-video-preview":"max-video-preview:-1"},"canonical":"https:\/\/www.altercampagne.net\/?p=3689","og_locale":"fr_FR","og_type":"article","og_title":"Portes ouvertes chez Andines le 18 F\u00e9vrier, huitres et fromages... - AlterTour","og_description":"Nos amis d&rsquo;Andines organisent leurs portes ouvertes ! Bonjour, Nous avons le plaisir de vous inviter \u00e0 notre Op\u00e9ration Portes ouvertes le Samedi 18 F\u00e9vrier 2012, de 14h \u00e0 21 heures\u00a0 Entr\u00e9e libre\u00a0 Visite\u00a0de la coop\u00e9rative et\u00a0d\u00e9couverte\u00a0de tous les produits, alimentaires comme artisanaux, provenant de 12 pays, D\u00e9gustations, Buvette, Stands\u00a0: ... Read More","og_url":"https:\/\/www.altercampagne.net\/?p=3689","og_site_name":"AlterTour","article_published_time":"2012-02-08T10:19:14+00:00","article_modified_time":"2016-04-07T09:25:21+00:00","og_image":[{"url":"http:\/\/www.altercampagne.net\/wp-content\/uploads\/2014\/11\/andines.jpg","type":"","width":"","height":""}],"author":"Mathieu","twitter_card":"summary_large_image","twitter_misc":{"\u00c9crit par":"Mathieu","Dur\u00e9e de lecture estim\u00e9e":"1 minute"},"schema":{"@context":"https:\/\/schema.org","@graph":[{"@type":"Article","@id":"https:\/\/www.altercampagne.net\/?p=3689#article","isPartOf":{"@id":"https:\/\/www.altercampagne.net\/?p=3689"},"author":{"name":"Mathieu","@id":"https:\/\/www.altercampagne.net\/#\/schema\/person\/0f261460c09e430caa0f9bcffa319109"},"headline":"Portes ouvertes chez Andines le 18 F\u00e9vrier, huitres et fromages&#8230;","datePublished":"2012-02-08T10:19:14+00:00","dateModified":"2016-04-07T09:25:21+00:00","mainEntityOfPage":{"@id":"https:\/\/www.altercampagne.net\/?p=3689"},"wordCount":206,"image":{"@id":"https:\/\/www.altercampagne.net\/?p=3689#primaryimage"},"thumbnailUrl":"http:\/\/www.altercampagne.net\/wp-content\/uploads\/2014\/11\/andines.jpg","keywords":["Andines","Saint-Denis","les amis d'andines","Op\u00e9ration Portes ouvertes","Jean-Christophe POL","Le beurre et l\u2019argent du beurre","Amap de Saint Denis","V\u00e9ronique Lacomme","Marie Christine Callet"],"inLanguage":"fr-FR"},{"@type":"WebPage","@id":"https:\/\/www.altercampagne.net\/?p=3689","url":"https:\/\/www.altercampagne.net\/?p=3689","name":"Portes ouvertes chez Andines le 18 F\u00e9vrier, huitres et fromages... - AlterTour","isPartOf":{"@id":"https:\/\/www.altercampagne.net\/#website"},"primaryImageOfPage":{"@id":"https:\/\/www.altercampagne.net\/?p=3689#primaryimage"},"image":{"@id":"https:\/\/www.altercampagne.net\/?p=3689#primaryimage"},"thumbnailUrl":"http:\/\/www.altercampagne.net\/wp-content\/uploads\/2014\/11\/andines.jpg","datePublished":"2012-02-08T10:19:14+00:00","dateModified":"2016-04-07T09:25:21+00:00","author":{"@id":"https:\/\/www.altercampagne.net\/#\/schema\/person\/0f261460c09e430caa0f9bcffa319109"},"breadcrumb":{"@id":"https:\/\/www.altercampagne.net\/?p=3689#breadcrumb"},"inLanguage":"fr-FR","potentialAction":[{"@type":"ReadAction","target":["https:\/\/www.altercampagne.net\/?p=3689"]}]},{"@type":"ImageObject","inLanguage":"fr-FR","@id":"https:\/\/www.altercampagne.net\/?p=3689#primaryimage","url":"https:\/\/www.altercampagne.net\/wp-content\/uploads\/2014\/11\/andines.jpg","contentUrl":"https:\/\/www.altercampagne.net\/wp-content\/uploads\/2014\/11\/andines.jpg","width":144,"height":92},{"@type":"BreadcrumbList","@id":"https:\/\/www.altercampagne.net\/?p=3689#breadcrumb","itemListElement":[{"@type":"ListItem","position":1,"name":"Accueil","item":"https:\/\/www.altercampagne.net\/"},{"@type":"ListItem","position":2,"name":"Portes ouvertes chez Andines le 18 F\u00e9vrier, huitres et fromages&#8230;"}]},{"@type":"WebSite","@id":"https:\/\/www.altercampagne.net\/#website","url":"https:\/\/www.altercampagne.net\/","name":"AlterTour","description":"Reliez les Alternatives \u00e0 v\u00e9lo","potentialAction":[{"@type":"SearchAction","target":{"@type":"EntryPoint","urlTemplate":"https:\/\/www.altercampagne.net\/?s={search_term_string}"},"query-input":{"@type":"PropertyValueSpecification","valueRequired":true,"valueName":"search_term_string"}}],"inLanguage":"fr-FR"},{"@type":"Person","@id":"https:\/\/www.altercampagne.net\/#\/schema\/person\/0f261460c09e430caa0f9bcffa319109","name":"Mathieu","image":{"@type":"ImageObject","inLanguage":"fr-FR","@id":"https:\/\/secure.gravatar.com\/avatar\/aa9d3d24c83f2141e5e2709d0f63d09a99f6be6bb7a50abc4915838d9f54501a?s=96&d=mm&r=g","url":"https:\/\/secure.gravatar.com\/avatar\/aa9d3d24c83f2141e5e2709d0f63d09a99f6be6bb7a50abc4915838d9f54501a?s=96&d=mm&r=g","contentUrl":"https:\/\/secure.gravatar.com\/avatar\/aa9d3d24c83f2141e5e2709d0f63d09a99f6be6bb7a50abc4915838d9f54501a?s=96&d=mm&r=g","caption":"Mathieu"},"url":"https:\/\/www.altercampagne.net\/?author=214"}]}},"_links":{"self":[{"href":"https:\/\/www.altercampagne.net\/index.php?rest_route=\/wp\/v2\/posts\/3689","targetHints":{"allow":["GET"]}}],"collection":[{"href":"https:\/\/www.altercampagne.net\/index.php?rest_route=\/wp\/v2\/posts"}],"about":[{"href":"https:\/\/www.altercampagne.net\/index.php?rest_route=\/wp\/v2\/types\/post"}],"author":[{"embeddable":true,"href":"https:\/\/www.altercampagne.net\/index.php?rest_route=\/wp\/v2\/users\/214"}],"replies":[{"embeddable":true,"href":"https:\/\/www.altercampagne.net\/index.php?rest_route=%2Fwp%2Fv2%2Fcomments&post=3689"}],"version-history":[{"count":0,"href":"https:\/\/www.altercampagne.net\/index.php?rest_route=\/wp\/v2\/posts\/3689\/revisions"}],"wp:attachment":[{"href":"https:\/\/www.altercampagne.net\/index.php?rest_route=%2Fwp%2Fv2%2Fmedia&parent=3689"}],"wp:term":[{"taxonomy":"category","embeddable":true,"href":"https:\/\/www.altercampagne.net\/index.php?rest_route=%2Fwp%2Fv2%2Fcategories&post=3689"},{"taxonomy":"post_tag","embeddable":true,"href":"https:\/\/www.altercampagne.net\/index.php?rest_route=%2Fwp%2Fv2%2Ftags&post=3689"}],"curies":[{"name":"wp","href":"https:\/\/api.w.org\/{rel}","templated":true}]}}