{"id":3694,"date":"2012-01-30T11:31:19","date_gmt":"2012-01-30T10:31:19","guid":{"rendered":"http:\/\/www.altercampagne.net\/?p=3694"},"modified":"2016-04-20T14:59:43","modified_gmt":"2016-04-20T12:59:43","slug":"10emes-rencontres-de-lecologie-a-die-du-27-janvier-au-12-fevrier-2012","status":"publish","type":"post","link":"https:\/\/www.altercampagne.net\/?p=3694","title":{"rendered":"10\u00e8mes rencontres de l\u2019\u00c9cologie \u00e0 Die du 27 janvier au 12 f\u00e9vrier 2012"},"content":{"rendered":"<p class=\"Style138\" align=\"justify\"><img loading=\"lazy\" decoding=\"async\" class=\" alignleft\" src=\"http:\/\/u.jimdo.com\/www20\/o\/sbadcd7d04af20c32\/img\/i8363cabcacdb3697\/1323852013\/std\/image.jpg\" alt=\"\" width=\"270\" height=\"380\" \/>L&rsquo;association \u00c9cologie au Quotidien, qui avait accueillit l&rsquo;AlterTour le 15 juillet 2011, organise\u00a0les 10\u00e8mes Rencontres de l\u2019\u00c9cologie<\/p>\n<p class=\"Style138\" align=\"justify\">(conf\u00e9rences, table-ronde, d\u00e9bats, films, ateliers pratiques, visites de sites, expositions, bal folk&#8230;)<\/p>\n<p class=\"Style138\" align=\"justify\">du samedi \u00a021 janvier au dimanche 12 f\u00e9vrier 2012\u00a0en Dr\u00f4me<\/p>\n<p class=\"Style138\" align=\"justify\">et du vendredi 27 janvier au mardi 7 f\u00e9vrier\u00a02012\u00a0\u00e0 la Salle Polyvalente de\u00a0Die, Bd du Ballon<\/p>\n<p class=\"Style138\" align=\"justify\">Cette ann\u00e9e, le th\u00e8me est \u00a0\u00bb\u00a0Vivre la Transition &#8211; \u00c9nerg\u00e9tique \u00c9conomique Sociale\u00a0\u00bb et nous sommes heureux de vous faire parvenir le programme et l&rsquo;affiche que vous pouvez diffuser sur votre r\u00e9seau si vous le d\u00e9sirez.<\/p>\n<p class=\"Style138\" align=\"justify\">C&rsquo;est avec plaisir que nous vous accueillerons pour cette nouvelle aventure \u00e9cologique et humaniste,<\/p>\n<p class=\"Style138\" align=\"justify\">Acc\u00e9der au programme : <a href=\"http:\/\/www.ecologieauquotidien.fr\/10%C3%A8mes-rencontres-de-l-ecologie\/vendredi-27-janvier\/\">ici<\/a><\/p>\n<p class=\"Style138\" align=\"justify\"><a href=\"http:\/\/www.ecologieauquotidien.fr\/\" target=\"_blank\">www.ecologieauquotidien.fr<\/a><\/p>\n<p><iframe loading=\"lazy\" src=\"\/\/www.dailymotion.com\/embed\/video\/xa2yh4\" width=\"480\" height=\"270\" frameborder=\"0\" allowfullscreen=\"allowfullscreen\"><\/iframe><br \/>\n<a href=\"http:\/\/www.dailymotion.com\/video\/xa2yh4_ecologie-au-quotidien_webcam\" target=\"_blank\">Ecologie au Quotidien<\/a> <i>par <a href=\"http:\/\/www.dailymotion.com\/ALPEOS\" target=\"_blank\">ALPEOS<\/a><\/i><\/p>\n","protected":false},"excerpt":{"rendered":"<p>L&rsquo;association \u00c9cologie au Quotidien, qui avait accueillit l&rsquo;AlterTour le 15 juillet 2011, organise\u00a0les 10\u00e8mes Rencontres de l\u2019\u00c9cologie (conf\u00e9rences, table-ronde, d\u00e9bats, films, ateliers pratiques, visites de sites, expositions, bal folk&#8230;) du samedi \u00a021 janvier au dimanche 12 f\u00e9vrier 2012\u00a0en Dr\u00f4me et du vendredi 27 janvier au mardi 7 f\u00e9vrier\u00a02012\u00a0\u00e0 la Salle &#8230; <\/p>\n<div><a href=\"https:\/\/www.altercampagne.net\/?p=3694\" class=\"more-link\">Read More<\/a><\/div>\n","protected":false},"author":214,"featured_media":0,"comment_status":"closed","ping_status":"closed","sticky":false,"template":"","format":"standard","meta":{"footnotes":""},"categories":[1],"tags":[73,1085,1090,1091,1093,1489,1650],"class_list":["post-3694","post","type-post","status-publish","format-standard","hentry","category-non-classe","tag-transition","tag-ecologie-au-quotidien","tag-rencontres-de-lecologie","tag-drome","tag-die","tag-auvergne-rhone-alpes","tag-rhone-alpes","no-post-thumbnail"],"yoast_head":"<!-- This site is optimized with the Yoast SEO plugin v27.3 - https:\/\/yoast.com\/product\/yoast-seo-wordpress\/ -->\n<title>10\u00e8mes rencontres de l\u2019\u00c9cologie \u00e0 Die du 27 janvier au 12 f\u00e9vrier 2012 - AlterTour<\/title>\n<meta name=\"robots\" content=\"index, follow, max-snippet:-1, max-image-preview:large, max-video-preview:-1\" \/>\n<link rel=\"canonical\" href=\"https:\/\/www.altercampagne.net\/?p=3694\" \/>\n<meta property=\"og:locale\" content=\"fr_FR\" \/>\n<meta property=\"og:type\" content=\"article\" \/>\n<meta property=\"og:title\" content=\"10\u00e8mes rencontres de l\u2019\u00c9cologie \u00e0 Die du 27 janvier au 12 f\u00e9vrier 2012 - AlterTour\" \/>\n<meta property=\"og:description\" content=\"L&rsquo;association \u00c9cologie au Quotidien, qui avait accueillit l&rsquo;AlterTour le 15 juillet 2011, organise\u00a0les 10\u00e8mes Rencontres de l\u2019\u00c9cologie (conf\u00e9rences, table-ronde, d\u00e9bats, films, ateliers pratiques, visites de sites, expositions, bal folk&#8230;) du samedi \u00a021 janvier au dimanche 12 f\u00e9vrier 2012\u00a0en Dr\u00f4me et du vendredi 27 janvier au mardi 7 f\u00e9vrier\u00a02012\u00a0\u00e0 la Salle ... Read More\" \/>\n<meta property=\"og:url\" content=\"https:\/\/www.altercampagne.net\/?p=3694\" \/>\n<meta property=\"og:site_name\" content=\"AlterTour\" \/>\n<meta property=\"article:published_time\" content=\"2012-01-30T10:31:19+00:00\" \/>\n<meta property=\"article:modified_time\" content=\"2016-04-20T12:59:43+00:00\" \/>\n<meta property=\"og:image\" content=\"http:\/\/u.jimdo.com\/www20\/o\/sbadcd7d04af20c32\/img\/i8363cabcacdb3697\/1323852013\/std\/image.jpg\" \/>\n<meta name=\"author\" content=\"Mathieu\" \/>\n<meta name=\"twitter:card\" content=\"summary_large_image\" \/>\n<meta name=\"twitter:label1\" content=\"\u00c9crit par\" \/>\n\t<meta name=\"twitter:data1\" content=\"Mathieu\" \/>\n\t<meta name=\"twitter:label2\" content=\"Dur\u00e9e de lecture estim\u00e9e\" \/>\n\t<meta name=\"twitter:data2\" content=\"1 minute\" \/>\n<script type=\"application\/ld+json\" class=\"yoast-schema-graph\">{\"@context\":\"https:\\\/\\\/schema.org\",\"@graph\":[{\"@type\":\"Article\",\"@id\":\"https:\\\/\\\/www.altercampagne.net\\\/?p=3694#article\",\"isPartOf\":{\"@id\":\"https:\\\/\\\/www.altercampagne.net\\\/?p=3694\"},\"author\":{\"name\":\"Mathieu\",\"@id\":\"https:\\\/\\\/www.altercampagne.net\\\/#\\\/schema\\\/person\\\/0f261460c09e430caa0f9bcffa319109\"},\"headline\":\"10\u00e8mes rencontres de l\u2019\u00c9cologie \u00e0 Die du 27 janvier au 12 f\u00e9vrier 2012\",\"datePublished\":\"2012-01-30T10:31:19+00:00\",\"dateModified\":\"2016-04-20T12:59:43+00:00\",\"mainEntityOfPage\":{\"@id\":\"https:\\\/\\\/www.altercampagne.net\\\/?p=3694\"},\"wordCount\":139,\"image\":{\"@id\":\"https:\\\/\\\/www.altercampagne.net\\\/?p=3694#primaryimage\"},\"thumbnailUrl\":\"http:\\\/\\\/u.jimdo.com\\\/www20\\\/o\\\/sbadcd7d04af20c32\\\/img\\\/i8363cabcacdb3697\\\/1323852013\\\/std\\\/image.jpg\",\"keywords\":[\"Transition\",\"Ecologie au Quotidien\",\"Rencontres de l'Ecologie\",\"Dr\u00f4me\",\"Die\",\"Auvergne-Rh\u00f4ne-Alpes\",\"Rhone-Alpes\"],\"inLanguage\":\"fr-FR\"},{\"@type\":\"WebPage\",\"@id\":\"https:\\\/\\\/www.altercampagne.net\\\/?p=3694\",\"url\":\"https:\\\/\\\/www.altercampagne.net\\\/?p=3694\",\"name\":\"10\u00e8mes rencontres de l\u2019\u00c9cologie \u00e0 Die du 27 janvier au 12 f\u00e9vrier 2012 - AlterTour\",\"isPartOf\":{\"@id\":\"https:\\\/\\\/www.altercampagne.net\\\/#website\"},\"primaryImageOfPage\":{\"@id\":\"https:\\\/\\\/www.altercampagne.net\\\/?p=3694#primaryimage\"},\"image\":{\"@id\":\"https:\\\/\\\/www.altercampagne.net\\\/?p=3694#primaryimage\"},\"thumbnailUrl\":\"http:\\\/\\\/u.jimdo.com\\\/www20\\\/o\\\/sbadcd7d04af20c32\\\/img\\\/i8363cabcacdb3697\\\/1323852013\\\/std\\\/image.jpg\",\"datePublished\":\"2012-01-30T10:31:19+00:00\",\"dateModified\":\"2016-04-20T12:59:43+00:00\",\"author\":{\"@id\":\"https:\\\/\\\/www.altercampagne.net\\\/#\\\/schema\\\/person\\\/0f261460c09e430caa0f9bcffa319109\"},\"breadcrumb\":{\"@id\":\"https:\\\/\\\/www.altercampagne.net\\\/?p=3694#breadcrumb\"},\"inLanguage\":\"fr-FR\",\"potentialAction\":[{\"@type\":\"ReadAction\",\"target\":[\"https:\\\/\\\/www.altercampagne.net\\\/?p=3694\"]}]},{\"@type\":\"ImageObject\",\"inLanguage\":\"fr-FR\",\"@id\":\"https:\\\/\\\/www.altercampagne.net\\\/?p=3694#primaryimage\",\"url\":\"http:\\\/\\\/u.jimdo.com\\\/www20\\\/o\\\/sbadcd7d04af20c32\\\/img\\\/i8363cabcacdb3697\\\/1323852013\\\/std\\\/image.jpg\",\"contentUrl\":\"http:\\\/\\\/u.jimdo.com\\\/www20\\\/o\\\/sbadcd7d04af20c32\\\/img\\\/i8363cabcacdb3697\\\/1323852013\\\/std\\\/image.jpg\"},{\"@type\":\"BreadcrumbList\",\"@id\":\"https:\\\/\\\/www.altercampagne.net\\\/?p=3694#breadcrumb\",\"itemListElement\":[{\"@type\":\"ListItem\",\"position\":1,\"name\":\"Accueil\",\"item\":\"https:\\\/\\\/www.altercampagne.net\\\/\"},{\"@type\":\"ListItem\",\"position\":2,\"name\":\"10\u00e8mes rencontres de l\u2019\u00c9cologie \u00e0 Die du 27 janvier au 12 f\u00e9vrier 2012\"}]},{\"@type\":\"WebSite\",\"@id\":\"https:\\\/\\\/www.altercampagne.net\\\/#website\",\"url\":\"https:\\\/\\\/www.altercampagne.net\\\/\",\"name\":\"AlterTour\",\"description\":\"Reliez les Alternatives \u00e0 v\u00e9lo\",\"potentialAction\":[{\"@type\":\"SearchAction\",\"target\":{\"@type\":\"EntryPoint\",\"urlTemplate\":\"https:\\\/\\\/www.altercampagne.net\\\/?s={search_term_string}\"},\"query-input\":{\"@type\":\"PropertyValueSpecification\",\"valueRequired\":true,\"valueName\":\"search_term_string\"}}],\"inLanguage\":\"fr-FR\"},{\"@type\":\"Person\",\"@id\":\"https:\\\/\\\/www.altercampagne.net\\\/#\\\/schema\\\/person\\\/0f261460c09e430caa0f9bcffa319109\",\"name\":\"Mathieu\",\"image\":{\"@type\":\"ImageObject\",\"inLanguage\":\"fr-FR\",\"@id\":\"https:\\\/\\\/secure.gravatar.com\\\/avatar\\\/aa9d3d24c83f2141e5e2709d0f63d09a99f6be6bb7a50abc4915838d9f54501a?s=96&d=mm&r=g\",\"url\":\"https:\\\/\\\/secure.gravatar.com\\\/avatar\\\/aa9d3d24c83f2141e5e2709d0f63d09a99f6be6bb7a50abc4915838d9f54501a?s=96&d=mm&r=g\",\"contentUrl\":\"https:\\\/\\\/secure.gravatar.com\\\/avatar\\\/aa9d3d24c83f2141e5e2709d0f63d09a99f6be6bb7a50abc4915838d9f54501a?s=96&d=mm&r=g\",\"caption\":\"Mathieu\"},\"url\":\"https:\\\/\\\/www.altercampagne.net\\\/?author=214\"}]}<\/script>\n<!-- \/ Yoast SEO plugin. -->","yoast_head_json":{"title":"10\u00e8mes rencontres de l\u2019\u00c9cologie \u00e0 Die du 27 janvier au 12 f\u00e9vrier 2012 - AlterTour","robots":{"index":"index","follow":"follow","max-snippet":"max-snippet:-1","max-image-preview":"max-image-preview:large","max-video-preview":"max-video-preview:-1"},"canonical":"https:\/\/www.altercampagne.net\/?p=3694","og_locale":"fr_FR","og_type":"article","og_title":"10\u00e8mes rencontres de l\u2019\u00c9cologie \u00e0 Die du 27 janvier au 12 f\u00e9vrier 2012 - AlterTour","og_description":"L&rsquo;association \u00c9cologie au Quotidien, qui avait accueillit l&rsquo;AlterTour le 15 juillet 2011, organise\u00a0les 10\u00e8mes Rencontres de l\u2019\u00c9cologie (conf\u00e9rences, table-ronde, d\u00e9bats, films, ateliers pratiques, visites de sites, expositions, bal folk&#8230;) du samedi \u00a021 janvier au dimanche 12 f\u00e9vrier 2012\u00a0en Dr\u00f4me et du vendredi 27 janvier au mardi 7 f\u00e9vrier\u00a02012\u00a0\u00e0 la Salle ... Read More","og_url":"https:\/\/www.altercampagne.net\/?p=3694","og_site_name":"AlterTour","article_published_time":"2012-01-30T10:31:19+00:00","article_modified_time":"2016-04-20T12:59:43+00:00","og_image":[{"url":"http:\/\/u.jimdo.com\/www20\/o\/sbadcd7d04af20c32\/img\/i8363cabcacdb3697\/1323852013\/std\/image.jpg","type":"","width":"","height":""}],"author":"Mathieu","twitter_card":"summary_large_image","twitter_misc":{"\u00c9crit par":"Mathieu","Dur\u00e9e de lecture estim\u00e9e":"1 minute"},"schema":{"@context":"https:\/\/schema.org","@graph":[{"@type":"Article","@id":"https:\/\/www.altercampagne.net\/?p=3694#article","isPartOf":{"@id":"https:\/\/www.altercampagne.net\/?p=3694"},"author":{"name":"Mathieu","@id":"https:\/\/www.altercampagne.net\/#\/schema\/person\/0f261460c09e430caa0f9bcffa319109"},"headline":"10\u00e8mes rencontres de l\u2019\u00c9cologie \u00e0 Die du 27 janvier au 12 f\u00e9vrier 2012","datePublished":"2012-01-30T10:31:19+00:00","dateModified":"2016-04-20T12:59:43+00:00","mainEntityOfPage":{"@id":"https:\/\/www.altercampagne.net\/?p=3694"},"wordCount":139,"image":{"@id":"https:\/\/www.altercampagne.net\/?p=3694#primaryimage"},"thumbnailUrl":"http:\/\/u.jimdo.com\/www20\/o\/sbadcd7d04af20c32\/img\/i8363cabcacdb3697\/1323852013\/std\/image.jpg","keywords":["Transition","Ecologie au Quotidien","Rencontres de l'Ecologie","Dr\u00f4me","Die","Auvergne-Rh\u00f4ne-Alpes","Rhone-Alpes"],"inLanguage":"fr-FR"},{"@type":"WebPage","@id":"https:\/\/www.altercampagne.net\/?p=3694","url":"https:\/\/www.altercampagne.net\/?p=3694","name":"10\u00e8mes rencontres de l\u2019\u00c9cologie \u00e0 Die du 27 janvier au 12 f\u00e9vrier 2012 - AlterTour","isPartOf":{"@id":"https:\/\/www.altercampagne.net\/#website"},"primaryImageOfPage":{"@id":"https:\/\/www.altercampagne.net\/?p=3694#primaryimage"},"image":{"@id":"https:\/\/www.altercampagne.net\/?p=3694#primaryimage"},"thumbnailUrl":"http:\/\/u.jimdo.com\/www20\/o\/sbadcd7d04af20c32\/img\/i8363cabcacdb3697\/1323852013\/std\/image.jpg","datePublished":"2012-01-30T10:31:19+00:00","dateModified":"2016-04-20T12:59:43+00:00","author":{"@id":"https:\/\/www.altercampagne.net\/#\/schema\/person\/0f261460c09e430caa0f9bcffa319109"},"breadcrumb":{"@id":"https:\/\/www.altercampagne.net\/?p=3694#breadcrumb"},"inLanguage":"fr-FR","potentialAction":[{"@type":"ReadAction","target":["https:\/\/www.altercampagne.net\/?p=3694"]}]},{"@type":"ImageObject","inLanguage":"fr-FR","@id":"https:\/\/www.altercampagne.net\/?p=3694#primaryimage","url":"http:\/\/u.jimdo.com\/www20\/o\/sbadcd7d04af20c32\/img\/i8363cabcacdb3697\/1323852013\/std\/image.jpg","contentUrl":"http:\/\/u.jimdo.com\/www20\/o\/sbadcd7d04af20c32\/img\/i8363cabcacdb3697\/1323852013\/std\/image.jpg"},{"@type":"BreadcrumbList","@id":"https:\/\/www.altercampagne.net\/?p=3694#breadcrumb","itemListElement":[{"@type":"ListItem","position":1,"name":"Accueil","item":"https:\/\/www.altercampagne.net\/"},{"@type":"ListItem","position":2,"name":"10\u00e8mes rencontres de l\u2019\u00c9cologie \u00e0 Die du 27 janvier au 12 f\u00e9vrier 2012"}]},{"@type":"WebSite","@id":"https:\/\/www.altercampagne.net\/#website","url":"https:\/\/www.altercampagne.net\/","name":"AlterTour","description":"Reliez les Alternatives \u00e0 v\u00e9lo","potentialAction":[{"@type":"SearchAction","target":{"@type":"EntryPoint","urlTemplate":"https:\/\/www.altercampagne.net\/?s={search_term_string}"},"query-input":{"@type":"PropertyValueSpecification","valueRequired":true,"valueName":"search_term_string"}}],"inLanguage":"fr-FR"},{"@type":"Person","@id":"https:\/\/www.altercampagne.net\/#\/schema\/person\/0f261460c09e430caa0f9bcffa319109","name":"Mathieu","image":{"@type":"ImageObject","inLanguage":"fr-FR","@id":"https:\/\/secure.gravatar.com\/avatar\/aa9d3d24c83f2141e5e2709d0f63d09a99f6be6bb7a50abc4915838d9f54501a?s=96&d=mm&r=g","url":"https:\/\/secure.gravatar.com\/avatar\/aa9d3d24c83f2141e5e2709d0f63d09a99f6be6bb7a50abc4915838d9f54501a?s=96&d=mm&r=g","contentUrl":"https:\/\/secure.gravatar.com\/avatar\/aa9d3d24c83f2141e5e2709d0f63d09a99f6be6bb7a50abc4915838d9f54501a?s=96&d=mm&r=g","caption":"Mathieu"},"url":"https:\/\/www.altercampagne.net\/?author=214"}]}},"_links":{"self":[{"href":"https:\/\/www.altercampagne.net\/index.php?rest_route=\/wp\/v2\/posts\/3694","targetHints":{"allow":["GET"]}}],"collection":[{"href":"https:\/\/www.altercampagne.net\/index.php?rest_route=\/wp\/v2\/posts"}],"about":[{"href":"https:\/\/www.altercampagne.net\/index.php?rest_route=\/wp\/v2\/types\/post"}],"author":[{"embeddable":true,"href":"https:\/\/www.altercampagne.net\/index.php?rest_route=\/wp\/v2\/users\/214"}],"replies":[{"embeddable":true,"href":"https:\/\/www.altercampagne.net\/index.php?rest_route=%2Fwp%2Fv2%2Fcomments&post=3694"}],"version-history":[{"count":0,"href":"https:\/\/www.altercampagne.net\/index.php?rest_route=\/wp\/v2\/posts\/3694\/revisions"}],"wp:attachment":[{"href":"https:\/\/www.altercampagne.net\/index.php?rest_route=%2Fwp%2Fv2%2Fmedia&parent=3694"}],"wp:term":[{"taxonomy":"category","embeddable":true,"href":"https:\/\/www.altercampagne.net\/index.php?rest_route=%2Fwp%2Fv2%2Fcategories&post=3694"},{"taxonomy":"post_tag","embeddable":true,"href":"https:\/\/www.altercampagne.net\/index.php?rest_route=%2Fwp%2Fv2%2Ftags&post=3694"}],"curies":[{"name":"wp","href":"https:\/\/api.w.org\/{rel}","templated":true}]}}