{"id":3696,"date":"2012-01-26T11:35:39","date_gmt":"2012-01-26T10:35:39","guid":{"rendered":"http:\/\/www.altercampagne.net\/?p=3696"},"modified":"2020-02-24T17:00:27","modified_gmt":"2020-02-24T16:00:27","slug":"quand-des-altercyclistes-se-lancent-dans-la-boulange","status":"publish","type":"post","link":"https:\/\/www.altercampagne.net\/?p=3696","title":{"rendered":"Quand des Altercyclistes se lancent dans la boulange !"},"content":{"rendered":"<p><a href=\"http:\/\/www.altercampagne.net\/wp-content\/uploads\/2016\/04\/3771846_orig.jpg\"><img loading=\"lazy\" decoding=\"async\" class=\" size-medium wp-image-3697 alignleft\" src=\"http:\/\/www.altercampagne.net\/wp-content\/uploads\/2016\/04\/3771846_orig-300x225.jpg\" alt=\"3771846_orig\" width=\"300\" height=\"225\" srcset=\"https:\/\/www.altercampagne.net\/wp-content\/uploads\/2016\/04\/3771846_orig-300x225.jpg 300w, https:\/\/www.altercampagne.net\/wp-content\/uploads\/2016\/04\/3771846_orig-1024x768.jpg 1024w, https:\/\/www.altercampagne.net\/wp-content\/uploads\/2016\/04\/3771846_orig.jpg 1066w\" sizes=\"auto, (max-width: 300px) 100vw, 300px\" \/><\/a>Apr\u00e8s 3&nbsp;ans de rencontres (dont l&rsquo;AlterTour en Bretagne en 2010), de formations, de stages, de d\u00e9marches administratives, de recherche de foncier et de terres agricoles compl\u00e9mentaires, notre projet a pu voir le jour en mars 2011 !<\/p>\n<p class=\"Style138\" align=\"justify\">Et aujourd&rsquo;hui, nous produisons notre bl\u00e9, p\u00e9trissons la p\u00e2te \u00e0 la main, faisons cuire le pain dans notre four \u00e0 bois et&#8230; nous le vendons \u00e0 Erdeven, Belz, Lorient et Port Louis !<\/p>\n<p class=\"Style138\" align=\"justify\">Donc si jamais vous \u00eates de passage dans le coin (\u00e0 titre individuel ou pour un prochain AlterTour), vous \u00eates les bienvenus ! Nous inaugurons d&rsquo;ailleurs le fournil le 11 f\u00e9vrier alors n&rsquo;h\u00e9sitez pas \u00e0 faire passer le message !<\/p>\n<p class=\"Style138\" align=\"justify\">&nbsp;Anne-Sophie qui se fait le porte parole de David et Pierre \ud83d\ude42<\/p>\n<p class=\"Style138\" align=\"justify\">Plus d&rsquo;infos sur :&nbsp;<a href=\"http:\/\/www.lemoulindesaintgermain.fr\/\" target=\"_blank\" rel=\"noopener noreferrer\">www.lemoulindesaintgermain.fr<\/a><\/p>\n","protected":false},"excerpt":{"rendered":"<p>Apr\u00e8s 3&nbsp;ans de rencontres (dont l&rsquo;AlterTour en Bretagne en 2010), de formations, de stages, de d\u00e9marches administratives, de recherche de foncier et de terres agricoles compl\u00e9mentaires, notre projet a pu voir le jour en mars 2011 ! Et aujourd&rsquo;hui, nous produisons notre bl\u00e9, p\u00e9trissons la p\u00e2te \u00e0 la main, faisons &#8230; <\/p>\n<div><a href=\"https:\/\/www.altercampagne.net\/?p=3696\" class=\"more-link\">Read More<\/a><\/div>\n","protected":false},"author":214,"featured_media":0,"comment_status":"closed","ping_status":"closed","sticky":false,"template":"","format":"standard","meta":{"footnotes":""},"categories":[4054],"tags":[964,1301,1302,1303,1304,1305,1306,1307,1308],"class_list":["post-3696","post","type-post","status-publish","format-standard","hentry","category-temoignages","tag-pain","tag-altertour-2010","tag-erdeven","tag-belz","tag-lorient","tag-port-louis","tag-moulin-de-saint-germain","tag-boulanger","tag-fournil","no-post-thumbnail"],"yoast_head":"<!-- This site is optimized with the Yoast SEO plugin v27.3 - https:\/\/yoast.com\/product\/yoast-seo-wordpress\/ -->\n<title>Quand des Altercyclistes se lancent dans la boulange ! - AlterTour<\/title>\n<meta name=\"robots\" content=\"index, follow, max-snippet:-1, max-image-preview:large, max-video-preview:-1\" \/>\n<link rel=\"canonical\" href=\"https:\/\/www.altercampagne.net\/?p=3696\" \/>\n<meta property=\"og:locale\" content=\"fr_FR\" \/>\n<meta property=\"og:type\" content=\"article\" \/>\n<meta property=\"og:title\" content=\"Quand des Altercyclistes se lancent dans la boulange ! - AlterTour\" \/>\n<meta property=\"og:description\" content=\"Apr\u00e8s 3&nbsp;ans de rencontres (dont l&rsquo;AlterTour en Bretagne en 2010), de formations, de stages, de d\u00e9marches administratives, de recherche de foncier et de terres agricoles compl\u00e9mentaires, notre projet a pu voir le jour en mars 2011 ! Et aujourd&rsquo;hui, nous produisons notre bl\u00e9, p\u00e9trissons la p\u00e2te \u00e0 la main, faisons ... Read More\" \/>\n<meta property=\"og:url\" content=\"https:\/\/www.altercampagne.net\/?p=3696\" \/>\n<meta property=\"og:site_name\" content=\"AlterTour\" \/>\n<meta property=\"article:published_time\" content=\"2012-01-26T10:35:39+00:00\" \/>\n<meta property=\"article:modified_time\" content=\"2020-02-24T16:00:27+00:00\" \/>\n<meta property=\"og:image\" content=\"http:\/\/www.altercampagne.net\/wp-content\/uploads\/2016\/04\/3771846_orig-300x225.jpg\" \/>\n<meta name=\"author\" content=\"Mathieu\" \/>\n<meta name=\"twitter:card\" content=\"summary_large_image\" \/>\n<meta name=\"twitter:label1\" content=\"\u00c9crit par\" \/>\n\t<meta name=\"twitter:data1\" content=\"Mathieu\" \/>\n\t<meta name=\"twitter:label2\" content=\"Dur\u00e9e de lecture estim\u00e9e\" \/>\n\t<meta name=\"twitter:data2\" content=\"1 minute\" \/>\n<script type=\"application\/ld+json\" class=\"yoast-schema-graph\">{\"@context\":\"https:\\\/\\\/schema.org\",\"@graph\":[{\"@type\":\"Article\",\"@id\":\"https:\\\/\\\/www.altercampagne.net\\\/?p=3696#article\",\"isPartOf\":{\"@id\":\"https:\\\/\\\/www.altercampagne.net\\\/?p=3696\"},\"author\":{\"name\":\"Mathieu\",\"@id\":\"https:\\\/\\\/www.altercampagne.net\\\/#\\\/schema\\\/person\\\/0f261460c09e430caa0f9bcffa319109\"},\"headline\":\"Quand des Altercyclistes se lancent dans la boulange !\",\"datePublished\":\"2012-01-26T10:35:39+00:00\",\"dateModified\":\"2020-02-24T16:00:27+00:00\",\"mainEntityOfPage\":{\"@id\":\"https:\\\/\\\/www.altercampagne.net\\\/?p=3696\"},\"wordCount\":138,\"image\":{\"@id\":\"https:\\\/\\\/www.altercampagne.net\\\/?p=3696#primaryimage\"},\"thumbnailUrl\":\"http:\\\/\\\/www.altercampagne.net\\\/wp-content\\\/uploads\\\/2016\\\/04\\\/3771846_orig-300x225.jpg\",\"keywords\":[\"pain\",\"AlterTour 2010\",\"Erdeven\",\"Belz\",\"Lorient\",\"Port Louis\",\"Moulin de Saint Germain\",\"boulanger\",\"fournil\"],\"articleSection\":[\"T\u00e9moignages\"],\"inLanguage\":\"fr-FR\"},{\"@type\":\"WebPage\",\"@id\":\"https:\\\/\\\/www.altercampagne.net\\\/?p=3696\",\"url\":\"https:\\\/\\\/www.altercampagne.net\\\/?p=3696\",\"name\":\"Quand des Altercyclistes se lancent dans la boulange ! - AlterTour\",\"isPartOf\":{\"@id\":\"https:\\\/\\\/www.altercampagne.net\\\/#website\"},\"primaryImageOfPage\":{\"@id\":\"https:\\\/\\\/www.altercampagne.net\\\/?p=3696#primaryimage\"},\"image\":{\"@id\":\"https:\\\/\\\/www.altercampagne.net\\\/?p=3696#primaryimage\"},\"thumbnailUrl\":\"http:\\\/\\\/www.altercampagne.net\\\/wp-content\\\/uploads\\\/2016\\\/04\\\/3771846_orig-300x225.jpg\",\"datePublished\":\"2012-01-26T10:35:39+00:00\",\"dateModified\":\"2020-02-24T16:00:27+00:00\",\"author\":{\"@id\":\"https:\\\/\\\/www.altercampagne.net\\\/#\\\/schema\\\/person\\\/0f261460c09e430caa0f9bcffa319109\"},\"breadcrumb\":{\"@id\":\"https:\\\/\\\/www.altercampagne.net\\\/?p=3696#breadcrumb\"},\"inLanguage\":\"fr-FR\",\"potentialAction\":[{\"@type\":\"ReadAction\",\"target\":[\"https:\\\/\\\/www.altercampagne.net\\\/?p=3696\"]}]},{\"@type\":\"ImageObject\",\"inLanguage\":\"fr-FR\",\"@id\":\"https:\\\/\\\/www.altercampagne.net\\\/?p=3696#primaryimage\",\"url\":\"https:\\\/\\\/www.altercampagne.net\\\/wp-content\\\/uploads\\\/2016\\\/04\\\/3771846_orig.jpg\",\"contentUrl\":\"https:\\\/\\\/www.altercampagne.net\\\/wp-content\\\/uploads\\\/2016\\\/04\\\/3771846_orig.jpg\",\"width\":1066,\"height\":800},{\"@type\":\"BreadcrumbList\",\"@id\":\"https:\\\/\\\/www.altercampagne.net\\\/?p=3696#breadcrumb\",\"itemListElement\":[{\"@type\":\"ListItem\",\"position\":1,\"name\":\"Accueil\",\"item\":\"https:\\\/\\\/www.altercampagne.net\\\/\"},{\"@type\":\"ListItem\",\"position\":2,\"name\":\"Quand des Altercyclistes se lancent dans la boulange !\"}]},{\"@type\":\"WebSite\",\"@id\":\"https:\\\/\\\/www.altercampagne.net\\\/#website\",\"url\":\"https:\\\/\\\/www.altercampagne.net\\\/\",\"name\":\"AlterTour\",\"description\":\"Reliez les Alternatives \u00e0 v\u00e9lo\",\"potentialAction\":[{\"@type\":\"SearchAction\",\"target\":{\"@type\":\"EntryPoint\",\"urlTemplate\":\"https:\\\/\\\/www.altercampagne.net\\\/?s={search_term_string}\"},\"query-input\":{\"@type\":\"PropertyValueSpecification\",\"valueRequired\":true,\"valueName\":\"search_term_string\"}}],\"inLanguage\":\"fr-FR\"},{\"@type\":\"Person\",\"@id\":\"https:\\\/\\\/www.altercampagne.net\\\/#\\\/schema\\\/person\\\/0f261460c09e430caa0f9bcffa319109\",\"name\":\"Mathieu\",\"image\":{\"@type\":\"ImageObject\",\"inLanguage\":\"fr-FR\",\"@id\":\"https:\\\/\\\/secure.gravatar.com\\\/avatar\\\/aa9d3d24c83f2141e5e2709d0f63d09a99f6be6bb7a50abc4915838d9f54501a?s=96&d=mm&r=g\",\"url\":\"https:\\\/\\\/secure.gravatar.com\\\/avatar\\\/aa9d3d24c83f2141e5e2709d0f63d09a99f6be6bb7a50abc4915838d9f54501a?s=96&d=mm&r=g\",\"contentUrl\":\"https:\\\/\\\/secure.gravatar.com\\\/avatar\\\/aa9d3d24c83f2141e5e2709d0f63d09a99f6be6bb7a50abc4915838d9f54501a?s=96&d=mm&r=g\",\"caption\":\"Mathieu\"},\"url\":\"https:\\\/\\\/www.altercampagne.net\\\/?author=214\"}]}<\/script>\n<!-- \/ Yoast SEO plugin. -->","yoast_head_json":{"title":"Quand des Altercyclistes se lancent dans la boulange ! - AlterTour","robots":{"index":"index","follow":"follow","max-snippet":"max-snippet:-1","max-image-preview":"max-image-preview:large","max-video-preview":"max-video-preview:-1"},"canonical":"https:\/\/www.altercampagne.net\/?p=3696","og_locale":"fr_FR","og_type":"article","og_title":"Quand des Altercyclistes se lancent dans la boulange ! - AlterTour","og_description":"Apr\u00e8s 3&nbsp;ans de rencontres (dont l&rsquo;AlterTour en Bretagne en 2010), de formations, de stages, de d\u00e9marches administratives, de recherche de foncier et de terres agricoles compl\u00e9mentaires, notre projet a pu voir le jour en mars 2011 ! Et aujourd&rsquo;hui, nous produisons notre bl\u00e9, p\u00e9trissons la p\u00e2te \u00e0 la main, faisons ... Read More","og_url":"https:\/\/www.altercampagne.net\/?p=3696","og_site_name":"AlterTour","article_published_time":"2012-01-26T10:35:39+00:00","article_modified_time":"2020-02-24T16:00:27+00:00","og_image":[{"url":"http:\/\/www.altercampagne.net\/wp-content\/uploads\/2016\/04\/3771846_orig-300x225.jpg","type":"","width":"","height":""}],"author":"Mathieu","twitter_card":"summary_large_image","twitter_misc":{"\u00c9crit par":"Mathieu","Dur\u00e9e de lecture estim\u00e9e":"1 minute"},"schema":{"@context":"https:\/\/schema.org","@graph":[{"@type":"Article","@id":"https:\/\/www.altercampagne.net\/?p=3696#article","isPartOf":{"@id":"https:\/\/www.altercampagne.net\/?p=3696"},"author":{"name":"Mathieu","@id":"https:\/\/www.altercampagne.net\/#\/schema\/person\/0f261460c09e430caa0f9bcffa319109"},"headline":"Quand des Altercyclistes se lancent dans la boulange !","datePublished":"2012-01-26T10:35:39+00:00","dateModified":"2020-02-24T16:00:27+00:00","mainEntityOfPage":{"@id":"https:\/\/www.altercampagne.net\/?p=3696"},"wordCount":138,"image":{"@id":"https:\/\/www.altercampagne.net\/?p=3696#primaryimage"},"thumbnailUrl":"http:\/\/www.altercampagne.net\/wp-content\/uploads\/2016\/04\/3771846_orig-300x225.jpg","keywords":["pain","AlterTour 2010","Erdeven","Belz","Lorient","Port Louis","Moulin de Saint Germain","boulanger","fournil"],"articleSection":["T\u00e9moignages"],"inLanguage":"fr-FR"},{"@type":"WebPage","@id":"https:\/\/www.altercampagne.net\/?p=3696","url":"https:\/\/www.altercampagne.net\/?p=3696","name":"Quand des Altercyclistes se lancent dans la boulange ! - AlterTour","isPartOf":{"@id":"https:\/\/www.altercampagne.net\/#website"},"primaryImageOfPage":{"@id":"https:\/\/www.altercampagne.net\/?p=3696#primaryimage"},"image":{"@id":"https:\/\/www.altercampagne.net\/?p=3696#primaryimage"},"thumbnailUrl":"http:\/\/www.altercampagne.net\/wp-content\/uploads\/2016\/04\/3771846_orig-300x225.jpg","datePublished":"2012-01-26T10:35:39+00:00","dateModified":"2020-02-24T16:00:27+00:00","author":{"@id":"https:\/\/www.altercampagne.net\/#\/schema\/person\/0f261460c09e430caa0f9bcffa319109"},"breadcrumb":{"@id":"https:\/\/www.altercampagne.net\/?p=3696#breadcrumb"},"inLanguage":"fr-FR","potentialAction":[{"@type":"ReadAction","target":["https:\/\/www.altercampagne.net\/?p=3696"]}]},{"@type":"ImageObject","inLanguage":"fr-FR","@id":"https:\/\/www.altercampagne.net\/?p=3696#primaryimage","url":"https:\/\/www.altercampagne.net\/wp-content\/uploads\/2016\/04\/3771846_orig.jpg","contentUrl":"https:\/\/www.altercampagne.net\/wp-content\/uploads\/2016\/04\/3771846_orig.jpg","width":1066,"height":800},{"@type":"BreadcrumbList","@id":"https:\/\/www.altercampagne.net\/?p=3696#breadcrumb","itemListElement":[{"@type":"ListItem","position":1,"name":"Accueil","item":"https:\/\/www.altercampagne.net\/"},{"@type":"ListItem","position":2,"name":"Quand des Altercyclistes se lancent dans la boulange !"}]},{"@type":"WebSite","@id":"https:\/\/www.altercampagne.net\/#website","url":"https:\/\/www.altercampagne.net\/","name":"AlterTour","description":"Reliez les Alternatives \u00e0 v\u00e9lo","potentialAction":[{"@type":"SearchAction","target":{"@type":"EntryPoint","urlTemplate":"https:\/\/www.altercampagne.net\/?s={search_term_string}"},"query-input":{"@type":"PropertyValueSpecification","valueRequired":true,"valueName":"search_term_string"}}],"inLanguage":"fr-FR"},{"@type":"Person","@id":"https:\/\/www.altercampagne.net\/#\/schema\/person\/0f261460c09e430caa0f9bcffa319109","name":"Mathieu","image":{"@type":"ImageObject","inLanguage":"fr-FR","@id":"https:\/\/secure.gravatar.com\/avatar\/aa9d3d24c83f2141e5e2709d0f63d09a99f6be6bb7a50abc4915838d9f54501a?s=96&d=mm&r=g","url":"https:\/\/secure.gravatar.com\/avatar\/aa9d3d24c83f2141e5e2709d0f63d09a99f6be6bb7a50abc4915838d9f54501a?s=96&d=mm&r=g","contentUrl":"https:\/\/secure.gravatar.com\/avatar\/aa9d3d24c83f2141e5e2709d0f63d09a99f6be6bb7a50abc4915838d9f54501a?s=96&d=mm&r=g","caption":"Mathieu"},"url":"https:\/\/www.altercampagne.net\/?author=214"}]}},"_links":{"self":[{"href":"https:\/\/www.altercampagne.net\/index.php?rest_route=\/wp\/v2\/posts\/3696","targetHints":{"allow":["GET"]}}],"collection":[{"href":"https:\/\/www.altercampagne.net\/index.php?rest_route=\/wp\/v2\/posts"}],"about":[{"href":"https:\/\/www.altercampagne.net\/index.php?rest_route=\/wp\/v2\/types\/post"}],"author":[{"embeddable":true,"href":"https:\/\/www.altercampagne.net\/index.php?rest_route=\/wp\/v2\/users\/214"}],"replies":[{"embeddable":true,"href":"https:\/\/www.altercampagne.net\/index.php?rest_route=%2Fwp%2Fv2%2Fcomments&post=3696"}],"version-history":[{"count":1,"href":"https:\/\/www.altercampagne.net\/index.php?rest_route=\/wp\/v2\/posts\/3696\/revisions"}],"predecessor-version":[{"id":17411,"href":"https:\/\/www.altercampagne.net\/index.php?rest_route=\/wp\/v2\/posts\/3696\/revisions\/17411"}],"wp:attachment":[{"href":"https:\/\/www.altercampagne.net\/index.php?rest_route=%2Fwp%2Fv2%2Fmedia&parent=3696"}],"wp:term":[{"taxonomy":"category","embeddable":true,"href":"https:\/\/www.altercampagne.net\/index.php?rest_route=%2Fwp%2Fv2%2Fcategories&post=3696"},{"taxonomy":"post_tag","embeddable":true,"href":"https:\/\/www.altercampagne.net\/index.php?rest_route=%2Fwp%2Fv2%2Ftags&post=3696"}],"curies":[{"name":"wp","href":"https:\/\/api.w.org\/{rel}","templated":true}]}}