{"id":3701,"date":"2011-12-08T11:41:51","date_gmt":"2011-12-08T10:41:51","guid":{"rendered":"http:\/\/www.altercampagne.net\/?p=3701"},"modified":"2020-10-07T09:05:22","modified_gmt":"2020-10-07T07:05:22","slug":"genealogie-de-la-technopole-grenobloise-150-ans-de-liaison-pouvoir-recherche-armee-industrie","status":"publish","type":"post","link":"https:\/\/www.altercampagne.net\/?p=3701","title":{"rendered":"G\u00e9n\u00e9alogie de la technopole grenobloise &#8211; 150 ans de liaison pouvoir-recherche-arm\u00e9e-industrie"},"content":{"rendered":"<p>Cet \u00e9t\u00e9 l&rsquo;AlterTour a \u00e9t\u00e9 accueillit par les Bas C\u00f4t\u00e9s \u00e0 Grenoble, nous avions \u00e9voqu\u00e9 avec eux, sur la premi\u00e8re partie de notre parcours &#8211; de Gen\u00e8ve \u00e0 Valence, la probl\u00e9matique du Sillon Alpin : la continuit\u00e9 urbaine entre Gen\u00e8ve, Annecy, Chamb\u00e9ry, Grenoble et Valence.<\/p>\n<p><iframe loading=\"lazy\" src=\"https:\/\/player.vimeo.com\/video\/26259550\" allowfullscreen=\"allowfullscreen\" width=\"500\" height=\"281\" frameborder=\"0\"><\/iframe><\/p>\n<p><a href=\"https:\/\/vimeo.com\/26259550\">Une place pour Jean Therme \u00e0 Saint-Jean-d&rsquo;Arvey<\/a> from <a href=\"https:\/\/vimeo.com\/lavoix\">La Voix des Allobroges<\/a> on <a href=\"https:\/\/vimeo.com\">Vimeo<\/a>.<\/p>\n<p class=\"Style250\" align=\"justify\">L&rsquo;association co-\u00e9dite un arbre g\u00e9n\u00e9alogique de la technopole grenobloise :<\/p>\n<p class=\"Style250\" align=\"justify\">Comment une petite ville de province est-elle devenue Technopolis<br \/>\n\u2013 la m\u00e8re de toutes les technopoles de France ?<br \/>\nPar la connivence revendiqu\u00e9e et perp\u00e9tu\u00e9e depuis 150 ans entre le pouvoir politique (civil et militaire), la recherche scientifique et les industriels, unis pour leur profit mutuel dans la fuite en avant technologique.<br \/>\nCe que l\u2019on finit par nommer, dans les ann\u00e9es 1960, le \u00ab complexe scientifico-militaro-industriel \u00bb (Eisenhower).<\/p>\n<p class=\"Style250\" align=\"justify\">D\u2019Aristide Berg\u00e8s \u00e0 Jean Therme, de la \u00ab Houille blanche \u00bb \u00e0 Clinatec, la clinique neuro-exp\u00e9rimentale du Commissariat \u00e0 l\u2019\u00e9nergie atomique, la technopole se d\u00e9veloppe de g\u00e9n\u00e9ration d\u2019ing\u00e9nieurs en g\u00e9n\u00e9ration d\u2019ing\u00e9nieurs, et de cycle technoindustriel en cycle techno-industriel, d\u00e9truisant tout dans sa ru\u00e9e cr\u00e9atrice.<\/p>\n<p class=\"Style250\" align=\"justify\"><strong>Les Bas-C\u00f4t\u00e9s, le Caf\u00e9 luddite de Grenoble, Black star (s)\u00e9ditions et Pi\u00e8ces et main d\u2019\u0153uvre proposent un arbre g\u00e9n\u00e9alogique de la technopole grenobloise<\/strong>, instructif et plein de curiosit\u00e9s aussi bien pour les Dauphinois que pour tous ceux qui subissent l\u2019acc\u00e9l\u00e9ration technologique dans<br \/>\nleur vie et dans leur ville.<br \/>\nToutes les grosses villes ne sont pas des technopoles, du moins pas encore. M\u00eame si de plus en plus de m\u00e9tropoles visent \u00e0 devenir des m\u00e9ga-technopoles (voir Lille M\u00e9tropole, ou Nice C\u00f4te d\u2019Azur).<br \/>\nLes habitants de Toulouse, de Nancy, de Rennes, reconna\u00eetront dans ce document ce qui leur est commun : le pilotage de leur cit\u00e9 par et pour la liaison recherche-industrie.<br \/>\nD\u00e9couvrons gr\u00e2ce \u00e0 cet arbre g\u00e9n\u00e9alogique simplifi\u00e9 mais visuellement clair et frappant, les liens entre le Minist\u00e8re de la D\u00e9fense, Minatec, Genevi\u00e8ve Fioraso, adjointe au maire et d\u00e9put\u00e9e, et le projet Giant (Grenoble innovation for new advanced technologies) \u2013 par exemple.<br \/>\nD\u00e9couvrons, gr\u00e2ce au livret qui l\u2019accompagne, les notices de plus de 30 figures du techno-gratin, de Vaucanson \u00e0 Alain Carignon, et de plus de 20 organismes (laboratoires, entreprises, associations) ayant particip\u00e9 \u00e0 l\u2019\u00e9dification de la technopole.<br \/>\nNous esp\u00e9rons par ce document fournir mati\u00e8re \u00e0 la r\u00e9flexion et \u00e0 l\u2019esprit critique, voire susciter des productions similaires dans d\u2019autres \u00ab smart cities \u00bb.<\/p>\n<p class=\"Style250\" align=\"justify\"><strong>Attention, tirage limit\u00e9<\/strong>.<br \/>\nEn vente 5 \u20ac aux Bas-C\u00f4t\u00e9s,<br \/>\nou par correspondance (ch\u00e8que de 5 \u20ac + 1,50 \u20ac de port = 6,50 \u20ac <strong>\u00e0 l\u2019ordre des Bas-C\u00f4t\u00e9s<\/strong>) :<br \/>\nLes Bas-C\u00f4t\u00e9s, 59 rue Nicolas Chorier \u2013 38000 Grenoble<br \/>\n<a href=\"http:\/\/lesbascotes.blogspot.com\/\">http:\/\/lesbascotes.blogspot.com\/<\/a><\/p>\n","protected":false},"excerpt":{"rendered":"<p>Cet \u00e9t\u00e9 l&rsquo;AlterTour a \u00e9t\u00e9 accueillit par les Bas C\u00f4t\u00e9s \u00e0 Grenoble, nous avions \u00e9voqu\u00e9 avec eux, sur la premi\u00e8re partie de notre parcours &#8211; de Gen\u00e8ve \u00e0 Valence, la probl\u00e9matique du Sillon Alpin : la continuit\u00e9 urbaine entre Gen\u00e8ve, Annecy, Chamb\u00e9ry, Grenoble et Valence. Une place pour Jean Therme &#8230; <\/p>\n<div><a href=\"https:\/\/www.altercampagne.net\/?p=3701\" class=\"more-link\">Read More<\/a><\/div>\n","protected":false},"author":214,"featured_media":0,"comment_status":"closed","ping_status":"closed","sticky":false,"template":"","format":"standard","meta":{"footnotes":""},"categories":[3471,3542,3464],"tags":[836,1309,1310,1311,1312,1313,1314,1489,1650,1979,1982],"class_list":["post-3701","post","type-post","status-publish","format-standard","hentry","category-auvergne-rhone-alpes","category-lutte","category-edition-2011","tag-altertour-2011","tag-les-bas-cotes","tag-grenoble","tag-sillon-alpin","tag-cafe-luddite","tag-black-star","tag-pieces-et-main-doeuvre","tag-auvergne-rhone-alpes","tag-rhone-alpes","tag-1979","tag-isere","no-post-thumbnail"],"yoast_head":"<!-- This site is optimized with the Yoast SEO plugin v27.3 - https:\/\/yoast.com\/product\/yoast-seo-wordpress\/ -->\n<title>G\u00e9n\u00e9alogie de la technopole grenobloise - 150 ans de liaison pouvoir-recherche-arm\u00e9e-industrie - AlterTour<\/title>\n<meta name=\"robots\" content=\"index, follow, max-snippet:-1, max-image-preview:large, max-video-preview:-1\" \/>\n<link rel=\"canonical\" href=\"https:\/\/www.altercampagne.net\/?p=3701\" \/>\n<meta property=\"og:locale\" content=\"fr_FR\" \/>\n<meta property=\"og:type\" content=\"article\" \/>\n<meta property=\"og:title\" content=\"G\u00e9n\u00e9alogie de la technopole grenobloise - 150 ans de liaison pouvoir-recherche-arm\u00e9e-industrie - AlterTour\" \/>\n<meta property=\"og:description\" content=\"Cet \u00e9t\u00e9 l&rsquo;AlterTour a \u00e9t\u00e9 accueillit par les Bas C\u00f4t\u00e9s \u00e0 Grenoble, nous avions \u00e9voqu\u00e9 avec eux, sur la premi\u00e8re partie de notre parcours &#8211; de Gen\u00e8ve \u00e0 Valence, la probl\u00e9matique du Sillon Alpin : la continuit\u00e9 urbaine entre Gen\u00e8ve, Annecy, Chamb\u00e9ry, Grenoble et Valence. Une place pour Jean Therme ... Read More\" \/>\n<meta property=\"og:url\" content=\"https:\/\/www.altercampagne.net\/?p=3701\" \/>\n<meta property=\"og:site_name\" content=\"AlterTour\" \/>\n<meta property=\"article:published_time\" content=\"2011-12-08T10:41:51+00:00\" \/>\n<meta property=\"article:modified_time\" content=\"2020-10-07T07:05:22+00:00\" \/>\n<meta name=\"author\" content=\"Mathieu\" \/>\n<meta name=\"twitter:card\" content=\"summary_large_image\" \/>\n<meta name=\"twitter:label1\" content=\"\u00c9crit par\" \/>\n\t<meta name=\"twitter:data1\" content=\"Mathieu\" \/>\n\t<meta name=\"twitter:label2\" content=\"Dur\u00e9e de lecture estim\u00e9e\" \/>\n\t<meta name=\"twitter:data2\" content=\"2 minutes\" \/>\n<script type=\"application\/ld+json\" class=\"yoast-schema-graph\">{\"@context\":\"https:\\\/\\\/schema.org\",\"@graph\":[{\"@type\":\"Article\",\"@id\":\"https:\\\/\\\/www.altercampagne.net\\\/?p=3701#article\",\"isPartOf\":{\"@id\":\"https:\\\/\\\/www.altercampagne.net\\\/?p=3701\"},\"author\":{\"name\":\"Mathieu\",\"@id\":\"https:\\\/\\\/www.altercampagne.net\\\/#\\\/schema\\\/person\\\/0f261460c09e430caa0f9bcffa319109\"},\"headline\":\"G\u00e9n\u00e9alogie de la technopole grenobloise &#8211; 150 ans de liaison pouvoir-recherche-arm\u00e9e-industrie\",\"datePublished\":\"2011-12-08T10:41:51+00:00\",\"dateModified\":\"2020-10-07T07:05:22+00:00\",\"mainEntityOfPage\":{\"@id\":\"https:\\\/\\\/www.altercampagne.net\\\/?p=3701\"},\"wordCount\":484,\"keywords\":[\"AlterTour 2011\",\"les Bas C\u00f4t\u00e9s\",\"Grenoble\",\"Sillon Alpin\",\"Caf\u00e9 luddite\",\"Black star\",\"Pi\u00e8ces et main d\u2019\u0153uvre\",\"Auvergne-Rh\u00f4ne-Alpes\",\"Rhone-Alpes\",\"2011\",\"Is\u00e8re\"],\"articleSection\":[\"Auvergne-Rh\u00f4ne-Alpes\",\"Lutte\",\"\u00c9dition 2011\"],\"inLanguage\":\"fr-FR\"},{\"@type\":\"WebPage\",\"@id\":\"https:\\\/\\\/www.altercampagne.net\\\/?p=3701\",\"url\":\"https:\\\/\\\/www.altercampagne.net\\\/?p=3701\",\"name\":\"G\u00e9n\u00e9alogie de la technopole grenobloise - 150 ans de liaison pouvoir-recherche-arm\u00e9e-industrie - AlterTour\",\"isPartOf\":{\"@id\":\"https:\\\/\\\/www.altercampagne.net\\\/#website\"},\"datePublished\":\"2011-12-08T10:41:51+00:00\",\"dateModified\":\"2020-10-07T07:05:22+00:00\",\"author\":{\"@id\":\"https:\\\/\\\/www.altercampagne.net\\\/#\\\/schema\\\/person\\\/0f261460c09e430caa0f9bcffa319109\"},\"breadcrumb\":{\"@id\":\"https:\\\/\\\/www.altercampagne.net\\\/?p=3701#breadcrumb\"},\"inLanguage\":\"fr-FR\",\"potentialAction\":[{\"@type\":\"ReadAction\",\"target\":[\"https:\\\/\\\/www.altercampagne.net\\\/?p=3701\"]}]},{\"@type\":\"BreadcrumbList\",\"@id\":\"https:\\\/\\\/www.altercampagne.net\\\/?p=3701#breadcrumb\",\"itemListElement\":[{\"@type\":\"ListItem\",\"position\":1,\"name\":\"Accueil\",\"item\":\"https:\\\/\\\/www.altercampagne.net\\\/\"},{\"@type\":\"ListItem\",\"position\":2,\"name\":\"G\u00e9n\u00e9alogie de la technopole grenobloise &#8211; 150 ans de liaison pouvoir-recherche-arm\u00e9e-industrie\"}]},{\"@type\":\"WebSite\",\"@id\":\"https:\\\/\\\/www.altercampagne.net\\\/#website\",\"url\":\"https:\\\/\\\/www.altercampagne.net\\\/\",\"name\":\"AlterTour\",\"description\":\"Reliez les Alternatives \u00e0 v\u00e9lo\",\"potentialAction\":[{\"@type\":\"SearchAction\",\"target\":{\"@type\":\"EntryPoint\",\"urlTemplate\":\"https:\\\/\\\/www.altercampagne.net\\\/?s={search_term_string}\"},\"query-input\":{\"@type\":\"PropertyValueSpecification\",\"valueRequired\":true,\"valueName\":\"search_term_string\"}}],\"inLanguage\":\"fr-FR\"},{\"@type\":\"Person\",\"@id\":\"https:\\\/\\\/www.altercampagne.net\\\/#\\\/schema\\\/person\\\/0f261460c09e430caa0f9bcffa319109\",\"name\":\"Mathieu\",\"image\":{\"@type\":\"ImageObject\",\"inLanguage\":\"fr-FR\",\"@id\":\"https:\\\/\\\/secure.gravatar.com\\\/avatar\\\/aa9d3d24c83f2141e5e2709d0f63d09a99f6be6bb7a50abc4915838d9f54501a?s=96&d=mm&r=g\",\"url\":\"https:\\\/\\\/secure.gravatar.com\\\/avatar\\\/aa9d3d24c83f2141e5e2709d0f63d09a99f6be6bb7a50abc4915838d9f54501a?s=96&d=mm&r=g\",\"contentUrl\":\"https:\\\/\\\/secure.gravatar.com\\\/avatar\\\/aa9d3d24c83f2141e5e2709d0f63d09a99f6be6bb7a50abc4915838d9f54501a?s=96&d=mm&r=g\",\"caption\":\"Mathieu\"},\"url\":\"https:\\\/\\\/www.altercampagne.net\\\/?author=214\"}]}<\/script>\n<!-- \/ Yoast SEO plugin. -->","yoast_head_json":{"title":"G\u00e9n\u00e9alogie de la technopole grenobloise - 150 ans de liaison pouvoir-recherche-arm\u00e9e-industrie - AlterTour","robots":{"index":"index","follow":"follow","max-snippet":"max-snippet:-1","max-image-preview":"max-image-preview:large","max-video-preview":"max-video-preview:-1"},"canonical":"https:\/\/www.altercampagne.net\/?p=3701","og_locale":"fr_FR","og_type":"article","og_title":"G\u00e9n\u00e9alogie de la technopole grenobloise - 150 ans de liaison pouvoir-recherche-arm\u00e9e-industrie - AlterTour","og_description":"Cet \u00e9t\u00e9 l&rsquo;AlterTour a \u00e9t\u00e9 accueillit par les Bas C\u00f4t\u00e9s \u00e0 Grenoble, nous avions \u00e9voqu\u00e9 avec eux, sur la premi\u00e8re partie de notre parcours &#8211; de Gen\u00e8ve \u00e0 Valence, la probl\u00e9matique du Sillon Alpin : la continuit\u00e9 urbaine entre Gen\u00e8ve, Annecy, Chamb\u00e9ry, Grenoble et Valence. Une place pour Jean Therme ... Read More","og_url":"https:\/\/www.altercampagne.net\/?p=3701","og_site_name":"AlterTour","article_published_time":"2011-12-08T10:41:51+00:00","article_modified_time":"2020-10-07T07:05:22+00:00","author":"Mathieu","twitter_card":"summary_large_image","twitter_misc":{"\u00c9crit par":"Mathieu","Dur\u00e9e de lecture estim\u00e9e":"2 minutes"},"schema":{"@context":"https:\/\/schema.org","@graph":[{"@type":"Article","@id":"https:\/\/www.altercampagne.net\/?p=3701#article","isPartOf":{"@id":"https:\/\/www.altercampagne.net\/?p=3701"},"author":{"name":"Mathieu","@id":"https:\/\/www.altercampagne.net\/#\/schema\/person\/0f261460c09e430caa0f9bcffa319109"},"headline":"G\u00e9n\u00e9alogie de la technopole grenobloise &#8211; 150 ans de liaison pouvoir-recherche-arm\u00e9e-industrie","datePublished":"2011-12-08T10:41:51+00:00","dateModified":"2020-10-07T07:05:22+00:00","mainEntityOfPage":{"@id":"https:\/\/www.altercampagne.net\/?p=3701"},"wordCount":484,"keywords":["AlterTour 2011","les Bas C\u00f4t\u00e9s","Grenoble","Sillon Alpin","Caf\u00e9 luddite","Black star","Pi\u00e8ces et main d\u2019\u0153uvre","Auvergne-Rh\u00f4ne-Alpes","Rhone-Alpes","2011","Is\u00e8re"],"articleSection":["Auvergne-Rh\u00f4ne-Alpes","Lutte","\u00c9dition 2011"],"inLanguage":"fr-FR"},{"@type":"WebPage","@id":"https:\/\/www.altercampagne.net\/?p=3701","url":"https:\/\/www.altercampagne.net\/?p=3701","name":"G\u00e9n\u00e9alogie de la technopole grenobloise - 150 ans de liaison pouvoir-recherche-arm\u00e9e-industrie - AlterTour","isPartOf":{"@id":"https:\/\/www.altercampagne.net\/#website"},"datePublished":"2011-12-08T10:41:51+00:00","dateModified":"2020-10-07T07:05:22+00:00","author":{"@id":"https:\/\/www.altercampagne.net\/#\/schema\/person\/0f261460c09e430caa0f9bcffa319109"},"breadcrumb":{"@id":"https:\/\/www.altercampagne.net\/?p=3701#breadcrumb"},"inLanguage":"fr-FR","potentialAction":[{"@type":"ReadAction","target":["https:\/\/www.altercampagne.net\/?p=3701"]}]},{"@type":"BreadcrumbList","@id":"https:\/\/www.altercampagne.net\/?p=3701#breadcrumb","itemListElement":[{"@type":"ListItem","position":1,"name":"Accueil","item":"https:\/\/www.altercampagne.net\/"},{"@type":"ListItem","position":2,"name":"G\u00e9n\u00e9alogie de la technopole grenobloise &#8211; 150 ans de liaison pouvoir-recherche-arm\u00e9e-industrie"}]},{"@type":"WebSite","@id":"https:\/\/www.altercampagne.net\/#website","url":"https:\/\/www.altercampagne.net\/","name":"AlterTour","description":"Reliez les Alternatives \u00e0 v\u00e9lo","potentialAction":[{"@type":"SearchAction","target":{"@type":"EntryPoint","urlTemplate":"https:\/\/www.altercampagne.net\/?s={search_term_string}"},"query-input":{"@type":"PropertyValueSpecification","valueRequired":true,"valueName":"search_term_string"}}],"inLanguage":"fr-FR"},{"@type":"Person","@id":"https:\/\/www.altercampagne.net\/#\/schema\/person\/0f261460c09e430caa0f9bcffa319109","name":"Mathieu","image":{"@type":"ImageObject","inLanguage":"fr-FR","@id":"https:\/\/secure.gravatar.com\/avatar\/aa9d3d24c83f2141e5e2709d0f63d09a99f6be6bb7a50abc4915838d9f54501a?s=96&d=mm&r=g","url":"https:\/\/secure.gravatar.com\/avatar\/aa9d3d24c83f2141e5e2709d0f63d09a99f6be6bb7a50abc4915838d9f54501a?s=96&d=mm&r=g","contentUrl":"https:\/\/secure.gravatar.com\/avatar\/aa9d3d24c83f2141e5e2709d0f63d09a99f6be6bb7a50abc4915838d9f54501a?s=96&d=mm&r=g","caption":"Mathieu"},"url":"https:\/\/www.altercampagne.net\/?author=214"}]}},"_links":{"self":[{"href":"https:\/\/www.altercampagne.net\/index.php?rest_route=\/wp\/v2\/posts\/3701","targetHints":{"allow":["GET"]}}],"collection":[{"href":"https:\/\/www.altercampagne.net\/index.php?rest_route=\/wp\/v2\/posts"}],"about":[{"href":"https:\/\/www.altercampagne.net\/index.php?rest_route=\/wp\/v2\/types\/post"}],"author":[{"embeddable":true,"href":"https:\/\/www.altercampagne.net\/index.php?rest_route=\/wp\/v2\/users\/214"}],"replies":[{"embeddable":true,"href":"https:\/\/www.altercampagne.net\/index.php?rest_route=%2Fwp%2Fv2%2Fcomments&post=3701"}],"version-history":[{"count":2,"href":"https:\/\/www.altercampagne.net\/index.php?rest_route=\/wp\/v2\/posts\/3701\/revisions"}],"predecessor-version":[{"id":19623,"href":"https:\/\/www.altercampagne.net\/index.php?rest_route=\/wp\/v2\/posts\/3701\/revisions\/19623"}],"wp:attachment":[{"href":"https:\/\/www.altercampagne.net\/index.php?rest_route=%2Fwp%2Fv2%2Fmedia&parent=3701"}],"wp:term":[{"taxonomy":"category","embeddable":true,"href":"https:\/\/www.altercampagne.net\/index.php?rest_route=%2Fwp%2Fv2%2Fcategories&post=3701"},{"taxonomy":"post_tag","embeddable":true,"href":"https:\/\/www.altercampagne.net\/index.php?rest_route=%2Fwp%2Fv2%2Ftags&post=3701"}],"curies":[{"name":"wp","href":"https:\/\/api.w.org\/{rel}","templated":true}]}}