{"id":3710,"date":"2011-11-09T12:51:03","date_gmt":"2011-11-09T11:51:03","guid":{"rendered":"http:\/\/www.altercampagne.net\/?p=3710"},"modified":"2016-04-07T12:55:14","modified_gmt":"2016-04-07T10:55:14","slug":"la-tracto-velo-est-en-route","status":"publish","type":"post","link":"https:\/\/www.altercampagne.net\/?p=3710","title":{"rendered":"La Tracto-v\u00e9lo est en route !"},"content":{"rendered":"<p>Partie le 6 novembre de Notre-Dame-des-Landes <strong>cette tracto-v\u00e9lo vient dans la continuit\u00e9 du grand rassemblement\u00a0<a href=\"http:\/\/ete-2011-resistance-ndl.blogspot.com\/\">3 jours de r\u00e9sistance \u00e0 Notre-Dame-des-Landes les 8, 9 et 10 juillet 2011<\/a>\u00a0et de la <a href=\"http:\/\/tractovelo-ndl.blogspot.com\/\">R\u00e9gionale tracto-v\u00e9lo de mars 2010<\/a>.<\/strong><\/p>\n<p><span class=\"Style250\">Album photo de la Tracto v\u00e9lo : <a href=\"https:\/\/picasaweb.google.com\/ACIPA.NDDL\/2011_11_6_au_12_Tracto_Velo?authuser=0&amp;feat=embedwebsite#slideshow\/5671572112768022626\" target=\"_blank\">voir le diaporama<\/a><\/span><\/p>\n<p><iframe loading=\"lazy\" src=\"https:\/\/player.vimeo.com\/video\/31774023\" width=\"400\" height=\"281\" frameborder=\"0\" allowfullscreen=\"allowfullscreen\"><\/iframe><\/p>\n<p><a href=\"https:\/\/vimeo.com\/31774023\">tract -1 \/ 06 11 2011<\/a> from <a href=\"https:\/\/vimeo.com\/user8013861\">R\u00e9sistances nddl<\/a> on <a href=\"https:\/\/vimeo.com\">Vimeo<\/a>.<\/p>\n<p><iframe loading=\"lazy\" src=\"https:\/\/player.vimeo.com\/video\/31776840\" width=\"400\" height=\"281\" frameborder=\"0\" allowfullscreen=\"allowfullscreen\"><\/iframe><\/p>\n<p><a href=\"https:\/\/vimeo.com\/31776840\">Tract &#8211; 2 \/ 07 11 2011<\/a> from <a href=\"https:\/\/vimeo.com\/user8013861\">R\u00e9sistances nddl<\/a> on <a href=\"https:\/\/vimeo.com\">Vimeo<\/a>.<\/p>\n<p><iframe loading=\"lazy\" src=\"https:\/\/player.vimeo.com\/video\/31890024\" width=\"400\" height=\"281\" frameborder=\"0\" allowfullscreen=\"allowfullscreen\"><\/iframe><\/p>\n<p><a href=\"https:\/\/vimeo.com\/31890024\">Tract &#8211; 3 \/ 08 11 2011<\/a> from <a href=\"https:\/\/vimeo.com\/user8013861\">R\u00e9sistances nddl<\/a> on <a href=\"https:\/\/vimeo.com\">Vimeo<\/a>.<\/p>\n<p><iframe loading=\"lazy\" src=\"https:\/\/player.vimeo.com\/video\/31965656\" width=\"400\" height=\"281\" frameborder=\"0\" allowfullscreen=\"allowfullscreen\"><\/iframe><\/p>\n","protected":false},"excerpt":{"rendered":"<p>Partie le 6 novembre de Notre-Dame-des-Landes cette tracto-v\u00e9lo vient dans la continuit\u00e9 du grand rassemblement\u00a03 jours de r\u00e9sistance \u00e0 Notre-Dame-des-Landes les 8, 9 et 10 juillet 2011\u00a0et de la R\u00e9gionale tracto-v\u00e9lo de mars 2010. Album photo de la Tracto v\u00e9lo : voir le diaporama tract -1 \/ 06 11 2011 &#8230; <\/p>\n<div><a href=\"https:\/\/www.altercampagne.net\/?p=3710\" class=\"more-link\">Read More<\/a><\/div>\n","protected":false},"author":214,"featured_media":0,"comment_status":"closed","ping_status":"closed","sticky":false,"template":"","format":"standard","meta":{"footnotes":""},"categories":[1],"tags":[],"class_list":["post-3710","post","type-post","status-publish","format-standard","hentry","category-non-classe","no-post-thumbnail"],"yoast_head":"<!-- This site is optimized with the Yoast SEO plugin v27.3 - https:\/\/yoast.com\/product\/yoast-seo-wordpress\/ -->\n<title>La Tracto-v\u00e9lo est en route ! - AlterTour<\/title>\n<meta name=\"robots\" content=\"index, follow, max-snippet:-1, max-image-preview:large, max-video-preview:-1\" \/>\n<link rel=\"canonical\" href=\"https:\/\/www.altercampagne.net\/?p=3710\" \/>\n<meta property=\"og:locale\" content=\"fr_FR\" \/>\n<meta property=\"og:type\" content=\"article\" \/>\n<meta property=\"og:title\" content=\"La Tracto-v\u00e9lo est en route ! - AlterTour\" \/>\n<meta property=\"og:description\" content=\"Partie le 6 novembre de Notre-Dame-des-Landes cette tracto-v\u00e9lo vient dans la continuit\u00e9 du grand rassemblement\u00a03 jours de r\u00e9sistance \u00e0 Notre-Dame-des-Landes les 8, 9 et 10 juillet 2011\u00a0et de la R\u00e9gionale tracto-v\u00e9lo de mars 2010. Album photo de la Tracto v\u00e9lo : voir le diaporama tract -1 \/ 06 11 2011 ... Read More\" \/>\n<meta property=\"og:url\" content=\"https:\/\/www.altercampagne.net\/?p=3710\" \/>\n<meta property=\"og:site_name\" content=\"AlterTour\" \/>\n<meta property=\"article:published_time\" content=\"2011-11-09T11:51:03+00:00\" \/>\n<meta property=\"article:modified_time\" content=\"2016-04-07T10:55:14+00:00\" \/>\n<meta name=\"author\" content=\"Mathieu\" \/>\n<meta name=\"twitter:card\" content=\"summary_large_image\" \/>\n<meta name=\"twitter:label1\" content=\"\u00c9crit par\" \/>\n\t<meta name=\"twitter:data1\" content=\"Mathieu\" \/>\n<script type=\"application\/ld+json\" class=\"yoast-schema-graph\">{\"@context\":\"https:\\\/\\\/schema.org\",\"@graph\":[{\"@type\":\"Article\",\"@id\":\"https:\\\/\\\/www.altercampagne.net\\\/?p=3710#article\",\"isPartOf\":{\"@id\":\"https:\\\/\\\/www.altercampagne.net\\\/?p=3710\"},\"author\":{\"name\":\"Mathieu\",\"@id\":\"https:\\\/\\\/www.altercampagne.net\\\/#\\\/schema\\\/person\\\/0f261460c09e430caa0f9bcffa319109\"},\"headline\":\"La Tracto-v\u00e9lo est en route !\",\"datePublished\":\"2011-11-09T11:51:03+00:00\",\"dateModified\":\"2016-04-07T10:55:14+00:00\",\"mainEntityOfPage\":{\"@id\":\"https:\\\/\\\/www.altercampagne.net\\\/?p=3710\"},\"wordCount\":72,\"inLanguage\":\"fr-FR\"},{\"@type\":\"WebPage\",\"@id\":\"https:\\\/\\\/www.altercampagne.net\\\/?p=3710\",\"url\":\"https:\\\/\\\/www.altercampagne.net\\\/?p=3710\",\"name\":\"La Tracto-v\u00e9lo est en route ! - AlterTour\",\"isPartOf\":{\"@id\":\"https:\\\/\\\/www.altercampagne.net\\\/#website\"},\"datePublished\":\"2011-11-09T11:51:03+00:00\",\"dateModified\":\"2016-04-07T10:55:14+00:00\",\"author\":{\"@id\":\"https:\\\/\\\/www.altercampagne.net\\\/#\\\/schema\\\/person\\\/0f261460c09e430caa0f9bcffa319109\"},\"breadcrumb\":{\"@id\":\"https:\\\/\\\/www.altercampagne.net\\\/?p=3710#breadcrumb\"},\"inLanguage\":\"fr-FR\",\"potentialAction\":[{\"@type\":\"ReadAction\",\"target\":[\"https:\\\/\\\/www.altercampagne.net\\\/?p=3710\"]}]},{\"@type\":\"BreadcrumbList\",\"@id\":\"https:\\\/\\\/www.altercampagne.net\\\/?p=3710#breadcrumb\",\"itemListElement\":[{\"@type\":\"ListItem\",\"position\":1,\"name\":\"Accueil\",\"item\":\"https:\\\/\\\/www.altercampagne.net\\\/\"},{\"@type\":\"ListItem\",\"position\":2,\"name\":\"La Tracto-v\u00e9lo est en route !\"}]},{\"@type\":\"WebSite\",\"@id\":\"https:\\\/\\\/www.altercampagne.net\\\/#website\",\"url\":\"https:\\\/\\\/www.altercampagne.net\\\/\",\"name\":\"AlterTour\",\"description\":\"Reliez les Alternatives \u00e0 v\u00e9lo\",\"potentialAction\":[{\"@type\":\"SearchAction\",\"target\":{\"@type\":\"EntryPoint\",\"urlTemplate\":\"https:\\\/\\\/www.altercampagne.net\\\/?s={search_term_string}\"},\"query-input\":{\"@type\":\"PropertyValueSpecification\",\"valueRequired\":true,\"valueName\":\"search_term_string\"}}],\"inLanguage\":\"fr-FR\"},{\"@type\":\"Person\",\"@id\":\"https:\\\/\\\/www.altercampagne.net\\\/#\\\/schema\\\/person\\\/0f261460c09e430caa0f9bcffa319109\",\"name\":\"Mathieu\",\"image\":{\"@type\":\"ImageObject\",\"inLanguage\":\"fr-FR\",\"@id\":\"https:\\\/\\\/secure.gravatar.com\\\/avatar\\\/aa9d3d24c83f2141e5e2709d0f63d09a99f6be6bb7a50abc4915838d9f54501a?s=96&d=mm&r=g\",\"url\":\"https:\\\/\\\/secure.gravatar.com\\\/avatar\\\/aa9d3d24c83f2141e5e2709d0f63d09a99f6be6bb7a50abc4915838d9f54501a?s=96&d=mm&r=g\",\"contentUrl\":\"https:\\\/\\\/secure.gravatar.com\\\/avatar\\\/aa9d3d24c83f2141e5e2709d0f63d09a99f6be6bb7a50abc4915838d9f54501a?s=96&d=mm&r=g\",\"caption\":\"Mathieu\"},\"url\":\"https:\\\/\\\/www.altercampagne.net\\\/?author=214\"}]}<\/script>\n<!-- \/ Yoast SEO plugin. -->","yoast_head_json":{"title":"La Tracto-v\u00e9lo est en route ! - AlterTour","robots":{"index":"index","follow":"follow","max-snippet":"max-snippet:-1","max-image-preview":"max-image-preview:large","max-video-preview":"max-video-preview:-1"},"canonical":"https:\/\/www.altercampagne.net\/?p=3710","og_locale":"fr_FR","og_type":"article","og_title":"La Tracto-v\u00e9lo est en route ! - AlterTour","og_description":"Partie le 6 novembre de Notre-Dame-des-Landes cette tracto-v\u00e9lo vient dans la continuit\u00e9 du grand rassemblement\u00a03 jours de r\u00e9sistance \u00e0 Notre-Dame-des-Landes les 8, 9 et 10 juillet 2011\u00a0et de la R\u00e9gionale tracto-v\u00e9lo de mars 2010. Album photo de la Tracto v\u00e9lo : voir le diaporama tract -1 \/ 06 11 2011 ... Read More","og_url":"https:\/\/www.altercampagne.net\/?p=3710","og_site_name":"AlterTour","article_published_time":"2011-11-09T11:51:03+00:00","article_modified_time":"2016-04-07T10:55:14+00:00","author":"Mathieu","twitter_card":"summary_large_image","twitter_misc":{"\u00c9crit par":"Mathieu"},"schema":{"@context":"https:\/\/schema.org","@graph":[{"@type":"Article","@id":"https:\/\/www.altercampagne.net\/?p=3710#article","isPartOf":{"@id":"https:\/\/www.altercampagne.net\/?p=3710"},"author":{"name":"Mathieu","@id":"https:\/\/www.altercampagne.net\/#\/schema\/person\/0f261460c09e430caa0f9bcffa319109"},"headline":"La Tracto-v\u00e9lo est en route !","datePublished":"2011-11-09T11:51:03+00:00","dateModified":"2016-04-07T10:55:14+00:00","mainEntityOfPage":{"@id":"https:\/\/www.altercampagne.net\/?p=3710"},"wordCount":72,"inLanguage":"fr-FR"},{"@type":"WebPage","@id":"https:\/\/www.altercampagne.net\/?p=3710","url":"https:\/\/www.altercampagne.net\/?p=3710","name":"La Tracto-v\u00e9lo est en route ! - AlterTour","isPartOf":{"@id":"https:\/\/www.altercampagne.net\/#website"},"datePublished":"2011-11-09T11:51:03+00:00","dateModified":"2016-04-07T10:55:14+00:00","author":{"@id":"https:\/\/www.altercampagne.net\/#\/schema\/person\/0f261460c09e430caa0f9bcffa319109"},"breadcrumb":{"@id":"https:\/\/www.altercampagne.net\/?p=3710#breadcrumb"},"inLanguage":"fr-FR","potentialAction":[{"@type":"ReadAction","target":["https:\/\/www.altercampagne.net\/?p=3710"]}]},{"@type":"BreadcrumbList","@id":"https:\/\/www.altercampagne.net\/?p=3710#breadcrumb","itemListElement":[{"@type":"ListItem","position":1,"name":"Accueil","item":"https:\/\/www.altercampagne.net\/"},{"@type":"ListItem","position":2,"name":"La Tracto-v\u00e9lo est en route !"}]},{"@type":"WebSite","@id":"https:\/\/www.altercampagne.net\/#website","url":"https:\/\/www.altercampagne.net\/","name":"AlterTour","description":"Reliez les Alternatives \u00e0 v\u00e9lo","potentialAction":[{"@type":"SearchAction","target":{"@type":"EntryPoint","urlTemplate":"https:\/\/www.altercampagne.net\/?s={search_term_string}"},"query-input":{"@type":"PropertyValueSpecification","valueRequired":true,"valueName":"search_term_string"}}],"inLanguage":"fr-FR"},{"@type":"Person","@id":"https:\/\/www.altercampagne.net\/#\/schema\/person\/0f261460c09e430caa0f9bcffa319109","name":"Mathieu","image":{"@type":"ImageObject","inLanguage":"fr-FR","@id":"https:\/\/secure.gravatar.com\/avatar\/aa9d3d24c83f2141e5e2709d0f63d09a99f6be6bb7a50abc4915838d9f54501a?s=96&d=mm&r=g","url":"https:\/\/secure.gravatar.com\/avatar\/aa9d3d24c83f2141e5e2709d0f63d09a99f6be6bb7a50abc4915838d9f54501a?s=96&d=mm&r=g","contentUrl":"https:\/\/secure.gravatar.com\/avatar\/aa9d3d24c83f2141e5e2709d0f63d09a99f6be6bb7a50abc4915838d9f54501a?s=96&d=mm&r=g","caption":"Mathieu"},"url":"https:\/\/www.altercampagne.net\/?author=214"}]}},"_links":{"self":[{"href":"https:\/\/www.altercampagne.net\/index.php?rest_route=\/wp\/v2\/posts\/3710","targetHints":{"allow":["GET"]}}],"collection":[{"href":"https:\/\/www.altercampagne.net\/index.php?rest_route=\/wp\/v2\/posts"}],"about":[{"href":"https:\/\/www.altercampagne.net\/index.php?rest_route=\/wp\/v2\/types\/post"}],"author":[{"embeddable":true,"href":"https:\/\/www.altercampagne.net\/index.php?rest_route=\/wp\/v2\/users\/214"}],"replies":[{"embeddable":true,"href":"https:\/\/www.altercampagne.net\/index.php?rest_route=%2Fwp%2Fv2%2Fcomments&post=3710"}],"version-history":[{"count":0,"href":"https:\/\/www.altercampagne.net\/index.php?rest_route=\/wp\/v2\/posts\/3710\/revisions"}],"wp:attachment":[{"href":"https:\/\/www.altercampagne.net\/index.php?rest_route=%2Fwp%2Fv2%2Fmedia&parent=3710"}],"wp:term":[{"taxonomy":"category","embeddable":true,"href":"https:\/\/www.altercampagne.net\/index.php?rest_route=%2Fwp%2Fv2%2Fcategories&post=3710"},{"taxonomy":"post_tag","embeddable":true,"href":"https:\/\/www.altercampagne.net\/index.php?rest_route=%2Fwp%2Fv2%2Ftags&post=3710"}],"curies":[{"name":"wp","href":"https:\/\/api.w.org\/{rel}","templated":true}]}}