{"id":3714,"date":"2011-11-07T12:56:38","date_gmt":"2011-11-07T11:56:38","guid":{"rendered":"http:\/\/www.altercampagne.net\/?p=3714"},"modified":"2016-04-20T15:43:39","modified_gmt":"2016-04-20T13:43:39","slug":"des-nouvelles-de-lassociation-gard-nature","status":"publish","type":"post","link":"https:\/\/www.altercampagne.net\/?p=3714","title":{"rendered":"des nouvelles de l&rsquo;association Gard Nature"},"content":{"rendered":"<p><img loading=\"lazy\" decoding=\"async\" class=\" aligncenter\" src=\"http:\/\/altercampagne.free.fr\/pages\/2008\/AlterTour\/pic\/gardnature1.jpg\" alt=\"\" width=\"700\" height=\"240\" \/><\/p>\n<p>Pour ceux qui \u00e9taient l\u00e0 fin Juillet, vous vous souvenez sans doute de la forte implication de l&rsquo;association Gard Nature.<\/p>\n<p>Les observations faites dans le Gard sur les cigales, et dans quelques communes travers\u00e9e, sur la faune et la flore, sont maintenant sur l&rsquo;Observatoire, accessibles avec ce lien:<\/p>\n<div class=\"Style249\">\n<div align=\"justify\">\n<p><a href=\"http:\/\/naturedugard.org\/\" target=\"_blank\">http:\/\/naturedugard.org\/<\/a><\/p>\n<p>Vous pouvez alors acc\u00e9der aux observations par les communes. De la page d&rsquo;accueil du site, vous pouvez aussi prendre plaisir \u00e0 d\u00e9couvrir les richesses naturelles de ce d\u00e9partement.<\/p>\n<p>Autre nouvelle : Pompignan. Le bassin qui avait si agr\u00e9ablement accueilli notre baignade apr\u00e8s une longue et chaude \u00e9tape \u00e0 travers la garrigue, et avant un super repas pr\u00e9par\u00e9 par l&rsquo;Ilot paysan, a \u00e9t\u00e9 vid\u00e9 (la p\u00e9riode de reproduction des principales esp\u00e8ces sur le bassin \u00e9tant maintenant termin\u00e9e). Nous avons enlev\u00e9 les galais qui se trouvaient au fond (qui \u00e9taient insuffisamment lourds pour contrer la pouss\u00e9e de la nappe phr\u00e9atique) et les avons d\u00e9plac\u00e9s dans la zone v\u00e9g\u00e9talis\u00e9e. Nous sommes all\u00e9s chercher des dalles (tr\u00e8s lourdes !&#8230;) dans des ruisseaux ass\u00e9ch\u00e9s, Christophe en a recouvert le fond du bassin et a poursuivi le dallage sur les bordures. Un vrai travail de bagnard ! Mais au niveau de l&rsquo;esth\u00e9tique, c&rsquo;est tr\u00e8s r\u00e9ussi et il est probable que ces travaux permettent une meilleure vie de la flore comme de la faune dans ce bassin.<\/p>\n<p style=\"text-align: right;\">Des bises \u00e0 tous!<br \/>\nCharlotte<\/p>\n<p style=\"text-align: right;\"><img loading=\"lazy\" decoding=\"async\" class=\" alignleft\" src=\"http:\/\/altercampagne.free.fr\/pages\/2008\/AlterTour\/pic\/gardnature4.jpg\" alt=\"\" width=\"320\" height=\"240\" \/><\/p>\n<p style=\"text-align: left;\"><img loading=\"lazy\" decoding=\"async\" class=\" alignleft\" src=\"http:\/\/altercampagne.free.fr\/pages\/2008\/AlterTour\/pic\/gardnature2.jpg\" alt=\"\" width=\"320\" height=\"240\" \/><\/p>\n<p style=\"text-align: right;\"><img loading=\"lazy\" decoding=\"async\" class=\" alignleft\" src=\"http:\/\/altercampagne.free.fr\/pages\/2008\/AlterTour\/pic\/gardnature3.jpg\" alt=\"\" width=\"320\" height=\"240\" \/><\/p>\n<\/div>\n<\/div>\n","protected":false},"excerpt":{"rendered":"<p>Pour ceux qui \u00e9taient l\u00e0 fin Juillet, vous vous souvenez sans doute de la forte implication de l&rsquo;association Gard Nature. Les observations faites dans le Gard sur les cigales, et dans quelques communes travers\u00e9e, sur la faune et la flore, sont maintenant sur l&rsquo;Observatoire, accessibles avec ce lien: http:\/\/naturedugard.org\/ Vous &#8230; <\/p>\n<div><a href=\"https:\/\/www.altercampagne.net\/?p=3714\" class=\"more-link\">Read More<\/a><\/div>\n","protected":false},"author":214,"featured_media":0,"comment_status":"closed","ping_status":"closed","sticky":false,"template":"","format":"standard","meta":{"footnotes":""},"categories":[1],"tags":[836,1075,1320,1321,1322,1973,1979],"class_list":["post-3714","post","type-post","status-publish","format-standard","hentry","category-non-classe","tag-altertour-2011","tag-gard","tag-gard-nature","tag-pompignan","tag-zone-vegetalisee","tag-languedoc-roussillon","tag-1979","no-post-thumbnail"],"yoast_head":"<!-- This site is optimized with the Yoast SEO plugin v27.3 - https:\/\/yoast.com\/product\/yoast-seo-wordpress\/ -->\n<title>des nouvelles de l&#039;association Gard Nature - AlterTour<\/title>\n<meta name=\"robots\" content=\"index, follow, max-snippet:-1, max-image-preview:large, max-video-preview:-1\" \/>\n<link rel=\"canonical\" href=\"https:\/\/www.altercampagne.net\/?p=3714\" \/>\n<meta property=\"og:locale\" content=\"fr_FR\" \/>\n<meta property=\"og:type\" content=\"article\" \/>\n<meta property=\"og:title\" content=\"des nouvelles de l&#039;association Gard Nature - AlterTour\" \/>\n<meta property=\"og:description\" content=\"Pour ceux qui \u00e9taient l\u00e0 fin Juillet, vous vous souvenez sans doute de la forte implication de l&rsquo;association Gard Nature. Les observations faites dans le Gard sur les cigales, et dans quelques communes travers\u00e9e, sur la faune et la flore, sont maintenant sur l&rsquo;Observatoire, accessibles avec ce lien: http:\/\/naturedugard.org\/ Vous ... Read More\" \/>\n<meta property=\"og:url\" content=\"https:\/\/www.altercampagne.net\/?p=3714\" \/>\n<meta property=\"og:site_name\" content=\"AlterTour\" \/>\n<meta property=\"article:published_time\" content=\"2011-11-07T11:56:38+00:00\" \/>\n<meta property=\"article:modified_time\" content=\"2016-04-20T13:43:39+00:00\" \/>\n<meta property=\"og:image\" content=\"http:\/\/altercampagne.free.fr\/pages\/2008\/AlterTour\/pic\/gardnature1.jpg\" \/>\n<meta name=\"author\" content=\"Mathieu\" \/>\n<meta name=\"twitter:card\" content=\"summary_large_image\" \/>\n<meta name=\"twitter:label1\" content=\"\u00c9crit par\" \/>\n\t<meta name=\"twitter:data1\" content=\"Mathieu\" \/>\n\t<meta name=\"twitter:label2\" content=\"Dur\u00e9e de lecture estim\u00e9e\" \/>\n\t<meta name=\"twitter:data2\" content=\"1 minute\" \/>\n<script type=\"application\/ld+json\" class=\"yoast-schema-graph\">{\"@context\":\"https:\\\/\\\/schema.org\",\"@graph\":[{\"@type\":\"Article\",\"@id\":\"https:\\\/\\\/www.altercampagne.net\\\/?p=3714#article\",\"isPartOf\":{\"@id\":\"https:\\\/\\\/www.altercampagne.net\\\/?p=3714\"},\"author\":{\"name\":\"Mathieu\",\"@id\":\"https:\\\/\\\/www.altercampagne.net\\\/#\\\/schema\\\/person\\\/0f261460c09e430caa0f9bcffa319109\"},\"headline\":\"des nouvelles de l&rsquo;association Gard Nature\",\"datePublished\":\"2011-11-07T11:56:38+00:00\",\"dateModified\":\"2016-04-20T13:43:39+00:00\",\"mainEntityOfPage\":{\"@id\":\"https:\\\/\\\/www.altercampagne.net\\\/?p=3714\"},\"wordCount\":257,\"image\":{\"@id\":\"https:\\\/\\\/www.altercampagne.net\\\/?p=3714#primaryimage\"},\"thumbnailUrl\":\"http:\\\/\\\/altercampagne.free.fr\\\/pages\\\/2008\\\/AlterTour\\\/pic\\\/gardnature1.jpg\",\"keywords\":[\"AlterTour 2011\",\"Gard\",\"Gard Nature\",\"Pompignan\",\"zone v\u00e9g\u00e9talis\u00e9e\",\"languedoc-roussillon\",\"2011\"],\"inLanguage\":\"fr-FR\"},{\"@type\":\"WebPage\",\"@id\":\"https:\\\/\\\/www.altercampagne.net\\\/?p=3714\",\"url\":\"https:\\\/\\\/www.altercampagne.net\\\/?p=3714\",\"name\":\"des nouvelles de l'association Gard Nature - AlterTour\",\"isPartOf\":{\"@id\":\"https:\\\/\\\/www.altercampagne.net\\\/#website\"},\"primaryImageOfPage\":{\"@id\":\"https:\\\/\\\/www.altercampagne.net\\\/?p=3714#primaryimage\"},\"image\":{\"@id\":\"https:\\\/\\\/www.altercampagne.net\\\/?p=3714#primaryimage\"},\"thumbnailUrl\":\"http:\\\/\\\/altercampagne.free.fr\\\/pages\\\/2008\\\/AlterTour\\\/pic\\\/gardnature1.jpg\",\"datePublished\":\"2011-11-07T11:56:38+00:00\",\"dateModified\":\"2016-04-20T13:43:39+00:00\",\"author\":{\"@id\":\"https:\\\/\\\/www.altercampagne.net\\\/#\\\/schema\\\/person\\\/0f261460c09e430caa0f9bcffa319109\"},\"breadcrumb\":{\"@id\":\"https:\\\/\\\/www.altercampagne.net\\\/?p=3714#breadcrumb\"},\"inLanguage\":\"fr-FR\",\"potentialAction\":[{\"@type\":\"ReadAction\",\"target\":[\"https:\\\/\\\/www.altercampagne.net\\\/?p=3714\"]}]},{\"@type\":\"ImageObject\",\"inLanguage\":\"fr-FR\",\"@id\":\"https:\\\/\\\/www.altercampagne.net\\\/?p=3714#primaryimage\",\"url\":\"http:\\\/\\\/altercampagne.free.fr\\\/pages\\\/2008\\\/AlterTour\\\/pic\\\/gardnature1.jpg\",\"contentUrl\":\"http:\\\/\\\/altercampagne.free.fr\\\/pages\\\/2008\\\/AlterTour\\\/pic\\\/gardnature1.jpg\"},{\"@type\":\"BreadcrumbList\",\"@id\":\"https:\\\/\\\/www.altercampagne.net\\\/?p=3714#breadcrumb\",\"itemListElement\":[{\"@type\":\"ListItem\",\"position\":1,\"name\":\"Accueil\",\"item\":\"https:\\\/\\\/www.altercampagne.net\\\/\"},{\"@type\":\"ListItem\",\"position\":2,\"name\":\"des nouvelles de l&rsquo;association Gard Nature\"}]},{\"@type\":\"WebSite\",\"@id\":\"https:\\\/\\\/www.altercampagne.net\\\/#website\",\"url\":\"https:\\\/\\\/www.altercampagne.net\\\/\",\"name\":\"AlterTour\",\"description\":\"Reliez les Alternatives \u00e0 v\u00e9lo\",\"potentialAction\":[{\"@type\":\"SearchAction\",\"target\":{\"@type\":\"EntryPoint\",\"urlTemplate\":\"https:\\\/\\\/www.altercampagne.net\\\/?s={search_term_string}\"},\"query-input\":{\"@type\":\"PropertyValueSpecification\",\"valueRequired\":true,\"valueName\":\"search_term_string\"}}],\"inLanguage\":\"fr-FR\"},{\"@type\":\"Person\",\"@id\":\"https:\\\/\\\/www.altercampagne.net\\\/#\\\/schema\\\/person\\\/0f261460c09e430caa0f9bcffa319109\",\"name\":\"Mathieu\",\"image\":{\"@type\":\"ImageObject\",\"inLanguage\":\"fr-FR\",\"@id\":\"https:\\\/\\\/secure.gravatar.com\\\/avatar\\\/aa9d3d24c83f2141e5e2709d0f63d09a99f6be6bb7a50abc4915838d9f54501a?s=96&d=mm&r=g\",\"url\":\"https:\\\/\\\/secure.gravatar.com\\\/avatar\\\/aa9d3d24c83f2141e5e2709d0f63d09a99f6be6bb7a50abc4915838d9f54501a?s=96&d=mm&r=g\",\"contentUrl\":\"https:\\\/\\\/secure.gravatar.com\\\/avatar\\\/aa9d3d24c83f2141e5e2709d0f63d09a99f6be6bb7a50abc4915838d9f54501a?s=96&d=mm&r=g\",\"caption\":\"Mathieu\"},\"url\":\"https:\\\/\\\/www.altercampagne.net\\\/?author=214\"}]}<\/script>\n<!-- \/ Yoast SEO plugin. -->","yoast_head_json":{"title":"des nouvelles de l'association Gard Nature - AlterTour","robots":{"index":"index","follow":"follow","max-snippet":"max-snippet:-1","max-image-preview":"max-image-preview:large","max-video-preview":"max-video-preview:-1"},"canonical":"https:\/\/www.altercampagne.net\/?p=3714","og_locale":"fr_FR","og_type":"article","og_title":"des nouvelles de l'association Gard Nature - AlterTour","og_description":"Pour ceux qui \u00e9taient l\u00e0 fin Juillet, vous vous souvenez sans doute de la forte implication de l&rsquo;association Gard Nature. Les observations faites dans le Gard sur les cigales, et dans quelques communes travers\u00e9e, sur la faune et la flore, sont maintenant sur l&rsquo;Observatoire, accessibles avec ce lien: http:\/\/naturedugard.org\/ Vous ... Read More","og_url":"https:\/\/www.altercampagne.net\/?p=3714","og_site_name":"AlterTour","article_published_time":"2011-11-07T11:56:38+00:00","article_modified_time":"2016-04-20T13:43:39+00:00","og_image":[{"url":"http:\/\/altercampagne.free.fr\/pages\/2008\/AlterTour\/pic\/gardnature1.jpg","type":"","width":"","height":""}],"author":"Mathieu","twitter_card":"summary_large_image","twitter_misc":{"\u00c9crit par":"Mathieu","Dur\u00e9e de lecture estim\u00e9e":"1 minute"},"schema":{"@context":"https:\/\/schema.org","@graph":[{"@type":"Article","@id":"https:\/\/www.altercampagne.net\/?p=3714#article","isPartOf":{"@id":"https:\/\/www.altercampagne.net\/?p=3714"},"author":{"name":"Mathieu","@id":"https:\/\/www.altercampagne.net\/#\/schema\/person\/0f261460c09e430caa0f9bcffa319109"},"headline":"des nouvelles de l&rsquo;association Gard Nature","datePublished":"2011-11-07T11:56:38+00:00","dateModified":"2016-04-20T13:43:39+00:00","mainEntityOfPage":{"@id":"https:\/\/www.altercampagne.net\/?p=3714"},"wordCount":257,"image":{"@id":"https:\/\/www.altercampagne.net\/?p=3714#primaryimage"},"thumbnailUrl":"http:\/\/altercampagne.free.fr\/pages\/2008\/AlterTour\/pic\/gardnature1.jpg","keywords":["AlterTour 2011","Gard","Gard Nature","Pompignan","zone v\u00e9g\u00e9talis\u00e9e","languedoc-roussillon","2011"],"inLanguage":"fr-FR"},{"@type":"WebPage","@id":"https:\/\/www.altercampagne.net\/?p=3714","url":"https:\/\/www.altercampagne.net\/?p=3714","name":"des nouvelles de l'association Gard Nature - AlterTour","isPartOf":{"@id":"https:\/\/www.altercampagne.net\/#website"},"primaryImageOfPage":{"@id":"https:\/\/www.altercampagne.net\/?p=3714#primaryimage"},"image":{"@id":"https:\/\/www.altercampagne.net\/?p=3714#primaryimage"},"thumbnailUrl":"http:\/\/altercampagne.free.fr\/pages\/2008\/AlterTour\/pic\/gardnature1.jpg","datePublished":"2011-11-07T11:56:38+00:00","dateModified":"2016-04-20T13:43:39+00:00","author":{"@id":"https:\/\/www.altercampagne.net\/#\/schema\/person\/0f261460c09e430caa0f9bcffa319109"},"breadcrumb":{"@id":"https:\/\/www.altercampagne.net\/?p=3714#breadcrumb"},"inLanguage":"fr-FR","potentialAction":[{"@type":"ReadAction","target":["https:\/\/www.altercampagne.net\/?p=3714"]}]},{"@type":"ImageObject","inLanguage":"fr-FR","@id":"https:\/\/www.altercampagne.net\/?p=3714#primaryimage","url":"http:\/\/altercampagne.free.fr\/pages\/2008\/AlterTour\/pic\/gardnature1.jpg","contentUrl":"http:\/\/altercampagne.free.fr\/pages\/2008\/AlterTour\/pic\/gardnature1.jpg"},{"@type":"BreadcrumbList","@id":"https:\/\/www.altercampagne.net\/?p=3714#breadcrumb","itemListElement":[{"@type":"ListItem","position":1,"name":"Accueil","item":"https:\/\/www.altercampagne.net\/"},{"@type":"ListItem","position":2,"name":"des nouvelles de l&rsquo;association Gard Nature"}]},{"@type":"WebSite","@id":"https:\/\/www.altercampagne.net\/#website","url":"https:\/\/www.altercampagne.net\/","name":"AlterTour","description":"Reliez les Alternatives \u00e0 v\u00e9lo","potentialAction":[{"@type":"SearchAction","target":{"@type":"EntryPoint","urlTemplate":"https:\/\/www.altercampagne.net\/?s={search_term_string}"},"query-input":{"@type":"PropertyValueSpecification","valueRequired":true,"valueName":"search_term_string"}}],"inLanguage":"fr-FR"},{"@type":"Person","@id":"https:\/\/www.altercampagne.net\/#\/schema\/person\/0f261460c09e430caa0f9bcffa319109","name":"Mathieu","image":{"@type":"ImageObject","inLanguage":"fr-FR","@id":"https:\/\/secure.gravatar.com\/avatar\/aa9d3d24c83f2141e5e2709d0f63d09a99f6be6bb7a50abc4915838d9f54501a?s=96&d=mm&r=g","url":"https:\/\/secure.gravatar.com\/avatar\/aa9d3d24c83f2141e5e2709d0f63d09a99f6be6bb7a50abc4915838d9f54501a?s=96&d=mm&r=g","contentUrl":"https:\/\/secure.gravatar.com\/avatar\/aa9d3d24c83f2141e5e2709d0f63d09a99f6be6bb7a50abc4915838d9f54501a?s=96&d=mm&r=g","caption":"Mathieu"},"url":"https:\/\/www.altercampagne.net\/?author=214"}]}},"_links":{"self":[{"href":"https:\/\/www.altercampagne.net\/index.php?rest_route=\/wp\/v2\/posts\/3714","targetHints":{"allow":["GET"]}}],"collection":[{"href":"https:\/\/www.altercampagne.net\/index.php?rest_route=\/wp\/v2\/posts"}],"about":[{"href":"https:\/\/www.altercampagne.net\/index.php?rest_route=\/wp\/v2\/types\/post"}],"author":[{"embeddable":true,"href":"https:\/\/www.altercampagne.net\/index.php?rest_route=\/wp\/v2\/users\/214"}],"replies":[{"embeddable":true,"href":"https:\/\/www.altercampagne.net\/index.php?rest_route=%2Fwp%2Fv2%2Fcomments&post=3714"}],"version-history":[{"count":0,"href":"https:\/\/www.altercampagne.net\/index.php?rest_route=\/wp\/v2\/posts\/3714\/revisions"}],"wp:attachment":[{"href":"https:\/\/www.altercampagne.net\/index.php?rest_route=%2Fwp%2Fv2%2Fmedia&parent=3714"}],"wp:term":[{"taxonomy":"category","embeddable":true,"href":"https:\/\/www.altercampagne.net\/index.php?rest_route=%2Fwp%2Fv2%2Fcategories&post=3714"},{"taxonomy":"post_tag","embeddable":true,"href":"https:\/\/www.altercampagne.net\/index.php?rest_route=%2Fwp%2Fv2%2Ftags&post=3714"}],"curies":[{"name":"wp","href":"https:\/\/api.w.org\/{rel}","templated":true}]}}