{"id":3724,"date":"2011-09-22T13:14:37","date_gmt":"2011-09-22T11:14:37","guid":{"rendered":"http:\/\/www.altercampagne.net\/?p=3724"},"modified":"2016-04-21T08:29:59","modified_gmt":"2016-04-21T06:29:59","slug":"reportage-sur-jeanne-la-doyenne-du-larzac-rencontre-cet-ete-sur-laltertour-2011","status":"publish","type":"post","link":"https:\/\/www.altercampagne.net\/?p=3724","title":{"rendered":"Reportage sur Jeanne, la doyenne du Larzac, rencontr\u00e9 cet \u00e9t\u00e9 sur l&rsquo;AlterTour 2011"},"content":{"rendered":"<p>L&rsquo;\u00e9mission : \u00ab\u00a0les pieds sur terre\u00a0\u00bb sur France Culture a r\u00e9alis\u00e9 un reportage sur Jeanne, la doyenne du Larzac, rencontr\u00e9 sur l&rsquo;AlterTour \u00e0 <em>La Blaqui\u00e8re <\/em>40 jours plus t\u00f4t. Retrouvez le reportage <a href=\"http:\/\/www.franceculture.com\/player?p=reecoute-4312015#\" target=\"_blank\">ici<\/a><\/p>\n<p><img loading=\"lazy\" decoding=\"async\" class=\" alignleft\" src=\"http:\/\/altercampagne.free.fr\/pages\/2008\/AlterTour\/pic\/P1060361.jpg\" alt=\"\" width=\"360\" height=\"240\" \/><img loading=\"lazy\" decoding=\"async\" class=\" alignleft\" src=\"http:\/\/altercampagne.free.fr\/pages\/2008\/AlterTour\/pic\/P1060355.jpg\" alt=\"\" width=\"240\" height=\"360\" \/><\/p>\n","protected":false},"excerpt":{"rendered":"<p>L&rsquo;\u00e9mission : \u00ab\u00a0les pieds sur terre\u00a0\u00bb sur France Culture a r\u00e9alis\u00e9 un reportage sur Jeanne, la doyenne du Larzac, rencontr\u00e9 sur l&rsquo;AlterTour \u00e0 La Blaqui\u00e8re 40 jours plus t\u00f4t. Retrouvez le reportage ici<\/p>\n","protected":false},"author":214,"featured_media":0,"comment_status":"closed","ping_status":"closed","sticky":false,"template":"","format":"standard","meta":{"footnotes":""},"categories":[1],"tags":[705,836,858,1331,1332,1844,1923,1979],"class_list":["post-3724","post","type-post","status-publish","format-standard","hentry","category-non-classe","tag-larzac","tag-altertour-2011","tag-france-culture","tag-les-pieds-sur-terre","tag-la-blaquiere","tag-midi-pyrenees","tag-aveyron","tag-1979","no-post-thumbnail"],"yoast_head":"<!-- This site is optimized with the Yoast SEO plugin v27.3 - https:\/\/yoast.com\/product\/yoast-seo-wordpress\/ -->\n<title>Reportage sur Jeanne, la doyenne du Larzac, rencontr\u00e9 cet \u00e9t\u00e9 sur l&#039;AlterTour 2011 - AlterTour<\/title>\n<meta name=\"robots\" content=\"index, follow, max-snippet:-1, max-image-preview:large, max-video-preview:-1\" \/>\n<link rel=\"canonical\" href=\"https:\/\/www.altercampagne.net\/?p=3724\" \/>\n<meta property=\"og:locale\" content=\"fr_FR\" \/>\n<meta property=\"og:type\" content=\"article\" \/>\n<meta property=\"og:title\" content=\"Reportage sur Jeanne, la doyenne du Larzac, rencontr\u00e9 cet \u00e9t\u00e9 sur l&#039;AlterTour 2011 - AlterTour\" \/>\n<meta property=\"og:description\" content=\"L&rsquo;\u00e9mission : \u00ab\u00a0les pieds sur terre\u00a0\u00bb sur France Culture a r\u00e9alis\u00e9 un reportage sur Jeanne, la doyenne du Larzac, rencontr\u00e9 sur l&rsquo;AlterTour \u00e0 La Blaqui\u00e8re 40 jours plus t\u00f4t. Retrouvez le reportage ici\" \/>\n<meta property=\"og:url\" content=\"https:\/\/www.altercampagne.net\/?p=3724\" \/>\n<meta property=\"og:site_name\" content=\"AlterTour\" \/>\n<meta property=\"article:published_time\" content=\"2011-09-22T11:14:37+00:00\" \/>\n<meta property=\"article:modified_time\" content=\"2016-04-21T06:29:59+00:00\" \/>\n<meta property=\"og:image\" content=\"http:\/\/altercampagne.free.fr\/pages\/2008\/AlterTour\/pic\/P1060361.jpg\" \/>\n<meta name=\"author\" content=\"Mathieu\" \/>\n<meta name=\"twitter:card\" content=\"summary_large_image\" \/>\n<meta name=\"twitter:label1\" content=\"\u00c9crit par\" \/>\n\t<meta name=\"twitter:data1\" content=\"Mathieu\" \/>\n<script type=\"application\/ld+json\" class=\"yoast-schema-graph\">{\"@context\":\"https:\\\/\\\/schema.org\",\"@graph\":[{\"@type\":\"Article\",\"@id\":\"https:\\\/\\\/www.altercampagne.net\\\/?p=3724#article\",\"isPartOf\":{\"@id\":\"https:\\\/\\\/www.altercampagne.net\\\/?p=3724\"},\"author\":{\"name\":\"Mathieu\",\"@id\":\"https:\\\/\\\/www.altercampagne.net\\\/#\\\/schema\\\/person\\\/0f261460c09e430caa0f9bcffa319109\"},\"headline\":\"Reportage sur Jeanne, la doyenne du Larzac, rencontr\u00e9 cet \u00e9t\u00e9 sur l&rsquo;AlterTour 2011\",\"datePublished\":\"2011-09-22T11:14:37+00:00\",\"dateModified\":\"2016-04-21T06:29:59+00:00\",\"mainEntityOfPage\":{\"@id\":\"https:\\\/\\\/www.altercampagne.net\\\/?p=3724\"},\"wordCount\":48,\"image\":{\"@id\":\"https:\\\/\\\/www.altercampagne.net\\\/?p=3724#primaryimage\"},\"thumbnailUrl\":\"http:\\\/\\\/altercampagne.free.fr\\\/pages\\\/2008\\\/AlterTour\\\/pic\\\/P1060361.jpg\",\"keywords\":[\"larzac\",\"AlterTour 2011\",\"France culture\",\"les pieds sur terre\",\"La Blaqui\u00e8re\",\"Midi-Pyr\u00e9n\u00e9es\",\"Aveyron\",\"2011\"],\"inLanguage\":\"fr-FR\"},{\"@type\":\"WebPage\",\"@id\":\"https:\\\/\\\/www.altercampagne.net\\\/?p=3724\",\"url\":\"https:\\\/\\\/www.altercampagne.net\\\/?p=3724\",\"name\":\"Reportage sur Jeanne, la doyenne du Larzac, rencontr\u00e9 cet \u00e9t\u00e9 sur l'AlterTour 2011 - AlterTour\",\"isPartOf\":{\"@id\":\"https:\\\/\\\/www.altercampagne.net\\\/#website\"},\"primaryImageOfPage\":{\"@id\":\"https:\\\/\\\/www.altercampagne.net\\\/?p=3724#primaryimage\"},\"image\":{\"@id\":\"https:\\\/\\\/www.altercampagne.net\\\/?p=3724#primaryimage\"},\"thumbnailUrl\":\"http:\\\/\\\/altercampagne.free.fr\\\/pages\\\/2008\\\/AlterTour\\\/pic\\\/P1060361.jpg\",\"datePublished\":\"2011-09-22T11:14:37+00:00\",\"dateModified\":\"2016-04-21T06:29:59+00:00\",\"author\":{\"@id\":\"https:\\\/\\\/www.altercampagne.net\\\/#\\\/schema\\\/person\\\/0f261460c09e430caa0f9bcffa319109\"},\"breadcrumb\":{\"@id\":\"https:\\\/\\\/www.altercampagne.net\\\/?p=3724#breadcrumb\"},\"inLanguage\":\"fr-FR\",\"potentialAction\":[{\"@type\":\"ReadAction\",\"target\":[\"https:\\\/\\\/www.altercampagne.net\\\/?p=3724\"]}]},{\"@type\":\"ImageObject\",\"inLanguage\":\"fr-FR\",\"@id\":\"https:\\\/\\\/www.altercampagne.net\\\/?p=3724#primaryimage\",\"url\":\"http:\\\/\\\/altercampagne.free.fr\\\/pages\\\/2008\\\/AlterTour\\\/pic\\\/P1060361.jpg\",\"contentUrl\":\"http:\\\/\\\/altercampagne.free.fr\\\/pages\\\/2008\\\/AlterTour\\\/pic\\\/P1060361.jpg\"},{\"@type\":\"BreadcrumbList\",\"@id\":\"https:\\\/\\\/www.altercampagne.net\\\/?p=3724#breadcrumb\",\"itemListElement\":[{\"@type\":\"ListItem\",\"position\":1,\"name\":\"Accueil\",\"item\":\"https:\\\/\\\/www.altercampagne.net\\\/\"},{\"@type\":\"ListItem\",\"position\":2,\"name\":\"Reportage sur Jeanne, la doyenne du Larzac, rencontr\u00e9 cet \u00e9t\u00e9 sur l&rsquo;AlterTour 2011\"}]},{\"@type\":\"WebSite\",\"@id\":\"https:\\\/\\\/www.altercampagne.net\\\/#website\",\"url\":\"https:\\\/\\\/www.altercampagne.net\\\/\",\"name\":\"AlterTour\",\"description\":\"Reliez les Alternatives \u00e0 v\u00e9lo\",\"potentialAction\":[{\"@type\":\"SearchAction\",\"target\":{\"@type\":\"EntryPoint\",\"urlTemplate\":\"https:\\\/\\\/www.altercampagne.net\\\/?s={search_term_string}\"},\"query-input\":{\"@type\":\"PropertyValueSpecification\",\"valueRequired\":true,\"valueName\":\"search_term_string\"}}],\"inLanguage\":\"fr-FR\"},{\"@type\":\"Person\",\"@id\":\"https:\\\/\\\/www.altercampagne.net\\\/#\\\/schema\\\/person\\\/0f261460c09e430caa0f9bcffa319109\",\"name\":\"Mathieu\",\"image\":{\"@type\":\"ImageObject\",\"inLanguage\":\"fr-FR\",\"@id\":\"https:\\\/\\\/secure.gravatar.com\\\/avatar\\\/aa9d3d24c83f2141e5e2709d0f63d09a99f6be6bb7a50abc4915838d9f54501a?s=96&d=mm&r=g\",\"url\":\"https:\\\/\\\/secure.gravatar.com\\\/avatar\\\/aa9d3d24c83f2141e5e2709d0f63d09a99f6be6bb7a50abc4915838d9f54501a?s=96&d=mm&r=g\",\"contentUrl\":\"https:\\\/\\\/secure.gravatar.com\\\/avatar\\\/aa9d3d24c83f2141e5e2709d0f63d09a99f6be6bb7a50abc4915838d9f54501a?s=96&d=mm&r=g\",\"caption\":\"Mathieu\"},\"url\":\"https:\\\/\\\/www.altercampagne.net\\\/?author=214\"}]}<\/script>\n<!-- \/ Yoast SEO plugin. -->","yoast_head_json":{"title":"Reportage sur Jeanne, la doyenne du Larzac, rencontr\u00e9 cet \u00e9t\u00e9 sur l'AlterTour 2011 - AlterTour","robots":{"index":"index","follow":"follow","max-snippet":"max-snippet:-1","max-image-preview":"max-image-preview:large","max-video-preview":"max-video-preview:-1"},"canonical":"https:\/\/www.altercampagne.net\/?p=3724","og_locale":"fr_FR","og_type":"article","og_title":"Reportage sur Jeanne, la doyenne du Larzac, rencontr\u00e9 cet \u00e9t\u00e9 sur l'AlterTour 2011 - AlterTour","og_description":"L&rsquo;\u00e9mission : \u00ab\u00a0les pieds sur terre\u00a0\u00bb sur France Culture a r\u00e9alis\u00e9 un reportage sur Jeanne, la doyenne du Larzac, rencontr\u00e9 sur l&rsquo;AlterTour \u00e0 La Blaqui\u00e8re 40 jours plus t\u00f4t. Retrouvez le reportage ici","og_url":"https:\/\/www.altercampagne.net\/?p=3724","og_site_name":"AlterTour","article_published_time":"2011-09-22T11:14:37+00:00","article_modified_time":"2016-04-21T06:29:59+00:00","og_image":[{"url":"http:\/\/altercampagne.free.fr\/pages\/2008\/AlterTour\/pic\/P1060361.jpg","type":"","width":"","height":""}],"author":"Mathieu","twitter_card":"summary_large_image","twitter_misc":{"\u00c9crit par":"Mathieu"},"schema":{"@context":"https:\/\/schema.org","@graph":[{"@type":"Article","@id":"https:\/\/www.altercampagne.net\/?p=3724#article","isPartOf":{"@id":"https:\/\/www.altercampagne.net\/?p=3724"},"author":{"name":"Mathieu","@id":"https:\/\/www.altercampagne.net\/#\/schema\/person\/0f261460c09e430caa0f9bcffa319109"},"headline":"Reportage sur Jeanne, la doyenne du Larzac, rencontr\u00e9 cet \u00e9t\u00e9 sur l&rsquo;AlterTour 2011","datePublished":"2011-09-22T11:14:37+00:00","dateModified":"2016-04-21T06:29:59+00:00","mainEntityOfPage":{"@id":"https:\/\/www.altercampagne.net\/?p=3724"},"wordCount":48,"image":{"@id":"https:\/\/www.altercampagne.net\/?p=3724#primaryimage"},"thumbnailUrl":"http:\/\/altercampagne.free.fr\/pages\/2008\/AlterTour\/pic\/P1060361.jpg","keywords":["larzac","AlterTour 2011","France culture","les pieds sur terre","La Blaqui\u00e8re","Midi-Pyr\u00e9n\u00e9es","Aveyron","2011"],"inLanguage":"fr-FR"},{"@type":"WebPage","@id":"https:\/\/www.altercampagne.net\/?p=3724","url":"https:\/\/www.altercampagne.net\/?p=3724","name":"Reportage sur Jeanne, la doyenne du Larzac, rencontr\u00e9 cet \u00e9t\u00e9 sur l'AlterTour 2011 - AlterTour","isPartOf":{"@id":"https:\/\/www.altercampagne.net\/#website"},"primaryImageOfPage":{"@id":"https:\/\/www.altercampagne.net\/?p=3724#primaryimage"},"image":{"@id":"https:\/\/www.altercampagne.net\/?p=3724#primaryimage"},"thumbnailUrl":"http:\/\/altercampagne.free.fr\/pages\/2008\/AlterTour\/pic\/P1060361.jpg","datePublished":"2011-09-22T11:14:37+00:00","dateModified":"2016-04-21T06:29:59+00:00","author":{"@id":"https:\/\/www.altercampagne.net\/#\/schema\/person\/0f261460c09e430caa0f9bcffa319109"},"breadcrumb":{"@id":"https:\/\/www.altercampagne.net\/?p=3724#breadcrumb"},"inLanguage":"fr-FR","potentialAction":[{"@type":"ReadAction","target":["https:\/\/www.altercampagne.net\/?p=3724"]}]},{"@type":"ImageObject","inLanguage":"fr-FR","@id":"https:\/\/www.altercampagne.net\/?p=3724#primaryimage","url":"http:\/\/altercampagne.free.fr\/pages\/2008\/AlterTour\/pic\/P1060361.jpg","contentUrl":"http:\/\/altercampagne.free.fr\/pages\/2008\/AlterTour\/pic\/P1060361.jpg"},{"@type":"BreadcrumbList","@id":"https:\/\/www.altercampagne.net\/?p=3724#breadcrumb","itemListElement":[{"@type":"ListItem","position":1,"name":"Accueil","item":"https:\/\/www.altercampagne.net\/"},{"@type":"ListItem","position":2,"name":"Reportage sur Jeanne, la doyenne du Larzac, rencontr\u00e9 cet \u00e9t\u00e9 sur l&rsquo;AlterTour 2011"}]},{"@type":"WebSite","@id":"https:\/\/www.altercampagne.net\/#website","url":"https:\/\/www.altercampagne.net\/","name":"AlterTour","description":"Reliez les Alternatives \u00e0 v\u00e9lo","potentialAction":[{"@type":"SearchAction","target":{"@type":"EntryPoint","urlTemplate":"https:\/\/www.altercampagne.net\/?s={search_term_string}"},"query-input":{"@type":"PropertyValueSpecification","valueRequired":true,"valueName":"search_term_string"}}],"inLanguage":"fr-FR"},{"@type":"Person","@id":"https:\/\/www.altercampagne.net\/#\/schema\/person\/0f261460c09e430caa0f9bcffa319109","name":"Mathieu","image":{"@type":"ImageObject","inLanguage":"fr-FR","@id":"https:\/\/secure.gravatar.com\/avatar\/aa9d3d24c83f2141e5e2709d0f63d09a99f6be6bb7a50abc4915838d9f54501a?s=96&d=mm&r=g","url":"https:\/\/secure.gravatar.com\/avatar\/aa9d3d24c83f2141e5e2709d0f63d09a99f6be6bb7a50abc4915838d9f54501a?s=96&d=mm&r=g","contentUrl":"https:\/\/secure.gravatar.com\/avatar\/aa9d3d24c83f2141e5e2709d0f63d09a99f6be6bb7a50abc4915838d9f54501a?s=96&d=mm&r=g","caption":"Mathieu"},"url":"https:\/\/www.altercampagne.net\/?author=214"}]}},"_links":{"self":[{"href":"https:\/\/www.altercampagne.net\/index.php?rest_route=\/wp\/v2\/posts\/3724","targetHints":{"allow":["GET"]}}],"collection":[{"href":"https:\/\/www.altercampagne.net\/index.php?rest_route=\/wp\/v2\/posts"}],"about":[{"href":"https:\/\/www.altercampagne.net\/index.php?rest_route=\/wp\/v2\/types\/post"}],"author":[{"embeddable":true,"href":"https:\/\/www.altercampagne.net\/index.php?rest_route=\/wp\/v2\/users\/214"}],"replies":[{"embeddable":true,"href":"https:\/\/www.altercampagne.net\/index.php?rest_route=%2Fwp%2Fv2%2Fcomments&post=3724"}],"version-history":[{"count":0,"href":"https:\/\/www.altercampagne.net\/index.php?rest_route=\/wp\/v2\/posts\/3724\/revisions"}],"wp:attachment":[{"href":"https:\/\/www.altercampagne.net\/index.php?rest_route=%2Fwp%2Fv2%2Fmedia&parent=3724"}],"wp:term":[{"taxonomy":"category","embeddable":true,"href":"https:\/\/www.altercampagne.net\/index.php?rest_route=%2Fwp%2Fv2%2Fcategories&post=3724"},{"taxonomy":"post_tag","embeddable":true,"href":"https:\/\/www.altercampagne.net\/index.php?rest_route=%2Fwp%2Fv2%2Ftags&post=3724"}],"curies":[{"name":"wp","href":"https:\/\/api.w.org\/{rel}","templated":true}]}}