{"id":3726,"date":"2011-09-02T13:17:15","date_gmt":"2011-09-02T11:17:15","guid":{"rendered":"http:\/\/www.altercampagne.net\/?p=3726"},"modified":"2020-02-24T18:05:02","modified_gmt":"2020-02-24T17:05:02","slug":"assemblee-generale-extraordinaire","status":"publish","type":"post","link":"https:\/\/www.altercampagne.net\/?p=3726","title":{"rendered":"Assembl\u00e9e G\u00e9n\u00e9rale Extraordinaire"},"content":{"rendered":"<p class=\"subHeader\" align=\"center\"><span class=\"Style126\"><strong><img loading=\"lazy\" decoding=\"async\" class=\" aligncenter\" src=\"http:\/\/altercampagne.free.fr\/pages\/2008\/AlterTour\/pic\/cercle_de_parole_st_martin_du_larzac.jpg\" alt=\"\" width=\"784\" height=\"294\">Assembl\u00e9e G\u00e9n\u00e9rale Extraordinaire <\/strong><\/span><\/p>\n<p class=\"BodyText\" align=\"center\">L&rsquo;AGE d&rsquo;Altercampagne aura lieu \u00e0 Paris samedi 17 septembre de 10h \u00e0 16h<\/p>\n<p class=\"BodyText\" align=\"center\">Les participants \u00e0 l&rsquo;AlterTour 2011 et toutes les personnes motiv\u00e9es par l&rsquo;organisation de l&rsquo;AlterTour 2012 se r\u00e9uniront ce samedi au 35 rue du Saint Gothard \u00e0 Paris<\/p>\n<p class=\"subHeader Style126\" align=\"center\">Ordre du jour<\/p>\n<p class=\"subHeader Style126\" align=\"center\"><span id=\"internal-source-marker_0.9480668555479497\">&#8211; Renouvellement de cotisation pour les Altercyclistes n\u2019ayant pas particip\u00e9 \u00e0 l\u2019\u00e9dition 2011<\/span><\/p>\n<p class=\"subHeader Style126\" align=\"center\">&#8211; Pr\u00e9paration de la cinqui\u00e8me \u00e9dition de l&rsquo;AlterTour dans le Grand Sud-Ouest (dates, organisation, &nbsp;&nbsp;propositions diverses&#8230;)<\/p>\n<p dir=\"ltr\" align=\"center\">&#8211; pr\u00e9sentation de ce qu\u2019est l\u2019organisation<\/p>\n<p dir=\"ltr\" align=\"center\">&#8211; tour de table des propositions de chacun-E<\/p>\n<p dir=\"ltr\" align=\"center\">&#8211; dates approximatives et dur\u00e9e<\/p>\n<p dir=\"ltr\" align=\"center\">&#8211; th\u00e8me<\/p>\n<p dir=\"ltr\" align=\"center\">&#8211; qui fait quoi, dans quel secteur g\u00e9ographique<\/p>\n<p dir=\"ltr\" align=\"center\">&#8211; bin\u00f4mes ?<\/p>\n<p dir=\"ltr\" align=\"center\">&#8211; pr\u00e9voir des dates de pl\u00e9ni\u00e8re<\/p>\n<p dir=\"ltr\" align=\"center\">&#8211; Les partenaires de l\u2019AlterTour<\/p>\n<p dir=\"ltr\" align=\"center\">&#8211; Transfert du si\u00e8ge d&rsquo;Altercampagne &nbsp;(lieu priv\u00e9 &nbsp;si grande r\u00e9activit\u00e9 &nbsp;pour le courrier ? ou lieu associatif &nbsp;partenaire ?)<\/p>\n<p dir=\"ltr\" align=\"center\">&#8211; Transfert du lieu de courrier ?<\/p>\n<p dir=\"ltr\" align=\"center\">&#8211; Transfert \u00e9ventuel d&rsquo;Agence bancaire<\/p>\n<p dir=\"ltr\" align=\"center\">&#8211; Groupe de travail tarifs solidaires<\/p>\n<p dir=\"ltr\" align=\"center\">&#8211; Questions diverses<\/p>\n","protected":false},"excerpt":{"rendered":"<p>Assembl\u00e9e G\u00e9n\u00e9rale Extraordinaire L&rsquo;AGE d&rsquo;Altercampagne aura lieu \u00e0 Paris samedi 17 septembre de 10h \u00e0 16h Les participants \u00e0 l&rsquo;AlterTour 2011 et toutes les personnes motiv\u00e9es par l&rsquo;organisation de l&rsquo;AlterTour 2012 se r\u00e9uniront ce samedi au 35 rue du Saint Gothard \u00e0 Paris Ordre du jour &#8211; Renouvellement de cotisation &#8230; <\/p>\n<div><a href=\"https:\/\/www.altercampagne.net\/?p=3726\" class=\"more-link\">Read More<\/a><\/div>\n","protected":false},"author":214,"featured_media":0,"comment_status":"closed","ping_status":"closed","sticky":false,"template":"","format":"standard","meta":{"footnotes":""},"categories":[3539],"tags":[37,682,836,852,1319,1333],"class_list":["post-3726","post","type-post","status-publish","format-standard","hentry","category-we-de-preparation","tag-altercampagne","tag-sud-ouest","tag-altertour-2011","tag-altertour-2012","tag-altercycliste","tag-assemblee-generale-extraordinaire","no-post-thumbnail"],"yoast_head":"<!-- This site is optimized with the Yoast SEO plugin v27.3 - https:\/\/yoast.com\/product\/yoast-seo-wordpress\/ -->\n<title>Assembl\u00e9e G\u00e9n\u00e9rale Extraordinaire - AlterTour<\/title>\n<meta name=\"robots\" content=\"index, follow, max-snippet:-1, max-image-preview:large, max-video-preview:-1\" \/>\n<link rel=\"canonical\" href=\"https:\/\/www.altercampagne.net\/?p=3726\" \/>\n<meta property=\"og:locale\" content=\"fr_FR\" \/>\n<meta property=\"og:type\" content=\"article\" \/>\n<meta property=\"og:title\" content=\"Assembl\u00e9e G\u00e9n\u00e9rale Extraordinaire - AlterTour\" \/>\n<meta property=\"og:description\" content=\"Assembl\u00e9e G\u00e9n\u00e9rale Extraordinaire L&rsquo;AGE d&rsquo;Altercampagne aura lieu \u00e0 Paris samedi 17 septembre de 10h \u00e0 16h Les participants \u00e0 l&rsquo;AlterTour 2011 et toutes les personnes motiv\u00e9es par l&rsquo;organisation de l&rsquo;AlterTour 2012 se r\u00e9uniront ce samedi au 35 rue du Saint Gothard \u00e0 Paris Ordre du jour &#8211; Renouvellement de cotisation ... Read More\" \/>\n<meta property=\"og:url\" content=\"https:\/\/www.altercampagne.net\/?p=3726\" \/>\n<meta property=\"og:site_name\" content=\"AlterTour\" \/>\n<meta property=\"article:published_time\" content=\"2011-09-02T11:17:15+00:00\" \/>\n<meta property=\"article:modified_time\" content=\"2020-02-24T17:05:02+00:00\" \/>\n<meta property=\"og:image\" content=\"http:\/\/altercampagne.free.fr\/pages\/2008\/AlterTour\/pic\/cercle_de_parole_st_martin_du_larzac.jpg\" \/>\n<meta name=\"author\" content=\"Mathieu\" \/>\n<meta name=\"twitter:card\" content=\"summary_large_image\" \/>\n<meta name=\"twitter:label1\" content=\"\u00c9crit par\" \/>\n\t<meta name=\"twitter:data1\" content=\"Mathieu\" \/>\n\t<meta name=\"twitter:label2\" content=\"Dur\u00e9e de lecture estim\u00e9e\" \/>\n\t<meta name=\"twitter:data2\" content=\"1 minute\" \/>\n<script type=\"application\/ld+json\" class=\"yoast-schema-graph\">{\"@context\":\"https:\\\/\\\/schema.org\",\"@graph\":[{\"@type\":\"Article\",\"@id\":\"https:\\\/\\\/www.altercampagne.net\\\/?p=3726#article\",\"isPartOf\":{\"@id\":\"https:\\\/\\\/www.altercampagne.net\\\/?p=3726\"},\"author\":{\"name\":\"Mathieu\",\"@id\":\"https:\\\/\\\/www.altercampagne.net\\\/#\\\/schema\\\/person\\\/0f261460c09e430caa0f9bcffa319109\"},\"headline\":\"Assembl\u00e9e G\u00e9n\u00e9rale Extraordinaire\",\"datePublished\":\"2011-09-02T11:17:15+00:00\",\"dateModified\":\"2020-02-24T17:05:02+00:00\",\"mainEntityOfPage\":{\"@id\":\"https:\\\/\\\/www.altercampagne.net\\\/?p=3726\"},\"wordCount\":186,\"image\":{\"@id\":\"https:\\\/\\\/www.altercampagne.net\\\/?p=3726#primaryimage\"},\"thumbnailUrl\":\"http:\\\/\\\/altercampagne.free.fr\\\/pages\\\/2008\\\/AlterTour\\\/pic\\\/cercle_de_parole_st_martin_du_larzac.jpg\",\"keywords\":[\"altercampagne\",\"Sud Ouest\",\"AlterTour 2011\",\"AlterTour 2012\",\"altercycliste\",\"Assembl\u00e9e G\u00e9n\u00e9rale Extraordinaire\"],\"articleSection\":[\"WE de pr\u00e9paration\"],\"inLanguage\":\"fr-FR\"},{\"@type\":\"WebPage\",\"@id\":\"https:\\\/\\\/www.altercampagne.net\\\/?p=3726\",\"url\":\"https:\\\/\\\/www.altercampagne.net\\\/?p=3726\",\"name\":\"Assembl\u00e9e G\u00e9n\u00e9rale Extraordinaire - AlterTour\",\"isPartOf\":{\"@id\":\"https:\\\/\\\/www.altercampagne.net\\\/#website\"},\"primaryImageOfPage\":{\"@id\":\"https:\\\/\\\/www.altercampagne.net\\\/?p=3726#primaryimage\"},\"image\":{\"@id\":\"https:\\\/\\\/www.altercampagne.net\\\/?p=3726#primaryimage\"},\"thumbnailUrl\":\"http:\\\/\\\/altercampagne.free.fr\\\/pages\\\/2008\\\/AlterTour\\\/pic\\\/cercle_de_parole_st_martin_du_larzac.jpg\",\"datePublished\":\"2011-09-02T11:17:15+00:00\",\"dateModified\":\"2020-02-24T17:05:02+00:00\",\"author\":{\"@id\":\"https:\\\/\\\/www.altercampagne.net\\\/#\\\/schema\\\/person\\\/0f261460c09e430caa0f9bcffa319109\"},\"breadcrumb\":{\"@id\":\"https:\\\/\\\/www.altercampagne.net\\\/?p=3726#breadcrumb\"},\"inLanguage\":\"fr-FR\",\"potentialAction\":[{\"@type\":\"ReadAction\",\"target\":[\"https:\\\/\\\/www.altercampagne.net\\\/?p=3726\"]}]},{\"@type\":\"ImageObject\",\"inLanguage\":\"fr-FR\",\"@id\":\"https:\\\/\\\/www.altercampagne.net\\\/?p=3726#primaryimage\",\"url\":\"http:\\\/\\\/altercampagne.free.fr\\\/pages\\\/2008\\\/AlterTour\\\/pic\\\/cercle_de_parole_st_martin_du_larzac.jpg\",\"contentUrl\":\"http:\\\/\\\/altercampagne.free.fr\\\/pages\\\/2008\\\/AlterTour\\\/pic\\\/cercle_de_parole_st_martin_du_larzac.jpg\"},{\"@type\":\"BreadcrumbList\",\"@id\":\"https:\\\/\\\/www.altercampagne.net\\\/?p=3726#breadcrumb\",\"itemListElement\":[{\"@type\":\"ListItem\",\"position\":1,\"name\":\"Accueil\",\"item\":\"https:\\\/\\\/www.altercampagne.net\\\/\"},{\"@type\":\"ListItem\",\"position\":2,\"name\":\"Assembl\u00e9e G\u00e9n\u00e9rale Extraordinaire\"}]},{\"@type\":\"WebSite\",\"@id\":\"https:\\\/\\\/www.altercampagne.net\\\/#website\",\"url\":\"https:\\\/\\\/www.altercampagne.net\\\/\",\"name\":\"AlterTour\",\"description\":\"Reliez les Alternatives \u00e0 v\u00e9lo\",\"potentialAction\":[{\"@type\":\"SearchAction\",\"target\":{\"@type\":\"EntryPoint\",\"urlTemplate\":\"https:\\\/\\\/www.altercampagne.net\\\/?s={search_term_string}\"},\"query-input\":{\"@type\":\"PropertyValueSpecification\",\"valueRequired\":true,\"valueName\":\"search_term_string\"}}],\"inLanguage\":\"fr-FR\"},{\"@type\":\"Person\",\"@id\":\"https:\\\/\\\/www.altercampagne.net\\\/#\\\/schema\\\/person\\\/0f261460c09e430caa0f9bcffa319109\",\"name\":\"Mathieu\",\"image\":{\"@type\":\"ImageObject\",\"inLanguage\":\"fr-FR\",\"@id\":\"https:\\\/\\\/secure.gravatar.com\\\/avatar\\\/aa9d3d24c83f2141e5e2709d0f63d09a99f6be6bb7a50abc4915838d9f54501a?s=96&d=mm&r=g\",\"url\":\"https:\\\/\\\/secure.gravatar.com\\\/avatar\\\/aa9d3d24c83f2141e5e2709d0f63d09a99f6be6bb7a50abc4915838d9f54501a?s=96&d=mm&r=g\",\"contentUrl\":\"https:\\\/\\\/secure.gravatar.com\\\/avatar\\\/aa9d3d24c83f2141e5e2709d0f63d09a99f6be6bb7a50abc4915838d9f54501a?s=96&d=mm&r=g\",\"caption\":\"Mathieu\"},\"url\":\"https:\\\/\\\/www.altercampagne.net\\\/?author=214\"}]}<\/script>\n<!-- \/ Yoast SEO plugin. -->","yoast_head_json":{"title":"Assembl\u00e9e G\u00e9n\u00e9rale Extraordinaire - AlterTour","robots":{"index":"index","follow":"follow","max-snippet":"max-snippet:-1","max-image-preview":"max-image-preview:large","max-video-preview":"max-video-preview:-1"},"canonical":"https:\/\/www.altercampagne.net\/?p=3726","og_locale":"fr_FR","og_type":"article","og_title":"Assembl\u00e9e G\u00e9n\u00e9rale Extraordinaire - AlterTour","og_description":"Assembl\u00e9e G\u00e9n\u00e9rale Extraordinaire L&rsquo;AGE d&rsquo;Altercampagne aura lieu \u00e0 Paris samedi 17 septembre de 10h \u00e0 16h Les participants \u00e0 l&rsquo;AlterTour 2011 et toutes les personnes motiv\u00e9es par l&rsquo;organisation de l&rsquo;AlterTour 2012 se r\u00e9uniront ce samedi au 35 rue du Saint Gothard \u00e0 Paris Ordre du jour &#8211; Renouvellement de cotisation ... Read More","og_url":"https:\/\/www.altercampagne.net\/?p=3726","og_site_name":"AlterTour","article_published_time":"2011-09-02T11:17:15+00:00","article_modified_time":"2020-02-24T17:05:02+00:00","og_image":[{"url":"http:\/\/altercampagne.free.fr\/pages\/2008\/AlterTour\/pic\/cercle_de_parole_st_martin_du_larzac.jpg","type":"","width":"","height":""}],"author":"Mathieu","twitter_card":"summary_large_image","twitter_misc":{"\u00c9crit par":"Mathieu","Dur\u00e9e de lecture estim\u00e9e":"1 minute"},"schema":{"@context":"https:\/\/schema.org","@graph":[{"@type":"Article","@id":"https:\/\/www.altercampagne.net\/?p=3726#article","isPartOf":{"@id":"https:\/\/www.altercampagne.net\/?p=3726"},"author":{"name":"Mathieu","@id":"https:\/\/www.altercampagne.net\/#\/schema\/person\/0f261460c09e430caa0f9bcffa319109"},"headline":"Assembl\u00e9e G\u00e9n\u00e9rale Extraordinaire","datePublished":"2011-09-02T11:17:15+00:00","dateModified":"2020-02-24T17:05:02+00:00","mainEntityOfPage":{"@id":"https:\/\/www.altercampagne.net\/?p=3726"},"wordCount":186,"image":{"@id":"https:\/\/www.altercampagne.net\/?p=3726#primaryimage"},"thumbnailUrl":"http:\/\/altercampagne.free.fr\/pages\/2008\/AlterTour\/pic\/cercle_de_parole_st_martin_du_larzac.jpg","keywords":["altercampagne","Sud Ouest","AlterTour 2011","AlterTour 2012","altercycliste","Assembl\u00e9e G\u00e9n\u00e9rale Extraordinaire"],"articleSection":["WE de pr\u00e9paration"],"inLanguage":"fr-FR"},{"@type":"WebPage","@id":"https:\/\/www.altercampagne.net\/?p=3726","url":"https:\/\/www.altercampagne.net\/?p=3726","name":"Assembl\u00e9e G\u00e9n\u00e9rale Extraordinaire - AlterTour","isPartOf":{"@id":"https:\/\/www.altercampagne.net\/#website"},"primaryImageOfPage":{"@id":"https:\/\/www.altercampagne.net\/?p=3726#primaryimage"},"image":{"@id":"https:\/\/www.altercampagne.net\/?p=3726#primaryimage"},"thumbnailUrl":"http:\/\/altercampagne.free.fr\/pages\/2008\/AlterTour\/pic\/cercle_de_parole_st_martin_du_larzac.jpg","datePublished":"2011-09-02T11:17:15+00:00","dateModified":"2020-02-24T17:05:02+00:00","author":{"@id":"https:\/\/www.altercampagne.net\/#\/schema\/person\/0f261460c09e430caa0f9bcffa319109"},"breadcrumb":{"@id":"https:\/\/www.altercampagne.net\/?p=3726#breadcrumb"},"inLanguage":"fr-FR","potentialAction":[{"@type":"ReadAction","target":["https:\/\/www.altercampagne.net\/?p=3726"]}]},{"@type":"ImageObject","inLanguage":"fr-FR","@id":"https:\/\/www.altercampagne.net\/?p=3726#primaryimage","url":"http:\/\/altercampagne.free.fr\/pages\/2008\/AlterTour\/pic\/cercle_de_parole_st_martin_du_larzac.jpg","contentUrl":"http:\/\/altercampagne.free.fr\/pages\/2008\/AlterTour\/pic\/cercle_de_parole_st_martin_du_larzac.jpg"},{"@type":"BreadcrumbList","@id":"https:\/\/www.altercampagne.net\/?p=3726#breadcrumb","itemListElement":[{"@type":"ListItem","position":1,"name":"Accueil","item":"https:\/\/www.altercampagne.net\/"},{"@type":"ListItem","position":2,"name":"Assembl\u00e9e G\u00e9n\u00e9rale Extraordinaire"}]},{"@type":"WebSite","@id":"https:\/\/www.altercampagne.net\/#website","url":"https:\/\/www.altercampagne.net\/","name":"AlterTour","description":"Reliez les Alternatives \u00e0 v\u00e9lo","potentialAction":[{"@type":"SearchAction","target":{"@type":"EntryPoint","urlTemplate":"https:\/\/www.altercampagne.net\/?s={search_term_string}"},"query-input":{"@type":"PropertyValueSpecification","valueRequired":true,"valueName":"search_term_string"}}],"inLanguage":"fr-FR"},{"@type":"Person","@id":"https:\/\/www.altercampagne.net\/#\/schema\/person\/0f261460c09e430caa0f9bcffa319109","name":"Mathieu","image":{"@type":"ImageObject","inLanguage":"fr-FR","@id":"https:\/\/secure.gravatar.com\/avatar\/aa9d3d24c83f2141e5e2709d0f63d09a99f6be6bb7a50abc4915838d9f54501a?s=96&d=mm&r=g","url":"https:\/\/secure.gravatar.com\/avatar\/aa9d3d24c83f2141e5e2709d0f63d09a99f6be6bb7a50abc4915838d9f54501a?s=96&d=mm&r=g","contentUrl":"https:\/\/secure.gravatar.com\/avatar\/aa9d3d24c83f2141e5e2709d0f63d09a99f6be6bb7a50abc4915838d9f54501a?s=96&d=mm&r=g","caption":"Mathieu"},"url":"https:\/\/www.altercampagne.net\/?author=214"}]}},"_links":{"self":[{"href":"https:\/\/www.altercampagne.net\/index.php?rest_route=\/wp\/v2\/posts\/3726","targetHints":{"allow":["GET"]}}],"collection":[{"href":"https:\/\/www.altercampagne.net\/index.php?rest_route=\/wp\/v2\/posts"}],"about":[{"href":"https:\/\/www.altercampagne.net\/index.php?rest_route=\/wp\/v2\/types\/post"}],"author":[{"embeddable":true,"href":"https:\/\/www.altercampagne.net\/index.php?rest_route=\/wp\/v2\/users\/214"}],"replies":[{"embeddable":true,"href":"https:\/\/www.altercampagne.net\/index.php?rest_route=%2Fwp%2Fv2%2Fcomments&post=3726"}],"version-history":[{"count":1,"href":"https:\/\/www.altercampagne.net\/index.php?rest_route=\/wp\/v2\/posts\/3726\/revisions"}],"predecessor-version":[{"id":17509,"href":"https:\/\/www.altercampagne.net\/index.php?rest_route=\/wp\/v2\/posts\/3726\/revisions\/17509"}],"wp:attachment":[{"href":"https:\/\/www.altercampagne.net\/index.php?rest_route=%2Fwp%2Fv2%2Fmedia&parent=3726"}],"wp:term":[{"taxonomy":"category","embeddable":true,"href":"https:\/\/www.altercampagne.net\/index.php?rest_route=%2Fwp%2Fv2%2Fcategories&post=3726"},{"taxonomy":"post_tag","embeddable":true,"href":"https:\/\/www.altercampagne.net\/index.php?rest_route=%2Fwp%2Fv2%2Ftags&post=3726"}],"curies":[{"name":"wp","href":"https:\/\/api.w.org\/{rel}","templated":true}]}}