{"id":3730,"date":"2011-08-18T14:33:02","date_gmt":"2011-08-18T12:33:02","guid":{"rendered":"http:\/\/www.altercampagne.net\/?p=3730"},"modified":"2016-04-20T15:25:15","modified_gmt":"2016-04-20T13:25:15","slug":"convergence-a-velo-vers-lezan-site-militant-fin-aout","status":"publish","type":"post","link":"https:\/\/www.altercampagne.net\/?p=3730","title":{"rendered":"Convergence \u00e0 v\u00e9lo vers L\u00e9zan, site militant fin-ao\u00fbt"},"content":{"rendered":"<p><span class=\"Style13 Style126\"><a href=\"http:\/\/www.convergenceenergetique.org\/\"><strong>CONVERGENCE CITOYENNE POUR UNE TRANSITION \u00c9NERG\u00c9TIQUE<\/strong><br \/>\n\u00ab \u00c9NERGIES POUR LA PLAN\u00c8TE \u00bb<\/a><\/span><\/p>\n<p><strong>26, 27 et 28 ao\u00fbt 2011 \u00e0 L\u00e9zan<\/strong> (30)<\/p>\n<p><a href=\"http:\/\/altercampagne.free.fr\/pages\/2008\/AlterTour\/doc\/prog_Convergence.pdf\">Programme pr\u00e9visionnel (10 ao\u00fbt)<\/a><\/p>\n<p>&gt;&gt; Arriv\u00e9e \u00e0 <strong>Lezan<\/strong> \u00e0 <strong>17h<\/strong> le <strong>25 ao\u00fbt<\/strong><br \/>\n<span class=\"Style251\">&#8211; ET AVANT : <\/span><br \/>\nRendez-vous : La <strong>Gare ferrovi\u00e8re d&rsquo;Al\u00e8s<\/strong> \u00e0 partir de <strong>midi<\/strong>, pour un pique-nique partag\u00e9<br \/>\nd\u00e9part \u00e0 <strong>15 h<\/strong> en direction de L\u00e9zan<br \/>\n<span class=\"Style251\">&#8211; ET AVANT : <\/span>5 parcours possibles<\/p>\n<p align=\"left\"><strong><span style=\"text-decoration: underline;\">Depuis le Puy en Velay :<\/span><\/strong><\/p>\n<p align=\"left\">D\u00e9part du Puy en Velay le lundi 22, entre 9h30 et 11h30, selon les arriv\u00e9es de trains<\/p>\n<p align=\"left\">lundi 22 : \u00e9tape de 32 km jusqu&rsquo;\u00e0 St-Haon (Haute-Loire)<br \/>\nmardi 23 : \u00e9tape de 50 km environ jusqu&rsquo;\u00e0 Belvezet ou Le Bl\u00e9nard (Loz\u00e8re)<br \/>\nmercredi 24 : \u00e9tape de 50 km environ jusqu&rsquo;\u00e0 Le Ventalon ou St Privas (Loz\u00e8re)<br \/>\njeudi 25 : \u00e9tape de 47 km environ jusqu&rsquo;\u00e0 Al\u00e8s (dont 30 km environ en descente),<br \/>\npuis 12 ou 20 km jusqu&rsquo;\u00e0 L\u00e9zan (selon choix de routes)<\/p>\n<p><span class=\"Style117\"><strong>Horaires de train<\/strong>\u00a0(acceptent les v\u00e9los) :<span style=\"text-decoration: underline;\"><br \/>\nDepuis Lyon\u00a0<\/span>:<br \/>\nD\u00e9part de Lyon Part-Dieu :\u00a07h21 jusqu&rsquo;\u00e0 St-Etienne Ch\u00e2teaucreux (arriv\u00e9e 8h08).<br \/>\nD\u00e9part de St-Etienne Ch\u00e2teaucreux : 8h13 jusqu&rsquo;au Puy en Velay (arriv\u00e9e 9h43)ou bien :<br \/>\nD\u00e9part de Lyon Part-Dieu :\u00a08h51 jusqu&rsquo;\u00e0 St-Etienne Ch\u00e2teaucreux (arriv\u00e9e 9h28).<br \/>\nD\u00e9part de St-Etienne Ch\u00e2teaucreux : \u00a09h51 jusqu&rsquo;au Puy en Velay (arriv\u00e9e 11h14)<\/span><br \/>\n<span style=\"text-decoration: underline;\"><span class=\"Style117\">D\u00e9part de\u00a0Clermont-Ferrand<\/span><\/span><span class=\"Style117\">\u00a0:\u00a06h48 jusqu&rsquo;\u00e0 Langeac (arriv\u00e9e 8h09).<br \/>\nD\u00e9part de\u00a0Langeac\u00a0: 8h14 jusqu&rsquo;au Puy en Velay (arriv\u00e9e 8h57) Attention entre Langeac et Le Puy, c&rsquo;est un car (qui prend normalement les v\u00e9los, comme les trains, mais toujours selon la place disponible)<br \/>\nou bien :<br \/>\nD\u00e9part de\u00a0Clermont-Ferrand\u00a0:\u00a09h29 jusqu&rsquo;au\u00a0Puy en Velay (arriv\u00e9e 11h33), sans changement. Ce train prend aussi les v\u00e9los<\/span><\/p>\n<p align=\"left\"><strong><span style=\"text-decoration: underline;\">Depuis M\u00e9rindol (Avignon) :<\/span><\/strong><\/p>\n<p align=\"left\"><span style=\"text-decoration: underline;\">mercredi\u00a024 ao\u00fbt\u00a0<\/span>\u00a0\u00e9tape de 70 Km, d\u00e9part\u00a0de M\u00e9rindol, \u00e0 \u00a010 heures, il se rendra en Avignon,\u00a0via le Thor,\u00a0(arr\u00eat en gare d&rsquo;Avignon vers 17 heures pour r\u00e9cup\u00e9rer d&rsquo;\u00e9ventuels participants). Lieu de couchage : Valligui\u00e8re.<\/p>\n<p align=\"left\"><span style=\"text-decoration: underline;\">jeudi 25 ao\u00fbt<\/span>, \u00e9tape de 30 Km : de Valligui\u00e8re \u00e0 Uz\u00e8s (vers 11 heures), arriv\u00e9e \u00e0 Al\u00e8s (entre 12 et \u00a015 h) pour retrouver les autres parcours et arriver ensemble \u00e0 L\u00e9zan.<br \/>\nPour tout renseignement sur ce parcours, se signaler aupr\u00e8s de Vincent : \u00a004 90 72 83 89.<br \/>\nou : \u00a0<a href=\"mailto:vincej42@gmail.com\">vincej42@gmail.com<\/a><\/p>\n<p align=\"left\"><strong><span style=\"text-decoration: underline;\">Depuis Pierrelatte <\/span><\/strong><strong>:<\/strong><\/p>\n<p align=\"left\">1\/ \u00a0Parcours cycliste de 92 Km de Pierrelatte \u00e0 Al\u00e8s<br \/>\nTrain depuis Lyon jusqu&rsquo;\u00e0 Pierrelatte<br \/>\nLyon \u2013 gare de Lyon-Part-Dieu (69001)\u00a0\u00a0Pierrelatte \u2013 gare de Pierrelatte (26700)<br \/>\nD\u00e9part :\u00a0le 26\/08\/2011 \u00e0 07h25<br \/>\nArriv\u00e9e :\u00a0le 26\/08\/2011 \u00e0 09h10<br \/>\nTemps de trajet en train :\u00a01h45mn<\/p>\n<p align=\"left\"><em>Itin\u00e9raire sur <a href=\"http:\/\/www.openrunner.com\/index.php?id=1080320\">Openrunner \u00ab\u00a0Il y a un schiste dans l&rsquo;eau\u00a0\u00bb de Pierrelatte \u00e0 Al\u00e8s<\/a>\u00a0<\/em><\/p>\n<p align=\"left\"><strong><span style=\"text-decoration: underline;\">Un autre PARCOURS<\/span><\/strong> serait en train de se dessiner depuis <strong>Montpellier<\/strong> ou <strong>N\u00eemes<\/strong> partant le jeudi 25 ao\u00fbt au matin jusqu&rsquo;\u00e0 L\u00e9zan.. A suivre aupr\u00e8s de\u00a0 <a href=\"mailto:patrice.brixner@wanadoo.fr\">Patrice<\/a> :<\/p>\n<p align=\"left\"><span style=\"text-decoration: underline;\">Et un <strong>PARCOURS<\/strong> au d\u00e9part de <strong>PARIS !!! <\/strong><\/span><br \/>\n&#8230; qui rejoindra le Puy en Velay le Lundi 22 ao\u00fbt au matin : voir cela avec <a href=\"mailto:francis.guillot3@wanadoo.fr\">Francis<\/a><\/p>\n","protected":false},"excerpt":{"rendered":"<p>CONVERGENCE CITOYENNE POUR UNE TRANSITION \u00c9NERG\u00c9TIQUE \u00ab \u00c9NERGIES POUR LA PLAN\u00c8TE \u00bb 26, 27 et 28 ao\u00fbt 2011 \u00e0 L\u00e9zan (30) Programme pr\u00e9visionnel (10 ao\u00fbt) &gt;&gt; Arriv\u00e9e \u00e0 Lezan \u00e0 17h le 25 ao\u00fbt &#8211; ET AVANT : Rendez-vous : La Gare ferrovi\u00e8re d&rsquo;Al\u00e8s \u00e0 partir de midi, pour un &#8230; <\/p>\n<div><a href=\"https:\/\/www.altercampagne.net\/?p=3730\" class=\"more-link\">Read More<\/a><\/div>\n","protected":false},"author":214,"featured_media":0,"comment_status":"closed","ping_status":"closed","sticky":false,"template":"","format":"standard","meta":{"footnotes":""},"categories":[1],"tags":[62,1075,1201,1298,1336,1337,1338,1339,1340,1341,1973],"class_list":["post-3730","post","type-post","status-publish","format-standard","hentry","category-non-classe","tag-lyon","tag-gard","tag-transition-energetique","tag-avignon","tag-convergence","tag-lezan","tag-ales","tag-puy-en-velay","tag-pierrelatte","tag-montpellier","tag-languedoc-roussillon","no-post-thumbnail"],"yoast_head":"<!-- This site is optimized with the Yoast SEO plugin v27.3 - https:\/\/yoast.com\/product\/yoast-seo-wordpress\/ -->\n<title>Convergence \u00e0 v\u00e9lo vers L\u00e9zan, site militant fin-ao\u00fbt - AlterTour<\/title>\n<meta name=\"robots\" content=\"index, follow, max-snippet:-1, max-image-preview:large, max-video-preview:-1\" \/>\n<link rel=\"canonical\" href=\"https:\/\/www.altercampagne.net\/?p=3730\" \/>\n<meta property=\"og:locale\" content=\"fr_FR\" \/>\n<meta property=\"og:type\" content=\"article\" \/>\n<meta property=\"og:title\" content=\"Convergence \u00e0 v\u00e9lo vers L\u00e9zan, site militant fin-ao\u00fbt - AlterTour\" \/>\n<meta property=\"og:description\" content=\"CONVERGENCE CITOYENNE POUR UNE TRANSITION \u00c9NERG\u00c9TIQUE \u00ab \u00c9NERGIES POUR LA PLAN\u00c8TE \u00bb 26, 27 et 28 ao\u00fbt 2011 \u00e0 L\u00e9zan (30) Programme pr\u00e9visionnel (10 ao\u00fbt) &gt;&gt; Arriv\u00e9e \u00e0 Lezan \u00e0 17h le 25 ao\u00fbt &#8211; ET AVANT : Rendez-vous : La Gare ferrovi\u00e8re d&rsquo;Al\u00e8s \u00e0 partir de midi, pour un ... Read More\" \/>\n<meta property=\"og:url\" content=\"https:\/\/www.altercampagne.net\/?p=3730\" \/>\n<meta property=\"og:site_name\" content=\"AlterTour\" \/>\n<meta property=\"article:published_time\" content=\"2011-08-18T12:33:02+00:00\" \/>\n<meta property=\"article:modified_time\" content=\"2016-04-20T13:25:15+00:00\" \/>\n<meta name=\"author\" content=\"Mathieu\" \/>\n<meta name=\"twitter:card\" content=\"summary_large_image\" \/>\n<meta name=\"twitter:label1\" content=\"\u00c9crit par\" \/>\n\t<meta name=\"twitter:data1\" content=\"Mathieu\" \/>\n\t<meta name=\"twitter:label2\" content=\"Dur\u00e9e de lecture estim\u00e9e\" \/>\n\t<meta name=\"twitter:data2\" content=\"2 minutes\" \/>\n<script type=\"application\/ld+json\" class=\"yoast-schema-graph\">{\"@context\":\"https:\\\/\\\/schema.org\",\"@graph\":[{\"@type\":\"Article\",\"@id\":\"https:\\\/\\\/www.altercampagne.net\\\/?p=3730#article\",\"isPartOf\":{\"@id\":\"https:\\\/\\\/www.altercampagne.net\\\/?p=3730\"},\"author\":{\"name\":\"Mathieu\",\"@id\":\"https:\\\/\\\/www.altercampagne.net\\\/#\\\/schema\\\/person\\\/0f261460c09e430caa0f9bcffa319109\"},\"headline\":\"Convergence \u00e0 v\u00e9lo vers L\u00e9zan, site militant fin-ao\u00fbt\",\"datePublished\":\"2011-08-18T12:33:02+00:00\",\"dateModified\":\"2016-04-20T13:25:15+00:00\",\"mainEntityOfPage\":{\"@id\":\"https:\\\/\\\/www.altercampagne.net\\\/?p=3730\"},\"wordCount\":488,\"keywords\":[\"lyon\",\"Gard\",\"transition \u00e9nerg\u00e9tique\",\"avignon\",\"convergence\",\"l\u00e9zan\",\"al\u00e8s\",\"puy en velay\",\"pierrelatte\",\"Montpellier\",\"languedoc-roussillon\"],\"inLanguage\":\"fr-FR\"},{\"@type\":\"WebPage\",\"@id\":\"https:\\\/\\\/www.altercampagne.net\\\/?p=3730\",\"url\":\"https:\\\/\\\/www.altercampagne.net\\\/?p=3730\",\"name\":\"Convergence \u00e0 v\u00e9lo vers L\u00e9zan, site militant fin-ao\u00fbt - AlterTour\",\"isPartOf\":{\"@id\":\"https:\\\/\\\/www.altercampagne.net\\\/#website\"},\"datePublished\":\"2011-08-18T12:33:02+00:00\",\"dateModified\":\"2016-04-20T13:25:15+00:00\",\"author\":{\"@id\":\"https:\\\/\\\/www.altercampagne.net\\\/#\\\/schema\\\/person\\\/0f261460c09e430caa0f9bcffa319109\"},\"breadcrumb\":{\"@id\":\"https:\\\/\\\/www.altercampagne.net\\\/?p=3730#breadcrumb\"},\"inLanguage\":\"fr-FR\",\"potentialAction\":[{\"@type\":\"ReadAction\",\"target\":[\"https:\\\/\\\/www.altercampagne.net\\\/?p=3730\"]}]},{\"@type\":\"BreadcrumbList\",\"@id\":\"https:\\\/\\\/www.altercampagne.net\\\/?p=3730#breadcrumb\",\"itemListElement\":[{\"@type\":\"ListItem\",\"position\":1,\"name\":\"Accueil\",\"item\":\"https:\\\/\\\/www.altercampagne.net\\\/\"},{\"@type\":\"ListItem\",\"position\":2,\"name\":\"Convergence \u00e0 v\u00e9lo vers L\u00e9zan, site militant fin-ao\u00fbt\"}]},{\"@type\":\"WebSite\",\"@id\":\"https:\\\/\\\/www.altercampagne.net\\\/#website\",\"url\":\"https:\\\/\\\/www.altercampagne.net\\\/\",\"name\":\"AlterTour\",\"description\":\"Reliez les Alternatives \u00e0 v\u00e9lo\",\"potentialAction\":[{\"@type\":\"SearchAction\",\"target\":{\"@type\":\"EntryPoint\",\"urlTemplate\":\"https:\\\/\\\/www.altercampagne.net\\\/?s={search_term_string}\"},\"query-input\":{\"@type\":\"PropertyValueSpecification\",\"valueRequired\":true,\"valueName\":\"search_term_string\"}}],\"inLanguage\":\"fr-FR\"},{\"@type\":\"Person\",\"@id\":\"https:\\\/\\\/www.altercampagne.net\\\/#\\\/schema\\\/person\\\/0f261460c09e430caa0f9bcffa319109\",\"name\":\"Mathieu\",\"image\":{\"@type\":\"ImageObject\",\"inLanguage\":\"fr-FR\",\"@id\":\"https:\\\/\\\/secure.gravatar.com\\\/avatar\\\/aa9d3d24c83f2141e5e2709d0f63d09a99f6be6bb7a50abc4915838d9f54501a?s=96&d=mm&r=g\",\"url\":\"https:\\\/\\\/secure.gravatar.com\\\/avatar\\\/aa9d3d24c83f2141e5e2709d0f63d09a99f6be6bb7a50abc4915838d9f54501a?s=96&d=mm&r=g\",\"contentUrl\":\"https:\\\/\\\/secure.gravatar.com\\\/avatar\\\/aa9d3d24c83f2141e5e2709d0f63d09a99f6be6bb7a50abc4915838d9f54501a?s=96&d=mm&r=g\",\"caption\":\"Mathieu\"},\"url\":\"https:\\\/\\\/www.altercampagne.net\\\/?author=214\"}]}<\/script>\n<!-- \/ Yoast SEO plugin. -->","yoast_head_json":{"title":"Convergence \u00e0 v\u00e9lo vers L\u00e9zan, site militant fin-ao\u00fbt - AlterTour","robots":{"index":"index","follow":"follow","max-snippet":"max-snippet:-1","max-image-preview":"max-image-preview:large","max-video-preview":"max-video-preview:-1"},"canonical":"https:\/\/www.altercampagne.net\/?p=3730","og_locale":"fr_FR","og_type":"article","og_title":"Convergence \u00e0 v\u00e9lo vers L\u00e9zan, site militant fin-ao\u00fbt - AlterTour","og_description":"CONVERGENCE CITOYENNE POUR UNE TRANSITION \u00c9NERG\u00c9TIQUE \u00ab \u00c9NERGIES POUR LA PLAN\u00c8TE \u00bb 26, 27 et 28 ao\u00fbt 2011 \u00e0 L\u00e9zan (30) Programme pr\u00e9visionnel (10 ao\u00fbt) &gt;&gt; Arriv\u00e9e \u00e0 Lezan \u00e0 17h le 25 ao\u00fbt &#8211; ET AVANT : Rendez-vous : La Gare ferrovi\u00e8re d&rsquo;Al\u00e8s \u00e0 partir de midi, pour un ... Read More","og_url":"https:\/\/www.altercampagne.net\/?p=3730","og_site_name":"AlterTour","article_published_time":"2011-08-18T12:33:02+00:00","article_modified_time":"2016-04-20T13:25:15+00:00","author":"Mathieu","twitter_card":"summary_large_image","twitter_misc":{"\u00c9crit par":"Mathieu","Dur\u00e9e de lecture estim\u00e9e":"2 minutes"},"schema":{"@context":"https:\/\/schema.org","@graph":[{"@type":"Article","@id":"https:\/\/www.altercampagne.net\/?p=3730#article","isPartOf":{"@id":"https:\/\/www.altercampagne.net\/?p=3730"},"author":{"name":"Mathieu","@id":"https:\/\/www.altercampagne.net\/#\/schema\/person\/0f261460c09e430caa0f9bcffa319109"},"headline":"Convergence \u00e0 v\u00e9lo vers L\u00e9zan, site militant fin-ao\u00fbt","datePublished":"2011-08-18T12:33:02+00:00","dateModified":"2016-04-20T13:25:15+00:00","mainEntityOfPage":{"@id":"https:\/\/www.altercampagne.net\/?p=3730"},"wordCount":488,"keywords":["lyon","Gard","transition \u00e9nerg\u00e9tique","avignon","convergence","l\u00e9zan","al\u00e8s","puy en velay","pierrelatte","Montpellier","languedoc-roussillon"],"inLanguage":"fr-FR"},{"@type":"WebPage","@id":"https:\/\/www.altercampagne.net\/?p=3730","url":"https:\/\/www.altercampagne.net\/?p=3730","name":"Convergence \u00e0 v\u00e9lo vers L\u00e9zan, site militant fin-ao\u00fbt - AlterTour","isPartOf":{"@id":"https:\/\/www.altercampagne.net\/#website"},"datePublished":"2011-08-18T12:33:02+00:00","dateModified":"2016-04-20T13:25:15+00:00","author":{"@id":"https:\/\/www.altercampagne.net\/#\/schema\/person\/0f261460c09e430caa0f9bcffa319109"},"breadcrumb":{"@id":"https:\/\/www.altercampagne.net\/?p=3730#breadcrumb"},"inLanguage":"fr-FR","potentialAction":[{"@type":"ReadAction","target":["https:\/\/www.altercampagne.net\/?p=3730"]}]},{"@type":"BreadcrumbList","@id":"https:\/\/www.altercampagne.net\/?p=3730#breadcrumb","itemListElement":[{"@type":"ListItem","position":1,"name":"Accueil","item":"https:\/\/www.altercampagne.net\/"},{"@type":"ListItem","position":2,"name":"Convergence \u00e0 v\u00e9lo vers L\u00e9zan, site militant fin-ao\u00fbt"}]},{"@type":"WebSite","@id":"https:\/\/www.altercampagne.net\/#website","url":"https:\/\/www.altercampagne.net\/","name":"AlterTour","description":"Reliez les Alternatives \u00e0 v\u00e9lo","potentialAction":[{"@type":"SearchAction","target":{"@type":"EntryPoint","urlTemplate":"https:\/\/www.altercampagne.net\/?s={search_term_string}"},"query-input":{"@type":"PropertyValueSpecification","valueRequired":true,"valueName":"search_term_string"}}],"inLanguage":"fr-FR"},{"@type":"Person","@id":"https:\/\/www.altercampagne.net\/#\/schema\/person\/0f261460c09e430caa0f9bcffa319109","name":"Mathieu","image":{"@type":"ImageObject","inLanguage":"fr-FR","@id":"https:\/\/secure.gravatar.com\/avatar\/aa9d3d24c83f2141e5e2709d0f63d09a99f6be6bb7a50abc4915838d9f54501a?s=96&d=mm&r=g","url":"https:\/\/secure.gravatar.com\/avatar\/aa9d3d24c83f2141e5e2709d0f63d09a99f6be6bb7a50abc4915838d9f54501a?s=96&d=mm&r=g","contentUrl":"https:\/\/secure.gravatar.com\/avatar\/aa9d3d24c83f2141e5e2709d0f63d09a99f6be6bb7a50abc4915838d9f54501a?s=96&d=mm&r=g","caption":"Mathieu"},"url":"https:\/\/www.altercampagne.net\/?author=214"}]}},"_links":{"self":[{"href":"https:\/\/www.altercampagne.net\/index.php?rest_route=\/wp\/v2\/posts\/3730","targetHints":{"allow":["GET"]}}],"collection":[{"href":"https:\/\/www.altercampagne.net\/index.php?rest_route=\/wp\/v2\/posts"}],"about":[{"href":"https:\/\/www.altercampagne.net\/index.php?rest_route=\/wp\/v2\/types\/post"}],"author":[{"embeddable":true,"href":"https:\/\/www.altercampagne.net\/index.php?rest_route=\/wp\/v2\/users\/214"}],"replies":[{"embeddable":true,"href":"https:\/\/www.altercampagne.net\/index.php?rest_route=%2Fwp%2Fv2%2Fcomments&post=3730"}],"version-history":[{"count":0,"href":"https:\/\/www.altercampagne.net\/index.php?rest_route=\/wp\/v2\/posts\/3730\/revisions"}],"wp:attachment":[{"href":"https:\/\/www.altercampagne.net\/index.php?rest_route=%2Fwp%2Fv2%2Fmedia&parent=3730"}],"wp:term":[{"taxonomy":"category","embeddable":true,"href":"https:\/\/www.altercampagne.net\/index.php?rest_route=%2Fwp%2Fv2%2Fcategories&post=3730"},{"taxonomy":"post_tag","embeddable":true,"href":"https:\/\/www.altercampagne.net\/index.php?rest_route=%2Fwp%2Fv2%2Ftags&post=3730"}],"curies":[{"name":"wp","href":"https:\/\/api.w.org\/{rel}","templated":true}]}}