{"id":3732,"date":"2011-08-17T14:37:05","date_gmt":"2011-08-17T12:37:05","guid":{"rendered":"http:\/\/www.altercampagne.net\/?p=3732"},"modified":"2016-04-21T08:31:35","modified_gmt":"2016-04-21T06:31:35","slug":"rendez-vous-devant-le-tribunal-de-saint-nazaire-a-9-heures","status":"publish","type":"post","link":"https:\/\/www.altercampagne.net\/?p=3732","title":{"rendered":"Rendez-vous devant le tribunal de Saint-Nazaire \u00e0 9 heures"},"content":{"rendered":"<p align=\"left\"><em>\u00a0<span class=\"Style13 Style126\">Apr\u00e8s celle du camp militaire du Larzac, l&rsquo;extension du champ a\u00e9roportuaire de Nantes fait R\u00e9sistance.<\/span><\/em><\/p>\n<p class=\"Style13 Style126\" align=\"left\">\u00a0\u00a0Ce sont parfois les m\u00eames qui luttaient pour la pr\u00e9servation des terres agricoles du Larzac dans les ann\u00e9s 70 que l&rsquo;on retrouve \u00e0 Notre-Dame-de-Landes, au nord de Nantes. Parmi eux, les altercyclistes Anne et Maurice, que les paysans de la Blaqui\u00e8re ont revu avec \u00e9motion \u00e0 l&rsquo;occasion de l&rsquo;arriv\u00e9e de l&rsquo;AlterTour 2012 sur le Larzac, plus de 30 ans apr\u00e8s les \u00e9v\u00e9nements.<\/p>\n<p>Parmi les arguments les plus convainquants qui justifient la construction d&rsquo;un second a\u00e9roport dans la r\u00e9gion de Nantes, on retiendra qu&rsquo;un tel ouvrage aurait pu permettre au Concorde de d\u00e9coller \u00e0 pleine puissance de l&rsquo;ouest de la France vers les USA, en g\u00eanant moins de riverains qu&rsquo;en partant de Paris. Dans la p\u00e9riode actuelle de r\u00e9cession \u00e9conomique, de r\u00e9chauffement climatique et de d\u00e9pendance alimentaire des grandes villes, ce projet de 4 milliards d&rsquo;euros avance \u00e0 contre-courant du vrai progr\u00e8s : pr\u00e9server les territoires agricoles autour des m\u00e9tropoles pour les alimenter sainement et sans d\u00e9pense \u00e9nerg\u00e9tique excessive. Transport global pour courir ou Bio local pour se nourrir, il faut choisir&#8230;<\/p>\n<p class=\"Style13 Style129\" align=\"justify\">Le mercredi 17 ao\u00fbt, des nouveaux habitants de la zone pr\u00e9vue pour la construction d\u2019un nouvel a\u00e9roport \u00e0 Notre Dame des Landes sont convoqu\u00e9s devant le Tribunal de Saint Nazaire. Leur crime : avoir investi des habitations laiss\u00e9es \u00e0 l\u2019abandon et avoir ainsi \u00e9vit\u00e9 que, non entretenues, elles se d\u00e9t\u00e9riorent ou m\u00eame soient vandalis\u00e9es comme cela a, h\u00e9las, \u00e9t\u00e9 le cas pour plusieurs d\u2019entre elles. Des terres \u00e9galement laiss\u00e9es \u00e0 l&rsquo;abandon ont \u00e9t\u00e9 r\u00e9investies et remises en culture par ces nouveaux habitants.<br \/>\n(&#8230;)<br \/>\nNous n\u2019acceptons pas que ces habitants soient expuls\u00e9s de leurs logements et, au contraire, nous voulons qu\u2019une solution p\u00e9renne soit rapidement trouv\u00e9e &#8211; dans le dialogue &#8211; pour l\u00e9galiser leur acc\u00e8s \u00e0 ces logements et \u00e0 ces terres.<\/p>\n<div align=\"justify\"><span class=\"Style13 Style129\">C\u2019est ce que nous affirmerons en nous rassemblant, de mani\u00e8re citoyenne et\u00a0 pacifique, sans r\u00e9pondre aux provocations de toutes parts &#8211; et particuli\u00e8rement polici\u00e8res &#8211; devant le Tribunal de Saint Nazaire. L\u2019audience \u00e9tant pr\u00e9vue \u00e0 <strong>9 heures le mercredi 17 ao\u00fbt<\/strong>, nous donnons rendez-vous \u00e0 la population pour un rassemblement au cours duquel la coordination des opposants au projet d&rsquo;a\u00e9roport prendra la parole. Notre protestation contre toute expulsion ne s\u2019arr\u00eatera pas au 17 ao\u00fbt, ainsi <a href=\"http:\/\/acipa.free.fr\/\">nous invitons \u00e0 \u00eatre attentif aux appels ult\u00e9rieurs<\/a>.<\/span><\/div>\n<div align=\"justify\"><\/div>\n<div align=\"justify\"><img loading=\"lazy\" decoding=\"async\" class=\" alignright\" src=\"http:\/\/altercampagne.free.fr\/pages\/2008\/AlterTour\/pic\/NddL-Blesse.jpg\" alt=\"\" width=\"300\" height=\"225\" \/>Ce 27 juillet, \u00e0 l\u2019a\u00e9roport de Nantes-Atlantique, plusieurs centaines de personnes \u00e9taient rassembl\u00e9es pour une manifestation festive contre le projet d\u2019a\u00e9roport de Notre-Dame-des-Landes et les expulsions qui y sont li\u00e9es.<br \/>\nBanderoles, slogans, plantation de l\u00e9gumes, sandalettes, d\u00e9fil\u00e9 d\u2019avions par une compagnie de clowns, etc. Ambiance champ\u00eatre et bruyante dans le hall 1 !<br \/>\nDes personnes qui chantaient devant les bureaux d\u2019AGO (A\u00e9roport Grand Ouest) ont alors \u00e9t\u00e9 charg\u00e9es, gaz\u00e9es, pi\u00e9tin\u00e9es, frapp\u00e9es au sol par les forces de l\u2019ordre, provoquant la col\u00e8re et renfor\u00e7ant la d\u00e9termination des opposant-e-s au projet d\u2019a\u00e9roport.<br \/>\nPlusieurs interpellations ont eu lieu, ainsi que de nombreux-ses bless\u00e9-e-s dont trois hospitalis\u00e9-e-s qui mettront plusieurs mois \u00e0 se r\u00e9tablir.<br \/>\nNous, collectifs et individu-e-s qui appelions \u00e0 ce rassemblement, d\u00e9non\u00e7ons la violence inou\u00efe d\u00e9ploy\u00e9e \u00e0 l\u2019occasion de cette manifestation commune et exigeons la lib\u00e9ration et l\u2019arr\u00eat des poursuites visant les interpell\u00e9-e-s.<\/div>\n<div align=\"justify\"><span class=\"Style40\">Les occupant-e-s de la ZAD, Coordination des associations et mouvements politiques oppos\u00e9s au projet d\u2019a\u00e9roport de Notre-Dame-des-Landes, Acipa, Alternatifs, Breizhistance, CNT, DAL, NPA, Union syndicale Solidaires.<\/span><\/div>\n","protected":false},"excerpt":{"rendered":"<p>\u00a0Apr\u00e8s celle du camp militaire du Larzac, l&rsquo;extension du champ a\u00e9roportuaire de Nantes fait R\u00e9sistance. \u00a0\u00a0Ce sont parfois les m\u00eames qui luttaient pour la pr\u00e9servation des terres agricoles du Larzac dans les ann\u00e9s 70 que l&rsquo;on retrouve \u00e0 Notre-Dame-de-Landes, au nord de Nantes. Parmi eux, les altercyclistes Anne et Maurice, &#8230; <\/p>\n<div><a href=\"https:\/\/www.altercampagne.net\/?p=3732\" class=\"more-link\">Read More<\/a><\/div>\n","protected":false},"author":214,"featured_media":0,"comment_status":"closed","ping_status":"closed","sticky":false,"template":"","format":"standard","meta":{"footnotes":""},"categories":[1],"tags":[705,836,1342,1343,1344,1345,1844,1923,1979],"class_list":["post-3732","post","type-post","status-publish","format-standard","hentry","category-non-classe","tag-larzac","tag-altertour-2011","tag-tribunal","tag-saint-nazaire","tag-notre-dame-de-landes","tag-blaquiere","tag-midi-pyrenees","tag-aveyron","tag-1979","no-post-thumbnail"],"yoast_head":"<!-- This site is optimized with the Yoast SEO plugin v27.3 - https:\/\/yoast.com\/product\/yoast-seo-wordpress\/ -->\n<title>Rendez-vous devant le tribunal de Saint-Nazaire \u00e0 9 heures - AlterTour<\/title>\n<meta name=\"robots\" content=\"index, follow, max-snippet:-1, max-image-preview:large, max-video-preview:-1\" \/>\n<link rel=\"canonical\" href=\"https:\/\/www.altercampagne.net\/?p=3732\" \/>\n<meta property=\"og:locale\" content=\"fr_FR\" \/>\n<meta property=\"og:type\" content=\"article\" \/>\n<meta property=\"og:title\" content=\"Rendez-vous devant le tribunal de Saint-Nazaire \u00e0 9 heures - AlterTour\" \/>\n<meta property=\"og:description\" content=\"\u00a0Apr\u00e8s celle du camp militaire du Larzac, l&rsquo;extension du champ a\u00e9roportuaire de Nantes fait R\u00e9sistance. \u00a0\u00a0Ce sont parfois les m\u00eames qui luttaient pour la pr\u00e9servation des terres agricoles du Larzac dans les ann\u00e9s 70 que l&rsquo;on retrouve \u00e0 Notre-Dame-de-Landes, au nord de Nantes. Parmi eux, les altercyclistes Anne et Maurice, ... Read More\" \/>\n<meta property=\"og:url\" content=\"https:\/\/www.altercampagne.net\/?p=3732\" \/>\n<meta property=\"og:site_name\" content=\"AlterTour\" \/>\n<meta property=\"article:published_time\" content=\"2011-08-17T12:37:05+00:00\" \/>\n<meta property=\"article:modified_time\" content=\"2016-04-21T06:31:35+00:00\" \/>\n<meta property=\"og:image\" content=\"http:\/\/altercampagne.free.fr\/pages\/2008\/AlterTour\/pic\/NddL-Blesse.jpg\" \/>\n<meta name=\"author\" content=\"Mathieu\" \/>\n<meta name=\"twitter:card\" content=\"summary_large_image\" \/>\n<meta name=\"twitter:label1\" content=\"\u00c9crit par\" \/>\n\t<meta name=\"twitter:data1\" content=\"Mathieu\" \/>\n\t<meta name=\"twitter:label2\" content=\"Dur\u00e9e de lecture estim\u00e9e\" \/>\n\t<meta name=\"twitter:data2\" content=\"3 minutes\" \/>\n<script type=\"application\/ld+json\" class=\"yoast-schema-graph\">{\"@context\":\"https:\\\/\\\/schema.org\",\"@graph\":[{\"@type\":\"Article\",\"@id\":\"https:\\\/\\\/www.altercampagne.net\\\/?p=3732#article\",\"isPartOf\":{\"@id\":\"https:\\\/\\\/www.altercampagne.net\\\/?p=3732\"},\"author\":{\"name\":\"Mathieu\",\"@id\":\"https:\\\/\\\/www.altercampagne.net\\\/#\\\/schema\\\/person\\\/0f261460c09e430caa0f9bcffa319109\"},\"headline\":\"Rendez-vous devant le tribunal de Saint-Nazaire \u00e0 9 heures\",\"datePublished\":\"2011-08-17T12:37:05+00:00\",\"dateModified\":\"2016-04-21T06:31:35+00:00\",\"mainEntityOfPage\":{\"@id\":\"https:\\\/\\\/www.altercampagne.net\\\/?p=3732\"},\"wordCount\":643,\"image\":{\"@id\":\"https:\\\/\\\/www.altercampagne.net\\\/?p=3732#primaryimage\"},\"thumbnailUrl\":\"http:\\\/\\\/altercampagne.free.fr\\\/pages\\\/2008\\\/AlterTour\\\/pic\\\/NddL-Blesse.jpg\",\"keywords\":[\"larzac\",\"AlterTour 2011\",\"tribunal\",\"Saint-Nazaire\",\"Notre-Dame-de-Landes\",\"Blaqui\u00e8re\",\"Midi-Pyr\u00e9n\u00e9es\",\"Aveyron\",\"2011\"],\"inLanguage\":\"fr-FR\"},{\"@type\":\"WebPage\",\"@id\":\"https:\\\/\\\/www.altercampagne.net\\\/?p=3732\",\"url\":\"https:\\\/\\\/www.altercampagne.net\\\/?p=3732\",\"name\":\"Rendez-vous devant le tribunal de Saint-Nazaire \u00e0 9 heures - AlterTour\",\"isPartOf\":{\"@id\":\"https:\\\/\\\/www.altercampagne.net\\\/#website\"},\"primaryImageOfPage\":{\"@id\":\"https:\\\/\\\/www.altercampagne.net\\\/?p=3732#primaryimage\"},\"image\":{\"@id\":\"https:\\\/\\\/www.altercampagne.net\\\/?p=3732#primaryimage\"},\"thumbnailUrl\":\"http:\\\/\\\/altercampagne.free.fr\\\/pages\\\/2008\\\/AlterTour\\\/pic\\\/NddL-Blesse.jpg\",\"datePublished\":\"2011-08-17T12:37:05+00:00\",\"dateModified\":\"2016-04-21T06:31:35+00:00\",\"author\":{\"@id\":\"https:\\\/\\\/www.altercampagne.net\\\/#\\\/schema\\\/person\\\/0f261460c09e430caa0f9bcffa319109\"},\"breadcrumb\":{\"@id\":\"https:\\\/\\\/www.altercampagne.net\\\/?p=3732#breadcrumb\"},\"inLanguage\":\"fr-FR\",\"potentialAction\":[{\"@type\":\"ReadAction\",\"target\":[\"https:\\\/\\\/www.altercampagne.net\\\/?p=3732\"]}]},{\"@type\":\"ImageObject\",\"inLanguage\":\"fr-FR\",\"@id\":\"https:\\\/\\\/www.altercampagne.net\\\/?p=3732#primaryimage\",\"url\":\"http:\\\/\\\/altercampagne.free.fr\\\/pages\\\/2008\\\/AlterTour\\\/pic\\\/NddL-Blesse.jpg\",\"contentUrl\":\"http:\\\/\\\/altercampagne.free.fr\\\/pages\\\/2008\\\/AlterTour\\\/pic\\\/NddL-Blesse.jpg\"},{\"@type\":\"BreadcrumbList\",\"@id\":\"https:\\\/\\\/www.altercampagne.net\\\/?p=3732#breadcrumb\",\"itemListElement\":[{\"@type\":\"ListItem\",\"position\":1,\"name\":\"Accueil\",\"item\":\"https:\\\/\\\/www.altercampagne.net\\\/\"},{\"@type\":\"ListItem\",\"position\":2,\"name\":\"Rendez-vous devant le tribunal de Saint-Nazaire \u00e0 9 heures\"}]},{\"@type\":\"WebSite\",\"@id\":\"https:\\\/\\\/www.altercampagne.net\\\/#website\",\"url\":\"https:\\\/\\\/www.altercampagne.net\\\/\",\"name\":\"AlterTour\",\"description\":\"Reliez les Alternatives \u00e0 v\u00e9lo\",\"potentialAction\":[{\"@type\":\"SearchAction\",\"target\":{\"@type\":\"EntryPoint\",\"urlTemplate\":\"https:\\\/\\\/www.altercampagne.net\\\/?s={search_term_string}\"},\"query-input\":{\"@type\":\"PropertyValueSpecification\",\"valueRequired\":true,\"valueName\":\"search_term_string\"}}],\"inLanguage\":\"fr-FR\"},{\"@type\":\"Person\",\"@id\":\"https:\\\/\\\/www.altercampagne.net\\\/#\\\/schema\\\/person\\\/0f261460c09e430caa0f9bcffa319109\",\"name\":\"Mathieu\",\"image\":{\"@type\":\"ImageObject\",\"inLanguage\":\"fr-FR\",\"@id\":\"https:\\\/\\\/secure.gravatar.com\\\/avatar\\\/aa9d3d24c83f2141e5e2709d0f63d09a99f6be6bb7a50abc4915838d9f54501a?s=96&d=mm&r=g\",\"url\":\"https:\\\/\\\/secure.gravatar.com\\\/avatar\\\/aa9d3d24c83f2141e5e2709d0f63d09a99f6be6bb7a50abc4915838d9f54501a?s=96&d=mm&r=g\",\"contentUrl\":\"https:\\\/\\\/secure.gravatar.com\\\/avatar\\\/aa9d3d24c83f2141e5e2709d0f63d09a99f6be6bb7a50abc4915838d9f54501a?s=96&d=mm&r=g\",\"caption\":\"Mathieu\"},\"url\":\"https:\\\/\\\/www.altercampagne.net\\\/?author=214\"}]}<\/script>\n<!-- \/ Yoast SEO plugin. -->","yoast_head_json":{"title":"Rendez-vous devant le tribunal de Saint-Nazaire \u00e0 9 heures - AlterTour","robots":{"index":"index","follow":"follow","max-snippet":"max-snippet:-1","max-image-preview":"max-image-preview:large","max-video-preview":"max-video-preview:-1"},"canonical":"https:\/\/www.altercampagne.net\/?p=3732","og_locale":"fr_FR","og_type":"article","og_title":"Rendez-vous devant le tribunal de Saint-Nazaire \u00e0 9 heures - AlterTour","og_description":"\u00a0Apr\u00e8s celle du camp militaire du Larzac, l&rsquo;extension du champ a\u00e9roportuaire de Nantes fait R\u00e9sistance. \u00a0\u00a0Ce sont parfois les m\u00eames qui luttaient pour la pr\u00e9servation des terres agricoles du Larzac dans les ann\u00e9s 70 que l&rsquo;on retrouve \u00e0 Notre-Dame-de-Landes, au nord de Nantes. Parmi eux, les altercyclistes Anne et Maurice, ... Read More","og_url":"https:\/\/www.altercampagne.net\/?p=3732","og_site_name":"AlterTour","article_published_time":"2011-08-17T12:37:05+00:00","article_modified_time":"2016-04-21T06:31:35+00:00","og_image":[{"url":"http:\/\/altercampagne.free.fr\/pages\/2008\/AlterTour\/pic\/NddL-Blesse.jpg","type":"","width":"","height":""}],"author":"Mathieu","twitter_card":"summary_large_image","twitter_misc":{"\u00c9crit par":"Mathieu","Dur\u00e9e de lecture estim\u00e9e":"3 minutes"},"schema":{"@context":"https:\/\/schema.org","@graph":[{"@type":"Article","@id":"https:\/\/www.altercampagne.net\/?p=3732#article","isPartOf":{"@id":"https:\/\/www.altercampagne.net\/?p=3732"},"author":{"name":"Mathieu","@id":"https:\/\/www.altercampagne.net\/#\/schema\/person\/0f261460c09e430caa0f9bcffa319109"},"headline":"Rendez-vous devant le tribunal de Saint-Nazaire \u00e0 9 heures","datePublished":"2011-08-17T12:37:05+00:00","dateModified":"2016-04-21T06:31:35+00:00","mainEntityOfPage":{"@id":"https:\/\/www.altercampagne.net\/?p=3732"},"wordCount":643,"image":{"@id":"https:\/\/www.altercampagne.net\/?p=3732#primaryimage"},"thumbnailUrl":"http:\/\/altercampagne.free.fr\/pages\/2008\/AlterTour\/pic\/NddL-Blesse.jpg","keywords":["larzac","AlterTour 2011","tribunal","Saint-Nazaire","Notre-Dame-de-Landes","Blaqui\u00e8re","Midi-Pyr\u00e9n\u00e9es","Aveyron","2011"],"inLanguage":"fr-FR"},{"@type":"WebPage","@id":"https:\/\/www.altercampagne.net\/?p=3732","url":"https:\/\/www.altercampagne.net\/?p=3732","name":"Rendez-vous devant le tribunal de Saint-Nazaire \u00e0 9 heures - AlterTour","isPartOf":{"@id":"https:\/\/www.altercampagne.net\/#website"},"primaryImageOfPage":{"@id":"https:\/\/www.altercampagne.net\/?p=3732#primaryimage"},"image":{"@id":"https:\/\/www.altercampagne.net\/?p=3732#primaryimage"},"thumbnailUrl":"http:\/\/altercampagne.free.fr\/pages\/2008\/AlterTour\/pic\/NddL-Blesse.jpg","datePublished":"2011-08-17T12:37:05+00:00","dateModified":"2016-04-21T06:31:35+00:00","author":{"@id":"https:\/\/www.altercampagne.net\/#\/schema\/person\/0f261460c09e430caa0f9bcffa319109"},"breadcrumb":{"@id":"https:\/\/www.altercampagne.net\/?p=3732#breadcrumb"},"inLanguage":"fr-FR","potentialAction":[{"@type":"ReadAction","target":["https:\/\/www.altercampagne.net\/?p=3732"]}]},{"@type":"ImageObject","inLanguage":"fr-FR","@id":"https:\/\/www.altercampagne.net\/?p=3732#primaryimage","url":"http:\/\/altercampagne.free.fr\/pages\/2008\/AlterTour\/pic\/NddL-Blesse.jpg","contentUrl":"http:\/\/altercampagne.free.fr\/pages\/2008\/AlterTour\/pic\/NddL-Blesse.jpg"},{"@type":"BreadcrumbList","@id":"https:\/\/www.altercampagne.net\/?p=3732#breadcrumb","itemListElement":[{"@type":"ListItem","position":1,"name":"Accueil","item":"https:\/\/www.altercampagne.net\/"},{"@type":"ListItem","position":2,"name":"Rendez-vous devant le tribunal de Saint-Nazaire \u00e0 9 heures"}]},{"@type":"WebSite","@id":"https:\/\/www.altercampagne.net\/#website","url":"https:\/\/www.altercampagne.net\/","name":"AlterTour","description":"Reliez les Alternatives \u00e0 v\u00e9lo","potentialAction":[{"@type":"SearchAction","target":{"@type":"EntryPoint","urlTemplate":"https:\/\/www.altercampagne.net\/?s={search_term_string}"},"query-input":{"@type":"PropertyValueSpecification","valueRequired":true,"valueName":"search_term_string"}}],"inLanguage":"fr-FR"},{"@type":"Person","@id":"https:\/\/www.altercampagne.net\/#\/schema\/person\/0f261460c09e430caa0f9bcffa319109","name":"Mathieu","image":{"@type":"ImageObject","inLanguage":"fr-FR","@id":"https:\/\/secure.gravatar.com\/avatar\/aa9d3d24c83f2141e5e2709d0f63d09a99f6be6bb7a50abc4915838d9f54501a?s=96&d=mm&r=g","url":"https:\/\/secure.gravatar.com\/avatar\/aa9d3d24c83f2141e5e2709d0f63d09a99f6be6bb7a50abc4915838d9f54501a?s=96&d=mm&r=g","contentUrl":"https:\/\/secure.gravatar.com\/avatar\/aa9d3d24c83f2141e5e2709d0f63d09a99f6be6bb7a50abc4915838d9f54501a?s=96&d=mm&r=g","caption":"Mathieu"},"url":"https:\/\/www.altercampagne.net\/?author=214"}]}},"_links":{"self":[{"href":"https:\/\/www.altercampagne.net\/index.php?rest_route=\/wp\/v2\/posts\/3732","targetHints":{"allow":["GET"]}}],"collection":[{"href":"https:\/\/www.altercampagne.net\/index.php?rest_route=\/wp\/v2\/posts"}],"about":[{"href":"https:\/\/www.altercampagne.net\/index.php?rest_route=\/wp\/v2\/types\/post"}],"author":[{"embeddable":true,"href":"https:\/\/www.altercampagne.net\/index.php?rest_route=\/wp\/v2\/users\/214"}],"replies":[{"embeddable":true,"href":"https:\/\/www.altercampagne.net\/index.php?rest_route=%2Fwp%2Fv2%2Fcomments&post=3732"}],"version-history":[{"count":0,"href":"https:\/\/www.altercampagne.net\/index.php?rest_route=\/wp\/v2\/posts\/3732\/revisions"}],"wp:attachment":[{"href":"https:\/\/www.altercampagne.net\/index.php?rest_route=%2Fwp%2Fv2%2Fmedia&parent=3732"}],"wp:term":[{"taxonomy":"category","embeddable":true,"href":"https:\/\/www.altercampagne.net\/index.php?rest_route=%2Fwp%2Fv2%2Fcategories&post=3732"},{"taxonomy":"post_tag","embeddable":true,"href":"https:\/\/www.altercampagne.net\/index.php?rest_route=%2Fwp%2Fv2%2Ftags&post=3732"}],"curies":[{"name":"wp","href":"https:\/\/api.w.org\/{rel}","templated":true}]}}