{"id":3734,"date":"2011-07-27T20:41:31","date_gmt":"2011-07-27T18:41:31","guid":{"rendered":"http:\/\/www.altercampagne.net\/?p=3734"},"modified":"2019-09-16T17:17:20","modified_gmt":"2019-09-16T15:17:20","slug":"lauto-gestion-evolutive-un-concept-davenir","status":"publish","type":"post","link":"https:\/\/www.altercampagne.net\/?p=3734","title":{"rendered":"L&rsquo;auto-gestion \u00e9volutive : un concept d&rsquo;avenir"},"content":{"rendered":"<p class=\"Style13 Style126\" align=\"left\">Hormis les rencontres avec le collectif d&rsquo;Attac d&rsquo;Arles, un autre temps fort de la journ\u00e9e du 27 juillet a \u00e9t\u00e9 la pr\u00e9paration du repas en musique, signe s&rsquo;il en est de l&rsquo;importance de la nourriture d\u00e9vor\u00e9e par les Alter cyclistes, et donc <em>sub cons\u00e9quemment<\/em> de sa pr\u00e9paration.<br \/>\nOr donc, ce moment festif a \u00e9t\u00e9 l&rsquo;occasion de la cr\u00e9ation <em>ex nihilo<\/em>, ou peu s&rsquo;en faut d&rsquo;un nouveau concept qui est apparu au fur &amp; \u00e0 mesure de ce temps aussi brouillon que bon enfant.<\/p>\n<p class=\"Style13 Style126\" align=\"left\">Mais revenons au d\u00e9tail de cette maturation c\u00e9r\u00e9brale autant que culinaire.<br \/>\nA savoir : chacun(e) des participants avait une id\u00e9e bien arr\u00eat\u00e9e concernant tant le d\u00e9roulement des op\u00e9rations que le menu \u00e0 proposer \u00e0 nos convives : or donc, au regard des ingr\u00e9dients disponibles (l\u00e9gumes en pagailles, coquillettes du midi, \u00e9pices diverses &amp; vari\u00e9s, dont l&rsquo;incontournable pistou&#8230;), il fallait donc trancher d&rsquo;une mani\u00e8re ou d&rsquo;une autre autre, ce qui n&rsquo;\u00e9tait point chose facile, chacun(e) d\u00e9fendant ses propres pratiques, et ne voulant pas y d\u00e9roger&#8230;<br \/>\nEt c&rsquo;est pr\u00e9cis\u00e9ment \u00e0 ce moment que la magie de <em>\u00ab&nbsp;l&rsquo;autogestion \u00e9volutive&nbsp;\u00bb<\/em>, nouveau concept \u00e0 faire breveter sans plus tarder, \u00e0 vu jour : chacun(e) s&rsquo;est accord\u00e9 pour glisser au fur &amp; \u00e0 mesure de la pr\u00e9paration des ingr\u00e9dients (de l&rsquo;oignon au courgette, des \u0153ufs aux coquillettes) et de leur cuisson, son grain de sel&#8230;<br \/>\nEt, miracle de la cuisine, chacun(e) a ajout\u00e9 sa touche \u00e0 cette \u0153uvre collective qui a \u00e9t\u00e9 pl\u00e9biscit\u00e9e par des Alter Cyclistes pourtant pas si affam\u00e9s, au vu du peu d&rsquo;activit\u00e9s physiques pratiqu\u00e9es dans l&rsquo;apr\u00e8s-midi&#8230;<br \/>\nComme quoi l&rsquo;autogestion peut avoir un avenir pertinent, \u00e0 condition que chacun(e) puisse y apporter sa contribution personnelle.<\/p>\n<p class=\"Style13 Style126\" style=\"text-align: right;\" align=\"left\"><strong>Herv\u00e9, alterjournaliste du soir<\/strong><\/p>\n","protected":false},"excerpt":{"rendered":"<p>Hormis les rencontres avec le collectif d&rsquo;Attac d&rsquo;Arles, un autre temps fort de la journ\u00e9e du 27 juillet a \u00e9t\u00e9 la pr\u00e9paration du repas en musique, signe s&rsquo;il en est de l&rsquo;importance de la nourriture d\u00e9vor\u00e9e par les Alter cyclistes, et donc sub cons\u00e9quemment de sa pr\u00e9paration. Or donc, ce &#8230; <\/p>\n<div><a href=\"https:\/\/www.altercampagne.net\/?p=3734\" class=\"more-link\">Read More<\/a><\/div>\n","protected":false},"author":214,"featured_media":0,"comment_status":"closed","ping_status":"closed","sticky":false,"template":"","format":"standard","meta":{"footnotes":""},"categories":[3482,3464],"tags":[35,836,1319,1346,1979],"class_list":["post-3734","post","type-post","status-publish","format-standard","hentry","category-provence-alpes-cote-dazur","category-edition-2011","tag-autogestion","tag-altertour-2011","tag-altercycliste","tag-attac-darles","tag-1979","no-post-thumbnail"],"yoast_head":"<!-- This site is optimized with the Yoast SEO plugin v27.3 - https:\/\/yoast.com\/product\/yoast-seo-wordpress\/ -->\n<title>L&#039;auto-gestion \u00e9volutive : un concept d&#039;avenir - AlterTour<\/title>\n<meta name=\"robots\" content=\"index, follow, max-snippet:-1, max-image-preview:large, max-video-preview:-1\" \/>\n<link rel=\"canonical\" href=\"https:\/\/www.altercampagne.net\/?p=3734\" \/>\n<meta property=\"og:locale\" content=\"fr_FR\" \/>\n<meta property=\"og:type\" content=\"article\" \/>\n<meta property=\"og:title\" content=\"L&#039;auto-gestion \u00e9volutive : un concept d&#039;avenir - AlterTour\" \/>\n<meta property=\"og:description\" content=\"Hormis les rencontres avec le collectif d&rsquo;Attac d&rsquo;Arles, un autre temps fort de la journ\u00e9e du 27 juillet a \u00e9t\u00e9 la pr\u00e9paration du repas en musique, signe s&rsquo;il en est de l&rsquo;importance de la nourriture d\u00e9vor\u00e9e par les Alter cyclistes, et donc sub cons\u00e9quemment de sa pr\u00e9paration. Or donc, ce ... Read More\" \/>\n<meta property=\"og:url\" content=\"https:\/\/www.altercampagne.net\/?p=3734\" \/>\n<meta property=\"og:site_name\" content=\"AlterTour\" \/>\n<meta property=\"article:published_time\" content=\"2011-07-27T18:41:31+00:00\" \/>\n<meta property=\"article:modified_time\" content=\"2019-09-16T15:17:20+00:00\" \/>\n<meta name=\"author\" content=\"Mathieu\" \/>\n<meta name=\"twitter:card\" content=\"summary_large_image\" \/>\n<meta name=\"twitter:label1\" content=\"\u00c9crit par\" \/>\n\t<meta name=\"twitter:data1\" content=\"Mathieu\" \/>\n\t<meta name=\"twitter:label2\" content=\"Dur\u00e9e de lecture estim\u00e9e\" \/>\n\t<meta name=\"twitter:data2\" content=\"2 minutes\" \/>\n<script type=\"application\/ld+json\" class=\"yoast-schema-graph\">{\"@context\":\"https:\\\/\\\/schema.org\",\"@graph\":[{\"@type\":\"Article\",\"@id\":\"https:\\\/\\\/www.altercampagne.net\\\/?p=3734#article\",\"isPartOf\":{\"@id\":\"https:\\\/\\\/www.altercampagne.net\\\/?p=3734\"},\"author\":{\"name\":\"Mathieu\",\"@id\":\"https:\\\/\\\/www.altercampagne.net\\\/#\\\/schema\\\/person\\\/0f261460c09e430caa0f9bcffa319109\"},\"headline\":\"L&rsquo;auto-gestion \u00e9volutive : un concept d&rsquo;avenir\",\"datePublished\":\"2011-07-27T18:41:31+00:00\",\"dateModified\":\"2019-09-16T15:17:20+00:00\",\"mainEntityOfPage\":{\"@id\":\"https:\\\/\\\/www.altercampagne.net\\\/?p=3734\"},\"wordCount\":329,\"keywords\":[\"autogestion\",\"AlterTour 2011\",\"altercycliste\",\"Attac d'Arles\",\"2011\"],\"articleSection\":[\"Provence-Alpes-C\u00f4te d'Azur\",\"\u00c9dition 2011\"],\"inLanguage\":\"fr-FR\"},{\"@type\":\"WebPage\",\"@id\":\"https:\\\/\\\/www.altercampagne.net\\\/?p=3734\",\"url\":\"https:\\\/\\\/www.altercampagne.net\\\/?p=3734\",\"name\":\"L'auto-gestion \u00e9volutive : un concept d'avenir - AlterTour\",\"isPartOf\":{\"@id\":\"https:\\\/\\\/www.altercampagne.net\\\/#website\"},\"datePublished\":\"2011-07-27T18:41:31+00:00\",\"dateModified\":\"2019-09-16T15:17:20+00:00\",\"author\":{\"@id\":\"https:\\\/\\\/www.altercampagne.net\\\/#\\\/schema\\\/person\\\/0f261460c09e430caa0f9bcffa319109\"},\"breadcrumb\":{\"@id\":\"https:\\\/\\\/www.altercampagne.net\\\/?p=3734#breadcrumb\"},\"inLanguage\":\"fr-FR\",\"potentialAction\":[{\"@type\":\"ReadAction\",\"target\":[\"https:\\\/\\\/www.altercampagne.net\\\/?p=3734\"]}]},{\"@type\":\"BreadcrumbList\",\"@id\":\"https:\\\/\\\/www.altercampagne.net\\\/?p=3734#breadcrumb\",\"itemListElement\":[{\"@type\":\"ListItem\",\"position\":1,\"name\":\"Accueil\",\"item\":\"https:\\\/\\\/www.altercampagne.net\\\/\"},{\"@type\":\"ListItem\",\"position\":2,\"name\":\"L&rsquo;auto-gestion \u00e9volutive : un concept d&rsquo;avenir\"}]},{\"@type\":\"WebSite\",\"@id\":\"https:\\\/\\\/www.altercampagne.net\\\/#website\",\"url\":\"https:\\\/\\\/www.altercampagne.net\\\/\",\"name\":\"AlterTour\",\"description\":\"Reliez les Alternatives \u00e0 v\u00e9lo\",\"potentialAction\":[{\"@type\":\"SearchAction\",\"target\":{\"@type\":\"EntryPoint\",\"urlTemplate\":\"https:\\\/\\\/www.altercampagne.net\\\/?s={search_term_string}\"},\"query-input\":{\"@type\":\"PropertyValueSpecification\",\"valueRequired\":true,\"valueName\":\"search_term_string\"}}],\"inLanguage\":\"fr-FR\"},{\"@type\":\"Person\",\"@id\":\"https:\\\/\\\/www.altercampagne.net\\\/#\\\/schema\\\/person\\\/0f261460c09e430caa0f9bcffa319109\",\"name\":\"Mathieu\",\"image\":{\"@type\":\"ImageObject\",\"inLanguage\":\"fr-FR\",\"@id\":\"https:\\\/\\\/secure.gravatar.com\\\/avatar\\\/aa9d3d24c83f2141e5e2709d0f63d09a99f6be6bb7a50abc4915838d9f54501a?s=96&d=mm&r=g\",\"url\":\"https:\\\/\\\/secure.gravatar.com\\\/avatar\\\/aa9d3d24c83f2141e5e2709d0f63d09a99f6be6bb7a50abc4915838d9f54501a?s=96&d=mm&r=g\",\"contentUrl\":\"https:\\\/\\\/secure.gravatar.com\\\/avatar\\\/aa9d3d24c83f2141e5e2709d0f63d09a99f6be6bb7a50abc4915838d9f54501a?s=96&d=mm&r=g\",\"caption\":\"Mathieu\"},\"url\":\"https:\\\/\\\/www.altercampagne.net\\\/?author=214\"}]}<\/script>\n<!-- \/ Yoast SEO plugin. -->","yoast_head_json":{"title":"L'auto-gestion \u00e9volutive : un concept d'avenir - AlterTour","robots":{"index":"index","follow":"follow","max-snippet":"max-snippet:-1","max-image-preview":"max-image-preview:large","max-video-preview":"max-video-preview:-1"},"canonical":"https:\/\/www.altercampagne.net\/?p=3734","og_locale":"fr_FR","og_type":"article","og_title":"L'auto-gestion \u00e9volutive : un concept d'avenir - AlterTour","og_description":"Hormis les rencontres avec le collectif d&rsquo;Attac d&rsquo;Arles, un autre temps fort de la journ\u00e9e du 27 juillet a \u00e9t\u00e9 la pr\u00e9paration du repas en musique, signe s&rsquo;il en est de l&rsquo;importance de la nourriture d\u00e9vor\u00e9e par les Alter cyclistes, et donc sub cons\u00e9quemment de sa pr\u00e9paration. Or donc, ce ... Read More","og_url":"https:\/\/www.altercampagne.net\/?p=3734","og_site_name":"AlterTour","article_published_time":"2011-07-27T18:41:31+00:00","article_modified_time":"2019-09-16T15:17:20+00:00","author":"Mathieu","twitter_card":"summary_large_image","twitter_misc":{"\u00c9crit par":"Mathieu","Dur\u00e9e de lecture estim\u00e9e":"2 minutes"},"schema":{"@context":"https:\/\/schema.org","@graph":[{"@type":"Article","@id":"https:\/\/www.altercampagne.net\/?p=3734#article","isPartOf":{"@id":"https:\/\/www.altercampagne.net\/?p=3734"},"author":{"name":"Mathieu","@id":"https:\/\/www.altercampagne.net\/#\/schema\/person\/0f261460c09e430caa0f9bcffa319109"},"headline":"L&rsquo;auto-gestion \u00e9volutive : un concept d&rsquo;avenir","datePublished":"2011-07-27T18:41:31+00:00","dateModified":"2019-09-16T15:17:20+00:00","mainEntityOfPage":{"@id":"https:\/\/www.altercampagne.net\/?p=3734"},"wordCount":329,"keywords":["autogestion","AlterTour 2011","altercycliste","Attac d'Arles","2011"],"articleSection":["Provence-Alpes-C\u00f4te d'Azur","\u00c9dition 2011"],"inLanguage":"fr-FR"},{"@type":"WebPage","@id":"https:\/\/www.altercampagne.net\/?p=3734","url":"https:\/\/www.altercampagne.net\/?p=3734","name":"L'auto-gestion \u00e9volutive : un concept d'avenir - AlterTour","isPartOf":{"@id":"https:\/\/www.altercampagne.net\/#website"},"datePublished":"2011-07-27T18:41:31+00:00","dateModified":"2019-09-16T15:17:20+00:00","author":{"@id":"https:\/\/www.altercampagne.net\/#\/schema\/person\/0f261460c09e430caa0f9bcffa319109"},"breadcrumb":{"@id":"https:\/\/www.altercampagne.net\/?p=3734#breadcrumb"},"inLanguage":"fr-FR","potentialAction":[{"@type":"ReadAction","target":["https:\/\/www.altercampagne.net\/?p=3734"]}]},{"@type":"BreadcrumbList","@id":"https:\/\/www.altercampagne.net\/?p=3734#breadcrumb","itemListElement":[{"@type":"ListItem","position":1,"name":"Accueil","item":"https:\/\/www.altercampagne.net\/"},{"@type":"ListItem","position":2,"name":"L&rsquo;auto-gestion \u00e9volutive : un concept d&rsquo;avenir"}]},{"@type":"WebSite","@id":"https:\/\/www.altercampagne.net\/#website","url":"https:\/\/www.altercampagne.net\/","name":"AlterTour","description":"Reliez les Alternatives \u00e0 v\u00e9lo","potentialAction":[{"@type":"SearchAction","target":{"@type":"EntryPoint","urlTemplate":"https:\/\/www.altercampagne.net\/?s={search_term_string}"},"query-input":{"@type":"PropertyValueSpecification","valueRequired":true,"valueName":"search_term_string"}}],"inLanguage":"fr-FR"},{"@type":"Person","@id":"https:\/\/www.altercampagne.net\/#\/schema\/person\/0f261460c09e430caa0f9bcffa319109","name":"Mathieu","image":{"@type":"ImageObject","inLanguage":"fr-FR","@id":"https:\/\/secure.gravatar.com\/avatar\/aa9d3d24c83f2141e5e2709d0f63d09a99f6be6bb7a50abc4915838d9f54501a?s=96&d=mm&r=g","url":"https:\/\/secure.gravatar.com\/avatar\/aa9d3d24c83f2141e5e2709d0f63d09a99f6be6bb7a50abc4915838d9f54501a?s=96&d=mm&r=g","contentUrl":"https:\/\/secure.gravatar.com\/avatar\/aa9d3d24c83f2141e5e2709d0f63d09a99f6be6bb7a50abc4915838d9f54501a?s=96&d=mm&r=g","caption":"Mathieu"},"url":"https:\/\/www.altercampagne.net\/?author=214"}]}},"_links":{"self":[{"href":"https:\/\/www.altercampagne.net\/index.php?rest_route=\/wp\/v2\/posts\/3734","targetHints":{"allow":["GET"]}}],"collection":[{"href":"https:\/\/www.altercampagne.net\/index.php?rest_route=\/wp\/v2\/posts"}],"about":[{"href":"https:\/\/www.altercampagne.net\/index.php?rest_route=\/wp\/v2\/types\/post"}],"author":[{"embeddable":true,"href":"https:\/\/www.altercampagne.net\/index.php?rest_route=\/wp\/v2\/users\/214"}],"replies":[{"embeddable":true,"href":"https:\/\/www.altercampagne.net\/index.php?rest_route=%2Fwp%2Fv2%2Fcomments&post=3734"}],"version-history":[{"count":0,"href":"https:\/\/www.altercampagne.net\/index.php?rest_route=\/wp\/v2\/posts\/3734\/revisions"}],"wp:attachment":[{"href":"https:\/\/www.altercampagne.net\/index.php?rest_route=%2Fwp%2Fv2%2Fmedia&parent=3734"}],"wp:term":[{"taxonomy":"category","embeddable":true,"href":"https:\/\/www.altercampagne.net\/index.php?rest_route=%2Fwp%2Fv2%2Fcategories&post=3734"},{"taxonomy":"post_tag","embeddable":true,"href":"https:\/\/www.altercampagne.net\/index.php?rest_route=%2Fwp%2Fv2%2Ftags&post=3734"}],"curies":[{"name":"wp","href":"https:\/\/api.w.org\/{rel}","templated":true}]}}