{"id":3736,"date":"2011-08-12T14:43:06","date_gmt":"2011-08-12T12:43:06","guid":{"rendered":"http:\/\/www.altercampagne.net\/?p=3736"},"modified":"2016-04-07T14:45:04","modified_gmt":"2016-04-07T12:45:04","slug":"la-phase-dentrainement-a-lultra-sieste-du-mont-blanc-se-termine-bientot","status":"publish","type":"post","link":"https:\/\/www.altercampagne.net\/?p=3736","title":{"rendered":"La phase d&rsquo;entrainement \u00e0 l&rsquo;Ultra-sieste du Mont-Blanc se termine bient\u00f4t"},"content":{"rendered":"<p>Le mardi 23 ao\u00fbt : Conf\u00e9rence-d\u00e9bat \u00ab\u00a0La course ou la vie\u00a0\u00bb<br \/>\nLe vendredi 26 ao\u00fbt : Manifestation siestive ; <a href=\"http:\/\/altercampagne.free.fr\/pages\/2008\/AlterTour\/doc\/Tract%20UltraSieste.pdf\">apporter un hamac, une chaise longue, des g\u00e2teaux, des boissons, de la musique, des jeux, des livres&#8230;<\/a><\/p>\n<p><img loading=\"lazy\" decoding=\"async\" class=\" aligncenter\" src=\"http:\/\/altercampagne.free.fr\/pages\/2008\/AlterTour\/doc\/AfficheCouchee-USMB.JPG\" alt=\"\" width=\"495\" height=\"350\" \/><\/p>\n","protected":false},"excerpt":{"rendered":"<p>Le mardi 23 ao\u00fbt : Conf\u00e9rence-d\u00e9bat \u00ab\u00a0La course ou la vie\u00a0\u00bb Le vendredi 26 ao\u00fbt : Manifestation siestive ; apporter un hamac, une chaise longue, des g\u00e2teaux, des boissons, de la musique, des jeux, des livres&#8230;<\/p>\n","protected":false},"author":214,"featured_media":0,"comment_status":"closed","ping_status":"closed","sticky":false,"template":"","format":"standard","meta":{"footnotes":""},"categories":[1],"tags":[1347,1348,1349],"class_list":["post-3736","post","type-post","status-publish","format-standard","hentry","category-non-classe","tag-ultra-sieste","tag-mont-blanc","tag-la-course-ou-la-vie","no-post-thumbnail"],"yoast_head":"<!-- This site is optimized with the Yoast SEO plugin v27.3 - https:\/\/yoast.com\/product\/yoast-seo-wordpress\/ -->\n<title>La phase d&#039;entrainement \u00e0 l&#039;Ultra-sieste du Mont-Blanc se termine bient\u00f4t - AlterTour<\/title>\n<meta name=\"robots\" content=\"index, follow, max-snippet:-1, max-image-preview:large, max-video-preview:-1\" \/>\n<link rel=\"canonical\" href=\"https:\/\/www.altercampagne.net\/?p=3736\" \/>\n<meta property=\"og:locale\" content=\"fr_FR\" \/>\n<meta property=\"og:type\" content=\"article\" \/>\n<meta property=\"og:title\" content=\"La phase d&#039;entrainement \u00e0 l&#039;Ultra-sieste du Mont-Blanc se termine bient\u00f4t - AlterTour\" \/>\n<meta property=\"og:description\" content=\"Le mardi 23 ao\u00fbt : Conf\u00e9rence-d\u00e9bat \u00ab\u00a0La course ou la vie\u00a0\u00bb Le vendredi 26 ao\u00fbt : Manifestation siestive ; apporter un hamac, une chaise longue, des g\u00e2teaux, des boissons, de la musique, des jeux, des livres&#8230;\" \/>\n<meta property=\"og:url\" content=\"https:\/\/www.altercampagne.net\/?p=3736\" \/>\n<meta property=\"og:site_name\" content=\"AlterTour\" \/>\n<meta property=\"article:published_time\" content=\"2011-08-12T12:43:06+00:00\" \/>\n<meta property=\"article:modified_time\" content=\"2016-04-07T12:45:04+00:00\" \/>\n<meta property=\"og:image\" content=\"http:\/\/altercampagne.free.fr\/pages\/2008\/AlterTour\/doc\/AfficheCouchee-USMB.JPG\" \/>\n<meta name=\"author\" content=\"Mathieu\" \/>\n<meta name=\"twitter:card\" content=\"summary_large_image\" \/>\n<meta name=\"twitter:label1\" content=\"\u00c9crit par\" \/>\n\t<meta name=\"twitter:data1\" content=\"Mathieu\" \/>\n<script type=\"application\/ld+json\" class=\"yoast-schema-graph\">{\"@context\":\"https:\\\/\\\/schema.org\",\"@graph\":[{\"@type\":\"Article\",\"@id\":\"https:\\\/\\\/www.altercampagne.net\\\/?p=3736#article\",\"isPartOf\":{\"@id\":\"https:\\\/\\\/www.altercampagne.net\\\/?p=3736\"},\"author\":{\"name\":\"Mathieu\",\"@id\":\"https:\\\/\\\/www.altercampagne.net\\\/#\\\/schema\\\/person\\\/0f261460c09e430caa0f9bcffa319109\"},\"headline\":\"La phase d&rsquo;entrainement \u00e0 l&rsquo;Ultra-sieste du Mont-Blanc se termine bient\u00f4t\",\"datePublished\":\"2011-08-12T12:43:06+00:00\",\"dateModified\":\"2016-04-07T12:45:04+00:00\",\"mainEntityOfPage\":{\"@id\":\"https:\\\/\\\/www.altercampagne.net\\\/?p=3736\"},\"wordCount\":48,\"image\":{\"@id\":\"https:\\\/\\\/www.altercampagne.net\\\/?p=3736#primaryimage\"},\"thumbnailUrl\":\"http:\\\/\\\/altercampagne.free.fr\\\/pages\\\/2008\\\/AlterTour\\\/doc\\\/AfficheCouchee-USMB.JPG\",\"keywords\":[\"Ultra-sieste\",\"Mont-Blanc\",\"La course ou la vie\"],\"inLanguage\":\"fr-FR\"},{\"@type\":\"WebPage\",\"@id\":\"https:\\\/\\\/www.altercampagne.net\\\/?p=3736\",\"url\":\"https:\\\/\\\/www.altercampagne.net\\\/?p=3736\",\"name\":\"La phase d'entrainement \u00e0 l'Ultra-sieste du Mont-Blanc se termine bient\u00f4t - AlterTour\",\"isPartOf\":{\"@id\":\"https:\\\/\\\/www.altercampagne.net\\\/#website\"},\"primaryImageOfPage\":{\"@id\":\"https:\\\/\\\/www.altercampagne.net\\\/?p=3736#primaryimage\"},\"image\":{\"@id\":\"https:\\\/\\\/www.altercampagne.net\\\/?p=3736#primaryimage\"},\"thumbnailUrl\":\"http:\\\/\\\/altercampagne.free.fr\\\/pages\\\/2008\\\/AlterTour\\\/doc\\\/AfficheCouchee-USMB.JPG\",\"datePublished\":\"2011-08-12T12:43:06+00:00\",\"dateModified\":\"2016-04-07T12:45:04+00:00\",\"author\":{\"@id\":\"https:\\\/\\\/www.altercampagne.net\\\/#\\\/schema\\\/person\\\/0f261460c09e430caa0f9bcffa319109\"},\"breadcrumb\":{\"@id\":\"https:\\\/\\\/www.altercampagne.net\\\/?p=3736#breadcrumb\"},\"inLanguage\":\"fr-FR\",\"potentialAction\":[{\"@type\":\"ReadAction\",\"target\":[\"https:\\\/\\\/www.altercampagne.net\\\/?p=3736\"]}]},{\"@type\":\"ImageObject\",\"inLanguage\":\"fr-FR\",\"@id\":\"https:\\\/\\\/www.altercampagne.net\\\/?p=3736#primaryimage\",\"url\":\"http:\\\/\\\/altercampagne.free.fr\\\/pages\\\/2008\\\/AlterTour\\\/doc\\\/AfficheCouchee-USMB.JPG\",\"contentUrl\":\"http:\\\/\\\/altercampagne.free.fr\\\/pages\\\/2008\\\/AlterTour\\\/doc\\\/AfficheCouchee-USMB.JPG\"},{\"@type\":\"BreadcrumbList\",\"@id\":\"https:\\\/\\\/www.altercampagne.net\\\/?p=3736#breadcrumb\",\"itemListElement\":[{\"@type\":\"ListItem\",\"position\":1,\"name\":\"Accueil\",\"item\":\"https:\\\/\\\/www.altercampagne.net\\\/\"},{\"@type\":\"ListItem\",\"position\":2,\"name\":\"La phase d&rsquo;entrainement \u00e0 l&rsquo;Ultra-sieste du Mont-Blanc se termine bient\u00f4t\"}]},{\"@type\":\"WebSite\",\"@id\":\"https:\\\/\\\/www.altercampagne.net\\\/#website\",\"url\":\"https:\\\/\\\/www.altercampagne.net\\\/\",\"name\":\"AlterTour\",\"description\":\"Reliez les Alternatives \u00e0 v\u00e9lo\",\"potentialAction\":[{\"@type\":\"SearchAction\",\"target\":{\"@type\":\"EntryPoint\",\"urlTemplate\":\"https:\\\/\\\/www.altercampagne.net\\\/?s={search_term_string}\"},\"query-input\":{\"@type\":\"PropertyValueSpecification\",\"valueRequired\":true,\"valueName\":\"search_term_string\"}}],\"inLanguage\":\"fr-FR\"},{\"@type\":\"Person\",\"@id\":\"https:\\\/\\\/www.altercampagne.net\\\/#\\\/schema\\\/person\\\/0f261460c09e430caa0f9bcffa319109\",\"name\":\"Mathieu\",\"image\":{\"@type\":\"ImageObject\",\"inLanguage\":\"fr-FR\",\"@id\":\"https:\\\/\\\/secure.gravatar.com\\\/avatar\\\/aa9d3d24c83f2141e5e2709d0f63d09a99f6be6bb7a50abc4915838d9f54501a?s=96&d=mm&r=g\",\"url\":\"https:\\\/\\\/secure.gravatar.com\\\/avatar\\\/aa9d3d24c83f2141e5e2709d0f63d09a99f6be6bb7a50abc4915838d9f54501a?s=96&d=mm&r=g\",\"contentUrl\":\"https:\\\/\\\/secure.gravatar.com\\\/avatar\\\/aa9d3d24c83f2141e5e2709d0f63d09a99f6be6bb7a50abc4915838d9f54501a?s=96&d=mm&r=g\",\"caption\":\"Mathieu\"},\"url\":\"https:\\\/\\\/www.altercampagne.net\\\/?author=214\"}]}<\/script>\n<!-- \/ Yoast SEO plugin. -->","yoast_head_json":{"title":"La phase d'entrainement \u00e0 l'Ultra-sieste du Mont-Blanc se termine bient\u00f4t - AlterTour","robots":{"index":"index","follow":"follow","max-snippet":"max-snippet:-1","max-image-preview":"max-image-preview:large","max-video-preview":"max-video-preview:-1"},"canonical":"https:\/\/www.altercampagne.net\/?p=3736","og_locale":"fr_FR","og_type":"article","og_title":"La phase d'entrainement \u00e0 l'Ultra-sieste du Mont-Blanc se termine bient\u00f4t - AlterTour","og_description":"Le mardi 23 ao\u00fbt : Conf\u00e9rence-d\u00e9bat \u00ab\u00a0La course ou la vie\u00a0\u00bb Le vendredi 26 ao\u00fbt : Manifestation siestive ; apporter un hamac, une chaise longue, des g\u00e2teaux, des boissons, de la musique, des jeux, des livres&#8230;","og_url":"https:\/\/www.altercampagne.net\/?p=3736","og_site_name":"AlterTour","article_published_time":"2011-08-12T12:43:06+00:00","article_modified_time":"2016-04-07T12:45:04+00:00","og_image":[{"url":"http:\/\/altercampagne.free.fr\/pages\/2008\/AlterTour\/doc\/AfficheCouchee-USMB.JPG","type":"","width":"","height":""}],"author":"Mathieu","twitter_card":"summary_large_image","twitter_misc":{"\u00c9crit par":"Mathieu"},"schema":{"@context":"https:\/\/schema.org","@graph":[{"@type":"Article","@id":"https:\/\/www.altercampagne.net\/?p=3736#article","isPartOf":{"@id":"https:\/\/www.altercampagne.net\/?p=3736"},"author":{"name":"Mathieu","@id":"https:\/\/www.altercampagne.net\/#\/schema\/person\/0f261460c09e430caa0f9bcffa319109"},"headline":"La phase d&rsquo;entrainement \u00e0 l&rsquo;Ultra-sieste du Mont-Blanc se termine bient\u00f4t","datePublished":"2011-08-12T12:43:06+00:00","dateModified":"2016-04-07T12:45:04+00:00","mainEntityOfPage":{"@id":"https:\/\/www.altercampagne.net\/?p=3736"},"wordCount":48,"image":{"@id":"https:\/\/www.altercampagne.net\/?p=3736#primaryimage"},"thumbnailUrl":"http:\/\/altercampagne.free.fr\/pages\/2008\/AlterTour\/doc\/AfficheCouchee-USMB.JPG","keywords":["Ultra-sieste","Mont-Blanc","La course ou la vie"],"inLanguage":"fr-FR"},{"@type":"WebPage","@id":"https:\/\/www.altercampagne.net\/?p=3736","url":"https:\/\/www.altercampagne.net\/?p=3736","name":"La phase d'entrainement \u00e0 l'Ultra-sieste du Mont-Blanc se termine bient\u00f4t - AlterTour","isPartOf":{"@id":"https:\/\/www.altercampagne.net\/#website"},"primaryImageOfPage":{"@id":"https:\/\/www.altercampagne.net\/?p=3736#primaryimage"},"image":{"@id":"https:\/\/www.altercampagne.net\/?p=3736#primaryimage"},"thumbnailUrl":"http:\/\/altercampagne.free.fr\/pages\/2008\/AlterTour\/doc\/AfficheCouchee-USMB.JPG","datePublished":"2011-08-12T12:43:06+00:00","dateModified":"2016-04-07T12:45:04+00:00","author":{"@id":"https:\/\/www.altercampagne.net\/#\/schema\/person\/0f261460c09e430caa0f9bcffa319109"},"breadcrumb":{"@id":"https:\/\/www.altercampagne.net\/?p=3736#breadcrumb"},"inLanguage":"fr-FR","potentialAction":[{"@type":"ReadAction","target":["https:\/\/www.altercampagne.net\/?p=3736"]}]},{"@type":"ImageObject","inLanguage":"fr-FR","@id":"https:\/\/www.altercampagne.net\/?p=3736#primaryimage","url":"http:\/\/altercampagne.free.fr\/pages\/2008\/AlterTour\/doc\/AfficheCouchee-USMB.JPG","contentUrl":"http:\/\/altercampagne.free.fr\/pages\/2008\/AlterTour\/doc\/AfficheCouchee-USMB.JPG"},{"@type":"BreadcrumbList","@id":"https:\/\/www.altercampagne.net\/?p=3736#breadcrumb","itemListElement":[{"@type":"ListItem","position":1,"name":"Accueil","item":"https:\/\/www.altercampagne.net\/"},{"@type":"ListItem","position":2,"name":"La phase d&rsquo;entrainement \u00e0 l&rsquo;Ultra-sieste du Mont-Blanc se termine bient\u00f4t"}]},{"@type":"WebSite","@id":"https:\/\/www.altercampagne.net\/#website","url":"https:\/\/www.altercampagne.net\/","name":"AlterTour","description":"Reliez les Alternatives \u00e0 v\u00e9lo","potentialAction":[{"@type":"SearchAction","target":{"@type":"EntryPoint","urlTemplate":"https:\/\/www.altercampagne.net\/?s={search_term_string}"},"query-input":{"@type":"PropertyValueSpecification","valueRequired":true,"valueName":"search_term_string"}}],"inLanguage":"fr-FR"},{"@type":"Person","@id":"https:\/\/www.altercampagne.net\/#\/schema\/person\/0f261460c09e430caa0f9bcffa319109","name":"Mathieu","image":{"@type":"ImageObject","inLanguage":"fr-FR","@id":"https:\/\/secure.gravatar.com\/avatar\/aa9d3d24c83f2141e5e2709d0f63d09a99f6be6bb7a50abc4915838d9f54501a?s=96&d=mm&r=g","url":"https:\/\/secure.gravatar.com\/avatar\/aa9d3d24c83f2141e5e2709d0f63d09a99f6be6bb7a50abc4915838d9f54501a?s=96&d=mm&r=g","contentUrl":"https:\/\/secure.gravatar.com\/avatar\/aa9d3d24c83f2141e5e2709d0f63d09a99f6be6bb7a50abc4915838d9f54501a?s=96&d=mm&r=g","caption":"Mathieu"},"url":"https:\/\/www.altercampagne.net\/?author=214"}]}},"_links":{"self":[{"href":"https:\/\/www.altercampagne.net\/index.php?rest_route=\/wp\/v2\/posts\/3736","targetHints":{"allow":["GET"]}}],"collection":[{"href":"https:\/\/www.altercampagne.net\/index.php?rest_route=\/wp\/v2\/posts"}],"about":[{"href":"https:\/\/www.altercampagne.net\/index.php?rest_route=\/wp\/v2\/types\/post"}],"author":[{"embeddable":true,"href":"https:\/\/www.altercampagne.net\/index.php?rest_route=\/wp\/v2\/users\/214"}],"replies":[{"embeddable":true,"href":"https:\/\/www.altercampagne.net\/index.php?rest_route=%2Fwp%2Fv2%2Fcomments&post=3736"}],"version-history":[{"count":0,"href":"https:\/\/www.altercampagne.net\/index.php?rest_route=\/wp\/v2\/posts\/3736\/revisions"}],"wp:attachment":[{"href":"https:\/\/www.altercampagne.net\/index.php?rest_route=%2Fwp%2Fv2%2Fmedia&parent=3736"}],"wp:term":[{"taxonomy":"category","embeddable":true,"href":"https:\/\/www.altercampagne.net\/index.php?rest_route=%2Fwp%2Fv2%2Fcategories&post=3736"},{"taxonomy":"post_tag","embeddable":true,"href":"https:\/\/www.altercampagne.net\/index.php?rest_route=%2Fwp%2Fv2%2Ftags&post=3736"}],"curies":[{"name":"wp","href":"https:\/\/api.w.org\/{rel}","templated":true}]}}