{"id":3742,"date":"2011-08-01T14:53:09","date_gmt":"2011-08-01T12:53:09","guid":{"rendered":"http:\/\/www.altercampagne.net\/?p=3742"},"modified":"2019-09-16T17:24:20","modified_gmt":"2019-09-16T15:24:20","slug":"comment-les-altercyclistes-ont-echappe-a-la-sieste-et-aux-gardons","status":"publish","type":"post","link":"https:\/\/www.altercampagne.net\/?p=3742","title":{"rendered":"Comment les Altercyclistes ont \u00e9chapp\u00e9 \u00e0 la sieste et aux Gardons"},"content":{"rendered":"<p>De Saint Paul la Coste \u00e0 Saint Roman de Codi\u00e8res via Saint Jean du Gard.<\/p>\n<p>Le chant d&rsquo;une de nos h\u00f4tesses de l&rsquo;Oasis nous a sorti de la yourte, du tipi ou de la tente et apr\u00e8s un petit d\u00e9jeuner roboratif, assis \u00e0 table, en selle pour Saint-Jean du Gard. Il fait vite chaud, tr\u00e8s chaud et \u00e7a grimpe mais nous roulons en partie \u00e0 l&rsquo;ombre et c&rsquo;est si beau, au col nous sommes rejoints par Gilbert et Odile dans leur camping-car.<\/p>\n<p>Apr\u00e8s une belle descente grisante sur Saint Jean du Gard, le soleil se fait insistant, sur un pont au dessus du Gardon de Mialet des familles profitent de la baignade mais pas nous, mais pas nous\u2026 car nous sommes attendus \u00e0 la maison d&rsquo;Abraham Mazel. Nos h\u00f4tes nous ont pr\u00e9par\u00e9 l&rsquo;ap\u00e9ro sur la terrasse \u00e0 l&rsquo;ombre des canisses et les Bi du J9 le d\u00e9jeuner mais fines mouches ils ne nous le serviront qu&rsquo;apr\u00e8s la pr\u00e9sentation de la Maison d&rsquo;Abraham Mazel qui incarne l&rsquo;esprit de r\u00e9sistance du Pays C\u00e9venol depuis sa lutte avec les Camisards contre les Dragons de Louis XIV jusqu&rsquo;\u00e0 la r\u00e9cente lutte contre les gaz de schiste en passant par les maquis de r\u00e9sistance contre l&rsquo;occupant nazi et la construction d&rsquo;un barrage.<\/p>\n<p>Apr\u00e8s le d\u00e9jeuner alors que les yeux cillent et que les nez piquent on nous entra\u00eene pour la visite de cette demeure rachet\u00e9e par l&rsquo;Association Abraham Mazel pour devenir la Maison des r\u00e9sistances.<br \/>\nBien que restaur\u00e9e d&rsquo;apr\u00e8s des documents d&rsquo;archives cette ancienne magnanerie ne sera pas un mus\u00e9e mais pr\u00e9sentera toutes les formes de r\u00e9sistances en utilisant les moyens de recherche et d&rsquo;expression les plus innovants.<br \/>\nLa chaleur est accablante, la lutte contre le sommeil in\u00e9gale pas de r\u00e9sistance qui tienne de ce c\u00f4t\u00e9-l\u00e0, mais on est d\u00e9j\u00e0 en retard la sieste remise \u00e0 plus tard, en selle et vite, nous \u00e9chapperons \u00e0 tire mollet cet apr\u00e8s midi encore aux Gardons attirants qui eux, paressent au soleil.<\/p>\n<p>Ensuite c&rsquo;est l&rsquo;escalade, des montagnes \u00e0 gauche, \u00e0 droite, devant derri\u00e8re, au premier et \u00e0 l&rsquo;arri\u00e8re plan, des mas isol\u00e9s en sentinelle dominent ces vertes vall\u00e9es o\u00f9 \u00e0 force de grimper nous allons s\u00fbrement toucher le ciel, et c&rsquo;est bien le sentiment que j&rsquo;ai en arrivant \u00e0 Saint Roman de Codi\u00e8res.o\u00f9 apr\u00e8s avoir d\u00e9ploy\u00e9 nos tentes, nous sommes somptueusement re\u00e7us d&rsquo;abord par le Maire pour l&rsquo;ap\u00e9ritif, puis autour du repas pr\u00e9par\u00e9 par l&rsquo;accueil paysan le Mat Cougnot, les dieux que nous sommes alors, assis pr\u00e8s de la vasque de feu, d\u00e9gustent les pois chiches aux oignons doux des C\u00e9vennes et le colombo.<\/p>\n<p>C&rsquo;est \u00e0 la pointe du rocher face \u00e0 la pl\u00e9nitude du paysage obscur\u00e9ment disparu que ma tente, fr\u00eale esquif m&#8217;embarquera enfin vers les rivages inconscients o\u00f9 scintillent les Gardons.<br \/>\nClaire B<\/p>\n<p><em><strong>Recette de la Marquisette d&rsquo;H\u00e9l\u00e8ne Romain<br \/>\n<\/strong>servie au festival Roc-Castel du Caylar<\/em><strong><br \/>\n<\/strong><br \/>\n10 litre de vin blanc sec<br \/>\n800 gr de sucre<br \/>\n10 citrons coup\u00e9s en morceaux<br \/>\n5 citrons press\u00e9s<br \/>\nA faire mac\u00e9rer 24 h avant et \u00e0 servir tr\u00e8s frais<\/p>\n","protected":false},"excerpt":{"rendered":"<p>De Saint Paul la Coste \u00e0 Saint Roman de Codi\u00e8res via Saint Jean du Gard. Le chant d&rsquo;une de nos h\u00f4tesses de l&rsquo;Oasis nous a sorti de la yourte, du tipi ou de la tente et apr\u00e8s un petit d\u00e9jeuner roboratif, assis \u00e0 table, en selle pour Saint-Jean du Gard. &#8230; <\/p>\n<div><a href=\"https:\/\/www.altercampagne.net\/?p=3742\" class=\"more-link\">Read More<\/a><\/div>\n","protected":false},"author":214,"featured_media":0,"comment_status":"closed","ping_status":"closed","sticky":false,"template":"","format":"standard","meta":{"footnotes":""},"categories":[3480,3464],"tags":[431,836,1075,1360,1361,1362,1363,1364,1365,1366,1973,1979],"class_list":["post-3742","post","type-post","status-publish","format-standard","hentry","category-occitanie","category-edition-2011","tag-accueil-paysan","tag-altertour-2011","tag-gard","tag-saint-paul-la-coste","tag-saint-roman-de-codieres","tag-saint-jean-du-gard","tag-abraham-mazel","tag-pays-cevenol","tag-maison-des-resistances","tag-mat-cougnot","tag-languedoc-roussillon","tag-1979","no-post-thumbnail"],"yoast_head":"<!-- This site is optimized with the Yoast SEO plugin v27.3 - https:\/\/yoast.com\/product\/yoast-seo-wordpress\/ -->\n<title>Comment les Altercyclistes ont \u00e9chapp\u00e9 \u00e0 la sieste et aux Gardons - AlterTour<\/title>\n<meta name=\"robots\" content=\"index, follow, max-snippet:-1, max-image-preview:large, max-video-preview:-1\" \/>\n<link rel=\"canonical\" href=\"https:\/\/www.altercampagne.net\/?p=3742\" \/>\n<meta property=\"og:locale\" content=\"fr_FR\" \/>\n<meta property=\"og:type\" content=\"article\" \/>\n<meta property=\"og:title\" content=\"Comment les Altercyclistes ont \u00e9chapp\u00e9 \u00e0 la sieste et aux Gardons - AlterTour\" \/>\n<meta property=\"og:description\" content=\"De Saint Paul la Coste \u00e0 Saint Roman de Codi\u00e8res via Saint Jean du Gard. Le chant d&rsquo;une de nos h\u00f4tesses de l&rsquo;Oasis nous a sorti de la yourte, du tipi ou de la tente et apr\u00e8s un petit d\u00e9jeuner roboratif, assis \u00e0 table, en selle pour Saint-Jean du Gard. ... Read More\" \/>\n<meta property=\"og:url\" content=\"https:\/\/www.altercampagne.net\/?p=3742\" \/>\n<meta property=\"og:site_name\" content=\"AlterTour\" \/>\n<meta property=\"article:published_time\" content=\"2011-08-01T12:53:09+00:00\" \/>\n<meta property=\"article:modified_time\" content=\"2019-09-16T15:24:20+00:00\" \/>\n<meta name=\"author\" content=\"Mathieu\" \/>\n<meta name=\"twitter:card\" content=\"summary_large_image\" \/>\n<meta name=\"twitter:label1\" content=\"\u00c9crit par\" \/>\n\t<meta name=\"twitter:data1\" content=\"Mathieu\" \/>\n\t<meta name=\"twitter:label2\" content=\"Dur\u00e9e de lecture estim\u00e9e\" \/>\n\t<meta name=\"twitter:data2\" content=\"3 minutes\" \/>\n<script type=\"application\/ld+json\" class=\"yoast-schema-graph\">{\"@context\":\"https:\\\/\\\/schema.org\",\"@graph\":[{\"@type\":\"Article\",\"@id\":\"https:\\\/\\\/www.altercampagne.net\\\/?p=3742#article\",\"isPartOf\":{\"@id\":\"https:\\\/\\\/www.altercampagne.net\\\/?p=3742\"},\"author\":{\"name\":\"Mathieu\",\"@id\":\"https:\\\/\\\/www.altercampagne.net\\\/#\\\/schema\\\/person\\\/0f261460c09e430caa0f9bcffa319109\"},\"headline\":\"Comment les Altercyclistes ont \u00e9chapp\u00e9 \u00e0 la sieste et aux Gardons\",\"datePublished\":\"2011-08-01T12:53:09+00:00\",\"dateModified\":\"2019-09-16T15:24:20+00:00\",\"mainEntityOfPage\":{\"@id\":\"https:\\\/\\\/www.altercampagne.net\\\/?p=3742\"},\"wordCount\":571,\"keywords\":[\"accueil paysan\",\"AlterTour 2011\",\"Gard\",\"Saint Paul la Coste\",\"Saint Roman de Codi\u00e8res\",\"Saint Jean du Gard\",\"Abraham Mazel\",\"Pays C\u00e9venol\",\"Maison des r\u00e9sistances\",\"Mat Cougnot\",\"languedoc-roussillon\",\"2011\"],\"articleSection\":[\"Occitanie\",\"\u00c9dition 2011\"],\"inLanguage\":\"fr-FR\"},{\"@type\":\"WebPage\",\"@id\":\"https:\\\/\\\/www.altercampagne.net\\\/?p=3742\",\"url\":\"https:\\\/\\\/www.altercampagne.net\\\/?p=3742\",\"name\":\"Comment les Altercyclistes ont \u00e9chapp\u00e9 \u00e0 la sieste et aux Gardons - AlterTour\",\"isPartOf\":{\"@id\":\"https:\\\/\\\/www.altercampagne.net\\\/#website\"},\"datePublished\":\"2011-08-01T12:53:09+00:00\",\"dateModified\":\"2019-09-16T15:24:20+00:00\",\"author\":{\"@id\":\"https:\\\/\\\/www.altercampagne.net\\\/#\\\/schema\\\/person\\\/0f261460c09e430caa0f9bcffa319109\"},\"breadcrumb\":{\"@id\":\"https:\\\/\\\/www.altercampagne.net\\\/?p=3742#breadcrumb\"},\"inLanguage\":\"fr-FR\",\"potentialAction\":[{\"@type\":\"ReadAction\",\"target\":[\"https:\\\/\\\/www.altercampagne.net\\\/?p=3742\"]}]},{\"@type\":\"BreadcrumbList\",\"@id\":\"https:\\\/\\\/www.altercampagne.net\\\/?p=3742#breadcrumb\",\"itemListElement\":[{\"@type\":\"ListItem\",\"position\":1,\"name\":\"Accueil\",\"item\":\"https:\\\/\\\/www.altercampagne.net\\\/\"},{\"@type\":\"ListItem\",\"position\":2,\"name\":\"Comment les Altercyclistes ont \u00e9chapp\u00e9 \u00e0 la sieste et aux Gardons\"}]},{\"@type\":\"WebSite\",\"@id\":\"https:\\\/\\\/www.altercampagne.net\\\/#website\",\"url\":\"https:\\\/\\\/www.altercampagne.net\\\/\",\"name\":\"AlterTour\",\"description\":\"Reliez les Alternatives \u00e0 v\u00e9lo\",\"potentialAction\":[{\"@type\":\"SearchAction\",\"target\":{\"@type\":\"EntryPoint\",\"urlTemplate\":\"https:\\\/\\\/www.altercampagne.net\\\/?s={search_term_string}\"},\"query-input\":{\"@type\":\"PropertyValueSpecification\",\"valueRequired\":true,\"valueName\":\"search_term_string\"}}],\"inLanguage\":\"fr-FR\"},{\"@type\":\"Person\",\"@id\":\"https:\\\/\\\/www.altercampagne.net\\\/#\\\/schema\\\/person\\\/0f261460c09e430caa0f9bcffa319109\",\"name\":\"Mathieu\",\"image\":{\"@type\":\"ImageObject\",\"inLanguage\":\"fr-FR\",\"@id\":\"https:\\\/\\\/secure.gravatar.com\\\/avatar\\\/aa9d3d24c83f2141e5e2709d0f63d09a99f6be6bb7a50abc4915838d9f54501a?s=96&d=mm&r=g\",\"url\":\"https:\\\/\\\/secure.gravatar.com\\\/avatar\\\/aa9d3d24c83f2141e5e2709d0f63d09a99f6be6bb7a50abc4915838d9f54501a?s=96&d=mm&r=g\",\"contentUrl\":\"https:\\\/\\\/secure.gravatar.com\\\/avatar\\\/aa9d3d24c83f2141e5e2709d0f63d09a99f6be6bb7a50abc4915838d9f54501a?s=96&d=mm&r=g\",\"caption\":\"Mathieu\"},\"url\":\"https:\\\/\\\/www.altercampagne.net\\\/?author=214\"}]}<\/script>\n<!-- \/ Yoast SEO plugin. -->","yoast_head_json":{"title":"Comment les Altercyclistes ont \u00e9chapp\u00e9 \u00e0 la sieste et aux Gardons - AlterTour","robots":{"index":"index","follow":"follow","max-snippet":"max-snippet:-1","max-image-preview":"max-image-preview:large","max-video-preview":"max-video-preview:-1"},"canonical":"https:\/\/www.altercampagne.net\/?p=3742","og_locale":"fr_FR","og_type":"article","og_title":"Comment les Altercyclistes ont \u00e9chapp\u00e9 \u00e0 la sieste et aux Gardons - AlterTour","og_description":"De Saint Paul la Coste \u00e0 Saint Roman de Codi\u00e8res via Saint Jean du Gard. Le chant d&rsquo;une de nos h\u00f4tesses de l&rsquo;Oasis nous a sorti de la yourte, du tipi ou de la tente et apr\u00e8s un petit d\u00e9jeuner roboratif, assis \u00e0 table, en selle pour Saint-Jean du Gard. ... Read More","og_url":"https:\/\/www.altercampagne.net\/?p=3742","og_site_name":"AlterTour","article_published_time":"2011-08-01T12:53:09+00:00","article_modified_time":"2019-09-16T15:24:20+00:00","author":"Mathieu","twitter_card":"summary_large_image","twitter_misc":{"\u00c9crit par":"Mathieu","Dur\u00e9e de lecture estim\u00e9e":"3 minutes"},"schema":{"@context":"https:\/\/schema.org","@graph":[{"@type":"Article","@id":"https:\/\/www.altercampagne.net\/?p=3742#article","isPartOf":{"@id":"https:\/\/www.altercampagne.net\/?p=3742"},"author":{"name":"Mathieu","@id":"https:\/\/www.altercampagne.net\/#\/schema\/person\/0f261460c09e430caa0f9bcffa319109"},"headline":"Comment les Altercyclistes ont \u00e9chapp\u00e9 \u00e0 la sieste et aux Gardons","datePublished":"2011-08-01T12:53:09+00:00","dateModified":"2019-09-16T15:24:20+00:00","mainEntityOfPage":{"@id":"https:\/\/www.altercampagne.net\/?p=3742"},"wordCount":571,"keywords":["accueil paysan","AlterTour 2011","Gard","Saint Paul la Coste","Saint Roman de Codi\u00e8res","Saint Jean du Gard","Abraham Mazel","Pays C\u00e9venol","Maison des r\u00e9sistances","Mat Cougnot","languedoc-roussillon","2011"],"articleSection":["Occitanie","\u00c9dition 2011"],"inLanguage":"fr-FR"},{"@type":"WebPage","@id":"https:\/\/www.altercampagne.net\/?p=3742","url":"https:\/\/www.altercampagne.net\/?p=3742","name":"Comment les Altercyclistes ont \u00e9chapp\u00e9 \u00e0 la sieste et aux Gardons - AlterTour","isPartOf":{"@id":"https:\/\/www.altercampagne.net\/#website"},"datePublished":"2011-08-01T12:53:09+00:00","dateModified":"2019-09-16T15:24:20+00:00","author":{"@id":"https:\/\/www.altercampagne.net\/#\/schema\/person\/0f261460c09e430caa0f9bcffa319109"},"breadcrumb":{"@id":"https:\/\/www.altercampagne.net\/?p=3742#breadcrumb"},"inLanguage":"fr-FR","potentialAction":[{"@type":"ReadAction","target":["https:\/\/www.altercampagne.net\/?p=3742"]}]},{"@type":"BreadcrumbList","@id":"https:\/\/www.altercampagne.net\/?p=3742#breadcrumb","itemListElement":[{"@type":"ListItem","position":1,"name":"Accueil","item":"https:\/\/www.altercampagne.net\/"},{"@type":"ListItem","position":2,"name":"Comment les Altercyclistes ont \u00e9chapp\u00e9 \u00e0 la sieste et aux Gardons"}]},{"@type":"WebSite","@id":"https:\/\/www.altercampagne.net\/#website","url":"https:\/\/www.altercampagne.net\/","name":"AlterTour","description":"Reliez les Alternatives \u00e0 v\u00e9lo","potentialAction":[{"@type":"SearchAction","target":{"@type":"EntryPoint","urlTemplate":"https:\/\/www.altercampagne.net\/?s={search_term_string}"},"query-input":{"@type":"PropertyValueSpecification","valueRequired":true,"valueName":"search_term_string"}}],"inLanguage":"fr-FR"},{"@type":"Person","@id":"https:\/\/www.altercampagne.net\/#\/schema\/person\/0f261460c09e430caa0f9bcffa319109","name":"Mathieu","image":{"@type":"ImageObject","inLanguage":"fr-FR","@id":"https:\/\/secure.gravatar.com\/avatar\/aa9d3d24c83f2141e5e2709d0f63d09a99f6be6bb7a50abc4915838d9f54501a?s=96&d=mm&r=g","url":"https:\/\/secure.gravatar.com\/avatar\/aa9d3d24c83f2141e5e2709d0f63d09a99f6be6bb7a50abc4915838d9f54501a?s=96&d=mm&r=g","contentUrl":"https:\/\/secure.gravatar.com\/avatar\/aa9d3d24c83f2141e5e2709d0f63d09a99f6be6bb7a50abc4915838d9f54501a?s=96&d=mm&r=g","caption":"Mathieu"},"url":"https:\/\/www.altercampagne.net\/?author=214"}]}},"_links":{"self":[{"href":"https:\/\/www.altercampagne.net\/index.php?rest_route=\/wp\/v2\/posts\/3742","targetHints":{"allow":["GET"]}}],"collection":[{"href":"https:\/\/www.altercampagne.net\/index.php?rest_route=\/wp\/v2\/posts"}],"about":[{"href":"https:\/\/www.altercampagne.net\/index.php?rest_route=\/wp\/v2\/types\/post"}],"author":[{"embeddable":true,"href":"https:\/\/www.altercampagne.net\/index.php?rest_route=\/wp\/v2\/users\/214"}],"replies":[{"embeddable":true,"href":"https:\/\/www.altercampagne.net\/index.php?rest_route=%2Fwp%2Fv2%2Fcomments&post=3742"}],"version-history":[{"count":0,"href":"https:\/\/www.altercampagne.net\/index.php?rest_route=\/wp\/v2\/posts\/3742\/revisions"}],"wp:attachment":[{"href":"https:\/\/www.altercampagne.net\/index.php?rest_route=%2Fwp%2Fv2%2Fmedia&parent=3742"}],"wp:term":[{"taxonomy":"category","embeddable":true,"href":"https:\/\/www.altercampagne.net\/index.php?rest_route=%2Fwp%2Fv2%2Fcategories&post=3742"},{"taxonomy":"post_tag","embeddable":true,"href":"https:\/\/www.altercampagne.net\/index.php?rest_route=%2Fwp%2Fv2%2Ftags&post=3742"}],"curies":[{"name":"wp","href":"https:\/\/api.w.org\/{rel}","templated":true}]}}