{"id":3744,"date":"2011-07-31T14:57:55","date_gmt":"2011-07-31T12:57:55","guid":{"rendered":"http:\/\/www.altercampagne.net\/?p=3744"},"modified":"2019-09-16T17:25:23","modified_gmt":"2019-09-16T15:25:23","slug":"resistance-a-la-regression-scolaire-et-a-la-privatisation-de-lalimentation","status":"publish","type":"post","link":"https:\/\/www.altercampagne.net\/?p=3744","title":{"rendered":"R\u00e9sistance \u00e0 la r\u00e9gression scolaire, et \u00e0 la privatisation de l&rsquo;alimentation"},"content":{"rendered":"<p>D\u00e9part de Pompignan \u00e0 peu pr\u00e8s \u00e0 l&rsquo;heure, route jusqu&rsquo;\u00e0 St-Hippolyte-du-Fort. Accueil \u00e0 \u00ab&nbsp;la fourmi et la cigale&nbsp;\u00bb avec boissons et g\u00e2teaux. Explication du fonctionnement de leur biocoop associative et autog\u00e9r\u00e9e, c\u00f4t\u00e9 magasin et c\u00f4t\u00e9 association. Puis rencontre avec l&rsquo;association de <strong>lutte pour la sauvegarde de toutes les classes de l&rsquo;\u00e9cole maternelle<\/strong>.<\/p>\n<p>Jolie route jusqu&rsquo;\u00e0 Anduze et repas en autonomie. L&rsquo;apr\u00e8s-midi nous repartons pour un \u00ab&nbsp;alter-Four&nbsp;\u00bb sous le soleil exactement.<\/p>\n<p>Arriv\u00e9e \u00e0 l&rsquo;\u00e9co-hameau de CARAPA o\u00f9 les habitants nous expliquent leur projet de vie sur 15 ha de for\u00eat : habitat circulaire et \u00e9co-construit, cr\u00e9ation de jardin en permaculture, \u00e9nergies renouvelables, participation au r\u00e9seau international \u00e9co-hameau&#8230; Apr\u00e8s une intervention de <strong>Kokopelli sur les semences paysannes<\/strong>, nous visitons les diff\u00e9rentes habitations par petits groupes (yourte, maison en terre&#8230;) et nous nous retrouvons pr\u00e8s du tipi pour un repas pris en commun.<\/p>\n<p style=\"text-align: right;\"><strong>Anne<\/strong><\/p>\n","protected":false},"excerpt":{"rendered":"<p>D\u00e9part de Pompignan \u00e0 peu pr\u00e8s \u00e0 l&rsquo;heure, route jusqu&rsquo;\u00e0 St-Hippolyte-du-Fort. Accueil \u00e0 \u00ab&nbsp;la fourmi et la cigale&nbsp;\u00bb avec boissons et g\u00e2teaux. Explication du fonctionnement de leur biocoop associative et autog\u00e9r\u00e9e, c\u00f4t\u00e9 magasin et c\u00f4t\u00e9 association. Puis rencontre avec l&rsquo;association de lutte pour la sauvegarde de toutes les classes de &#8230; <\/p>\n<div><a href=\"https:\/\/www.altercampagne.net\/?p=3744\" class=\"more-link\">Read More<\/a><\/div>\n","protected":false},"author":214,"featured_media":0,"comment_status":"closed","ping_status":"closed","sticky":false,"template":"","format":"standard","meta":{"footnotes":""},"categories":[3485,3480,3464],"tags":[251,294,1075,1077,1203,1321,1367,1368,1369,1370,1371,1372,1973,1994,1995],"class_list":["post-3744","post","type-post","status-publish","format-standard","hentry","category-habitat","category-occitanie","category-edition-2011","tag-eco-construction","tag-permaculture","tag-gard","tag-st-hippolyte-du-fort","tag-eco-hameau","tag-pompignan","tag-la-fourmi-et-la-cigale","tag-biocoop-associative","tag-autogeree","tag-oasis-carapa","tag-energies-renouvelables","tag-kokopelli","tag-languedoc-roussillon","tag-saint-hippolyte-du-fort","tag-anduze","no-post-thumbnail"],"yoast_head":"<!-- This site is optimized with the Yoast SEO plugin v27.3 - https:\/\/yoast.com\/product\/yoast-seo-wordpress\/ -->\n<title>R\u00e9sistance \u00e0 la r\u00e9gression scolaire, et \u00e0 la privatisation de l&#039;alimentation - AlterTour<\/title>\n<meta name=\"robots\" content=\"index, follow, max-snippet:-1, max-image-preview:large, max-video-preview:-1\" \/>\n<link rel=\"canonical\" href=\"https:\/\/www.altercampagne.net\/?p=3744\" \/>\n<meta property=\"og:locale\" content=\"fr_FR\" \/>\n<meta property=\"og:type\" content=\"article\" \/>\n<meta property=\"og:title\" content=\"R\u00e9sistance \u00e0 la r\u00e9gression scolaire, et \u00e0 la privatisation de l&#039;alimentation - AlterTour\" \/>\n<meta property=\"og:description\" content=\"D\u00e9part de Pompignan \u00e0 peu pr\u00e8s \u00e0 l&rsquo;heure, route jusqu&rsquo;\u00e0 St-Hippolyte-du-Fort. Accueil \u00e0 \u00ab&nbsp;la fourmi et la cigale&nbsp;\u00bb avec boissons et g\u00e2teaux. Explication du fonctionnement de leur biocoop associative et autog\u00e9r\u00e9e, c\u00f4t\u00e9 magasin et c\u00f4t\u00e9 association. Puis rencontre avec l&rsquo;association de lutte pour la sauvegarde de toutes les classes de ... Read More\" \/>\n<meta property=\"og:url\" content=\"https:\/\/www.altercampagne.net\/?p=3744\" \/>\n<meta property=\"og:site_name\" content=\"AlterTour\" \/>\n<meta property=\"article:published_time\" content=\"2011-07-31T12:57:55+00:00\" \/>\n<meta property=\"article:modified_time\" content=\"2019-09-16T15:25:23+00:00\" \/>\n<meta name=\"author\" content=\"Mathieu\" \/>\n<meta name=\"twitter:card\" content=\"summary_large_image\" \/>\n<meta name=\"twitter:label1\" content=\"\u00c9crit par\" \/>\n\t<meta name=\"twitter:data1\" content=\"Mathieu\" \/>\n\t<meta name=\"twitter:label2\" content=\"Dur\u00e9e de lecture estim\u00e9e\" \/>\n\t<meta name=\"twitter:data2\" content=\"1 minute\" \/>\n<script type=\"application\/ld+json\" class=\"yoast-schema-graph\">{\"@context\":\"https:\\\/\\\/schema.org\",\"@graph\":[{\"@type\":\"Article\",\"@id\":\"https:\\\/\\\/www.altercampagne.net\\\/?p=3744#article\",\"isPartOf\":{\"@id\":\"https:\\\/\\\/www.altercampagne.net\\\/?p=3744\"},\"author\":{\"name\":\"Mathieu\",\"@id\":\"https:\\\/\\\/www.altercampagne.net\\\/#\\\/schema\\\/person\\\/0f261460c09e430caa0f9bcffa319109\"},\"headline\":\"R\u00e9sistance \u00e0 la r\u00e9gression scolaire, et \u00e0 la privatisation de l&rsquo;alimentation\",\"datePublished\":\"2011-07-31T12:57:55+00:00\",\"dateModified\":\"2019-09-16T15:25:23+00:00\",\"mainEntityOfPage\":{\"@id\":\"https:\\\/\\\/www.altercampagne.net\\\/?p=3744\"},\"wordCount\":171,\"keywords\":[\"\u00e9co-construction\",\"permaculture\",\"Gard\",\"St Hippolyte du Fort\",\"\u00e9co-hameau\",\"Pompignan\",\"la fourmi et la cigale\",\"biocoop associative\",\"autog\u00e9r\u00e9e\",\"Oasis CARAPA\",\"\u00e9nergies renouvelables\",\"Kokopelli\",\"languedoc-roussillon\",\"Saint-Hippolyte-du-Fort\",\"Anduze\"],\"articleSection\":[\"Habitat\",\"Occitanie\",\"\u00c9dition 2011\"],\"inLanguage\":\"fr-FR\"},{\"@type\":\"WebPage\",\"@id\":\"https:\\\/\\\/www.altercampagne.net\\\/?p=3744\",\"url\":\"https:\\\/\\\/www.altercampagne.net\\\/?p=3744\",\"name\":\"R\u00e9sistance \u00e0 la r\u00e9gression scolaire, et \u00e0 la privatisation de l'alimentation - AlterTour\",\"isPartOf\":{\"@id\":\"https:\\\/\\\/www.altercampagne.net\\\/#website\"},\"datePublished\":\"2011-07-31T12:57:55+00:00\",\"dateModified\":\"2019-09-16T15:25:23+00:00\",\"author\":{\"@id\":\"https:\\\/\\\/www.altercampagne.net\\\/#\\\/schema\\\/person\\\/0f261460c09e430caa0f9bcffa319109\"},\"breadcrumb\":{\"@id\":\"https:\\\/\\\/www.altercampagne.net\\\/?p=3744#breadcrumb\"},\"inLanguage\":\"fr-FR\",\"potentialAction\":[{\"@type\":\"ReadAction\",\"target\":[\"https:\\\/\\\/www.altercampagne.net\\\/?p=3744\"]}]},{\"@type\":\"BreadcrumbList\",\"@id\":\"https:\\\/\\\/www.altercampagne.net\\\/?p=3744#breadcrumb\",\"itemListElement\":[{\"@type\":\"ListItem\",\"position\":1,\"name\":\"Accueil\",\"item\":\"https:\\\/\\\/www.altercampagne.net\\\/\"},{\"@type\":\"ListItem\",\"position\":2,\"name\":\"R\u00e9sistance \u00e0 la r\u00e9gression scolaire, et \u00e0 la privatisation de l&rsquo;alimentation\"}]},{\"@type\":\"WebSite\",\"@id\":\"https:\\\/\\\/www.altercampagne.net\\\/#website\",\"url\":\"https:\\\/\\\/www.altercampagne.net\\\/\",\"name\":\"AlterTour\",\"description\":\"Reliez les Alternatives \u00e0 v\u00e9lo\",\"potentialAction\":[{\"@type\":\"SearchAction\",\"target\":{\"@type\":\"EntryPoint\",\"urlTemplate\":\"https:\\\/\\\/www.altercampagne.net\\\/?s={search_term_string}\"},\"query-input\":{\"@type\":\"PropertyValueSpecification\",\"valueRequired\":true,\"valueName\":\"search_term_string\"}}],\"inLanguage\":\"fr-FR\"},{\"@type\":\"Person\",\"@id\":\"https:\\\/\\\/www.altercampagne.net\\\/#\\\/schema\\\/person\\\/0f261460c09e430caa0f9bcffa319109\",\"name\":\"Mathieu\",\"image\":{\"@type\":\"ImageObject\",\"inLanguage\":\"fr-FR\",\"@id\":\"https:\\\/\\\/secure.gravatar.com\\\/avatar\\\/aa9d3d24c83f2141e5e2709d0f63d09a99f6be6bb7a50abc4915838d9f54501a?s=96&d=mm&r=g\",\"url\":\"https:\\\/\\\/secure.gravatar.com\\\/avatar\\\/aa9d3d24c83f2141e5e2709d0f63d09a99f6be6bb7a50abc4915838d9f54501a?s=96&d=mm&r=g\",\"contentUrl\":\"https:\\\/\\\/secure.gravatar.com\\\/avatar\\\/aa9d3d24c83f2141e5e2709d0f63d09a99f6be6bb7a50abc4915838d9f54501a?s=96&d=mm&r=g\",\"caption\":\"Mathieu\"},\"url\":\"https:\\\/\\\/www.altercampagne.net\\\/?author=214\"}]}<\/script>\n<!-- \/ Yoast SEO plugin. -->","yoast_head_json":{"title":"R\u00e9sistance \u00e0 la r\u00e9gression scolaire, et \u00e0 la privatisation de l'alimentation - AlterTour","robots":{"index":"index","follow":"follow","max-snippet":"max-snippet:-1","max-image-preview":"max-image-preview:large","max-video-preview":"max-video-preview:-1"},"canonical":"https:\/\/www.altercampagne.net\/?p=3744","og_locale":"fr_FR","og_type":"article","og_title":"R\u00e9sistance \u00e0 la r\u00e9gression scolaire, et \u00e0 la privatisation de l'alimentation - AlterTour","og_description":"D\u00e9part de Pompignan \u00e0 peu pr\u00e8s \u00e0 l&rsquo;heure, route jusqu&rsquo;\u00e0 St-Hippolyte-du-Fort. Accueil \u00e0 \u00ab&nbsp;la fourmi et la cigale&nbsp;\u00bb avec boissons et g\u00e2teaux. Explication du fonctionnement de leur biocoop associative et autog\u00e9r\u00e9e, c\u00f4t\u00e9 magasin et c\u00f4t\u00e9 association. Puis rencontre avec l&rsquo;association de lutte pour la sauvegarde de toutes les classes de ... Read More","og_url":"https:\/\/www.altercampagne.net\/?p=3744","og_site_name":"AlterTour","article_published_time":"2011-07-31T12:57:55+00:00","article_modified_time":"2019-09-16T15:25:23+00:00","author":"Mathieu","twitter_card":"summary_large_image","twitter_misc":{"\u00c9crit par":"Mathieu","Dur\u00e9e de lecture estim\u00e9e":"1 minute"},"schema":{"@context":"https:\/\/schema.org","@graph":[{"@type":"Article","@id":"https:\/\/www.altercampagne.net\/?p=3744#article","isPartOf":{"@id":"https:\/\/www.altercampagne.net\/?p=3744"},"author":{"name":"Mathieu","@id":"https:\/\/www.altercampagne.net\/#\/schema\/person\/0f261460c09e430caa0f9bcffa319109"},"headline":"R\u00e9sistance \u00e0 la r\u00e9gression scolaire, et \u00e0 la privatisation de l&rsquo;alimentation","datePublished":"2011-07-31T12:57:55+00:00","dateModified":"2019-09-16T15:25:23+00:00","mainEntityOfPage":{"@id":"https:\/\/www.altercampagne.net\/?p=3744"},"wordCount":171,"keywords":["\u00e9co-construction","permaculture","Gard","St Hippolyte du Fort","\u00e9co-hameau","Pompignan","la fourmi et la cigale","biocoop associative","autog\u00e9r\u00e9e","Oasis CARAPA","\u00e9nergies renouvelables","Kokopelli","languedoc-roussillon","Saint-Hippolyte-du-Fort","Anduze"],"articleSection":["Habitat","Occitanie","\u00c9dition 2011"],"inLanguage":"fr-FR"},{"@type":"WebPage","@id":"https:\/\/www.altercampagne.net\/?p=3744","url":"https:\/\/www.altercampagne.net\/?p=3744","name":"R\u00e9sistance \u00e0 la r\u00e9gression scolaire, et \u00e0 la privatisation de l'alimentation - AlterTour","isPartOf":{"@id":"https:\/\/www.altercampagne.net\/#website"},"datePublished":"2011-07-31T12:57:55+00:00","dateModified":"2019-09-16T15:25:23+00:00","author":{"@id":"https:\/\/www.altercampagne.net\/#\/schema\/person\/0f261460c09e430caa0f9bcffa319109"},"breadcrumb":{"@id":"https:\/\/www.altercampagne.net\/?p=3744#breadcrumb"},"inLanguage":"fr-FR","potentialAction":[{"@type":"ReadAction","target":["https:\/\/www.altercampagne.net\/?p=3744"]}]},{"@type":"BreadcrumbList","@id":"https:\/\/www.altercampagne.net\/?p=3744#breadcrumb","itemListElement":[{"@type":"ListItem","position":1,"name":"Accueil","item":"https:\/\/www.altercampagne.net\/"},{"@type":"ListItem","position":2,"name":"R\u00e9sistance \u00e0 la r\u00e9gression scolaire, et \u00e0 la privatisation de l&rsquo;alimentation"}]},{"@type":"WebSite","@id":"https:\/\/www.altercampagne.net\/#website","url":"https:\/\/www.altercampagne.net\/","name":"AlterTour","description":"Reliez les Alternatives \u00e0 v\u00e9lo","potentialAction":[{"@type":"SearchAction","target":{"@type":"EntryPoint","urlTemplate":"https:\/\/www.altercampagne.net\/?s={search_term_string}"},"query-input":{"@type":"PropertyValueSpecification","valueRequired":true,"valueName":"search_term_string"}}],"inLanguage":"fr-FR"},{"@type":"Person","@id":"https:\/\/www.altercampagne.net\/#\/schema\/person\/0f261460c09e430caa0f9bcffa319109","name":"Mathieu","image":{"@type":"ImageObject","inLanguage":"fr-FR","@id":"https:\/\/secure.gravatar.com\/avatar\/aa9d3d24c83f2141e5e2709d0f63d09a99f6be6bb7a50abc4915838d9f54501a?s=96&d=mm&r=g","url":"https:\/\/secure.gravatar.com\/avatar\/aa9d3d24c83f2141e5e2709d0f63d09a99f6be6bb7a50abc4915838d9f54501a?s=96&d=mm&r=g","contentUrl":"https:\/\/secure.gravatar.com\/avatar\/aa9d3d24c83f2141e5e2709d0f63d09a99f6be6bb7a50abc4915838d9f54501a?s=96&d=mm&r=g","caption":"Mathieu"},"url":"https:\/\/www.altercampagne.net\/?author=214"}]}},"_links":{"self":[{"href":"https:\/\/www.altercampagne.net\/index.php?rest_route=\/wp\/v2\/posts\/3744","targetHints":{"allow":["GET"]}}],"collection":[{"href":"https:\/\/www.altercampagne.net\/index.php?rest_route=\/wp\/v2\/posts"}],"about":[{"href":"https:\/\/www.altercampagne.net\/index.php?rest_route=\/wp\/v2\/types\/post"}],"author":[{"embeddable":true,"href":"https:\/\/www.altercampagne.net\/index.php?rest_route=\/wp\/v2\/users\/214"}],"replies":[{"embeddable":true,"href":"https:\/\/www.altercampagne.net\/index.php?rest_route=%2Fwp%2Fv2%2Fcomments&post=3744"}],"version-history":[{"count":0,"href":"https:\/\/www.altercampagne.net\/index.php?rest_route=\/wp\/v2\/posts\/3744\/revisions"}],"wp:attachment":[{"href":"https:\/\/www.altercampagne.net\/index.php?rest_route=%2Fwp%2Fv2%2Fmedia&parent=3744"}],"wp:term":[{"taxonomy":"category","embeddable":true,"href":"https:\/\/www.altercampagne.net\/index.php?rest_route=%2Fwp%2Fv2%2Fcategories&post=3744"},{"taxonomy":"post_tag","embeddable":true,"href":"https:\/\/www.altercampagne.net\/index.php?rest_route=%2Fwp%2Fv2%2Ftags&post=3744"}],"curies":[{"name":"wp","href":"https:\/\/api.w.org\/{rel}","templated":true}]}}