{"id":3746,"date":"2011-07-30T15:00:44","date_gmt":"2011-07-30T13:00:44","guid":{"rendered":"http:\/\/www.altercampagne.net\/?p=3746"},"modified":"2019-09-16T17:26:47","modified_gmt":"2019-09-16T15:26:47","slug":"trajet-de-vauvert-a-pompignan-en-passant-par-congenie-sommieres-vabre-et-pompignan","status":"publish","type":"post","link":"https:\/\/www.altercampagne.net\/?p=3746","title":{"rendered":"Trajet de Vauvert \u00e0 Pompignan en passant par Cong\u00e9nie, Sommi\u00e8res, Vabre et Pompignan"},"content":{"rendered":"<p>Sur le th\u00e8me de l&rsquo;observation de la nature, cette journ\u00e9e est anim\u00e9e par l&rsquo;<a href=\"http:\/\/gard-nature.com\/\"><strong>association Gard Nature<\/strong><\/a>. Tout au long de notre chemin, nous sommes tant\u00f4t accompagn\u00e9s par le chant des cigales grises, noires, et pl\u00e9b\u00e9iennes tant\u00f4t survol\u00e9s par un rollier, bel oiseau bleut\u00e9, typique des C\u00e9vennes. Mais nous apprenons aussi \u00e0 reconnaitre l&rsquo;ailanthe, plante invasive, dont l&rsquo;<a href=\"http:\/\/gard-nature.com\/\"><strong>association Gard Nature<\/strong><\/a> tente d&rsquo;enrayer la prolif\u00e9ration.<\/p>\n<p>De Calvisson \u00e0 Cong\u00e9nie, nous empruntons notamment la voie verte, laquelle, de parole vol\u00e9e \u00e0 un cycliste du cru, est l&rsquo;ancien chemin de fer qui amenait les munitions jusqu&rsquo;au plateau du Larzac&#8230;Depuis, au gr\u00e9 du choix des collectivit\u00e9s territoriales, cette voie a trouv\u00e9 une nouvelle vie faisant la place au mode de d\u00e9placement doux.<\/p>\n<p>Chaque \u00e9tape, comme de coutume \u00e0 l&rsquo;AlteTour est marqu\u00e9e par la rencontre avec des producteurs locaux. A Cong\u00e9nie, c&rsquo;est <a href=\"http:\/\/www.journal-officiel.gouv.fr\/association\/index.php?ctx=eJwljEEOwiAQRWftKZpuXZQBBgYTt57APSFIY5NakFLPL9Hlfy*v%21xXmCv6zQdj3HMG*YXiElkqoR1vyNuf66vOKZhJ2kgLxNMRcS66dTq2mdBnvuYzgI5xRaY0kpGEyrJAZLf6EkywMW4nERIqt0%214fCFLSUn911jmtlVYE*rm027GuIAm%21c1kqJw__&amp;cref=1&amp;ACTION=reset\"><strong>L&rsquo;Il\u00f4t Paysan<\/strong><\/a> qui nous accueille par une d\u00e9gustation d&rsquo;eaux florales et de tisanes et \u00e0 Sommi\u00e8res, une coop\u00e9rative de photovolta\u00efque d\u00e9nomm\u00e9e <a href=\"http:\/\/www.enercoso.fr\/\"><strong>Enercoso<\/strong><\/a>. Gr\u00e2ce \u00e0 la contribution de ses 69 soci\u00e9taires, elle a install\u00e9 100 m2 pour 85 000 euros sur le toit d&rsquo;un magasin d&rsquo;alimentation biologique qui a fourni dans sa premi\u00e8re ann\u00e9e d&rsquo;exploitation 21000 kWh, correspondant \u00e0 la consommation moyenne de 5 m\u00e9nages fran\u00e7ais.<\/p>\n<p>A Pompignan, nous sommes accueillis sur le premier lieu d&rsquo;observation et d&rsquo;exp\u00e9rimentation de Gard Nature avec une magnifique tabl\u00e9e de victuailles pr\u00e9par\u00e9es par 3 paysans membres de l&rsquo;Il\u00f4t Paysan. Plusieurs se baignent dans la petite mare juste \u00e0 c\u00f4t\u00e9. Ce site tente de redynamiser la biodiversit\u00e9 de la r\u00e9gion en reconstituant ou maintenant les am\u00e9nagements des pratiques agropastorales traditionnelles, comme les lavognes (mare pour moutons), les foss\u00e9s de drainage qui permettent de baisser le niveau de la nappe phr\u00e9atique ou un bosquet de fr\u00eanes. Dans cette r\u00e9gion des C\u00e9vennes, le climat est tr\u00e8s rude : il peut geler du 15 octobre au 15 mai, l&rsquo;\u00e9t\u00e9 est sec et chaud alors que l&rsquo;hiver est froid et humide, provoquant souvent des inondations.<\/p>\n<p>La principale culture, celle de la vigne, tend \u00e0 dispara\u00eetre principalement pour des raisons \u00e9conomiques (les raisins sont vendus 3 euros l&rsquo;hectolitre), ce qui n&rsquo;est pas pour d\u00e9plaire \u00e0 notre h\u00f4te puisque cette culture utilise \u00e9norm\u00e9ment de pesticides en particulier du sulfate de cuivre. La plupart des vignes arrach\u00e9es restent des terres en friche. Notre accueillant pr\u00e9voit d&rsquo;acheter de nouveaux terrains pour y planter du bl\u00e9 d&rsquo;\u00e9peautre.<\/p>\n<p>Le soir, nous campons sur le terrain de foot de la commune o\u00f9 nous retrouvons quelques atlercyclistes partis r\u00e9pondre \u00e0 l&rsquo;appel public pour faucher du tournesol mut\u00e9 dans le champ d&rsquo;un paysan tromp\u00e9 par la d\u00e9sinformation des firmes semenci\u00e8res.<\/p>\n<p style=\"text-align: right;\"><strong><i>Elodie et Philippe<\/i><\/strong><\/p>\n","protected":false},"excerpt":{"rendered":"<p>Sur le th\u00e8me de l&rsquo;observation de la nature, cette journ\u00e9e est anim\u00e9e par l&rsquo;association Gard Nature. Tout au long de notre chemin, nous sommes tant\u00f4t accompagn\u00e9s par le chant des cigales grises, noires, et pl\u00e9b\u00e9iennes tant\u00f4t survol\u00e9s par un rollier, bel oiseau bleut\u00e9, typique des C\u00e9vennes. Mais nous apprenons aussi &#8230; <\/p>\n<div><a href=\"https:\/\/www.altercampagne.net\/?p=3746\" class=\"more-link\">Read More<\/a><\/div>\n","protected":false},"author":214,"featured_media":0,"comment_status":"closed","ping_status":"closed","sticky":false,"template":"","format":"standard","meta":{"footnotes":""},"categories":[3483,3486,3480,3464],"tags":[249,269,705,836,1075,1321,1373,1374,1375,1973,1979],"class_list":["post-3746","post","type-post","status-publish","format-standard","hentry","category-agriculture","category-environnement","category-occitanie","category-edition-2011","tag-photovoltaique","tag-cooperative","tag-larzac","tag-altertour-2011","tag-gard","tag-pompignan","tag-association-gard-nature","tag-ilot-paysan","tag-enercoso","tag-languedoc-roussillon","tag-1979","no-post-thumbnail"],"yoast_head":"<!-- This site is optimized with the Yoast SEO plugin v27.3 - https:\/\/yoast.com\/product\/yoast-seo-wordpress\/ -->\n<title>Trajet de Vauvert \u00e0 Pompignan en passant par Cong\u00e9nie, Sommi\u00e8res, Vabre et Pompignan - AlterTour<\/title>\n<meta name=\"robots\" content=\"index, follow, max-snippet:-1, max-image-preview:large, max-video-preview:-1\" \/>\n<link rel=\"canonical\" href=\"https:\/\/www.altercampagne.net\/?p=3746\" \/>\n<meta property=\"og:locale\" content=\"fr_FR\" \/>\n<meta property=\"og:type\" content=\"article\" \/>\n<meta property=\"og:title\" content=\"Trajet de Vauvert \u00e0 Pompignan en passant par Cong\u00e9nie, Sommi\u00e8res, Vabre et Pompignan - AlterTour\" \/>\n<meta property=\"og:description\" content=\"Sur le th\u00e8me de l&rsquo;observation de la nature, cette journ\u00e9e est anim\u00e9e par l&rsquo;association Gard Nature. Tout au long de notre chemin, nous sommes tant\u00f4t accompagn\u00e9s par le chant des cigales grises, noires, et pl\u00e9b\u00e9iennes tant\u00f4t survol\u00e9s par un rollier, bel oiseau bleut\u00e9, typique des C\u00e9vennes. Mais nous apprenons aussi ... Read More\" \/>\n<meta property=\"og:url\" content=\"https:\/\/www.altercampagne.net\/?p=3746\" \/>\n<meta property=\"og:site_name\" content=\"AlterTour\" \/>\n<meta property=\"article:published_time\" content=\"2011-07-30T13:00:44+00:00\" \/>\n<meta property=\"article:modified_time\" content=\"2019-09-16T15:26:47+00:00\" \/>\n<meta name=\"author\" content=\"Mathieu\" \/>\n<meta name=\"twitter:card\" content=\"summary_large_image\" \/>\n<meta name=\"twitter:label1\" content=\"\u00c9crit par\" \/>\n\t<meta name=\"twitter:data1\" content=\"Mathieu\" \/>\n\t<meta name=\"twitter:label2\" content=\"Dur\u00e9e de lecture estim\u00e9e\" \/>\n\t<meta name=\"twitter:data2\" content=\"2 minutes\" \/>\n<script type=\"application\/ld+json\" class=\"yoast-schema-graph\">{\"@context\":\"https:\\\/\\\/schema.org\",\"@graph\":[{\"@type\":\"Article\",\"@id\":\"https:\\\/\\\/www.altercampagne.net\\\/?p=3746#article\",\"isPartOf\":{\"@id\":\"https:\\\/\\\/www.altercampagne.net\\\/?p=3746\"},\"author\":{\"name\":\"Mathieu\",\"@id\":\"https:\\\/\\\/www.altercampagne.net\\\/#\\\/schema\\\/person\\\/0f261460c09e430caa0f9bcffa319109\"},\"headline\":\"Trajet de Vauvert \u00e0 Pompignan en passant par Cong\u00e9nie, Sommi\u00e8res, Vabre et Pompignan\",\"datePublished\":\"2011-07-30T13:00:44+00:00\",\"dateModified\":\"2019-09-16T15:26:47+00:00\",\"mainEntityOfPage\":{\"@id\":\"https:\\\/\\\/www.altercampagne.net\\\/?p=3746\"},\"wordCount\":501,\"keywords\":[\"photovolta\u00efque\",\"Coop\u00e9rative\",\"larzac\",\"AlterTour 2011\",\"Gard\",\"Pompignan\",\"association Gard Nature\",\"Il\u00f4t Paysan\",\"Enercoso\",\"languedoc-roussillon\",\"2011\"],\"articleSection\":[\"Agriculture\",\"Environnement\",\"Occitanie\",\"\u00c9dition 2011\"],\"inLanguage\":\"fr-FR\"},{\"@type\":\"WebPage\",\"@id\":\"https:\\\/\\\/www.altercampagne.net\\\/?p=3746\",\"url\":\"https:\\\/\\\/www.altercampagne.net\\\/?p=3746\",\"name\":\"Trajet de Vauvert \u00e0 Pompignan en passant par Cong\u00e9nie, Sommi\u00e8res, Vabre et Pompignan - AlterTour\",\"isPartOf\":{\"@id\":\"https:\\\/\\\/www.altercampagne.net\\\/#website\"},\"datePublished\":\"2011-07-30T13:00:44+00:00\",\"dateModified\":\"2019-09-16T15:26:47+00:00\",\"author\":{\"@id\":\"https:\\\/\\\/www.altercampagne.net\\\/#\\\/schema\\\/person\\\/0f261460c09e430caa0f9bcffa319109\"},\"breadcrumb\":{\"@id\":\"https:\\\/\\\/www.altercampagne.net\\\/?p=3746#breadcrumb\"},\"inLanguage\":\"fr-FR\",\"potentialAction\":[{\"@type\":\"ReadAction\",\"target\":[\"https:\\\/\\\/www.altercampagne.net\\\/?p=3746\"]}]},{\"@type\":\"BreadcrumbList\",\"@id\":\"https:\\\/\\\/www.altercampagne.net\\\/?p=3746#breadcrumb\",\"itemListElement\":[{\"@type\":\"ListItem\",\"position\":1,\"name\":\"Accueil\",\"item\":\"https:\\\/\\\/www.altercampagne.net\\\/\"},{\"@type\":\"ListItem\",\"position\":2,\"name\":\"Trajet de Vauvert \u00e0 Pompignan en passant par Cong\u00e9nie, Sommi\u00e8res, Vabre et Pompignan\"}]},{\"@type\":\"WebSite\",\"@id\":\"https:\\\/\\\/www.altercampagne.net\\\/#website\",\"url\":\"https:\\\/\\\/www.altercampagne.net\\\/\",\"name\":\"AlterTour\",\"description\":\"Reliez les Alternatives \u00e0 v\u00e9lo\",\"potentialAction\":[{\"@type\":\"SearchAction\",\"target\":{\"@type\":\"EntryPoint\",\"urlTemplate\":\"https:\\\/\\\/www.altercampagne.net\\\/?s={search_term_string}\"},\"query-input\":{\"@type\":\"PropertyValueSpecification\",\"valueRequired\":true,\"valueName\":\"search_term_string\"}}],\"inLanguage\":\"fr-FR\"},{\"@type\":\"Person\",\"@id\":\"https:\\\/\\\/www.altercampagne.net\\\/#\\\/schema\\\/person\\\/0f261460c09e430caa0f9bcffa319109\",\"name\":\"Mathieu\",\"image\":{\"@type\":\"ImageObject\",\"inLanguage\":\"fr-FR\",\"@id\":\"https:\\\/\\\/secure.gravatar.com\\\/avatar\\\/aa9d3d24c83f2141e5e2709d0f63d09a99f6be6bb7a50abc4915838d9f54501a?s=96&d=mm&r=g\",\"url\":\"https:\\\/\\\/secure.gravatar.com\\\/avatar\\\/aa9d3d24c83f2141e5e2709d0f63d09a99f6be6bb7a50abc4915838d9f54501a?s=96&d=mm&r=g\",\"contentUrl\":\"https:\\\/\\\/secure.gravatar.com\\\/avatar\\\/aa9d3d24c83f2141e5e2709d0f63d09a99f6be6bb7a50abc4915838d9f54501a?s=96&d=mm&r=g\",\"caption\":\"Mathieu\"},\"url\":\"https:\\\/\\\/www.altercampagne.net\\\/?author=214\"}]}<\/script>\n<!-- \/ Yoast SEO plugin. -->","yoast_head_json":{"title":"Trajet de Vauvert \u00e0 Pompignan en passant par Cong\u00e9nie, Sommi\u00e8res, Vabre et Pompignan - AlterTour","robots":{"index":"index","follow":"follow","max-snippet":"max-snippet:-1","max-image-preview":"max-image-preview:large","max-video-preview":"max-video-preview:-1"},"canonical":"https:\/\/www.altercampagne.net\/?p=3746","og_locale":"fr_FR","og_type":"article","og_title":"Trajet de Vauvert \u00e0 Pompignan en passant par Cong\u00e9nie, Sommi\u00e8res, Vabre et Pompignan - AlterTour","og_description":"Sur le th\u00e8me de l&rsquo;observation de la nature, cette journ\u00e9e est anim\u00e9e par l&rsquo;association Gard Nature. Tout au long de notre chemin, nous sommes tant\u00f4t accompagn\u00e9s par le chant des cigales grises, noires, et pl\u00e9b\u00e9iennes tant\u00f4t survol\u00e9s par un rollier, bel oiseau bleut\u00e9, typique des C\u00e9vennes. Mais nous apprenons aussi ... Read More","og_url":"https:\/\/www.altercampagne.net\/?p=3746","og_site_name":"AlterTour","article_published_time":"2011-07-30T13:00:44+00:00","article_modified_time":"2019-09-16T15:26:47+00:00","author":"Mathieu","twitter_card":"summary_large_image","twitter_misc":{"\u00c9crit par":"Mathieu","Dur\u00e9e de lecture estim\u00e9e":"2 minutes"},"schema":{"@context":"https:\/\/schema.org","@graph":[{"@type":"Article","@id":"https:\/\/www.altercampagne.net\/?p=3746#article","isPartOf":{"@id":"https:\/\/www.altercampagne.net\/?p=3746"},"author":{"name":"Mathieu","@id":"https:\/\/www.altercampagne.net\/#\/schema\/person\/0f261460c09e430caa0f9bcffa319109"},"headline":"Trajet de Vauvert \u00e0 Pompignan en passant par Cong\u00e9nie, Sommi\u00e8res, Vabre et Pompignan","datePublished":"2011-07-30T13:00:44+00:00","dateModified":"2019-09-16T15:26:47+00:00","mainEntityOfPage":{"@id":"https:\/\/www.altercampagne.net\/?p=3746"},"wordCount":501,"keywords":["photovolta\u00efque","Coop\u00e9rative","larzac","AlterTour 2011","Gard","Pompignan","association Gard Nature","Il\u00f4t Paysan","Enercoso","languedoc-roussillon","2011"],"articleSection":["Agriculture","Environnement","Occitanie","\u00c9dition 2011"],"inLanguage":"fr-FR"},{"@type":"WebPage","@id":"https:\/\/www.altercampagne.net\/?p=3746","url":"https:\/\/www.altercampagne.net\/?p=3746","name":"Trajet de Vauvert \u00e0 Pompignan en passant par Cong\u00e9nie, Sommi\u00e8res, Vabre et Pompignan - AlterTour","isPartOf":{"@id":"https:\/\/www.altercampagne.net\/#website"},"datePublished":"2011-07-30T13:00:44+00:00","dateModified":"2019-09-16T15:26:47+00:00","author":{"@id":"https:\/\/www.altercampagne.net\/#\/schema\/person\/0f261460c09e430caa0f9bcffa319109"},"breadcrumb":{"@id":"https:\/\/www.altercampagne.net\/?p=3746#breadcrumb"},"inLanguage":"fr-FR","potentialAction":[{"@type":"ReadAction","target":["https:\/\/www.altercampagne.net\/?p=3746"]}]},{"@type":"BreadcrumbList","@id":"https:\/\/www.altercampagne.net\/?p=3746#breadcrumb","itemListElement":[{"@type":"ListItem","position":1,"name":"Accueil","item":"https:\/\/www.altercampagne.net\/"},{"@type":"ListItem","position":2,"name":"Trajet de Vauvert \u00e0 Pompignan en passant par Cong\u00e9nie, Sommi\u00e8res, Vabre et Pompignan"}]},{"@type":"WebSite","@id":"https:\/\/www.altercampagne.net\/#website","url":"https:\/\/www.altercampagne.net\/","name":"AlterTour","description":"Reliez les Alternatives \u00e0 v\u00e9lo","potentialAction":[{"@type":"SearchAction","target":{"@type":"EntryPoint","urlTemplate":"https:\/\/www.altercampagne.net\/?s={search_term_string}"},"query-input":{"@type":"PropertyValueSpecification","valueRequired":true,"valueName":"search_term_string"}}],"inLanguage":"fr-FR"},{"@type":"Person","@id":"https:\/\/www.altercampagne.net\/#\/schema\/person\/0f261460c09e430caa0f9bcffa319109","name":"Mathieu","image":{"@type":"ImageObject","inLanguage":"fr-FR","@id":"https:\/\/secure.gravatar.com\/avatar\/aa9d3d24c83f2141e5e2709d0f63d09a99f6be6bb7a50abc4915838d9f54501a?s=96&d=mm&r=g","url":"https:\/\/secure.gravatar.com\/avatar\/aa9d3d24c83f2141e5e2709d0f63d09a99f6be6bb7a50abc4915838d9f54501a?s=96&d=mm&r=g","contentUrl":"https:\/\/secure.gravatar.com\/avatar\/aa9d3d24c83f2141e5e2709d0f63d09a99f6be6bb7a50abc4915838d9f54501a?s=96&d=mm&r=g","caption":"Mathieu"},"url":"https:\/\/www.altercampagne.net\/?author=214"}]}},"_links":{"self":[{"href":"https:\/\/www.altercampagne.net\/index.php?rest_route=\/wp\/v2\/posts\/3746","targetHints":{"allow":["GET"]}}],"collection":[{"href":"https:\/\/www.altercampagne.net\/index.php?rest_route=\/wp\/v2\/posts"}],"about":[{"href":"https:\/\/www.altercampagne.net\/index.php?rest_route=\/wp\/v2\/types\/post"}],"author":[{"embeddable":true,"href":"https:\/\/www.altercampagne.net\/index.php?rest_route=\/wp\/v2\/users\/214"}],"replies":[{"embeddable":true,"href":"https:\/\/www.altercampagne.net\/index.php?rest_route=%2Fwp%2Fv2%2Fcomments&post=3746"}],"version-history":[{"count":0,"href":"https:\/\/www.altercampagne.net\/index.php?rest_route=\/wp\/v2\/posts\/3746\/revisions"}],"wp:attachment":[{"href":"https:\/\/www.altercampagne.net\/index.php?rest_route=%2Fwp%2Fv2%2Fmedia&parent=3746"}],"wp:term":[{"taxonomy":"category","embeddable":true,"href":"https:\/\/www.altercampagne.net\/index.php?rest_route=%2Fwp%2Fv2%2Fcategories&post=3746"},{"taxonomy":"post_tag","embeddable":true,"href":"https:\/\/www.altercampagne.net\/index.php?rest_route=%2Fwp%2Fv2%2Ftags&post=3746"}],"curies":[{"name":"wp","href":"https:\/\/api.w.org\/{rel}","templated":true}]}}