{"id":3748,"date":"2011-07-27T22:03:55","date_gmt":"2011-07-27T20:03:55","guid":{"rendered":"http:\/\/www.altercampagne.net\/?p=3748"},"modified":"2019-09-16T17:28:12","modified_gmt":"2019-09-16T15:28:12","slug":"etape-du-27-juillet-attac-arles-et-longo-mai","status":"publish","type":"post","link":"https:\/\/www.altercampagne.net\/?p=3748","title":{"rendered":"\u00c9tape du 27 Juillet : Attac Arles et Longo Ma\u00ef"},"content":{"rendered":"<p>D\u00e9but de la journ\u00e9e sous une pluie d&rsquo;orage bienfaisante pour les cultures mais moins agr\u00e9able pour les cyclistes. Cela n&rsquo;a pas emp\u00each\u00e9 Raynald de chanter et rouler sous la pluie.<\/p>\n<p>Sous un ciel bas et lourd, on a pu apercevoir les fum\u00e9es jaun\u00e2tres de soufre de l&rsquo;Etang de Berrre. On a du mal \u00e0 croire que les autochtones soient fiers de pouvoir \u00e0 nouveau se baigner dans l&rsquo;Etang de Berre m\u00eame si les dunkerquois n&rsquo;ont rien \u00e0 envier \u00e0 ce sujet.<\/p>\n<p>Petit arr\u00eat apr\u00e8s deux heures d&rsquo;orage face \u00e0 l&rsquo;ancienne d\u00e9charge de Marseille ferm\u00e9e il y a un an. On apercevait juste les mur anti-sacs plastiques qui, auparavant, recouvraient g\u00e9n\u00e9reusement les terres environnantes de la Crau. Chacun sa m. ? certainement pas car Marseille la pluri-mill\u00e9naire avait sa d\u00e9charge sur une commune environnante en pleine Crau. De Charybde en Scylla : depuis, Marseille s&rsquo;est \u00ab&nbsp;convertie&nbsp;\u00bb \u00e0 l&rsquo;incin\u00e9ration sans v\u00e9ritable tri s\u00e9lectif. Petite r\u00e9vision aussi des principes d&rsquo;irrigation \u00e9voqu\u00e9s la veille. D&rsquo;un c\u00f4t\u00e9 de la route, les arbres fruitiers irrigu\u00e9s au goutte \u00e0 goutte.&nbsp; De l&rsquo;autre les prairies de la Crau irrigu\u00e9s par gravitation, un syst\u00e8me qui a l&rsquo;atout de restituer 80% de&nbsp; son eau \u00e0 la nappe phr\u00e9atique contrairement au goutte \u00e0 goutte. Illustration p\u00e9dagogique de l&rsquo;importance de la connaissance du milieu et des cultures et agricultures locales. Je mets ma t\u00eate \u00e0 couper que la quasi-majorit\u00e9 des \u00e9colo-bobo (sauf les altertouristes, \u00e7a va de soi !) des villes crieraient au scandale devant l&rsquo;irrigation par gravitation.<\/p>\n<p>17 heures : cercle de parole suivi d&rsquo;un d\u00e9bat avec les membres d&rsquo;Attac<\/p>\n<p>Corrida, Corrida pas ?<\/p>\n<p>Ce cercle de parole aurait ronronn\u00e9 tranquillement dans un consensus mou si un pav\u00e9 n&rsquo;avait \u00e9t\u00e9 lanc\u00e9 dans l&rsquo;Etang de Berre par Jean-Claude. Celui-ci estimait qu&rsquo;accepter de d\u00e9jeuner la veille dans une manaderie au d\u00e9cor bucolique (chevaux et bovins camarguais noirs) \u00e9quivalait \u00e0 cautionner, selon lui, le spectacle sordide et sinistre de la Corrida. Le coup d&rsquo;estoc fut port\u00e9 par Guillaume qui a \u00e9voqu\u00e9 Victor Hugo, l&rsquo;un des plus grands humanistes du XIX\u00b0 et le premier militant de la cause animale (?).<\/p>\n<p>Front commun paysan<\/p>\n<p>Pierrot le vend\u00e9en et Pierre le camarguais se sont insurg\u00e9s contre une telle approche caricaturale et primaire.<\/p>\n<p>18 h : pr\u00e9sentation du groupe Attac Arles fort de 90 membres par 7 adh\u00e9rents.<\/p>\n<p>Le groupe d&rsquo;Arles s&rsquo;est investi dans la Commission Extra-Municipale consacr\u00e9e aux services publics (eau, gestion des d\u00e9chets, cantines scolaires, transports publics).<\/p>\n<p>Le grand loup communiste et les requins capitalistes<\/p>\n<p>Attac nous a appris que la SODEXO, l&rsquo;un des g\u00e9ants de la restauration collective, se payait le luxe d&rsquo;infliger une amende de 120 000 \u20ac \u00e0 la ville communiste d&rsquo;Arles pour livraison insuffisante de repas \u00e0 la municipalit\u00e9, repas que la SODEXO s&#8217;empressait de \u00ab&nbsp;brader&nbsp;\u00bb aux communes voisines pour un co\u00fbt trois fois moindre !<\/p>\n<p>Universit\u00e9s d&rsquo;\u00e9t\u00e9 d&rsquo;Attac : le groupe d&rsquo;Arles a organis\u00e9 trois universit\u00e9s d&rsquo;\u00e9t\u00e9 d&rsquo;Attac<\/p>\n<p>Participation au Carnaval d&rsquo;Arles : Attac avait un char all\u00e9gorique (\u00ab&nbsp;lutte du peuple contre les puissants&nbsp;\u00bb) lors du Carnaval d&rsquo;Arles renouant avec la tradition contestataire du Carnaval.<\/p>\n<p>Adh\u00e9sion a diff\u00e9rents collectifs dont le collectif \u00ab&nbsp;Terres Fertiles&nbsp;\u00bb regroupant, entre autres, la Conf\u00e9d\u00e9ration Paysanne et Longo Ma\u00ef. L&rsquo;un des derniers temps forts de ce collectif fut la rebaptisation de Saint Martin de Crau en \u00ab&nbsp;Saint Martin les Parpaings&nbsp;\u00bb pour abus de cr\u00e9ation de zones r\u00e9sidentielles et de ZAC au d\u00e9triment de la pr\u00e9servation des terrains agricoles. Attac se r\u00e9jouit du d\u00e9p\u00f4t de plainte pour \u00ab&nbsp;d\u00e9gradation de bien public&nbsp;\u00bb par la mairie socialiste.<\/p>\n<p>\u00ab&nbsp;Marmite \u00e0 Id\u00e9es&nbsp;\u00bb<\/p>\n<p>ATTAC s&rsquo;est fortement impliqu\u00e9e dans le projet \u00ab&nbsp;Solid&rsquo;Arles&nbsp;\u00bb qui avait pour but de rendre accessible des paniers repas de qualit\u00e9 (bio et locaux) aux populations d\u00e9favoris\u00e9es avant que la municipalit\u00e9 d&rsquo;Arles ne lance une OPA sur l&rsquo;association lors de la d\u00e9signation du Conseil d&rsquo;Administration.<\/p>\n<p>ATTAC a aussi particip\u00e9 \u00e0 la cr\u00e9ation d&rsquo;une Universit\u00e9 Populaire sur Arles.<\/p>\n<p><i>Garlonn, alterjournaliste de la journ\u00e9e<\/i><\/p>\n<p><b><br \/>\nCompte rendu de la soir\u00e9e<\/b><\/p>\n<p>Hormis les rencontres avec le collectif d&rsquo;Attac d&rsquo;Arles, un autre temps fort de la journ\u00e9e a \u00e9t\u00e9 la pr\u00e9paration du repas en musique, signe s&rsquo;il en est de l&rsquo;importance de la nourriture d\u00e9vor\u00e9e par les Alter Cyclistes, et donc <em>sub cons\u00e9quemment<\/em> de sa pr\u00e9paration.<\/p>\n<p>Or donc, ce moment festif a \u00e9t\u00e9 l&rsquo;occasion&nbsp; de la cr\u00e9ation <em>ex nihilo<\/em>, ou peu s&rsquo;en faut d&rsquo;un nouveau concept qui est apparu au fur &amp; \u00e0 mesure de ce temps aussi brouillon que bon enfant.<\/p>\n<p>Mais revenons au d\u00e9tail de cette maturation c\u00e9r\u00e9brale autant que culinaire.<\/p>\n<p>A savoir : chacun(e) des participants avait une id\u00e9e bien arr\u00eat\u00e9e concernant tant le d\u00e9roulement des op\u00e9rations que le menu \u00e0 proposer \u00e0 nos convives : or donc, au regard des ingr\u00e9dients disponibles (l\u00e9gumes en pagaille, coquillettes du midi, \u00e9pices diverses &amp; vari\u00e9es, dont l&rsquo;incontournable pistou&#8230;), il fallait donc trancher d&rsquo;une mani\u00e8re ou d&rsquo;une autre, ce qui n&rsquo;\u00e9tait point chose facile, chacun(e) d\u00e9fendant ses propres pratiques, et ne voulant pas y d\u00e9roger&#8230;<\/p>\n<p>Et c&rsquo;est pr\u00e9cis\u00e9ment \u00e0 ce moment que la magie de <em>\u00ab&nbsp;l&rsquo;autogestion \u00e9volutive&nbsp;\u00bb<\/em>, nouveau concept \u00e0 faire breveter sans plus tarder, a vu jour : chacun(e) s&rsquo;est accord\u00e9 pour glisser au fur &amp; \u00e0 mesure de la&nbsp; pr\u00e9paration des ingr\u00e9dients (de l&rsquo;oignon au courgette, des \u0153ufs aux coquillettes) et de leur cuisson, son grain de sel&#8230;<\/p>\n<p>Et, miracle de la cuisine, chacun(e) a ajout\u00e9 sa touche \u00e0 cette \u0153uvre collective qui a \u00e9t\u00e9 pl\u00e9biscit\u00e9e&nbsp;par des Alter Cyclistes pourtant pas si affam\u00e9s, au vu du peu d&rsquo;activit\u00e9s physiques pratiqu\u00e9es dans l&rsquo;apr\u00e8s-midi&#8230;<\/p>\n<p>Comme quoi l&rsquo;autogestion peut avoir un avenir pertinent, \u00e0 condition que chacun(e) puisse y apporter sa contribution personnelle.<\/p>\n<p><i>Herv\u00e9, alterjournaliste du soir<\/i><\/p>\n","protected":false},"excerpt":{"rendered":"<p>D\u00e9but de la journ\u00e9e sous une pluie d&rsquo;orage bienfaisante pour les cultures mais moins agr\u00e9able pour les cyclistes. Cela n&rsquo;a pas emp\u00each\u00e9 Raynald de chanter et rouler sous la pluie. Sous un ciel bas et lourd, on a pu apercevoir les fum\u00e9es jaun\u00e2tres de soufre de l&rsquo;Etang de Berrre. On &#8230; <\/p>\n<div><a href=\"https:\/\/www.altercampagne.net\/?p=3748\" class=\"more-link\">Read More<\/a><\/div>\n","protected":false},"author":214,"featured_media":0,"comment_status":"closed","ping_status":"closed","sticky":false,"template":"","format":"standard","meta":{"footnotes":""},"categories":[3484,3485,3482,3464],"tags":[1380,1993,1991,1984,1979,1384,1383,1382,1381,35,1379,1378,1377,1376,1008,1001,836,449],"class_list":["post-3748","post","type-post","status-publish","format-standard","hentry","category-economie","category-habitat","category-provence-alpes-cote-dazur","category-edition-2011","tag-collectif-terres-fertiles","tag-fontvieille","tag-bouches-du-rhone","tag-provence-alpes-cote-dazur","tag-1979","tag-universite-populaire-arles","tag-solidarles","tag-saint-martin-de-crau","tag-longo-mai","tag-autogestion","tag-sodexo","tag-attac-arles","tag-corrida","tag-etang-de-berrre","tag-attac","tag-marseille","tag-altertour-2011","tag-confederation-paysanne","no-post-thumbnail"],"yoast_head":"<!-- This site is optimized with the Yoast SEO plugin v27.3 - https:\/\/yoast.com\/product\/yoast-seo-wordpress\/ -->\n<title>\u00c9tape du 27 Juillet : Attac Arles et Longo Ma\u00ef - AlterTour<\/title>\n<meta name=\"robots\" content=\"index, follow, max-snippet:-1, max-image-preview:large, max-video-preview:-1\" \/>\n<link rel=\"canonical\" href=\"https:\/\/www.altercampagne.net\/?p=3748\" \/>\n<meta property=\"og:locale\" content=\"fr_FR\" \/>\n<meta property=\"og:type\" content=\"article\" \/>\n<meta property=\"og:title\" content=\"\u00c9tape du 27 Juillet : Attac Arles et Longo Ma\u00ef - AlterTour\" \/>\n<meta property=\"og:description\" content=\"D\u00e9but de la journ\u00e9e sous une pluie d&rsquo;orage bienfaisante pour les cultures mais moins agr\u00e9able pour les cyclistes. Cela n&rsquo;a pas emp\u00each\u00e9 Raynald de chanter et rouler sous la pluie. Sous un ciel bas et lourd, on a pu apercevoir les fum\u00e9es jaun\u00e2tres de soufre de l&rsquo;Etang de Berrre. On ... Read More\" \/>\n<meta property=\"og:url\" content=\"https:\/\/www.altercampagne.net\/?p=3748\" \/>\n<meta property=\"og:site_name\" content=\"AlterTour\" \/>\n<meta property=\"article:published_time\" content=\"2011-07-27T20:03:55+00:00\" \/>\n<meta property=\"article:modified_time\" content=\"2019-09-16T15:28:12+00:00\" \/>\n<meta name=\"author\" content=\"Mathieu\" \/>\n<meta name=\"twitter:card\" content=\"summary_large_image\" \/>\n<meta name=\"twitter:label1\" content=\"\u00c9crit par\" \/>\n\t<meta name=\"twitter:data1\" content=\"Mathieu\" \/>\n\t<meta name=\"twitter:label2\" content=\"Dur\u00e9e de lecture estim\u00e9e\" \/>\n\t<meta name=\"twitter:data2\" content=\"5 minutes\" \/>\n<script type=\"application\/ld+json\" class=\"yoast-schema-graph\">{\"@context\":\"https:\\\/\\\/schema.org\",\"@graph\":[{\"@type\":\"Article\",\"@id\":\"https:\\\/\\\/www.altercampagne.net\\\/?p=3748#article\",\"isPartOf\":{\"@id\":\"https:\\\/\\\/www.altercampagne.net\\\/?p=3748\"},\"author\":{\"name\":\"Mathieu\",\"@id\":\"https:\\\/\\\/www.altercampagne.net\\\/#\\\/schema\\\/person\\\/0f261460c09e430caa0f9bcffa319109\"},\"headline\":\"\u00c9tape du 27 Juillet : Attac Arles et Longo Ma\u00ef\",\"datePublished\":\"2011-07-27T20:03:55+00:00\",\"dateModified\":\"2019-09-16T15:28:12+00:00\",\"mainEntityOfPage\":{\"@id\":\"https:\\\/\\\/www.altercampagne.net\\\/?p=3748\"},\"wordCount\":1065,\"keywords\":[\"collectif Terres Fertiles\",\"Fontvieille\",\"bouches-du-rh\u00f4ne\",\"Provence-Alpes-C\u00f4te d'Azur\",\"2011\",\"Universit\u00e9 Populaire Arles\",\"Solid'Arles\",\"Saint Martin de Crau\",\"Longo Ma\u00ef\",\"autogestion\",\"SODEXO\",\"Attac Arles\",\"Corrida\",\"Etang de Berrre\",\"Attac\",\"Marseille\",\"AlterTour 2011\",\"conf\u00e9d\u00e9ration paysanne\"],\"articleSection\":[\"\u00c9conomie\",\"Habitat\",\"Provence-Alpes-C\u00f4te d'Azur\",\"\u00c9dition 2011\"],\"inLanguage\":\"fr-FR\"},{\"@type\":\"WebPage\",\"@id\":\"https:\\\/\\\/www.altercampagne.net\\\/?p=3748\",\"url\":\"https:\\\/\\\/www.altercampagne.net\\\/?p=3748\",\"name\":\"\u00c9tape du 27 Juillet : Attac Arles et Longo Ma\u00ef - AlterTour\",\"isPartOf\":{\"@id\":\"https:\\\/\\\/www.altercampagne.net\\\/#website\"},\"datePublished\":\"2011-07-27T20:03:55+00:00\",\"dateModified\":\"2019-09-16T15:28:12+00:00\",\"author\":{\"@id\":\"https:\\\/\\\/www.altercampagne.net\\\/#\\\/schema\\\/person\\\/0f261460c09e430caa0f9bcffa319109\"},\"breadcrumb\":{\"@id\":\"https:\\\/\\\/www.altercampagne.net\\\/?p=3748#breadcrumb\"},\"inLanguage\":\"fr-FR\",\"potentialAction\":[{\"@type\":\"ReadAction\",\"target\":[\"https:\\\/\\\/www.altercampagne.net\\\/?p=3748\"]}]},{\"@type\":\"BreadcrumbList\",\"@id\":\"https:\\\/\\\/www.altercampagne.net\\\/?p=3748#breadcrumb\",\"itemListElement\":[{\"@type\":\"ListItem\",\"position\":1,\"name\":\"Accueil\",\"item\":\"https:\\\/\\\/www.altercampagne.net\\\/\"},{\"@type\":\"ListItem\",\"position\":2,\"name\":\"\u00c9tape du 27 Juillet : Attac Arles et Longo Ma\u00ef\"}]},{\"@type\":\"WebSite\",\"@id\":\"https:\\\/\\\/www.altercampagne.net\\\/#website\",\"url\":\"https:\\\/\\\/www.altercampagne.net\\\/\",\"name\":\"AlterTour\",\"description\":\"Reliez les Alternatives \u00e0 v\u00e9lo\",\"potentialAction\":[{\"@type\":\"SearchAction\",\"target\":{\"@type\":\"EntryPoint\",\"urlTemplate\":\"https:\\\/\\\/www.altercampagne.net\\\/?s={search_term_string}\"},\"query-input\":{\"@type\":\"PropertyValueSpecification\",\"valueRequired\":true,\"valueName\":\"search_term_string\"}}],\"inLanguage\":\"fr-FR\"},{\"@type\":\"Person\",\"@id\":\"https:\\\/\\\/www.altercampagne.net\\\/#\\\/schema\\\/person\\\/0f261460c09e430caa0f9bcffa319109\",\"name\":\"Mathieu\",\"image\":{\"@type\":\"ImageObject\",\"inLanguage\":\"fr-FR\",\"@id\":\"https:\\\/\\\/secure.gravatar.com\\\/avatar\\\/aa9d3d24c83f2141e5e2709d0f63d09a99f6be6bb7a50abc4915838d9f54501a?s=96&d=mm&r=g\",\"url\":\"https:\\\/\\\/secure.gravatar.com\\\/avatar\\\/aa9d3d24c83f2141e5e2709d0f63d09a99f6be6bb7a50abc4915838d9f54501a?s=96&d=mm&r=g\",\"contentUrl\":\"https:\\\/\\\/secure.gravatar.com\\\/avatar\\\/aa9d3d24c83f2141e5e2709d0f63d09a99f6be6bb7a50abc4915838d9f54501a?s=96&d=mm&r=g\",\"caption\":\"Mathieu\"},\"url\":\"https:\\\/\\\/www.altercampagne.net\\\/?author=214\"}]}<\/script>\n<!-- \/ Yoast SEO plugin. -->","yoast_head_json":{"title":"\u00c9tape du 27 Juillet : Attac Arles et Longo Ma\u00ef - AlterTour","robots":{"index":"index","follow":"follow","max-snippet":"max-snippet:-1","max-image-preview":"max-image-preview:large","max-video-preview":"max-video-preview:-1"},"canonical":"https:\/\/www.altercampagne.net\/?p=3748","og_locale":"fr_FR","og_type":"article","og_title":"\u00c9tape du 27 Juillet : Attac Arles et Longo Ma\u00ef - AlterTour","og_description":"D\u00e9but de la journ\u00e9e sous une pluie d&rsquo;orage bienfaisante pour les cultures mais moins agr\u00e9able pour les cyclistes. Cela n&rsquo;a pas emp\u00each\u00e9 Raynald de chanter et rouler sous la pluie. Sous un ciel bas et lourd, on a pu apercevoir les fum\u00e9es jaun\u00e2tres de soufre de l&rsquo;Etang de Berrre. On ... Read More","og_url":"https:\/\/www.altercampagne.net\/?p=3748","og_site_name":"AlterTour","article_published_time":"2011-07-27T20:03:55+00:00","article_modified_time":"2019-09-16T15:28:12+00:00","author":"Mathieu","twitter_card":"summary_large_image","twitter_misc":{"\u00c9crit par":"Mathieu","Dur\u00e9e de lecture estim\u00e9e":"5 minutes"},"schema":{"@context":"https:\/\/schema.org","@graph":[{"@type":"Article","@id":"https:\/\/www.altercampagne.net\/?p=3748#article","isPartOf":{"@id":"https:\/\/www.altercampagne.net\/?p=3748"},"author":{"name":"Mathieu","@id":"https:\/\/www.altercampagne.net\/#\/schema\/person\/0f261460c09e430caa0f9bcffa319109"},"headline":"\u00c9tape du 27 Juillet : Attac Arles et Longo Ma\u00ef","datePublished":"2011-07-27T20:03:55+00:00","dateModified":"2019-09-16T15:28:12+00:00","mainEntityOfPage":{"@id":"https:\/\/www.altercampagne.net\/?p=3748"},"wordCount":1065,"keywords":["collectif Terres Fertiles","Fontvieille","bouches-du-rh\u00f4ne","Provence-Alpes-C\u00f4te d'Azur","2011","Universit\u00e9 Populaire Arles","Solid'Arles","Saint Martin de Crau","Longo Ma\u00ef","autogestion","SODEXO","Attac Arles","Corrida","Etang de Berrre","Attac","Marseille","AlterTour 2011","conf\u00e9d\u00e9ration paysanne"],"articleSection":["\u00c9conomie","Habitat","Provence-Alpes-C\u00f4te d'Azur","\u00c9dition 2011"],"inLanguage":"fr-FR"},{"@type":"WebPage","@id":"https:\/\/www.altercampagne.net\/?p=3748","url":"https:\/\/www.altercampagne.net\/?p=3748","name":"\u00c9tape du 27 Juillet : Attac Arles et Longo Ma\u00ef - AlterTour","isPartOf":{"@id":"https:\/\/www.altercampagne.net\/#website"},"datePublished":"2011-07-27T20:03:55+00:00","dateModified":"2019-09-16T15:28:12+00:00","author":{"@id":"https:\/\/www.altercampagne.net\/#\/schema\/person\/0f261460c09e430caa0f9bcffa319109"},"breadcrumb":{"@id":"https:\/\/www.altercampagne.net\/?p=3748#breadcrumb"},"inLanguage":"fr-FR","potentialAction":[{"@type":"ReadAction","target":["https:\/\/www.altercampagne.net\/?p=3748"]}]},{"@type":"BreadcrumbList","@id":"https:\/\/www.altercampagne.net\/?p=3748#breadcrumb","itemListElement":[{"@type":"ListItem","position":1,"name":"Accueil","item":"https:\/\/www.altercampagne.net\/"},{"@type":"ListItem","position":2,"name":"\u00c9tape du 27 Juillet : Attac Arles et Longo Ma\u00ef"}]},{"@type":"WebSite","@id":"https:\/\/www.altercampagne.net\/#website","url":"https:\/\/www.altercampagne.net\/","name":"AlterTour","description":"Reliez les Alternatives \u00e0 v\u00e9lo","potentialAction":[{"@type":"SearchAction","target":{"@type":"EntryPoint","urlTemplate":"https:\/\/www.altercampagne.net\/?s={search_term_string}"},"query-input":{"@type":"PropertyValueSpecification","valueRequired":true,"valueName":"search_term_string"}}],"inLanguage":"fr-FR"},{"@type":"Person","@id":"https:\/\/www.altercampagne.net\/#\/schema\/person\/0f261460c09e430caa0f9bcffa319109","name":"Mathieu","image":{"@type":"ImageObject","inLanguage":"fr-FR","@id":"https:\/\/secure.gravatar.com\/avatar\/aa9d3d24c83f2141e5e2709d0f63d09a99f6be6bb7a50abc4915838d9f54501a?s=96&d=mm&r=g","url":"https:\/\/secure.gravatar.com\/avatar\/aa9d3d24c83f2141e5e2709d0f63d09a99f6be6bb7a50abc4915838d9f54501a?s=96&d=mm&r=g","contentUrl":"https:\/\/secure.gravatar.com\/avatar\/aa9d3d24c83f2141e5e2709d0f63d09a99f6be6bb7a50abc4915838d9f54501a?s=96&d=mm&r=g","caption":"Mathieu"},"url":"https:\/\/www.altercampagne.net\/?author=214"}]}},"_links":{"self":[{"href":"https:\/\/www.altercampagne.net\/index.php?rest_route=\/wp\/v2\/posts\/3748","targetHints":{"allow":["GET"]}}],"collection":[{"href":"https:\/\/www.altercampagne.net\/index.php?rest_route=\/wp\/v2\/posts"}],"about":[{"href":"https:\/\/www.altercampagne.net\/index.php?rest_route=\/wp\/v2\/types\/post"}],"author":[{"embeddable":true,"href":"https:\/\/www.altercampagne.net\/index.php?rest_route=\/wp\/v2\/users\/214"}],"replies":[{"embeddable":true,"href":"https:\/\/www.altercampagne.net\/index.php?rest_route=%2Fwp%2Fv2%2Fcomments&post=3748"}],"version-history":[{"count":0,"href":"https:\/\/www.altercampagne.net\/index.php?rest_route=\/wp\/v2\/posts\/3748\/revisions"}],"wp:attachment":[{"href":"https:\/\/www.altercampagne.net\/index.php?rest_route=%2Fwp%2Fv2%2Fmedia&parent=3748"}],"wp:term":[{"taxonomy":"category","embeddable":true,"href":"https:\/\/www.altercampagne.net\/index.php?rest_route=%2Fwp%2Fv2%2Fcategories&post=3748"},{"taxonomy":"post_tag","embeddable":true,"href":"https:\/\/www.altercampagne.net\/index.php?rest_route=%2Fwp%2Fv2%2Ftags&post=3748"}],"curies":[{"name":"wp","href":"https:\/\/api.w.org\/{rel}","templated":true}]}}