{"id":3750,"date":"2011-07-26T22:10:45","date_gmt":"2011-07-26T20:10:45","guid":{"rendered":"http:\/\/www.altercampagne.net\/?p=3750"},"modified":"2019-09-16T17:29:42","modified_gmt":"2019-09-16T15:29:42","slug":"etape-du-26-juillet-association-etang-nouveau-et-collectif-adam-de-craponneeau","status":"publish","type":"post","link":"https:\/\/www.altercampagne.net\/?p=3750","title":{"rendered":"\u00c9tape du 26 Juillet : Association \u00c9tang Nouveau et collectif Adam de Craponneeau"},"content":{"rendered":"<p class=\"Style13 Style126\" align=\"left\"><strong>Ritournella<\/strong><\/p>\n<p class=\"Style13 Style126\" align=\"left\">C&rsquo;est \u00e0 6 heures pr\u00e9cises que Florence a entonn\u00e9 ce chant d&rsquo;amour traditionnel du sud de l&rsquo;Italie en guise de r\u00e9veil pour le plus grand plaisir des Altercyclistes install\u00e9s sur le stade du Thor. Le petit-d\u00e9jeuner qui a suivi nous a permis d&rsquo;exp\u00e9rimenter les m\u00e9langes les plus audacieux&nbsp;: m\u00fcesli montagnard, confiture de tomates vertes au citron, pur\u00e9e d&rsquo;amande compl\u00e8te ou de s\u00e9same&#8230;<\/p>\n<p class=\"Style13 Style126\" align=\"left\"><strong>\u00ab&nbsp;De beaux moments d&rsquo;\u00e9change&nbsp;\u00bb<\/strong><\/p>\n<p class=\"Style13 Style126\" align=\"left\">Nous voici sur le d\u00e9part apr\u00e8s avoir remerci\u00e9 comme il se doit nos h\u00f4tesses&nbsp;B\u00e9n\u00e9dicte et Patricia du collectif \u00ab&nbsp;Foll&rsquo; avoine \u00bb qui nous ont propos\u00e9 un jeu de r\u00f4les tr\u00e8s vivant sur les gaz de schiste. Une exp\u00e9rience formatrice, car \u00ab&nbsp;jouer et d\u00e9battre, c&rsquo;est aussi militer&nbsp;\u00bb souligne B\u00e9n\u00e9dicte.<\/p>\n<p class=\"Style13 Style126\" align=\"left\">A la d\u00e9couverte de la Plaine de la Crau<\/p>\n<p class=\"Style13 Style126\" align=\"left\">10h : C\u00e9line puis Margaret et Pascal sur leur tandem nous quittent en musique&#8230; <em>ce n&rsquo;est qu&rsquo;un au<\/em> <em>revoir&#8230;<\/em><\/p>\n<p class=\"Style13 Style126\" align=\"left\"><strong>Une agriculture durable associ\u00e9e au pastoralisme<\/strong><\/p>\n<p class=\"Style13 Style126\" align=\"left\">Puis la joyeuse troupe entame son p\u00e9riple en direction de la Plaine de la Crau, sous la houlette de Jean-Luc Platon de l&rsquo;association \u00c9tang Nouveau, membre du collectif Adam de Craponne.<\/p>\n<p class=\"Style13 Style126\" align=\"left\">Apr\u00e8s un arr\u00eat \u00e0 la Chapelle Notre-Dame de Sixt puis un d\u00e9jeuner sur l&rsquo;herbe \u00e0 la manade de Gillet, notre accompagnateur r\u00e9pond aux questions qui touchent \u00e0 l&rsquo;histoire de la Durance, faisant ainsi \u00e9cho \u00e0 la visite pr\u00e9c\u00e9dente que nous avons effectu\u00e9e au partiteur de Lamanon. C&rsquo;est aussi l&rsquo;occasion d&rsquo;\u00e9voquer l&rsquo;agriculture sur cette plaine de la Crau : trois coupes successives permettent de r\u00e9colter 100.000 tonnes de foin destin\u00e9es aux chevaux de course, bovins et ovins. La quatri\u00e8me et derni\u00e8re coupe est assur\u00e9e par les moutons eux-m\u00eames apr\u00e8s la transhumance, permettant ainsi de fertiliser les prairies.<\/p>\n<p class=\"Style13 Style126\" align=\"left\"><strong>Le Domaine de Sulauze<\/strong><\/p>\n<p class=\"Style13 Style126\" align=\"left\">En fin d&rsquo;apr\u00e8s-midi l&rsquo;arriv\u00e9e au domaine de Sulauze est majestueuse. Nous empruntons un chemin \u00e0 travers 25 hectares de vignes et 5 hectares d&rsquo;olivier pour arriver dans une ancienne grange \u00e0 foin joliment restaur\u00e9e. (www.domainedesulauze.com)<\/p>\n<p class=\"Style13 Style126\" align=\"left\">Apr\u00e8s un savoureux repas concoct\u00e9 par le collectif Adam de Craponne, la soir\u00e9e se poursuit avec deux conf\u00e9rences. Pascal Bazile nous pr\u00e9sente la probl\u00e9matique de l&rsquo;eau en P.A.C.A, puis Ren\u00e9 Benedetto conclut en formulant deux pistes de r\u00e9flexion : la Durance doit retrouver son cours naturel, et cette eau doit \u00eatre g\u00e9r\u00e9e par une instance r\u00e9gionale d\u00e9mocratique.<\/p>\n<p class=\"Style13 Style126\" align=\"left\">Ensuite Jean-Pierre Berlan, ancien directeur de recherche \u00e0 l&rsquo;INRA, \u00e9voque les manipulations s\u00e9mantiques avec les organismes g\u00e9n\u00e9tiquement modifi\u00e9s, ou plut\u00f4t ce qu&rsquo;il qualifie de \u00ab&nbsp;clones pesticides brevet\u00e9s\u00bb. Une d\u00e9monstration convaincante permettant de d\u00e9voiler les \u00e9cueils d&rsquo;une technique qui s\u00e9pare production et reproduction, d\u00e9poss\u00e9dant ainsi les paysans de leurs semences.<\/p>\n<p class=\"Style13 Style126\" align=\"left\">Il souligne les dysfonctionnements de nos institutions qui transforment \u00ab&nbsp;l&rsquo;absence de preuve de risque, en preuve de l&rsquo;absence de risque&nbsp;\u00bb.<\/p>\n<p class=\"Style13 Style126\" align=\"left\"><span class=\"Style13 Style126\">Marjory, Alterjournaliste du jour<\/span><\/p>\n","protected":false},"excerpt":{"rendered":"<p>Ritournella C&rsquo;est \u00e0 6 heures pr\u00e9cises que Florence a entonn\u00e9 ce chant d&rsquo;amour traditionnel du sud de l&rsquo;Italie en guise de r\u00e9veil pour le plus grand plaisir des Altercyclistes install\u00e9s sur le stade du Thor. Le petit-d\u00e9jeuner qui a suivi nous a permis d&rsquo;exp\u00e9rimenter les m\u00e9langes les plus audacieux&nbsp;: m\u00fcesli &#8230; <\/p>\n<div><a href=\"https:\/\/www.altercampagne.net\/?p=3750\" class=\"more-link\">Read More<\/a><\/div>\n","protected":false},"author":214,"featured_media":0,"comment_status":"closed","ping_status":"closed","sticky":false,"template":"","format":"standard","meta":{"footnotes":""},"categories":[3483,3482,3464],"tags":[287,836,889,1109,1385,1386,1387,1388,1389,1979,1984,1991,1992],"class_list":["post-3750","post","type-post","status-publish","format-standard","hentry","category-agriculture","category-provence-alpes-cote-dazur","category-edition-2011","tag-gaz-de-schiste","tag-altertour-2011","tag-jean-pierre-berlan","tag-eau","tag-thor","tag-jean-luc-platon","tag-association-etang-nouveau","tag-collectif-adam-de-craponne","tag-rene-benedetto","tag-1979","tag-provence-alpes-cote-dazur","tag-bouches-du-rhone","tag-miramas","no-post-thumbnail"],"yoast_head":"<!-- This site is optimized with the Yoast SEO plugin v27.3 - https:\/\/yoast.com\/product\/yoast-seo-wordpress\/ -->\n<title>\u00c9tape du 26 Juillet : Association \u00c9tang Nouveau et collectif Adam de Craponneeau - AlterTour<\/title>\n<meta name=\"robots\" content=\"index, follow, max-snippet:-1, max-image-preview:large, max-video-preview:-1\" \/>\n<link rel=\"canonical\" href=\"https:\/\/www.altercampagne.net\/?p=3750\" \/>\n<meta property=\"og:locale\" content=\"fr_FR\" \/>\n<meta property=\"og:type\" content=\"article\" \/>\n<meta property=\"og:title\" content=\"\u00c9tape du 26 Juillet : Association \u00c9tang Nouveau et collectif Adam de Craponneeau - AlterTour\" \/>\n<meta property=\"og:description\" content=\"Ritournella C&rsquo;est \u00e0 6 heures pr\u00e9cises que Florence a entonn\u00e9 ce chant d&rsquo;amour traditionnel du sud de l&rsquo;Italie en guise de r\u00e9veil pour le plus grand plaisir des Altercyclistes install\u00e9s sur le stade du Thor. Le petit-d\u00e9jeuner qui a suivi nous a permis d&rsquo;exp\u00e9rimenter les m\u00e9langes les plus audacieux&nbsp;: m\u00fcesli ... Read More\" \/>\n<meta property=\"og:url\" content=\"https:\/\/www.altercampagne.net\/?p=3750\" \/>\n<meta property=\"og:site_name\" content=\"AlterTour\" \/>\n<meta property=\"article:published_time\" content=\"2011-07-26T20:10:45+00:00\" \/>\n<meta property=\"article:modified_time\" content=\"2019-09-16T15:29:42+00:00\" \/>\n<meta name=\"author\" content=\"Mathieu\" \/>\n<meta name=\"twitter:card\" content=\"summary_large_image\" \/>\n<meta name=\"twitter:label1\" content=\"\u00c9crit par\" \/>\n\t<meta name=\"twitter:data1\" content=\"Mathieu\" \/>\n\t<meta name=\"twitter:label2\" content=\"Dur\u00e9e de lecture estim\u00e9e\" \/>\n\t<meta name=\"twitter:data2\" content=\"3 minutes\" \/>\n<script type=\"application\/ld+json\" class=\"yoast-schema-graph\">{\"@context\":\"https:\\\/\\\/schema.org\",\"@graph\":[{\"@type\":\"Article\",\"@id\":\"https:\\\/\\\/www.altercampagne.net\\\/?p=3750#article\",\"isPartOf\":{\"@id\":\"https:\\\/\\\/www.altercampagne.net\\\/?p=3750\"},\"author\":{\"name\":\"Mathieu\",\"@id\":\"https:\\\/\\\/www.altercampagne.net\\\/#\\\/schema\\\/person\\\/0f261460c09e430caa0f9bcffa319109\"},\"headline\":\"\u00c9tape du 26 Juillet : Association \u00c9tang Nouveau et collectif Adam de Craponneeau\",\"datePublished\":\"2011-07-26T20:10:45+00:00\",\"dateModified\":\"2019-09-16T15:29:42+00:00\",\"mainEntityOfPage\":{\"@id\":\"https:\\\/\\\/www.altercampagne.net\\\/?p=3750\"},\"wordCount\":544,\"keywords\":[\"gaz de schiste\",\"AlterTour 2011\",\"Jean- Pierre BERLAN\",\"eau\",\"Thor\",\"Jean-Luc Platon\",\"association Etang Nouveau\",\"collectif Adam de Craponne\",\"Ren\u00e9 Benedetto\",\"2011\",\"Provence-Alpes-C\u00f4te d'Azur\",\"bouches-du-rh\u00f4ne\",\"Miramas\"],\"articleSection\":[\"Agriculture\",\"Provence-Alpes-C\u00f4te d'Azur\",\"\u00c9dition 2011\"],\"inLanguage\":\"fr-FR\"},{\"@type\":\"WebPage\",\"@id\":\"https:\\\/\\\/www.altercampagne.net\\\/?p=3750\",\"url\":\"https:\\\/\\\/www.altercampagne.net\\\/?p=3750\",\"name\":\"\u00c9tape du 26 Juillet : Association \u00c9tang Nouveau et collectif Adam de Craponneeau - AlterTour\",\"isPartOf\":{\"@id\":\"https:\\\/\\\/www.altercampagne.net\\\/#website\"},\"datePublished\":\"2011-07-26T20:10:45+00:00\",\"dateModified\":\"2019-09-16T15:29:42+00:00\",\"author\":{\"@id\":\"https:\\\/\\\/www.altercampagne.net\\\/#\\\/schema\\\/person\\\/0f261460c09e430caa0f9bcffa319109\"},\"breadcrumb\":{\"@id\":\"https:\\\/\\\/www.altercampagne.net\\\/?p=3750#breadcrumb\"},\"inLanguage\":\"fr-FR\",\"potentialAction\":[{\"@type\":\"ReadAction\",\"target\":[\"https:\\\/\\\/www.altercampagne.net\\\/?p=3750\"]}]},{\"@type\":\"BreadcrumbList\",\"@id\":\"https:\\\/\\\/www.altercampagne.net\\\/?p=3750#breadcrumb\",\"itemListElement\":[{\"@type\":\"ListItem\",\"position\":1,\"name\":\"Accueil\",\"item\":\"https:\\\/\\\/www.altercampagne.net\\\/\"},{\"@type\":\"ListItem\",\"position\":2,\"name\":\"\u00c9tape du 26 Juillet : Association \u00c9tang Nouveau et collectif Adam de Craponneeau\"}]},{\"@type\":\"WebSite\",\"@id\":\"https:\\\/\\\/www.altercampagne.net\\\/#website\",\"url\":\"https:\\\/\\\/www.altercampagne.net\\\/\",\"name\":\"AlterTour\",\"description\":\"Reliez les Alternatives \u00e0 v\u00e9lo\",\"potentialAction\":[{\"@type\":\"SearchAction\",\"target\":{\"@type\":\"EntryPoint\",\"urlTemplate\":\"https:\\\/\\\/www.altercampagne.net\\\/?s={search_term_string}\"},\"query-input\":{\"@type\":\"PropertyValueSpecification\",\"valueRequired\":true,\"valueName\":\"search_term_string\"}}],\"inLanguage\":\"fr-FR\"},{\"@type\":\"Person\",\"@id\":\"https:\\\/\\\/www.altercampagne.net\\\/#\\\/schema\\\/person\\\/0f261460c09e430caa0f9bcffa319109\",\"name\":\"Mathieu\",\"image\":{\"@type\":\"ImageObject\",\"inLanguage\":\"fr-FR\",\"@id\":\"https:\\\/\\\/secure.gravatar.com\\\/avatar\\\/aa9d3d24c83f2141e5e2709d0f63d09a99f6be6bb7a50abc4915838d9f54501a?s=96&d=mm&r=g\",\"url\":\"https:\\\/\\\/secure.gravatar.com\\\/avatar\\\/aa9d3d24c83f2141e5e2709d0f63d09a99f6be6bb7a50abc4915838d9f54501a?s=96&d=mm&r=g\",\"contentUrl\":\"https:\\\/\\\/secure.gravatar.com\\\/avatar\\\/aa9d3d24c83f2141e5e2709d0f63d09a99f6be6bb7a50abc4915838d9f54501a?s=96&d=mm&r=g\",\"caption\":\"Mathieu\"},\"url\":\"https:\\\/\\\/www.altercampagne.net\\\/?author=214\"}]}<\/script>\n<!-- \/ Yoast SEO plugin. -->","yoast_head_json":{"title":"\u00c9tape du 26 Juillet : Association \u00c9tang Nouveau et collectif Adam de Craponneeau - AlterTour","robots":{"index":"index","follow":"follow","max-snippet":"max-snippet:-1","max-image-preview":"max-image-preview:large","max-video-preview":"max-video-preview:-1"},"canonical":"https:\/\/www.altercampagne.net\/?p=3750","og_locale":"fr_FR","og_type":"article","og_title":"\u00c9tape du 26 Juillet : Association \u00c9tang Nouveau et collectif Adam de Craponneeau - AlterTour","og_description":"Ritournella C&rsquo;est \u00e0 6 heures pr\u00e9cises que Florence a entonn\u00e9 ce chant d&rsquo;amour traditionnel du sud de l&rsquo;Italie en guise de r\u00e9veil pour le plus grand plaisir des Altercyclistes install\u00e9s sur le stade du Thor. Le petit-d\u00e9jeuner qui a suivi nous a permis d&rsquo;exp\u00e9rimenter les m\u00e9langes les plus audacieux&nbsp;: m\u00fcesli ... Read More","og_url":"https:\/\/www.altercampagne.net\/?p=3750","og_site_name":"AlterTour","article_published_time":"2011-07-26T20:10:45+00:00","article_modified_time":"2019-09-16T15:29:42+00:00","author":"Mathieu","twitter_card":"summary_large_image","twitter_misc":{"\u00c9crit par":"Mathieu","Dur\u00e9e de lecture estim\u00e9e":"3 minutes"},"schema":{"@context":"https:\/\/schema.org","@graph":[{"@type":"Article","@id":"https:\/\/www.altercampagne.net\/?p=3750#article","isPartOf":{"@id":"https:\/\/www.altercampagne.net\/?p=3750"},"author":{"name":"Mathieu","@id":"https:\/\/www.altercampagne.net\/#\/schema\/person\/0f261460c09e430caa0f9bcffa319109"},"headline":"\u00c9tape du 26 Juillet : Association \u00c9tang Nouveau et collectif Adam de Craponneeau","datePublished":"2011-07-26T20:10:45+00:00","dateModified":"2019-09-16T15:29:42+00:00","mainEntityOfPage":{"@id":"https:\/\/www.altercampagne.net\/?p=3750"},"wordCount":544,"keywords":["gaz de schiste","AlterTour 2011","Jean- Pierre BERLAN","eau","Thor","Jean-Luc Platon","association Etang Nouveau","collectif Adam de Craponne","Ren\u00e9 Benedetto","2011","Provence-Alpes-C\u00f4te d'Azur","bouches-du-rh\u00f4ne","Miramas"],"articleSection":["Agriculture","Provence-Alpes-C\u00f4te d'Azur","\u00c9dition 2011"],"inLanguage":"fr-FR"},{"@type":"WebPage","@id":"https:\/\/www.altercampagne.net\/?p=3750","url":"https:\/\/www.altercampagne.net\/?p=3750","name":"\u00c9tape du 26 Juillet : Association \u00c9tang Nouveau et collectif Adam de Craponneeau - AlterTour","isPartOf":{"@id":"https:\/\/www.altercampagne.net\/#website"},"datePublished":"2011-07-26T20:10:45+00:00","dateModified":"2019-09-16T15:29:42+00:00","author":{"@id":"https:\/\/www.altercampagne.net\/#\/schema\/person\/0f261460c09e430caa0f9bcffa319109"},"breadcrumb":{"@id":"https:\/\/www.altercampagne.net\/?p=3750#breadcrumb"},"inLanguage":"fr-FR","potentialAction":[{"@type":"ReadAction","target":["https:\/\/www.altercampagne.net\/?p=3750"]}]},{"@type":"BreadcrumbList","@id":"https:\/\/www.altercampagne.net\/?p=3750#breadcrumb","itemListElement":[{"@type":"ListItem","position":1,"name":"Accueil","item":"https:\/\/www.altercampagne.net\/"},{"@type":"ListItem","position":2,"name":"\u00c9tape du 26 Juillet : Association \u00c9tang Nouveau et collectif Adam de Craponneeau"}]},{"@type":"WebSite","@id":"https:\/\/www.altercampagne.net\/#website","url":"https:\/\/www.altercampagne.net\/","name":"AlterTour","description":"Reliez les Alternatives \u00e0 v\u00e9lo","potentialAction":[{"@type":"SearchAction","target":{"@type":"EntryPoint","urlTemplate":"https:\/\/www.altercampagne.net\/?s={search_term_string}"},"query-input":{"@type":"PropertyValueSpecification","valueRequired":true,"valueName":"search_term_string"}}],"inLanguage":"fr-FR"},{"@type":"Person","@id":"https:\/\/www.altercampagne.net\/#\/schema\/person\/0f261460c09e430caa0f9bcffa319109","name":"Mathieu","image":{"@type":"ImageObject","inLanguage":"fr-FR","@id":"https:\/\/secure.gravatar.com\/avatar\/aa9d3d24c83f2141e5e2709d0f63d09a99f6be6bb7a50abc4915838d9f54501a?s=96&d=mm&r=g","url":"https:\/\/secure.gravatar.com\/avatar\/aa9d3d24c83f2141e5e2709d0f63d09a99f6be6bb7a50abc4915838d9f54501a?s=96&d=mm&r=g","contentUrl":"https:\/\/secure.gravatar.com\/avatar\/aa9d3d24c83f2141e5e2709d0f63d09a99f6be6bb7a50abc4915838d9f54501a?s=96&d=mm&r=g","caption":"Mathieu"},"url":"https:\/\/www.altercampagne.net\/?author=214"}]}},"_links":{"self":[{"href":"https:\/\/www.altercampagne.net\/index.php?rest_route=\/wp\/v2\/posts\/3750","targetHints":{"allow":["GET"]}}],"collection":[{"href":"https:\/\/www.altercampagne.net\/index.php?rest_route=\/wp\/v2\/posts"}],"about":[{"href":"https:\/\/www.altercampagne.net\/index.php?rest_route=\/wp\/v2\/types\/post"}],"author":[{"embeddable":true,"href":"https:\/\/www.altercampagne.net\/index.php?rest_route=\/wp\/v2\/users\/214"}],"replies":[{"embeddable":true,"href":"https:\/\/www.altercampagne.net\/index.php?rest_route=%2Fwp%2Fv2%2Fcomments&post=3750"}],"version-history":[{"count":0,"href":"https:\/\/www.altercampagne.net\/index.php?rest_route=\/wp\/v2\/posts\/3750\/revisions"}],"wp:attachment":[{"href":"https:\/\/www.altercampagne.net\/index.php?rest_route=%2Fwp%2Fv2%2Fmedia&parent=3750"}],"wp:term":[{"taxonomy":"category","embeddable":true,"href":"https:\/\/www.altercampagne.net\/index.php?rest_route=%2Fwp%2Fv2%2Fcategories&post=3750"},{"taxonomy":"post_tag","embeddable":true,"href":"https:\/\/www.altercampagne.net\/index.php?rest_route=%2Fwp%2Fv2%2Ftags&post=3750"}],"curies":[{"name":"wp","href":"https:\/\/api.w.org\/{rel}","templated":true}]}}