{"id":3762,"date":"2011-07-25T15:30:13","date_gmt":"2011-07-25T13:30:13","guid":{"rendered":"http:\/\/www.altercampagne.net\/?p=3762"},"modified":"2016-04-07T15:32:38","modified_gmt":"2016-04-07T13:32:38","slug":"un-echappe-de-laltertour-2011-prepare-lultra-sieste","status":"publish","type":"post","link":"https:\/\/www.altercampagne.net\/?p=3762","title":{"rendered":"Un \u00e9chapp\u00e9 de l&rsquo;AlterTour 2011 pr\u00e9pare l&rsquo;Ultra-sieste"},"content":{"rendered":"<p align=\"center\"><span class=\"Style120\">ULTRA-SIESTE DU MONT-BLANC<\/span><br \/>\n\u00ab\u00a0Pour mieux faire marcher le monde\u00a0\u00bb<br \/>\n\u00c9dition2011<br \/>\n<span class=\"Style121\">Mardi 23 ao\u00fbt<\/span><strong><em><br \/>\n\u00e0 l\u2019Espace Olca, Les Houches<br \/>\nParticipation libre pour d\u00e9fraiement des intervenants<\/em><\/strong><\/p>\n<table border=\"0\" width=\"708\" cellpadding=\"0\" align=\"center\">\n<tbody>\n<tr>\n<td width=\"366\">\n<div align=\"center\"><a href=\"http:\/\/altercampagne.free.fr\/pages\/2008\/AlterTour\/doc\/CharteUSMB.pdf\">Charte de l&rsquo;Ultra-Sieste<\/a><\/div>\n<\/td>\n<td width=\"30\"><\/td>\n<td width=\"304\">\n<div align=\"center\"><a href=\"http:\/\/altercampagne.free.fr\/pages\/2008\/AlterTour\/doc\/UTMBvsUSMB.pdf\">En r\u00e9action \u00e0 l&rsquo;Ultra-Trail<\/a><\/div>\n<\/td>\n<\/tr>\n<\/tbody>\n<\/table>\n<p align=\"center\"><strong>21 h<\/strong>, Conf\u00e9rence-d\u00e9bat <strong>\u00ab\u00a0La course ou la vie\u00a0\u00bb<\/strong><\/p>\n<p align=\"center\">avec<\/p>\n<div align=\"center\">\n<p>Jean Marie Brohm (sociologue, anthropologue, philosophe, critique du sport)<br \/>\nFran\u00e7ois Schneider (chercheur en environnement, objecteur de croissance)+<br \/>\nStand de la revue \u00ab\u00a0Quel Sport\u00a0?\u00a0\u00bb<\/p>\n<p><strong>Vendredi 26 ao\u00fbt<\/strong><strong><em><br \/>\nau rocher des Gaillands \u00e0 partir de 17h<\/em><\/strong><strong><em><br \/>\nManifestations siestives<\/em><\/strong><em> sur le parcours de l\u2019Ultra-Trail du Mont-Blanc<\/em><br \/>\nPour partager ensemble ce moment, on peut apporter un hamac, une chaise longue, des g\u00e2teaux, des boissons, de la musique, des jeux, des livres, etc.Go\u00fbter tir\u00e9 du sac.<br \/>\nEt surtout n\u2019oublions pas notre bonne humeur\u00a0!<strong><\/p>\n<p>Soutenu (en 2010) par :<\/strong><br \/>\n<a href=\"http:\/\/atelierequithes.blogspot.com\/\">Atelier EquiTh\u00e9s<\/a><br \/>\nLes Coquillettes Vertes<br \/>\nUne Farandole<br \/>\nArtchoum<br \/>\nLe Lien qui fait du Bien<strong><br \/>\n<a href=\"http:\/\/www.ultrasieste.com\/\">Pour toutes les derni\u00e8res infos<\/a><br \/>\n<\/strong><a href=\"mailto:contact@ultrasieste.com\">Courriel<\/a><\/p>\n<\/div>\n","protected":false},"excerpt":{"rendered":"<p>ULTRA-SIESTE DU MONT-BLANC \u00ab\u00a0Pour mieux faire marcher le monde\u00a0\u00bb \u00c9dition2011 Mardi 23 ao\u00fbt \u00e0 l\u2019Espace Olca, Les Houches Participation libre pour d\u00e9fraiement des intervenants Charte de l&rsquo;Ultra-Sieste En r\u00e9action \u00e0 l&rsquo;Ultra-Trail 21 h, Conf\u00e9rence-d\u00e9bat \u00ab\u00a0La course ou la vie\u00a0\u00bb avec Jean Marie Brohm (sociologue, anthropologue, philosophe, critique du sport) Fran\u00e7ois &#8230; <\/p>\n<div><a href=\"https:\/\/www.altercampagne.net\/?p=3762\" class=\"more-link\">Read More<\/a><\/div>\n","protected":false},"author":214,"featured_media":0,"comment_status":"closed","ping_status":"closed","sticky":false,"template":"","format":"standard","meta":{"footnotes":""},"categories":[1],"tags":[836,1347,1348,1395,1396,1397,1398,1399,1400],"class_list":["post-3762","post","type-post","status-publish","format-standard","hentry","category-non-classe","tag-altertour-2011","tag-ultra-sieste","tag-mont-blanc","tag-les-houches","tag-jean-marie-brohm","tag-francois-schneider","tag-revue-quel-sport","tag-ultra-trail","tag-atelier-equithes","no-post-thumbnail"],"yoast_head":"<!-- This site is optimized with the Yoast SEO plugin v27.3 - https:\/\/yoast.com\/product\/yoast-seo-wordpress\/ -->\n<title>Un \u00e9chapp\u00e9 de l&#039;AlterTour 2011 pr\u00e9pare l&#039;Ultra-sieste - AlterTour<\/title>\n<meta name=\"robots\" content=\"index, follow, max-snippet:-1, max-image-preview:large, max-video-preview:-1\" \/>\n<link rel=\"canonical\" href=\"https:\/\/www.altercampagne.net\/?p=3762\" \/>\n<meta property=\"og:locale\" content=\"fr_FR\" \/>\n<meta property=\"og:type\" content=\"article\" \/>\n<meta property=\"og:title\" content=\"Un \u00e9chapp\u00e9 de l&#039;AlterTour 2011 pr\u00e9pare l&#039;Ultra-sieste - AlterTour\" \/>\n<meta property=\"og:description\" content=\"ULTRA-SIESTE DU MONT-BLANC \u00ab\u00a0Pour mieux faire marcher le monde\u00a0\u00bb \u00c9dition2011 Mardi 23 ao\u00fbt \u00e0 l\u2019Espace Olca, Les Houches Participation libre pour d\u00e9fraiement des intervenants Charte de l&rsquo;Ultra-Sieste En r\u00e9action \u00e0 l&rsquo;Ultra-Trail 21 h, Conf\u00e9rence-d\u00e9bat \u00ab\u00a0La course ou la vie\u00a0\u00bb avec Jean Marie Brohm (sociologue, anthropologue, philosophe, critique du sport) Fran\u00e7ois ... Read More\" \/>\n<meta property=\"og:url\" content=\"https:\/\/www.altercampagne.net\/?p=3762\" \/>\n<meta property=\"og:site_name\" content=\"AlterTour\" \/>\n<meta property=\"article:published_time\" content=\"2011-07-25T13:30:13+00:00\" \/>\n<meta property=\"article:modified_time\" content=\"2016-04-07T13:32:38+00:00\" \/>\n<meta name=\"author\" content=\"Mathieu\" \/>\n<meta name=\"twitter:card\" content=\"summary_large_image\" \/>\n<meta name=\"twitter:label1\" content=\"\u00c9crit par\" \/>\n\t<meta name=\"twitter:data1\" content=\"Mathieu\" \/>\n\t<meta name=\"twitter:label2\" content=\"Dur\u00e9e de lecture estim\u00e9e\" \/>\n\t<meta name=\"twitter:data2\" content=\"1 minute\" \/>\n<script type=\"application\/ld+json\" class=\"yoast-schema-graph\">{\"@context\":\"https:\\\/\\\/schema.org\",\"@graph\":[{\"@type\":\"Article\",\"@id\":\"https:\\\/\\\/www.altercampagne.net\\\/?p=3762#article\",\"isPartOf\":{\"@id\":\"https:\\\/\\\/www.altercampagne.net\\\/?p=3762\"},\"author\":{\"name\":\"Mathieu\",\"@id\":\"https:\\\/\\\/www.altercampagne.net\\\/#\\\/schema\\\/person\\\/0f261460c09e430caa0f9bcffa319109\"},\"headline\":\"Un \u00e9chapp\u00e9 de l&rsquo;AlterTour 2011 pr\u00e9pare l&rsquo;Ultra-sieste\",\"datePublished\":\"2011-07-25T13:30:13+00:00\",\"dateModified\":\"2016-04-07T13:32:38+00:00\",\"mainEntityOfPage\":{\"@id\":\"https:\\\/\\\/www.altercampagne.net\\\/?p=3762\"},\"wordCount\":161,\"keywords\":[\"AlterTour 2011\",\"Ultra-sieste\",\"Mont-Blanc\",\"Les Houches\",\"Jean Marie Brohm\",\"Fran\u00e7ois Schneider\",\"revue Quel Sport\",\"Ultra-Trail\",\"Atelier EquiTh\u00e9s\"],\"inLanguage\":\"fr-FR\"},{\"@type\":\"WebPage\",\"@id\":\"https:\\\/\\\/www.altercampagne.net\\\/?p=3762\",\"url\":\"https:\\\/\\\/www.altercampagne.net\\\/?p=3762\",\"name\":\"Un \u00e9chapp\u00e9 de l'AlterTour 2011 pr\u00e9pare l'Ultra-sieste - AlterTour\",\"isPartOf\":{\"@id\":\"https:\\\/\\\/www.altercampagne.net\\\/#website\"},\"datePublished\":\"2011-07-25T13:30:13+00:00\",\"dateModified\":\"2016-04-07T13:32:38+00:00\",\"author\":{\"@id\":\"https:\\\/\\\/www.altercampagne.net\\\/#\\\/schema\\\/person\\\/0f261460c09e430caa0f9bcffa319109\"},\"breadcrumb\":{\"@id\":\"https:\\\/\\\/www.altercampagne.net\\\/?p=3762#breadcrumb\"},\"inLanguage\":\"fr-FR\",\"potentialAction\":[{\"@type\":\"ReadAction\",\"target\":[\"https:\\\/\\\/www.altercampagne.net\\\/?p=3762\"]}]},{\"@type\":\"BreadcrumbList\",\"@id\":\"https:\\\/\\\/www.altercampagne.net\\\/?p=3762#breadcrumb\",\"itemListElement\":[{\"@type\":\"ListItem\",\"position\":1,\"name\":\"Accueil\",\"item\":\"https:\\\/\\\/www.altercampagne.net\\\/\"},{\"@type\":\"ListItem\",\"position\":2,\"name\":\"Un \u00e9chapp\u00e9 de l&rsquo;AlterTour 2011 pr\u00e9pare l&rsquo;Ultra-sieste\"}]},{\"@type\":\"WebSite\",\"@id\":\"https:\\\/\\\/www.altercampagne.net\\\/#website\",\"url\":\"https:\\\/\\\/www.altercampagne.net\\\/\",\"name\":\"AlterTour\",\"description\":\"Reliez les Alternatives \u00e0 v\u00e9lo\",\"potentialAction\":[{\"@type\":\"SearchAction\",\"target\":{\"@type\":\"EntryPoint\",\"urlTemplate\":\"https:\\\/\\\/www.altercampagne.net\\\/?s={search_term_string}\"},\"query-input\":{\"@type\":\"PropertyValueSpecification\",\"valueRequired\":true,\"valueName\":\"search_term_string\"}}],\"inLanguage\":\"fr-FR\"},{\"@type\":\"Person\",\"@id\":\"https:\\\/\\\/www.altercampagne.net\\\/#\\\/schema\\\/person\\\/0f261460c09e430caa0f9bcffa319109\",\"name\":\"Mathieu\",\"image\":{\"@type\":\"ImageObject\",\"inLanguage\":\"fr-FR\",\"@id\":\"https:\\\/\\\/secure.gravatar.com\\\/avatar\\\/aa9d3d24c83f2141e5e2709d0f63d09a99f6be6bb7a50abc4915838d9f54501a?s=96&d=mm&r=g\",\"url\":\"https:\\\/\\\/secure.gravatar.com\\\/avatar\\\/aa9d3d24c83f2141e5e2709d0f63d09a99f6be6bb7a50abc4915838d9f54501a?s=96&d=mm&r=g\",\"contentUrl\":\"https:\\\/\\\/secure.gravatar.com\\\/avatar\\\/aa9d3d24c83f2141e5e2709d0f63d09a99f6be6bb7a50abc4915838d9f54501a?s=96&d=mm&r=g\",\"caption\":\"Mathieu\"},\"url\":\"https:\\\/\\\/www.altercampagne.net\\\/?author=214\"}]}<\/script>\n<!-- \/ Yoast SEO plugin. -->","yoast_head_json":{"title":"Un \u00e9chapp\u00e9 de l'AlterTour 2011 pr\u00e9pare l'Ultra-sieste - AlterTour","robots":{"index":"index","follow":"follow","max-snippet":"max-snippet:-1","max-image-preview":"max-image-preview:large","max-video-preview":"max-video-preview:-1"},"canonical":"https:\/\/www.altercampagne.net\/?p=3762","og_locale":"fr_FR","og_type":"article","og_title":"Un \u00e9chapp\u00e9 de l'AlterTour 2011 pr\u00e9pare l'Ultra-sieste - AlterTour","og_description":"ULTRA-SIESTE DU MONT-BLANC \u00ab\u00a0Pour mieux faire marcher le monde\u00a0\u00bb \u00c9dition2011 Mardi 23 ao\u00fbt \u00e0 l\u2019Espace Olca, Les Houches Participation libre pour d\u00e9fraiement des intervenants Charte de l&rsquo;Ultra-Sieste En r\u00e9action \u00e0 l&rsquo;Ultra-Trail 21 h, Conf\u00e9rence-d\u00e9bat \u00ab\u00a0La course ou la vie\u00a0\u00bb avec Jean Marie Brohm (sociologue, anthropologue, philosophe, critique du sport) Fran\u00e7ois ... Read More","og_url":"https:\/\/www.altercampagne.net\/?p=3762","og_site_name":"AlterTour","article_published_time":"2011-07-25T13:30:13+00:00","article_modified_time":"2016-04-07T13:32:38+00:00","author":"Mathieu","twitter_card":"summary_large_image","twitter_misc":{"\u00c9crit par":"Mathieu","Dur\u00e9e de lecture estim\u00e9e":"1 minute"},"schema":{"@context":"https:\/\/schema.org","@graph":[{"@type":"Article","@id":"https:\/\/www.altercampagne.net\/?p=3762#article","isPartOf":{"@id":"https:\/\/www.altercampagne.net\/?p=3762"},"author":{"name":"Mathieu","@id":"https:\/\/www.altercampagne.net\/#\/schema\/person\/0f261460c09e430caa0f9bcffa319109"},"headline":"Un \u00e9chapp\u00e9 de l&rsquo;AlterTour 2011 pr\u00e9pare l&rsquo;Ultra-sieste","datePublished":"2011-07-25T13:30:13+00:00","dateModified":"2016-04-07T13:32:38+00:00","mainEntityOfPage":{"@id":"https:\/\/www.altercampagne.net\/?p=3762"},"wordCount":161,"keywords":["AlterTour 2011","Ultra-sieste","Mont-Blanc","Les Houches","Jean Marie Brohm","Fran\u00e7ois Schneider","revue Quel Sport","Ultra-Trail","Atelier EquiTh\u00e9s"],"inLanguage":"fr-FR"},{"@type":"WebPage","@id":"https:\/\/www.altercampagne.net\/?p=3762","url":"https:\/\/www.altercampagne.net\/?p=3762","name":"Un \u00e9chapp\u00e9 de l'AlterTour 2011 pr\u00e9pare l'Ultra-sieste - AlterTour","isPartOf":{"@id":"https:\/\/www.altercampagne.net\/#website"},"datePublished":"2011-07-25T13:30:13+00:00","dateModified":"2016-04-07T13:32:38+00:00","author":{"@id":"https:\/\/www.altercampagne.net\/#\/schema\/person\/0f261460c09e430caa0f9bcffa319109"},"breadcrumb":{"@id":"https:\/\/www.altercampagne.net\/?p=3762#breadcrumb"},"inLanguage":"fr-FR","potentialAction":[{"@type":"ReadAction","target":["https:\/\/www.altercampagne.net\/?p=3762"]}]},{"@type":"BreadcrumbList","@id":"https:\/\/www.altercampagne.net\/?p=3762#breadcrumb","itemListElement":[{"@type":"ListItem","position":1,"name":"Accueil","item":"https:\/\/www.altercampagne.net\/"},{"@type":"ListItem","position":2,"name":"Un \u00e9chapp\u00e9 de l&rsquo;AlterTour 2011 pr\u00e9pare l&rsquo;Ultra-sieste"}]},{"@type":"WebSite","@id":"https:\/\/www.altercampagne.net\/#website","url":"https:\/\/www.altercampagne.net\/","name":"AlterTour","description":"Reliez les Alternatives \u00e0 v\u00e9lo","potentialAction":[{"@type":"SearchAction","target":{"@type":"EntryPoint","urlTemplate":"https:\/\/www.altercampagne.net\/?s={search_term_string}"},"query-input":{"@type":"PropertyValueSpecification","valueRequired":true,"valueName":"search_term_string"}}],"inLanguage":"fr-FR"},{"@type":"Person","@id":"https:\/\/www.altercampagne.net\/#\/schema\/person\/0f261460c09e430caa0f9bcffa319109","name":"Mathieu","image":{"@type":"ImageObject","inLanguage":"fr-FR","@id":"https:\/\/secure.gravatar.com\/avatar\/aa9d3d24c83f2141e5e2709d0f63d09a99f6be6bb7a50abc4915838d9f54501a?s=96&d=mm&r=g","url":"https:\/\/secure.gravatar.com\/avatar\/aa9d3d24c83f2141e5e2709d0f63d09a99f6be6bb7a50abc4915838d9f54501a?s=96&d=mm&r=g","contentUrl":"https:\/\/secure.gravatar.com\/avatar\/aa9d3d24c83f2141e5e2709d0f63d09a99f6be6bb7a50abc4915838d9f54501a?s=96&d=mm&r=g","caption":"Mathieu"},"url":"https:\/\/www.altercampagne.net\/?author=214"}]}},"_links":{"self":[{"href":"https:\/\/www.altercampagne.net\/index.php?rest_route=\/wp\/v2\/posts\/3762","targetHints":{"allow":["GET"]}}],"collection":[{"href":"https:\/\/www.altercampagne.net\/index.php?rest_route=\/wp\/v2\/posts"}],"about":[{"href":"https:\/\/www.altercampagne.net\/index.php?rest_route=\/wp\/v2\/types\/post"}],"author":[{"embeddable":true,"href":"https:\/\/www.altercampagne.net\/index.php?rest_route=\/wp\/v2\/users\/214"}],"replies":[{"embeddable":true,"href":"https:\/\/www.altercampagne.net\/index.php?rest_route=%2Fwp%2Fv2%2Fcomments&post=3762"}],"version-history":[{"count":0,"href":"https:\/\/www.altercampagne.net\/index.php?rest_route=\/wp\/v2\/posts\/3762\/revisions"}],"wp:attachment":[{"href":"https:\/\/www.altercampagne.net\/index.php?rest_route=%2Fwp%2Fv2%2Fmedia&parent=3762"}],"wp:term":[{"taxonomy":"category","embeddable":true,"href":"https:\/\/www.altercampagne.net\/index.php?rest_route=%2Fwp%2Fv2%2Fcategories&post=3762"},{"taxonomy":"post_tag","embeddable":true,"href":"https:\/\/www.altercampagne.net\/index.php?rest_route=%2Fwp%2Fv2%2Ftags&post=3762"}],"curies":[{"name":"wp","href":"https:\/\/api.w.org\/{rel}","templated":true}]}}