{"id":3764,"date":"2011-07-24T20:33:08","date_gmt":"2011-07-24T18:33:08","guid":{"rendered":"http:\/\/www.altercampagne.net\/?p=3764"},"modified":"2019-09-16T17:39:17","modified_gmt":"2019-09-16T15:39:17","slug":"24-juillet-rencontre-avec-robert-lagriculteur-conseil-des-paniers-marseillais","status":"publish","type":"post","link":"https:\/\/www.altercampagne.net\/?p=3764","title":{"rendered":"24 juillet : rencontre avec Robert, l&rsquo;agriculteur conseil des Paniers Marseillais"},"content":{"rendered":"<p class=\"Style13 Style126\" align=\"justify\">D\u00e9part \u00e0 bicyclette de Merindol pour Lamanon o\u00f9 nous suivons les explications de Vincent et de Ren\u00e9 qui nous pr\u00e9sentent le partiteur de Lamanon. Il s&rsquo;agit d&rsquo;un vaste et historique (depuis 1535) r\u00e9seau d&rsquo;irrigation artificielle. 28 millions de m\u00a03 d&rsquo;eau sont r\u00e9partis sur 24 000 Ha. C&rsquo;est \u00e9norme et ne correspond pas vraiment \u00e0 un mod\u00e8le de sobri\u00e9t\u00e9.<\/p>\n<p class=\"Style13 Style126\" align=\"justify\">Le midi, nous sommes chaleureusement re\u00e7us chez Robert et Bernadette, aid\u00e9s en cuisine par Claudette, Marit\u00e9 et Alice. Robert nous propose une visite de son exploitation mara\u00eech\u00e8re en bio avant le repas, enti\u00e8rement compos\u00e9 de produits locaux. Avant que la sieste nous saisisse, toute cette joyeuse bande nous pr\u00e9sente les PAMA (anagramme ou palindrome d&rsquo;AMAP?) ou \u00ab\u00a0<a href=\"http:\/\/lespaniersmarseillais.org\/\" target=\"_blank\" rel=\"noopener noreferrer\"><strong>Paniers Marseillais<\/strong><\/a>\u00ab\u00a0. Ils fonctionnent depuis 3 ans et demi sur ce principe maintenant \u00e9prouv\u00e9 : des producteurs aux consomma(c)teurs, les Paniers permettent aux habitants de la cit\u00e9 phoc\u00e9enne et \u00e0 proximit\u00e9 de garnir leur table de l\u00e9gumes, produits laitiers, agrumes, fruits, poissons, c\u00e9r\u00e9ales ou viande. Le tout en bio, bien \u00e9videmment. Une cinquantaine de producteurs, dont un quart de mara\u00eechers, fournissent d\u00e9j\u00e0 le r\u00e9seau. Mais le travail de cette association ne s\u2019arr\u00eate pas l\u00e0. Si un producteur exprime le souhait d\u2019int\u00e9grer ce circuit de distribution, il ne pourra le faire que sous certaines conditions. Dans le cas o\u00f9 il ne serait pas encore labellis\u00e9 bio, il devra entamer une d\u00e9marche de reconversion. Mais il ne la fera pas seul. Il b\u00e9n\u00e9ficiera d\u2019un suivi individuel de la part d\u2019agriculteurs-conseils d\u00e9j\u00e0 producteurs pour les Pama, et suivra les formations collectives du r\u00e9seau.<\/p>\n<p class=\"Style13 Style126\" align=\"justify\"><img loading=\"lazy\" decoding=\"async\" class=\" alignleft\" src=\"http:\/\/altercampagne.free.fr\/pages\/2008\/AlterTour\/pic\/2011-07-24_12.01.47_7482.jpg\" alt=\"\" width=\"258\" height=\"522\" \/><\/p>\n<p class=\"Style13 Style126\" align=\"justify\">Les Pama rassemblent les commandes de 1600 familles. Cela repr\u00e9sente 5000 personnes, 25 points de distribution, r\u00e9partis un peu partout dans la ville et cinquante producteurs dont 13 mara\u00eechers. Une des grandes victoires des PAMA aura \u00e9t\u00e9 de permettre la d\u00e9couverte et l&rsquo;adoption des produits bio dans les quartiers \u00ab\u00a0d\u00e9favoris\u00e9s\u00a0\u00bb. Le retour des m\u00e8res de famille est particuli\u00e8rement encourageant\u00a0: <em>\u00ab\u00a0Ces produits frais sont bien meilleurs et on ne jette rien. On fait des \u00e9conomies gr\u00e2ce au bio\u00a0!&#8230;\u00a0\u00bb<\/em><\/p>\n<p class=\"Style13 Style126\" align=\"justify\">Claude nous guide pour rejoindre Le Thor. 30 km avec un mistral violent en plein dans le pif. C&rsquo;est l&rsquo;occasion de faire preuve de solidarit\u00e9 sur la route. Les plus forts sont devant et \u00ab tirent \u00bb les plus faibles en leur coupant le vent. Nous sommes re\u00e7us par le Maire du Thor, Jacques OLIVIER et toute une \u00e9quipe (collectif \u00ab sans OGM \u00bb, D3B d\u00e9fense et protection du patrimoine paysan, collectif Foll&rsquo;Avoine) :<\/p>\n<p class=\"Style13 Style126\" align=\"justify\"><img loading=\"lazy\" decoding=\"async\" class=\"alignright\" src=\"http:\/\/altercampagne.free.fr\/pages\/2008\/AlterTour\/pic\/2011-07-24_13.17.55_8705.jpg\" alt=\"\" width=\"257\" height=\"640\" \/>\u00ab\u00a0Votez pour quoi \u00a0\u00bb plut\u00f4t que \u00ab\u00a0votez pour moi! \u00ab\u00a0, les id\u00e9es avant les personnes. Et la municipalit\u00e9 du Thor n\u2019en manque pas quand il s\u2019agit d\u2019\u00e9cologie. voyez plut\u00f4t : c\u2019est la premi\u00e8re \u00ab\u00a0Commune sans OGM\u00a0\u00bb de France \u00e0 qui la justice a reconnu le droit de refuser ce type de culture sur son territoire. La cuisine centrale pr\u00e9pare 600 repas\/jour avec des aliments bio, dont le pain. Depuis avril 2011, les produits laitiers sont exempts de pesticides. La ville vise \u00e0 se fournir localement en soutenant les agriculteurs bio sur son territoire. L\u2019\u00e9nergie n\u2019est pas oubli\u00e9e. La mairie, contractuellement engag\u00e9e avec le Conseil R\u00e9gional, r\u00e9duit ses consommations de fluides. Elle travaille son \u00e9clairage public, sensibilise les employ\u00e9s sur leur pratique professionnelle et invite les 8000 Thorois \u00e0 repenser leurs actes. Le \u00ab\u00a0P\u00e9dibus \u00a0\u00bb fonctionne d\u00e9j\u00e0 : \u00e9l\u00e8ves et parents-accompagnants se rendent \u00e0 pied \u00e0 l\u2019\u00e9cole. Les b\u00e2timents municipaux ont \u00e9t\u00e9 isol\u00e9s thermiquement et cette commune est la premi\u00e8re \u00e0 avoir pris un d\u00e9lib\u00e9r\u00e9 contre les gaz de Schiste et la fracturation hydraulique.<\/p>\n<p class=\"Style13 Style126\" align=\"justify\"><img loading=\"lazy\" decoding=\"async\" class=\" alignleft\" src=\"http:\/\/altercampagne.free.fr\/pages\/2008\/AlterTour\/pic\/2011-07-24_21.59.05_8866.jpg\" alt=\"\" width=\"212\" height=\"533\" \/>Apr\u00e8s le repas, l&rsquo;<a href=\"http:\/\/lafolleavoine.org\/\" target=\"_blank\" rel=\"noopener noreferrer\"><strong>association Foll&rsquo;Avoine<\/strong><\/a> nous r\u00e9gale encore avec une pi\u00e8ce de th\u00e9\u00e2tre\u00a0:<\/p>\n<p class=\"Style13 Style126\" align=\"justify\">Monsanto condamn\u00e9 pour crime contre l\u2019humanit\u00e9 ! D\u00e9lirant ? Visionnaire ? L\u2019histoire le dira.<\/p>\n<p class=\"Style13 Style126\" align=\"justify\">Ce verdict, prononc\u00e9 d\u00e9but 2011 \u00e0 l\u2019encontre du tristement c\u00e9l\u00e8bre g\u00e9ant de l\u2019agrochimie, a \u00e9t\u00e9 rendu par le public d\u2019un vrai-faux proc\u00e8s. Vandana SHIVA (scientifique indienne), Jean-Pierre BERLAN (ancien directeur de recherche \u00e0 l&rsquo;INRA) et Miguel BenASAYAG (philosophe, chercheur en \u00e9pist\u00e9mologie) sont venus \u00e9clairer les d\u00e9bats. Ce proc\u00e8s est, parmi tant d\u2019autres, une initiative de Foll\u2019Avoine.<\/p>\n<p class=\"Style13 Style126\" align=\"justify\">Depuis 2009, cette association d\u00e9fend les terres fertiles et sensibilise \u00e0 la protection de la biodiversit\u00e9 sauvage et cultiv\u00e9e.<\/p>\n<p class=\"Style13 Style126\" align=\"justify\">De conf\u00e9rences en actions de sensibilisation, elle agit dans la r\u00e9gion d\u2019Avignon. Foll\u2019Avoine vient d\u2019organiser le rachat collectif d\u2019une exploitation viticole bio menac\u00e9e par une reconversion pesticidaire. Forte de plus de 700 adh\u00e9rents, elle emploie depuis peu un salari\u00e9 en liaison avec les municipalit\u00e9s se d\u00e9clarant \u00ab\u00a0Commune sans OGM\u00a0\u00bb. Elle assure la formation des \u00e9lus et le suivi des dossiers avec \u00e0 l\u2019esprit une devise : \u00ab\u00a0Pour une biodiversit\u00e9 sans OGM ni brevet \u00ab\u00a0.<\/p>\n<p class=\"Style13 Style126\">Merci \u00e0 Patricia et \u00e0 Herv\u00e9 pour leur accueil !<\/p>\n<p class=\"Style13 Style126\" align=\"justify\">LES PANIERS MARSEILAIS<br \/>\ncontact &#8211; at &#8211; lespaniersmarseillais.org<br \/>\n<a href=\"http:\/\/www.lespaniersmarseillais.or\/\">www.lespaniersmarseillais.or<\/a><br \/>\nCit\u00e9 des Associations<br \/>\n93, la Canebi\u00e8re<br \/>\n13001 MARSEILLE<br \/>\nMAIRIE DU THOR<br \/>\n+33 (0)4 90 33 91 84<br \/>\nmairie &#8211; at &#8211; ville-lethor.fr<br \/>\n<a href=\"http:\/\/www.ville-lethor.fr\/\">www.ville-lethor.fr<\/a><br \/>\nCours Gambetta<br \/>\n84250 LE THOR<\/p>\n<p>FOLL\u2019AvOInE \u2022 Bruno LENOBLE<br \/>\n+33 (0)6 25 61 46 33<br \/>\nfollavoine.paca &#8211; at &#8211; yahoo.fr<\/p>\n<p>Alain d&rsquo;Ajaccio, Alterjournaliste du jour<br \/>\net qui a fait un vrai travail de journaliste professionnel, c&rsquo;est \u00e0 dire en utilisant largement le \u00ab\u00a0copier coller\u00a0\u00bb dans le registre de l&rsquo;AlterTour 2011\u00a0:<\/p>\n<p>Suppl\u00e9ment au n\u00b0391 de S!lence &#8211; juin 2011 \u2022 Directeur de publication : Jean-Pierre Lepri.<br \/>\nLa <a href=\"http:\/\/www.revuesilence.net\/\" target=\"_blank\" rel=\"noopener noreferrer\">revue S!lence<\/a> est un mensuel \u00e9cologiste publi\u00e9 depuis 1982.<br \/>\nAbonnement d\u00e9couverte : 20 euros pour 6 num\u00e9ros. Exemplaire sp\u00e9cimen gratuit sur demande.<br \/>\nS!lence \u2022 9, rue Dumenge, 69317 Lyon cedex 04 \u2022 revuesilence.net<\/p>\n","protected":false},"excerpt":{"rendered":"<p>D\u00e9part \u00e0 bicyclette de Merindol pour Lamanon o\u00f9 nous suivons les explications de Vincent et de Ren\u00e9 qui nous pr\u00e9sentent le partiteur de Lamanon. Il s&rsquo;agit d&rsquo;un vaste et historique (depuis 1535) r\u00e9seau d&rsquo;irrigation artificielle. 28 millions de m\u00a03 d&rsquo;eau sont r\u00e9partis sur 24 000 Ha. C&rsquo;est \u00e9norme et ne &#8230; <\/p>\n<div><a href=\"https:\/\/www.altercampagne.net\/?p=3764\" class=\"more-link\">Read More<\/a><\/div>\n","protected":false},"author":214,"featured_media":0,"comment_status":"closed","ping_status":"closed","sticky":false,"template":"","format":"standard","meta":{"footnotes":""},"categories":[3483,3482,3464],"tags":[143,836,889,1401,1402,1403,1404,1405,1406,1407,1408,1409,1979,1984,1988,1990],"class_list":["post-3764","post","type-post","status-publish","format-standard","hentry","category-agriculture","category-provence-alpes-cote-dazur","category-edition-2011","tag-ogm","tag-altertour-2011","tag-jean-pierre-berlan","tag-merindol","tag-lamanon","tag-paniers-marseillais","tag-pama","tag-collectif-follavoine","tag-collectif-sans-ogm","tag-commune-sans-ogm","tag-vandana-shiva","tag-miguel-benasayag","tag-1979","tag-provence-alpes-cote-dazur","tag-vaucluse","tag-le-thor","no-post-thumbnail"],"yoast_head":"<!-- This site is optimized with the Yoast SEO plugin v27.3 - https:\/\/yoast.com\/product\/yoast-seo-wordpress\/ -->\n<title>24 juillet : rencontre avec Robert, l&#039;agriculteur conseil des Paniers Marseillais - AlterTour<\/title>\n<meta name=\"robots\" content=\"index, follow, max-snippet:-1, max-image-preview:large, max-video-preview:-1\" \/>\n<link rel=\"canonical\" href=\"https:\/\/www.altercampagne.net\/?p=3764\" \/>\n<meta property=\"og:locale\" content=\"fr_FR\" \/>\n<meta property=\"og:type\" content=\"article\" \/>\n<meta property=\"og:title\" content=\"24 juillet : rencontre avec Robert, l&#039;agriculteur conseil des Paniers Marseillais - AlterTour\" \/>\n<meta property=\"og:description\" content=\"D\u00e9part \u00e0 bicyclette de Merindol pour Lamanon o\u00f9 nous suivons les explications de Vincent et de Ren\u00e9 qui nous pr\u00e9sentent le partiteur de Lamanon. Il s&rsquo;agit d&rsquo;un vaste et historique (depuis 1535) r\u00e9seau d&rsquo;irrigation artificielle. 28 millions de m\u00a03 d&rsquo;eau sont r\u00e9partis sur 24 000 Ha. C&rsquo;est \u00e9norme et ne ... Read More\" \/>\n<meta property=\"og:url\" content=\"https:\/\/www.altercampagne.net\/?p=3764\" \/>\n<meta property=\"og:site_name\" content=\"AlterTour\" \/>\n<meta property=\"article:published_time\" content=\"2011-07-24T18:33:08+00:00\" \/>\n<meta property=\"article:modified_time\" content=\"2019-09-16T15:39:17+00:00\" \/>\n<meta property=\"og:image\" content=\"http:\/\/altercampagne.free.fr\/pages\/2008\/AlterTour\/pic\/2011-07-24_12.01.47_7482.jpg\" \/>\n<meta name=\"author\" content=\"Mathieu\" \/>\n<meta name=\"twitter:card\" content=\"summary_large_image\" \/>\n<meta name=\"twitter:label1\" content=\"\u00c9crit par\" \/>\n\t<meta name=\"twitter:data1\" content=\"Mathieu\" \/>\n\t<meta name=\"twitter:label2\" content=\"Dur\u00e9e de lecture estim\u00e9e\" \/>\n\t<meta name=\"twitter:data2\" content=\"5 minutes\" \/>\n<script type=\"application\/ld+json\" class=\"yoast-schema-graph\">{\"@context\":\"https:\\\/\\\/schema.org\",\"@graph\":[{\"@type\":\"Article\",\"@id\":\"https:\\\/\\\/www.altercampagne.net\\\/?p=3764#article\",\"isPartOf\":{\"@id\":\"https:\\\/\\\/www.altercampagne.net\\\/?p=3764\"},\"author\":{\"name\":\"Mathieu\",\"@id\":\"https:\\\/\\\/www.altercampagne.net\\\/#\\\/schema\\\/person\\\/0f261460c09e430caa0f9bcffa319109\"},\"headline\":\"24 juillet : rencontre avec Robert, l&rsquo;agriculteur conseil des Paniers Marseillais\",\"datePublished\":\"2011-07-24T18:33:08+00:00\",\"dateModified\":\"2019-09-16T15:39:17+00:00\",\"mainEntityOfPage\":{\"@id\":\"https:\\\/\\\/www.altercampagne.net\\\/?p=3764\"},\"wordCount\":964,\"image\":{\"@id\":\"https:\\\/\\\/www.altercampagne.net\\\/?p=3764#primaryimage\"},\"thumbnailUrl\":\"http:\\\/\\\/altercampagne.free.fr\\\/pages\\\/2008\\\/AlterTour\\\/pic\\\/2011-07-24_12.01.47_7482.jpg\",\"keywords\":[\"ogm\",\"AlterTour 2011\",\"Jean- Pierre BERLAN\",\"Merindol\",\"Lamanon\",\"Paniers Marseillais\",\"PAMA\",\"collectif Foll'Avoine\",\"collectif sans OGM\",\"Commune sans OGM\",\"Vandana SHIVA\",\"Miguel BenASAYAG\",\"2011\",\"Provence-Alpes-C\u00f4te d'Azur\",\"vaucluse\",\"Le Thor\"],\"articleSection\":[\"Agriculture\",\"Provence-Alpes-C\u00f4te d'Azur\",\"\u00c9dition 2011\"],\"inLanguage\":\"fr-FR\"},{\"@type\":\"WebPage\",\"@id\":\"https:\\\/\\\/www.altercampagne.net\\\/?p=3764\",\"url\":\"https:\\\/\\\/www.altercampagne.net\\\/?p=3764\",\"name\":\"24 juillet : rencontre avec Robert, l'agriculteur conseil des Paniers Marseillais - AlterTour\",\"isPartOf\":{\"@id\":\"https:\\\/\\\/www.altercampagne.net\\\/#website\"},\"primaryImageOfPage\":{\"@id\":\"https:\\\/\\\/www.altercampagne.net\\\/?p=3764#primaryimage\"},\"image\":{\"@id\":\"https:\\\/\\\/www.altercampagne.net\\\/?p=3764#primaryimage\"},\"thumbnailUrl\":\"http:\\\/\\\/altercampagne.free.fr\\\/pages\\\/2008\\\/AlterTour\\\/pic\\\/2011-07-24_12.01.47_7482.jpg\",\"datePublished\":\"2011-07-24T18:33:08+00:00\",\"dateModified\":\"2019-09-16T15:39:17+00:00\",\"author\":{\"@id\":\"https:\\\/\\\/www.altercampagne.net\\\/#\\\/schema\\\/person\\\/0f261460c09e430caa0f9bcffa319109\"},\"breadcrumb\":{\"@id\":\"https:\\\/\\\/www.altercampagne.net\\\/?p=3764#breadcrumb\"},\"inLanguage\":\"fr-FR\",\"potentialAction\":[{\"@type\":\"ReadAction\",\"target\":[\"https:\\\/\\\/www.altercampagne.net\\\/?p=3764\"]}]},{\"@type\":\"ImageObject\",\"inLanguage\":\"fr-FR\",\"@id\":\"https:\\\/\\\/www.altercampagne.net\\\/?p=3764#primaryimage\",\"url\":\"http:\\\/\\\/altercampagne.free.fr\\\/pages\\\/2008\\\/AlterTour\\\/pic\\\/2011-07-24_12.01.47_7482.jpg\",\"contentUrl\":\"http:\\\/\\\/altercampagne.free.fr\\\/pages\\\/2008\\\/AlterTour\\\/pic\\\/2011-07-24_12.01.47_7482.jpg\"},{\"@type\":\"BreadcrumbList\",\"@id\":\"https:\\\/\\\/www.altercampagne.net\\\/?p=3764#breadcrumb\",\"itemListElement\":[{\"@type\":\"ListItem\",\"position\":1,\"name\":\"Accueil\",\"item\":\"https:\\\/\\\/www.altercampagne.net\\\/\"},{\"@type\":\"ListItem\",\"position\":2,\"name\":\"24 juillet : rencontre avec Robert, l&rsquo;agriculteur conseil des Paniers Marseillais\"}]},{\"@type\":\"WebSite\",\"@id\":\"https:\\\/\\\/www.altercampagne.net\\\/#website\",\"url\":\"https:\\\/\\\/www.altercampagne.net\\\/\",\"name\":\"AlterTour\",\"description\":\"Reliez les Alternatives \u00e0 v\u00e9lo\",\"potentialAction\":[{\"@type\":\"SearchAction\",\"target\":{\"@type\":\"EntryPoint\",\"urlTemplate\":\"https:\\\/\\\/www.altercampagne.net\\\/?s={search_term_string}\"},\"query-input\":{\"@type\":\"PropertyValueSpecification\",\"valueRequired\":true,\"valueName\":\"search_term_string\"}}],\"inLanguage\":\"fr-FR\"},{\"@type\":\"Person\",\"@id\":\"https:\\\/\\\/www.altercampagne.net\\\/#\\\/schema\\\/person\\\/0f261460c09e430caa0f9bcffa319109\",\"name\":\"Mathieu\",\"image\":{\"@type\":\"ImageObject\",\"inLanguage\":\"fr-FR\",\"@id\":\"https:\\\/\\\/secure.gravatar.com\\\/avatar\\\/aa9d3d24c83f2141e5e2709d0f63d09a99f6be6bb7a50abc4915838d9f54501a?s=96&d=mm&r=g\",\"url\":\"https:\\\/\\\/secure.gravatar.com\\\/avatar\\\/aa9d3d24c83f2141e5e2709d0f63d09a99f6be6bb7a50abc4915838d9f54501a?s=96&d=mm&r=g\",\"contentUrl\":\"https:\\\/\\\/secure.gravatar.com\\\/avatar\\\/aa9d3d24c83f2141e5e2709d0f63d09a99f6be6bb7a50abc4915838d9f54501a?s=96&d=mm&r=g\",\"caption\":\"Mathieu\"},\"url\":\"https:\\\/\\\/www.altercampagne.net\\\/?author=214\"}]}<\/script>\n<!-- \/ Yoast SEO plugin. -->","yoast_head_json":{"title":"24 juillet : rencontre avec Robert, l'agriculteur conseil des Paniers Marseillais - AlterTour","robots":{"index":"index","follow":"follow","max-snippet":"max-snippet:-1","max-image-preview":"max-image-preview:large","max-video-preview":"max-video-preview:-1"},"canonical":"https:\/\/www.altercampagne.net\/?p=3764","og_locale":"fr_FR","og_type":"article","og_title":"24 juillet : rencontre avec Robert, l'agriculteur conseil des Paniers Marseillais - AlterTour","og_description":"D\u00e9part \u00e0 bicyclette de Merindol pour Lamanon o\u00f9 nous suivons les explications de Vincent et de Ren\u00e9 qui nous pr\u00e9sentent le partiteur de Lamanon. Il s&rsquo;agit d&rsquo;un vaste et historique (depuis 1535) r\u00e9seau d&rsquo;irrigation artificielle. 28 millions de m\u00a03 d&rsquo;eau sont r\u00e9partis sur 24 000 Ha. C&rsquo;est \u00e9norme et ne ... Read More","og_url":"https:\/\/www.altercampagne.net\/?p=3764","og_site_name":"AlterTour","article_published_time":"2011-07-24T18:33:08+00:00","article_modified_time":"2019-09-16T15:39:17+00:00","og_image":[{"url":"http:\/\/altercampagne.free.fr\/pages\/2008\/AlterTour\/pic\/2011-07-24_12.01.47_7482.jpg","type":"","width":"","height":""}],"author":"Mathieu","twitter_card":"summary_large_image","twitter_misc":{"\u00c9crit par":"Mathieu","Dur\u00e9e de lecture estim\u00e9e":"5 minutes"},"schema":{"@context":"https:\/\/schema.org","@graph":[{"@type":"Article","@id":"https:\/\/www.altercampagne.net\/?p=3764#article","isPartOf":{"@id":"https:\/\/www.altercampagne.net\/?p=3764"},"author":{"name":"Mathieu","@id":"https:\/\/www.altercampagne.net\/#\/schema\/person\/0f261460c09e430caa0f9bcffa319109"},"headline":"24 juillet : rencontre avec Robert, l&rsquo;agriculteur conseil des Paniers Marseillais","datePublished":"2011-07-24T18:33:08+00:00","dateModified":"2019-09-16T15:39:17+00:00","mainEntityOfPage":{"@id":"https:\/\/www.altercampagne.net\/?p=3764"},"wordCount":964,"image":{"@id":"https:\/\/www.altercampagne.net\/?p=3764#primaryimage"},"thumbnailUrl":"http:\/\/altercampagne.free.fr\/pages\/2008\/AlterTour\/pic\/2011-07-24_12.01.47_7482.jpg","keywords":["ogm","AlterTour 2011","Jean- Pierre BERLAN","Merindol","Lamanon","Paniers Marseillais","PAMA","collectif Foll'Avoine","collectif sans OGM","Commune sans OGM","Vandana SHIVA","Miguel BenASAYAG","2011","Provence-Alpes-C\u00f4te d'Azur","vaucluse","Le Thor"],"articleSection":["Agriculture","Provence-Alpes-C\u00f4te d'Azur","\u00c9dition 2011"],"inLanguage":"fr-FR"},{"@type":"WebPage","@id":"https:\/\/www.altercampagne.net\/?p=3764","url":"https:\/\/www.altercampagne.net\/?p=3764","name":"24 juillet : rencontre avec Robert, l'agriculteur conseil des Paniers Marseillais - AlterTour","isPartOf":{"@id":"https:\/\/www.altercampagne.net\/#website"},"primaryImageOfPage":{"@id":"https:\/\/www.altercampagne.net\/?p=3764#primaryimage"},"image":{"@id":"https:\/\/www.altercampagne.net\/?p=3764#primaryimage"},"thumbnailUrl":"http:\/\/altercampagne.free.fr\/pages\/2008\/AlterTour\/pic\/2011-07-24_12.01.47_7482.jpg","datePublished":"2011-07-24T18:33:08+00:00","dateModified":"2019-09-16T15:39:17+00:00","author":{"@id":"https:\/\/www.altercampagne.net\/#\/schema\/person\/0f261460c09e430caa0f9bcffa319109"},"breadcrumb":{"@id":"https:\/\/www.altercampagne.net\/?p=3764#breadcrumb"},"inLanguage":"fr-FR","potentialAction":[{"@type":"ReadAction","target":["https:\/\/www.altercampagne.net\/?p=3764"]}]},{"@type":"ImageObject","inLanguage":"fr-FR","@id":"https:\/\/www.altercampagne.net\/?p=3764#primaryimage","url":"http:\/\/altercampagne.free.fr\/pages\/2008\/AlterTour\/pic\/2011-07-24_12.01.47_7482.jpg","contentUrl":"http:\/\/altercampagne.free.fr\/pages\/2008\/AlterTour\/pic\/2011-07-24_12.01.47_7482.jpg"},{"@type":"BreadcrumbList","@id":"https:\/\/www.altercampagne.net\/?p=3764#breadcrumb","itemListElement":[{"@type":"ListItem","position":1,"name":"Accueil","item":"https:\/\/www.altercampagne.net\/"},{"@type":"ListItem","position":2,"name":"24 juillet : rencontre avec Robert, l&rsquo;agriculteur conseil des Paniers Marseillais"}]},{"@type":"WebSite","@id":"https:\/\/www.altercampagne.net\/#website","url":"https:\/\/www.altercampagne.net\/","name":"AlterTour","description":"Reliez les Alternatives \u00e0 v\u00e9lo","potentialAction":[{"@type":"SearchAction","target":{"@type":"EntryPoint","urlTemplate":"https:\/\/www.altercampagne.net\/?s={search_term_string}"},"query-input":{"@type":"PropertyValueSpecification","valueRequired":true,"valueName":"search_term_string"}}],"inLanguage":"fr-FR"},{"@type":"Person","@id":"https:\/\/www.altercampagne.net\/#\/schema\/person\/0f261460c09e430caa0f9bcffa319109","name":"Mathieu","image":{"@type":"ImageObject","inLanguage":"fr-FR","@id":"https:\/\/secure.gravatar.com\/avatar\/aa9d3d24c83f2141e5e2709d0f63d09a99f6be6bb7a50abc4915838d9f54501a?s=96&d=mm&r=g","url":"https:\/\/secure.gravatar.com\/avatar\/aa9d3d24c83f2141e5e2709d0f63d09a99f6be6bb7a50abc4915838d9f54501a?s=96&d=mm&r=g","contentUrl":"https:\/\/secure.gravatar.com\/avatar\/aa9d3d24c83f2141e5e2709d0f63d09a99f6be6bb7a50abc4915838d9f54501a?s=96&d=mm&r=g","caption":"Mathieu"},"url":"https:\/\/www.altercampagne.net\/?author=214"}]}},"_links":{"self":[{"href":"https:\/\/www.altercampagne.net\/index.php?rest_route=\/wp\/v2\/posts\/3764","targetHints":{"allow":["GET"]}}],"collection":[{"href":"https:\/\/www.altercampagne.net\/index.php?rest_route=\/wp\/v2\/posts"}],"about":[{"href":"https:\/\/www.altercampagne.net\/index.php?rest_route=\/wp\/v2\/types\/post"}],"author":[{"embeddable":true,"href":"https:\/\/www.altercampagne.net\/index.php?rest_route=\/wp\/v2\/users\/214"}],"replies":[{"embeddable":true,"href":"https:\/\/www.altercampagne.net\/index.php?rest_route=%2Fwp%2Fv2%2Fcomments&post=3764"}],"version-history":[{"count":0,"href":"https:\/\/www.altercampagne.net\/index.php?rest_route=\/wp\/v2\/posts\/3764\/revisions"}],"wp:attachment":[{"href":"https:\/\/www.altercampagne.net\/index.php?rest_route=%2Fwp%2Fv2%2Fmedia&parent=3764"}],"wp:term":[{"taxonomy":"category","embeddable":true,"href":"https:\/\/www.altercampagne.net\/index.php?rest_route=%2Fwp%2Fv2%2Fcategories&post=3764"},{"taxonomy":"post_tag","embeddable":true,"href":"https:\/\/www.altercampagne.net\/index.php?rest_route=%2Fwp%2Fv2%2Ftags&post=3764"}],"curies":[{"name":"wp","href":"https:\/\/api.w.org\/{rel}","templated":true}]}}