{"id":3771,"date":"2011-07-23T20:49:57","date_gmt":"2011-07-23T18:49:57","guid":{"rendered":"http:\/\/www.altercampagne.net\/?p=3771"},"modified":"2019-09-16T17:45:17","modified_gmt":"2019-09-16T15:45:17","slug":"etape-du-23-juillet-associations-caravane-cafe-et-couleur-garance","status":"publish","type":"post","link":"https:\/\/www.altercampagne.net\/?p=3771","title":{"rendered":"\u00c9tape du 23 juillet : Associations Caravane Caf\u00e9 et Couleur Garance"},"content":{"rendered":"<p class=\"Style13 Style126\">Nous arrivons \u00e0 Lauris aux alentours de midi et sommes accueillis chaleureusement par les b\u00e9n\u00e9voles de l&rsquo;<a href=\"http:\/\/cafelassociation.blogspot.com\/\" target=\"_blank\" rel=\"noopener noreferrer\"><strong>Association La Caravane Caf\u00e9<\/strong><\/a> dans un champ bord\u00e9 de cypr\u00e8s (Provence oblige) et d&rsquo;arbres fruitiers, sans oublier quelques oliviers embusqu\u00e9s derri\u00e8re les lavandes.<\/p>\n<p class=\"Style13 Style126\">Cette Association cr\u00e9\u00e9e notamment par Fanny Straub comprend une trentaine de b\u00e9n\u00e9voles.<\/p>\n<p class=\"Style13 Style126\">Elle a pour objectif de sensibiliser les personnes aux solutions \u00e9cologiques, \u00e9conomiques et sociales durables sur des lieux festifs.<\/p>\n<p class=\"Style13 Style126\">L&rsquo;Association propose par exemple l&rsquo;installation d&rsquo;un caf\u00e9 citoyen proposant des produits bio et \u00e9quitable lors de festivals, des toilettes s\u00e8ches, sans parler de la mise en place de d\u00e9bats \u00e9pineux comme les acacias, mais aussi le nucl\u00e9aire.<\/p>\n<p class=\"Style13 Style126\">Le repas a \u00e9t\u00e9 pr\u00e9par\u00e9 avec un minimum de consommation \u00e9nerg\u00e9tique\u00a0: les cakes ont \u00e9t\u00e9 cuits dans le four du boulanger apr\u00e8s la cuisson des pains et des l\u00e9gumes avec un four solaire.<\/p>\n<p class=\"Style13 Style126\">Ayant fort appr\u00e9ci\u00e9 ce repas, les Alter Cyclistes ont \u00e9t\u00e9 ravis d&rsquo;apprendre que l&rsquo;Association La Caravane Caf\u00e9 pr\u00e9parait \u00e9galement un d\u00eener somptuaire pour rassasier leur app\u00e9tit glouton.<\/p>\n<p class=\"Style13 Style126\">Vous trouverez de plus amples informations sur cette Association dynamique et inventive sur le site internet <a href=\"http:\/\/www.cafelassociation.org\/\">www.cafelassociation.org<\/a> et vous pouvez les contacter au 06 65 65 02 83 ou \u00e0 l&rsquo;adresse courriel associationcafe &#8211; at &#8211; gmail.com<\/p>\n<p class=\"Style13 Style126\">Nous avons ensuite effectu\u00e9 une visite, malheureusement au pas de charge, du Jardin conservatoire des plantes tinctoriales cultiv\u00e9es par l&rsquo;Association Couleur Garance qui se trouve dans le centre ville de Lauris, sur les terrasses du ch\u00e2teau de Lauris.<\/p>\n<p class=\"Style13 Style126\"><img loading=\"lazy\" decoding=\"async\" class=\" alignleft\" src=\"http:\/\/altercampagne.free.fr\/pages\/2008\/AlterTour\/pic\/2011-07-23_14.45.58_8257.jpg\" alt=\"\" width=\"193\" height=\"501\" \/><\/p>\n<p class=\"Style13 Style126\">A titre d&rsquo;exemple, nous citerons pour m\u00e9moire parmi la kyrielle de plantes pr\u00e9sent\u00e9es par Martine la Carthamus tinctorius, le Papaver somniferum, l&rsquo;Anth\u00e9mis tinctoria, le Cosmos sulphureus, la Coreopsis annua, le papaver rhoeas et pour finir, l&rsquo;Isatis tinctoria dont les propri\u00e9t\u00e9s tinctoriales sont aussi l\u00e9gendaires qu&rsquo;injustement n\u00e9glig\u00e9es&#8230;<\/p>\n<p class=\"Style13 Style126\">Les membres de cette Association, cr\u00e9\u00e9e en 2002, souhaitent faire la promotion de l&rsquo;utilisation des pigments naturels pour l&rsquo;alimentation et le textile en conservant et en faisant conna\u00eetre au grand public les 300 esp\u00e8ces de plantes de ce magnifique jardin qui surplombe la vall\u00e9e de la Durance.<\/p>\n<p class=\"Style13 Style126\"><img loading=\"lazy\" decoding=\"async\" class=\"alignright\" src=\"http:\/\/altercampagne.free.fr\/pages\/2008\/AlterTour\/pic\/2011-07-23_15.03.49_7225.jpg\" alt=\"\" width=\"191\" height=\"286\" \/>A titre d&rsquo;exemple, prenons une plante fort embl\u00e9matique, la gaude, qui a \u00e9t\u00e9 durant des si\u00e8cles une plante fort recherch\u00e9e pour son fort pouvoir colorant jaune des textiles fabriqu\u00e9s sur le pourtour du bassin m\u00e9diterran\u00e9en.<\/p>\n<p class=\"Style13 Style126\">Or donc, les gaudes d\u00e9signent \u00e9galement les galettes \u00e0 base de ma\u00efs cultiv\u00e9 dans la Bresse des \u00ab\u00a0culs jaunes\u00a0\u00bb, en r\u00e9f\u00e9rence non point au poulet AOC du m\u00eame nom (dont nous ne d\u00e9taillerons pas pr\u00e9sentement les caract\u00e9ristiques), mais \u00e0 la consommation quasi exclusive du ma\u00efs dont la couleur \u00e9voque immanquablement cette plante colorante. CQFD, la boucle est boucl\u00e9e. C&rsquo;est dire si l&rsquo;histoire des plantes peut \u00e9clairer l&rsquo;histoire des hommes, et r\u00e9ciproquement.<\/p>\n<p class=\"Style13 Style126\">Nous apprenons aussi, de mani\u00e8re plus anecdotique, que certaines mol\u00e9cules colorantes ont \u00e9galement des propri\u00e9t\u00e9s m\u00e9dicinales. Le tanin, par exemple, a des vertus antifongiques et anti- microbiennes. Ainsi, les marins enduisaient leurs v\u00eatements de ce tanin de couleur rouge, pour en augmenter la long\u00e9vit\u00e9 L\u2019Association propose \u00e9galement des stages pour les enfants comme pour les adultes, comme par exemple des ateliers d&rsquo;initiation \u00e0 la teinture v\u00e9g\u00e9tale, de peintures aux couleurs v\u00e9g\u00e9tales, ou encore une initiation au feutre artisanal.<\/p>\n<p class=\"Style13 Style126\">La boutique propose des foulards et autres colifichets en teinture v\u00e9g\u00e9tales, des kits de teintures pr\u00eats \u00e0 l&#8217;emploi, et aussi des livres, tels \u00ab\u00a0Le marcheur de couleurs\u00a0\u00bb peintures aux couleurs v\u00e9g\u00e9tales de Ludovic de Valon, ou encore \u00ab\u00a0L&rsquo;homme regarde la fleur, la fleur sourit\u00a0\u00bb avec des photos de Aude Fr\u00e8re &amp; Dominique Charriez.<\/p>\n<p class=\"Style13 Style126\">Leur site est <a href=\"http:\/\/www.couleurgarance.com\/\">www.couleurgarance.com<\/a> et leur e-mail <a href=\"mailto:jardinconservatoire.lauris@orange.fr\">jardinconservatoire.lauris@orange.fr<\/a><\/p>\n<p class=\"Style13 Style126\">Ils sont joignables au 04 90 08 40 48.<\/p>\n<p class=\"Style13 Style126\">Nous remercions Jean Louis MILLET, membre de l&rsquo;association APTE (Association Pour la Promotion des Techniques Ecologiques), d&rsquo;avoir accept\u00e9 de nous accueillir dans un des champs de sa ferme biologique.<\/p>\n<p class=\"Style13 Style126\" style=\"text-align: right;\"><strong>Aline &amp; Herv\u00e9, Alter journalistes plut\u00f4t fatigu\u00e9s, mais le moral reste bon.<\/strong><\/p>\n","protected":false},"excerpt":{"rendered":"<p>Nous arrivons \u00e0 Lauris aux alentours de midi et sommes accueillis chaleureusement par les b\u00e9n\u00e9voles de l&rsquo;Association La Caravane Caf\u00e9 dans un champ bord\u00e9 de cypr\u00e8s (Provence oblige) et d&rsquo;arbres fruitiers, sans oublier quelques oliviers embusqu\u00e9s derri\u00e8re les lavandes. Cette Association cr\u00e9\u00e9e notamment par Fanny Straub comprend une trentaine de &#8230; <\/p>\n<div><a href=\"https:\/\/www.altercampagne.net\/?p=3771\" class=\"more-link\">Read More<\/a><\/div>\n","protected":false},"author":214,"featured_media":0,"comment_status":"closed","ping_status":"closed","sticky":false,"template":"","format":"standard","meta":{"footnotes":""},"categories":[3483,3482,3464],"tags":[836,1417,1418,1419,1420,1421,1979,1984,1988,1997,1998,1999,2000,2001,2002],"class_list":["post-3771","post","type-post","status-publish","format-standard","hentry","category-agriculture","category-provence-alpes-cote-dazur","category-edition-2011","tag-altertour-2011","tag-lauris","tag-association-la-caravane-cafe","tag-fanny-straub","tag-cafe-citoyen","tag-association-couleur-garance","tag-1979","tag-provence-alpes-cote-dazur","tag-vaucluse","tag-caravane-cafe","tag-jardin-conservatoire","tag-plantes-tinctoriales","tag-couleur-garance","tag-apte","tag-association-pour-la-promotion-des-techniques-ecologiques","no-post-thumbnail"],"yoast_head":"<!-- This site is optimized with the Yoast SEO plugin v27.3 - https:\/\/yoast.com\/product\/yoast-seo-wordpress\/ -->\n<title>\u00c9tape du 23 juillet : Associations Caravane Caf\u00e9 et Couleur Garance - AlterTour<\/title>\n<meta name=\"robots\" content=\"index, follow, max-snippet:-1, max-image-preview:large, max-video-preview:-1\" \/>\n<link rel=\"canonical\" href=\"https:\/\/www.altercampagne.net\/?p=3771\" \/>\n<meta property=\"og:locale\" content=\"fr_FR\" \/>\n<meta property=\"og:type\" content=\"article\" \/>\n<meta property=\"og:title\" content=\"\u00c9tape du 23 juillet : Associations Caravane Caf\u00e9 et Couleur Garance - AlterTour\" \/>\n<meta property=\"og:description\" content=\"Nous arrivons \u00e0 Lauris aux alentours de midi et sommes accueillis chaleureusement par les b\u00e9n\u00e9voles de l&rsquo;Association La Caravane Caf\u00e9 dans un champ bord\u00e9 de cypr\u00e8s (Provence oblige) et d&rsquo;arbres fruitiers, sans oublier quelques oliviers embusqu\u00e9s derri\u00e8re les lavandes. Cette Association cr\u00e9\u00e9e notamment par Fanny Straub comprend une trentaine de ... Read More\" \/>\n<meta property=\"og:url\" content=\"https:\/\/www.altercampagne.net\/?p=3771\" \/>\n<meta property=\"og:site_name\" content=\"AlterTour\" \/>\n<meta property=\"article:published_time\" content=\"2011-07-23T18:49:57+00:00\" \/>\n<meta property=\"article:modified_time\" content=\"2019-09-16T15:45:17+00:00\" \/>\n<meta property=\"og:image\" content=\"http:\/\/altercampagne.free.fr\/pages\/2008\/AlterTour\/pic\/2011-07-23_14.45.58_8257.jpg\" \/>\n<meta name=\"author\" content=\"Mathieu\" \/>\n<meta name=\"twitter:card\" content=\"summary_large_image\" \/>\n<meta name=\"twitter:label1\" content=\"\u00c9crit par\" \/>\n\t<meta name=\"twitter:data1\" content=\"Mathieu\" \/>\n\t<meta name=\"twitter:label2\" content=\"Dur\u00e9e de lecture estim\u00e9e\" \/>\n\t<meta name=\"twitter:data2\" content=\"3 minutes\" \/>\n<script type=\"application\/ld+json\" class=\"yoast-schema-graph\">{\"@context\":\"https:\\\/\\\/schema.org\",\"@graph\":[{\"@type\":\"Article\",\"@id\":\"https:\\\/\\\/www.altercampagne.net\\\/?p=3771#article\",\"isPartOf\":{\"@id\":\"https:\\\/\\\/www.altercampagne.net\\\/?p=3771\"},\"author\":{\"name\":\"Mathieu\",\"@id\":\"https:\\\/\\\/www.altercampagne.net\\\/#\\\/schema\\\/person\\\/0f261460c09e430caa0f9bcffa319109\"},\"headline\":\"\u00c9tape du 23 juillet : Associations Caravane Caf\u00e9 et Couleur Garance\",\"datePublished\":\"2011-07-23T18:49:57+00:00\",\"dateModified\":\"2019-09-16T15:45:17+00:00\",\"mainEntityOfPage\":{\"@id\":\"https:\\\/\\\/www.altercampagne.net\\\/?p=3771\"},\"wordCount\":724,\"image\":{\"@id\":\"https:\\\/\\\/www.altercampagne.net\\\/?p=3771#primaryimage\"},\"thumbnailUrl\":\"http:\\\/\\\/altercampagne.free.fr\\\/pages\\\/2008\\\/AlterTour\\\/pic\\\/2011-07-23_14.45.58_8257.jpg\",\"keywords\":[\"AlterTour 2011\",\"Lauris\",\"Association La Caravane Caf\u00e9\",\"Fanny Straub\",\"caf\u00e9 citoyen\",\"Association Couleur Garance\",\"2011\",\"Provence-Alpes-C\u00f4te d'Azur\",\"vaucluse\",\"Caravane Caf\u00e9\",\"Jardin conservatoire\",\"plantes tinctoriales\",\"Couleur Garance\",\"APTE\",\"Association Pour la Promotion des Techniques Ecologiques\"],\"articleSection\":[\"Agriculture\",\"Provence-Alpes-C\u00f4te d'Azur\",\"\u00c9dition 2011\"],\"inLanguage\":\"fr-FR\"},{\"@type\":\"WebPage\",\"@id\":\"https:\\\/\\\/www.altercampagne.net\\\/?p=3771\",\"url\":\"https:\\\/\\\/www.altercampagne.net\\\/?p=3771\",\"name\":\"\u00c9tape du 23 juillet : Associations Caravane Caf\u00e9 et Couleur Garance - AlterTour\",\"isPartOf\":{\"@id\":\"https:\\\/\\\/www.altercampagne.net\\\/#website\"},\"primaryImageOfPage\":{\"@id\":\"https:\\\/\\\/www.altercampagne.net\\\/?p=3771#primaryimage\"},\"image\":{\"@id\":\"https:\\\/\\\/www.altercampagne.net\\\/?p=3771#primaryimage\"},\"thumbnailUrl\":\"http:\\\/\\\/altercampagne.free.fr\\\/pages\\\/2008\\\/AlterTour\\\/pic\\\/2011-07-23_14.45.58_8257.jpg\",\"datePublished\":\"2011-07-23T18:49:57+00:00\",\"dateModified\":\"2019-09-16T15:45:17+00:00\",\"author\":{\"@id\":\"https:\\\/\\\/www.altercampagne.net\\\/#\\\/schema\\\/person\\\/0f261460c09e430caa0f9bcffa319109\"},\"breadcrumb\":{\"@id\":\"https:\\\/\\\/www.altercampagne.net\\\/?p=3771#breadcrumb\"},\"inLanguage\":\"fr-FR\",\"potentialAction\":[{\"@type\":\"ReadAction\",\"target\":[\"https:\\\/\\\/www.altercampagne.net\\\/?p=3771\"]}]},{\"@type\":\"ImageObject\",\"inLanguage\":\"fr-FR\",\"@id\":\"https:\\\/\\\/www.altercampagne.net\\\/?p=3771#primaryimage\",\"url\":\"http:\\\/\\\/altercampagne.free.fr\\\/pages\\\/2008\\\/AlterTour\\\/pic\\\/2011-07-23_14.45.58_8257.jpg\",\"contentUrl\":\"http:\\\/\\\/altercampagne.free.fr\\\/pages\\\/2008\\\/AlterTour\\\/pic\\\/2011-07-23_14.45.58_8257.jpg\"},{\"@type\":\"BreadcrumbList\",\"@id\":\"https:\\\/\\\/www.altercampagne.net\\\/?p=3771#breadcrumb\",\"itemListElement\":[{\"@type\":\"ListItem\",\"position\":1,\"name\":\"Accueil\",\"item\":\"https:\\\/\\\/www.altercampagne.net\\\/\"},{\"@type\":\"ListItem\",\"position\":2,\"name\":\"\u00c9tape du 23 juillet : Associations Caravane Caf\u00e9 et Couleur Garance\"}]},{\"@type\":\"WebSite\",\"@id\":\"https:\\\/\\\/www.altercampagne.net\\\/#website\",\"url\":\"https:\\\/\\\/www.altercampagne.net\\\/\",\"name\":\"AlterTour\",\"description\":\"Reliez les Alternatives \u00e0 v\u00e9lo\",\"potentialAction\":[{\"@type\":\"SearchAction\",\"target\":{\"@type\":\"EntryPoint\",\"urlTemplate\":\"https:\\\/\\\/www.altercampagne.net\\\/?s={search_term_string}\"},\"query-input\":{\"@type\":\"PropertyValueSpecification\",\"valueRequired\":true,\"valueName\":\"search_term_string\"}}],\"inLanguage\":\"fr-FR\"},{\"@type\":\"Person\",\"@id\":\"https:\\\/\\\/www.altercampagne.net\\\/#\\\/schema\\\/person\\\/0f261460c09e430caa0f9bcffa319109\",\"name\":\"Mathieu\",\"image\":{\"@type\":\"ImageObject\",\"inLanguage\":\"fr-FR\",\"@id\":\"https:\\\/\\\/secure.gravatar.com\\\/avatar\\\/aa9d3d24c83f2141e5e2709d0f63d09a99f6be6bb7a50abc4915838d9f54501a?s=96&d=mm&r=g\",\"url\":\"https:\\\/\\\/secure.gravatar.com\\\/avatar\\\/aa9d3d24c83f2141e5e2709d0f63d09a99f6be6bb7a50abc4915838d9f54501a?s=96&d=mm&r=g\",\"contentUrl\":\"https:\\\/\\\/secure.gravatar.com\\\/avatar\\\/aa9d3d24c83f2141e5e2709d0f63d09a99f6be6bb7a50abc4915838d9f54501a?s=96&d=mm&r=g\",\"caption\":\"Mathieu\"},\"url\":\"https:\\\/\\\/www.altercampagne.net\\\/?author=214\"}]}<\/script>\n<!-- \/ Yoast SEO plugin. -->","yoast_head_json":{"title":"\u00c9tape du 23 juillet : Associations Caravane Caf\u00e9 et Couleur Garance - AlterTour","robots":{"index":"index","follow":"follow","max-snippet":"max-snippet:-1","max-image-preview":"max-image-preview:large","max-video-preview":"max-video-preview:-1"},"canonical":"https:\/\/www.altercampagne.net\/?p=3771","og_locale":"fr_FR","og_type":"article","og_title":"\u00c9tape du 23 juillet : Associations Caravane Caf\u00e9 et Couleur Garance - AlterTour","og_description":"Nous arrivons \u00e0 Lauris aux alentours de midi et sommes accueillis chaleureusement par les b\u00e9n\u00e9voles de l&rsquo;Association La Caravane Caf\u00e9 dans un champ bord\u00e9 de cypr\u00e8s (Provence oblige) et d&rsquo;arbres fruitiers, sans oublier quelques oliviers embusqu\u00e9s derri\u00e8re les lavandes. Cette Association cr\u00e9\u00e9e notamment par Fanny Straub comprend une trentaine de ... Read More","og_url":"https:\/\/www.altercampagne.net\/?p=3771","og_site_name":"AlterTour","article_published_time":"2011-07-23T18:49:57+00:00","article_modified_time":"2019-09-16T15:45:17+00:00","og_image":[{"url":"http:\/\/altercampagne.free.fr\/pages\/2008\/AlterTour\/pic\/2011-07-23_14.45.58_8257.jpg","type":"","width":"","height":""}],"author":"Mathieu","twitter_card":"summary_large_image","twitter_misc":{"\u00c9crit par":"Mathieu","Dur\u00e9e de lecture estim\u00e9e":"3 minutes"},"schema":{"@context":"https:\/\/schema.org","@graph":[{"@type":"Article","@id":"https:\/\/www.altercampagne.net\/?p=3771#article","isPartOf":{"@id":"https:\/\/www.altercampagne.net\/?p=3771"},"author":{"name":"Mathieu","@id":"https:\/\/www.altercampagne.net\/#\/schema\/person\/0f261460c09e430caa0f9bcffa319109"},"headline":"\u00c9tape du 23 juillet : Associations Caravane Caf\u00e9 et Couleur Garance","datePublished":"2011-07-23T18:49:57+00:00","dateModified":"2019-09-16T15:45:17+00:00","mainEntityOfPage":{"@id":"https:\/\/www.altercampagne.net\/?p=3771"},"wordCount":724,"image":{"@id":"https:\/\/www.altercampagne.net\/?p=3771#primaryimage"},"thumbnailUrl":"http:\/\/altercampagne.free.fr\/pages\/2008\/AlterTour\/pic\/2011-07-23_14.45.58_8257.jpg","keywords":["AlterTour 2011","Lauris","Association La Caravane Caf\u00e9","Fanny Straub","caf\u00e9 citoyen","Association Couleur Garance","2011","Provence-Alpes-C\u00f4te d'Azur","vaucluse","Caravane Caf\u00e9","Jardin conservatoire","plantes tinctoriales","Couleur Garance","APTE","Association Pour la Promotion des Techniques Ecologiques"],"articleSection":["Agriculture","Provence-Alpes-C\u00f4te d'Azur","\u00c9dition 2011"],"inLanguage":"fr-FR"},{"@type":"WebPage","@id":"https:\/\/www.altercampagne.net\/?p=3771","url":"https:\/\/www.altercampagne.net\/?p=3771","name":"\u00c9tape du 23 juillet : Associations Caravane Caf\u00e9 et Couleur Garance - AlterTour","isPartOf":{"@id":"https:\/\/www.altercampagne.net\/#website"},"primaryImageOfPage":{"@id":"https:\/\/www.altercampagne.net\/?p=3771#primaryimage"},"image":{"@id":"https:\/\/www.altercampagne.net\/?p=3771#primaryimage"},"thumbnailUrl":"http:\/\/altercampagne.free.fr\/pages\/2008\/AlterTour\/pic\/2011-07-23_14.45.58_8257.jpg","datePublished":"2011-07-23T18:49:57+00:00","dateModified":"2019-09-16T15:45:17+00:00","author":{"@id":"https:\/\/www.altercampagne.net\/#\/schema\/person\/0f261460c09e430caa0f9bcffa319109"},"breadcrumb":{"@id":"https:\/\/www.altercampagne.net\/?p=3771#breadcrumb"},"inLanguage":"fr-FR","potentialAction":[{"@type":"ReadAction","target":["https:\/\/www.altercampagne.net\/?p=3771"]}]},{"@type":"ImageObject","inLanguage":"fr-FR","@id":"https:\/\/www.altercampagne.net\/?p=3771#primaryimage","url":"http:\/\/altercampagne.free.fr\/pages\/2008\/AlterTour\/pic\/2011-07-23_14.45.58_8257.jpg","contentUrl":"http:\/\/altercampagne.free.fr\/pages\/2008\/AlterTour\/pic\/2011-07-23_14.45.58_8257.jpg"},{"@type":"BreadcrumbList","@id":"https:\/\/www.altercampagne.net\/?p=3771#breadcrumb","itemListElement":[{"@type":"ListItem","position":1,"name":"Accueil","item":"https:\/\/www.altercampagne.net\/"},{"@type":"ListItem","position":2,"name":"\u00c9tape du 23 juillet : Associations Caravane Caf\u00e9 et Couleur Garance"}]},{"@type":"WebSite","@id":"https:\/\/www.altercampagne.net\/#website","url":"https:\/\/www.altercampagne.net\/","name":"AlterTour","description":"Reliez les Alternatives \u00e0 v\u00e9lo","potentialAction":[{"@type":"SearchAction","target":{"@type":"EntryPoint","urlTemplate":"https:\/\/www.altercampagne.net\/?s={search_term_string}"},"query-input":{"@type":"PropertyValueSpecification","valueRequired":true,"valueName":"search_term_string"}}],"inLanguage":"fr-FR"},{"@type":"Person","@id":"https:\/\/www.altercampagne.net\/#\/schema\/person\/0f261460c09e430caa0f9bcffa319109","name":"Mathieu","image":{"@type":"ImageObject","inLanguage":"fr-FR","@id":"https:\/\/secure.gravatar.com\/avatar\/aa9d3d24c83f2141e5e2709d0f63d09a99f6be6bb7a50abc4915838d9f54501a?s=96&d=mm&r=g","url":"https:\/\/secure.gravatar.com\/avatar\/aa9d3d24c83f2141e5e2709d0f63d09a99f6be6bb7a50abc4915838d9f54501a?s=96&d=mm&r=g","contentUrl":"https:\/\/secure.gravatar.com\/avatar\/aa9d3d24c83f2141e5e2709d0f63d09a99f6be6bb7a50abc4915838d9f54501a?s=96&d=mm&r=g","caption":"Mathieu"},"url":"https:\/\/www.altercampagne.net\/?author=214"}]}},"_links":{"self":[{"href":"https:\/\/www.altercampagne.net\/index.php?rest_route=\/wp\/v2\/posts\/3771","targetHints":{"allow":["GET"]}}],"collection":[{"href":"https:\/\/www.altercampagne.net\/index.php?rest_route=\/wp\/v2\/posts"}],"about":[{"href":"https:\/\/www.altercampagne.net\/index.php?rest_route=\/wp\/v2\/types\/post"}],"author":[{"embeddable":true,"href":"https:\/\/www.altercampagne.net\/index.php?rest_route=\/wp\/v2\/users\/214"}],"replies":[{"embeddable":true,"href":"https:\/\/www.altercampagne.net\/index.php?rest_route=%2Fwp%2Fv2%2Fcomments&post=3771"}],"version-history":[{"count":0,"href":"https:\/\/www.altercampagne.net\/index.php?rest_route=\/wp\/v2\/posts\/3771\/revisions"}],"wp:attachment":[{"href":"https:\/\/www.altercampagne.net\/index.php?rest_route=%2Fwp%2Fv2%2Fmedia&parent=3771"}],"wp:term":[{"taxonomy":"category","embeddable":true,"href":"https:\/\/www.altercampagne.net\/index.php?rest_route=%2Fwp%2Fv2%2Fcategories&post=3771"},{"taxonomy":"post_tag","embeddable":true,"href":"https:\/\/www.altercampagne.net\/index.php?rest_route=%2Fwp%2Fv2%2Ftags&post=3771"}],"curies":[{"name":"wp","href":"https:\/\/api.w.org\/{rel}","templated":true}]}}