{"id":3778,"date":"2011-07-21T21:01:24","date_gmt":"2011-07-21T19:01:24","guid":{"rendered":"http:\/\/www.altercampagne.net\/?p=3778"},"modified":"2019-09-16T17:50:13","modified_gmt":"2019-09-16T15:50:13","slug":"etape-du-21-juillet-le-potager-dun-curieux-a-saignon","status":"publish","type":"post","link":"https:\/\/www.altercampagne.net\/?p=3778","title":{"rendered":"\u00c9tape du 21 juillet : Le Potager d&rsquo;un curieux \u00e0 Saignon"},"content":{"rendered":"<p class=\"Style13 Style126\" align=\"justify\"><img loading=\"lazy\" decoding=\"async\" class=\" alignright\" src=\"http:\/\/altercampagne.free.fr\/pages\/2008\/AlterTour\/pic\/2011-07-21_18.58.48_7016.jpg\" alt=\"\" width=\"267\" height=\"485\" \/>Aujourd&rsquo;hui, Jean-Luc Daneyrolles nous fait les honneurs de son \u00ab alter-propri\u00e9t\u00e9 \u00bb : Le <a href=\"https:\/\/lepotagerduncurieux.wordpress.com\/\" target=\"_blank\" rel=\"noopener noreferrer\"><strong>Potager d&rsquo;un Curieux<\/strong><\/a>. En sa personne nous retrouvons l&rsquo;homme de conviction et l&rsquo;esprit militant dans lequel il enracine son m\u00e9tier depuis plus de 30 ans. Le Slogan \u00ab RESISTANCE IS FERTILE \u00bb nous interpelle aussit\u00f4t sur le T-SHIRT qu&rsquo;il arbore. Visiblement heureux de nous rencontrer sur son vaste domaine, il se tient d&#8217;embl\u00e9e \u00e0 notre disposition et nous parle de sa r\u00e9gion, le pays d&rsquo;Apt, au coeur du Parc Naturel R\u00e9gional du Lub\u00e9ron, haut lieu d&rsquo;attraction touristique. C&rsquo;est l\u00e0 que se niche son fabuleux Potager, conservatoire \u00f4 combien unique et vivant de multiples esp\u00e8ces n\u00e9glig\u00e9es ou en perdition. De Kokopelli \u00e0 Semences paysannes, il nous manquait de d\u00e9couvrir ce lieu o\u00f9 des clients du monde entier viennent acheter parmi les 250 esp\u00e8ces de plantes qu&rsquo;il fait sortir de terre chaque ann\u00e9e.<\/p>\n<p class=\"Style13 Style126\" align=\"justify\">L&rsquo;accueil, vers les 15h30, se fait &#8211; plus qu&rsquo;une anecdote &#8211; aux \u00ab\u00a0Haribos locaux\u00a0\u00bb, nous permettant de nous instruire aussit\u00f4t. De petites tomates \u00e9tal\u00e9es sur un grand plateau captent nos regards: 11 vari\u00e9t\u00e9s aux formes tellement diverses &#8211; et dont nous vous \u00e9pargnons les noms aussi po\u00e9tiques que savants &#8211; nous le d\u00e9couvrirons un peu plus tard dans la journ\u00e9e &#8211; font tant de bonbons multicolores : rouges, jaunes ou verts. Un vrai bon truc pour redonner aux enfants le go\u00fbt de la tomate nous glisse notre h\u00f4te.<\/p>\n<p class=\"Style13 Style126\" align=\"justify\">D&rsquo;une \u00e9rudition d\u00e9licieuse, il se reconna\u00eet bavard mais sa science agricole &#8211; nous transporte \u00e0 travers les si\u00e8cles et les mill\u00e9naires : du N\u00e9olithique \u00e0 aujourd&rsquo;hui en passant par l&rsquo;\u00e9poque romaine, le fil de ses observations et la richesse historique du lieu est unique. La pr\u00e9sentation de son Jardin des Merveilles Botaniques n&rsquo;est interrompue que par une petite explication de texte &#8211; article XXXV de la D\u00e9claration Universelle des Droits de l&rsquo;Homme de 1793 oblige &#8211; sur la position militante de ses collaborateurs au sujet des OGM. Car, nous est-il rappel\u00e9, il ne s&rsquo;agit pas de refuser les OGM simplement pour \u00eatre \u00ab contre \u00bb &#8211; mais bien d&rsquo;appliquer le principe de pr\u00e9caution: nous ne savons pas en l&rsquo;\u00e9tat actuel des recherches scientifiques &#8211; inacceptables ailleurs qu&rsquo;en \u00ab milieu clos \u00bb &#8211; \u00e0 quel avenir ils nous conduisent.<\/p>\n<p class=\"Style13 Style126\">Ce lieu magique t\u00e9moigne de sa passion pour un lieu et pour une pratique bas\u00e9e sur la d\u00e9couverte ou la red\u00e9couverte la s\u00e9lection des esp\u00e8ces mais aussi sur celui du partage : l&rsquo;Art du jardinage et, par l\u00e0, celui de la pr\u00e9servation de la biodiversit\u00e9. La biodiversit\u00e9, ce \u00ab concept chevelu \u00bb dont nous n&rsquo;aurons pas explor\u00e9 toute la complexit\u00e9 au cours de la veill\u00e9e autour du feu qui suivra.<\/p>\n<p class=\"Style13 Style126\">Nous restons ici deux jours qui ne suffiront \u00e9videmment pas \u00e0 satisfaire notre propre curiosit\u00e9 pour tous les tr\u00e9sors ici pr\u00e9sents &#8211; sans compter que nous avons gagn\u00e9 ici un repos bien n\u00e9cessaire apr\u00e8s 65 kilom\u00e8tres parcourus par monts et par vaux contre les fac\u00e9ties d&rsquo;Eole.<\/p>\n","protected":false},"excerpt":{"rendered":"<p>Aujourd&rsquo;hui, Jean-Luc Daneyrolles nous fait les honneurs de son \u00ab alter-propri\u00e9t\u00e9 \u00bb : Le Potager d&rsquo;un Curieux. En sa personne nous retrouvons l&rsquo;homme de conviction et l&rsquo;esprit militant dans lequel il enracine son m\u00e9tier depuis plus de 30 ans. Le Slogan \u00ab RESISTANCE IS FERTILE \u00bb nous interpelle aussit\u00f4t sur &#8230; <\/p>\n<div><a href=\"https:\/\/www.altercampagne.net\/?p=3778\" class=\"more-link\">Read More<\/a><\/div>\n","protected":false},"author":214,"featured_media":15831,"comment_status":"closed","ping_status":"closed","sticky":false,"template":"","format":"standard","meta":{"footnotes":""},"categories":[3483,3482,3464],"tags":[536,537,836,1072,1372,1423,1428,1429,1430,1979,1984,1988],"class_list":["post-3778","post","type-post","status-publish","format-standard","has-post-thumbnail","hentry","category-agriculture","category-provence-alpes-cote-dazur","category-edition-2011","tag-jean-luc-daneyrolles","tag-potager-dun-curieux","tag-altertour-2011","tag-saignon","tag-kokopelli","tag-parc-naturel-regional-du-luberon","tag-apt","tag-semences-paysannes","tag-jardinage","tag-1979","tag-provence-alpes-cote-dazur","tag-vaucluse"],"yoast_head":"<!-- This site is optimized with the Yoast SEO plugin v27.3 - https:\/\/yoast.com\/product\/yoast-seo-wordpress\/ -->\n<title>\u00c9tape du 21 juillet : Le Potager d&#039;un curieux \u00e0 Saignon - AlterTour<\/title>\n<meta name=\"robots\" content=\"index, follow, max-snippet:-1, max-image-preview:large, max-video-preview:-1\" \/>\n<link rel=\"canonical\" href=\"https:\/\/www.altercampagne.net\/?p=3778\" \/>\n<meta property=\"og:locale\" content=\"fr_FR\" \/>\n<meta property=\"og:type\" content=\"article\" \/>\n<meta property=\"og:title\" content=\"\u00c9tape du 21 juillet : Le Potager d&#039;un curieux \u00e0 Saignon - AlterTour\" \/>\n<meta property=\"og:description\" content=\"Aujourd&rsquo;hui, Jean-Luc Daneyrolles nous fait les honneurs de son \u00ab alter-propri\u00e9t\u00e9 \u00bb : Le Potager d&rsquo;un Curieux. En sa personne nous retrouvons l&rsquo;homme de conviction et l&rsquo;esprit militant dans lequel il enracine son m\u00e9tier depuis plus de 30 ans. Le Slogan \u00ab RESISTANCE IS FERTILE \u00bb nous interpelle aussit\u00f4t sur ... Read More\" \/>\n<meta property=\"og:url\" content=\"https:\/\/www.altercampagne.net\/?p=3778\" \/>\n<meta property=\"og:site_name\" content=\"AlterTour\" \/>\n<meta property=\"article:published_time\" content=\"2011-07-21T19:01:24+00:00\" \/>\n<meta property=\"article:modified_time\" content=\"2019-09-16T15:50:13+00:00\" \/>\n<meta property=\"og:image\" content=\"https:\/\/www.altercampagne.net\/wp-content\/uploads\/2011\/07\/2011-07-22_19.53.34_79211.jpg\" \/>\n\t<meta property=\"og:image:width\" content=\"640\" \/>\n\t<meta property=\"og:image:height\" content=\"429\" \/>\n\t<meta property=\"og:image:type\" content=\"image\/jpeg\" \/>\n<meta name=\"author\" content=\"Mathieu\" \/>\n<meta name=\"twitter:card\" content=\"summary_large_image\" \/>\n<meta name=\"twitter:label1\" content=\"\u00c9crit par\" \/>\n\t<meta name=\"twitter:data1\" content=\"Mathieu\" \/>\n\t<meta name=\"twitter:label2\" content=\"Dur\u00e9e de lecture estim\u00e9e\" \/>\n\t<meta name=\"twitter:data2\" content=\"3 minutes\" \/>\n<script type=\"application\/ld+json\" class=\"yoast-schema-graph\">{\"@context\":\"https:\\\/\\\/schema.org\",\"@graph\":[{\"@type\":\"Article\",\"@id\":\"https:\\\/\\\/www.altercampagne.net\\\/?p=3778#article\",\"isPartOf\":{\"@id\":\"https:\\\/\\\/www.altercampagne.net\\\/?p=3778\"},\"author\":{\"name\":\"Mathieu\",\"@id\":\"https:\\\/\\\/www.altercampagne.net\\\/#\\\/schema\\\/person\\\/0f261460c09e430caa0f9bcffa319109\"},\"headline\":\"\u00c9tape du 21 juillet : Le Potager d&rsquo;un curieux \u00e0 Saignon\",\"datePublished\":\"2011-07-21T19:01:24+00:00\",\"dateModified\":\"2019-09-16T15:50:13+00:00\",\"mainEntityOfPage\":{\"@id\":\"https:\\\/\\\/www.altercampagne.net\\\/?p=3778\"},\"wordCount\":538,\"image\":{\"@id\":\"https:\\\/\\\/www.altercampagne.net\\\/?p=3778#primaryimage\"},\"thumbnailUrl\":\"https:\\\/\\\/www.altercampagne.net\\\/wp-content\\\/uploads\\\/2011\\\/07\\\/2011-07-22_19.53.34_79211.jpg\",\"keywords\":[\"jean-Luc Daneyrolles\",\"potager d'un curieux\",\"AlterTour 2011\",\"Saignon\",\"Kokopelli\",\"Parc Naturel R\u00e9gional du Lub\u00e9ron\",\"Apt\",\"Semences paysannes\",\"jardinage\",\"2011\",\"Provence-Alpes-C\u00f4te d'Azur\",\"vaucluse\"],\"articleSection\":[\"Agriculture\",\"Provence-Alpes-C\u00f4te d'Azur\",\"\u00c9dition 2011\"],\"inLanguage\":\"fr-FR\"},{\"@type\":\"WebPage\",\"@id\":\"https:\\\/\\\/www.altercampagne.net\\\/?p=3778\",\"url\":\"https:\\\/\\\/www.altercampagne.net\\\/?p=3778\",\"name\":\"\u00c9tape du 21 juillet : Le Potager d'un curieux \u00e0 Saignon - AlterTour\",\"isPartOf\":{\"@id\":\"https:\\\/\\\/www.altercampagne.net\\\/#website\"},\"primaryImageOfPage\":{\"@id\":\"https:\\\/\\\/www.altercampagne.net\\\/?p=3778#primaryimage\"},\"image\":{\"@id\":\"https:\\\/\\\/www.altercampagne.net\\\/?p=3778#primaryimage\"},\"thumbnailUrl\":\"https:\\\/\\\/www.altercampagne.net\\\/wp-content\\\/uploads\\\/2011\\\/07\\\/2011-07-22_19.53.34_79211.jpg\",\"datePublished\":\"2011-07-21T19:01:24+00:00\",\"dateModified\":\"2019-09-16T15:50:13+00:00\",\"author\":{\"@id\":\"https:\\\/\\\/www.altercampagne.net\\\/#\\\/schema\\\/person\\\/0f261460c09e430caa0f9bcffa319109\"},\"breadcrumb\":{\"@id\":\"https:\\\/\\\/www.altercampagne.net\\\/?p=3778#breadcrumb\"},\"inLanguage\":\"fr-FR\",\"potentialAction\":[{\"@type\":\"ReadAction\",\"target\":[\"https:\\\/\\\/www.altercampagne.net\\\/?p=3778\"]}]},{\"@type\":\"ImageObject\",\"inLanguage\":\"fr-FR\",\"@id\":\"https:\\\/\\\/www.altercampagne.net\\\/?p=3778#primaryimage\",\"url\":\"https:\\\/\\\/www.altercampagne.net\\\/wp-content\\\/uploads\\\/2011\\\/07\\\/2011-07-22_19.53.34_79211.jpg\",\"contentUrl\":\"https:\\\/\\\/www.altercampagne.net\\\/wp-content\\\/uploads\\\/2011\\\/07\\\/2011-07-22_19.53.34_79211.jpg\",\"width\":640,\"height\":429},{\"@type\":\"BreadcrumbList\",\"@id\":\"https:\\\/\\\/www.altercampagne.net\\\/?p=3778#breadcrumb\",\"itemListElement\":[{\"@type\":\"ListItem\",\"position\":1,\"name\":\"Accueil\",\"item\":\"https:\\\/\\\/www.altercampagne.net\\\/\"},{\"@type\":\"ListItem\",\"position\":2,\"name\":\"\u00c9tape du 21 juillet : Le Potager d&rsquo;un curieux \u00e0 Saignon\"}]},{\"@type\":\"WebSite\",\"@id\":\"https:\\\/\\\/www.altercampagne.net\\\/#website\",\"url\":\"https:\\\/\\\/www.altercampagne.net\\\/\",\"name\":\"AlterTour\",\"description\":\"Reliez les Alternatives \u00e0 v\u00e9lo\",\"potentialAction\":[{\"@type\":\"SearchAction\",\"target\":{\"@type\":\"EntryPoint\",\"urlTemplate\":\"https:\\\/\\\/www.altercampagne.net\\\/?s={search_term_string}\"},\"query-input\":{\"@type\":\"PropertyValueSpecification\",\"valueRequired\":true,\"valueName\":\"search_term_string\"}}],\"inLanguage\":\"fr-FR\"},{\"@type\":\"Person\",\"@id\":\"https:\\\/\\\/www.altercampagne.net\\\/#\\\/schema\\\/person\\\/0f261460c09e430caa0f9bcffa319109\",\"name\":\"Mathieu\",\"image\":{\"@type\":\"ImageObject\",\"inLanguage\":\"fr-FR\",\"@id\":\"https:\\\/\\\/secure.gravatar.com\\\/avatar\\\/aa9d3d24c83f2141e5e2709d0f63d09a99f6be6bb7a50abc4915838d9f54501a?s=96&d=mm&r=g\",\"url\":\"https:\\\/\\\/secure.gravatar.com\\\/avatar\\\/aa9d3d24c83f2141e5e2709d0f63d09a99f6be6bb7a50abc4915838d9f54501a?s=96&d=mm&r=g\",\"contentUrl\":\"https:\\\/\\\/secure.gravatar.com\\\/avatar\\\/aa9d3d24c83f2141e5e2709d0f63d09a99f6be6bb7a50abc4915838d9f54501a?s=96&d=mm&r=g\",\"caption\":\"Mathieu\"},\"url\":\"https:\\\/\\\/www.altercampagne.net\\\/?author=214\"}]}<\/script>\n<!-- \/ Yoast SEO plugin. -->","yoast_head_json":{"title":"\u00c9tape du 21 juillet : Le Potager d'un curieux \u00e0 Saignon - AlterTour","robots":{"index":"index","follow":"follow","max-snippet":"max-snippet:-1","max-image-preview":"max-image-preview:large","max-video-preview":"max-video-preview:-1"},"canonical":"https:\/\/www.altercampagne.net\/?p=3778","og_locale":"fr_FR","og_type":"article","og_title":"\u00c9tape du 21 juillet : Le Potager d'un curieux \u00e0 Saignon - AlterTour","og_description":"Aujourd&rsquo;hui, Jean-Luc Daneyrolles nous fait les honneurs de son \u00ab alter-propri\u00e9t\u00e9 \u00bb : Le Potager d&rsquo;un Curieux. En sa personne nous retrouvons l&rsquo;homme de conviction et l&rsquo;esprit militant dans lequel il enracine son m\u00e9tier depuis plus de 30 ans. Le Slogan \u00ab RESISTANCE IS FERTILE \u00bb nous interpelle aussit\u00f4t sur ... Read More","og_url":"https:\/\/www.altercampagne.net\/?p=3778","og_site_name":"AlterTour","article_published_time":"2011-07-21T19:01:24+00:00","article_modified_time":"2019-09-16T15:50:13+00:00","og_image":[{"width":640,"height":429,"url":"https:\/\/www.altercampagne.net\/wp-content\/uploads\/2011\/07\/2011-07-22_19.53.34_79211.jpg","type":"image\/jpeg"}],"author":"Mathieu","twitter_card":"summary_large_image","twitter_misc":{"\u00c9crit par":"Mathieu","Dur\u00e9e de lecture estim\u00e9e":"3 minutes"},"schema":{"@context":"https:\/\/schema.org","@graph":[{"@type":"Article","@id":"https:\/\/www.altercampagne.net\/?p=3778#article","isPartOf":{"@id":"https:\/\/www.altercampagne.net\/?p=3778"},"author":{"name":"Mathieu","@id":"https:\/\/www.altercampagne.net\/#\/schema\/person\/0f261460c09e430caa0f9bcffa319109"},"headline":"\u00c9tape du 21 juillet : Le Potager d&rsquo;un curieux \u00e0 Saignon","datePublished":"2011-07-21T19:01:24+00:00","dateModified":"2019-09-16T15:50:13+00:00","mainEntityOfPage":{"@id":"https:\/\/www.altercampagne.net\/?p=3778"},"wordCount":538,"image":{"@id":"https:\/\/www.altercampagne.net\/?p=3778#primaryimage"},"thumbnailUrl":"https:\/\/www.altercampagne.net\/wp-content\/uploads\/2011\/07\/2011-07-22_19.53.34_79211.jpg","keywords":["jean-Luc Daneyrolles","potager d'un curieux","AlterTour 2011","Saignon","Kokopelli","Parc Naturel R\u00e9gional du Lub\u00e9ron","Apt","Semences paysannes","jardinage","2011","Provence-Alpes-C\u00f4te d'Azur","vaucluse"],"articleSection":["Agriculture","Provence-Alpes-C\u00f4te d'Azur","\u00c9dition 2011"],"inLanguage":"fr-FR"},{"@type":"WebPage","@id":"https:\/\/www.altercampagne.net\/?p=3778","url":"https:\/\/www.altercampagne.net\/?p=3778","name":"\u00c9tape du 21 juillet : Le Potager d'un curieux \u00e0 Saignon - AlterTour","isPartOf":{"@id":"https:\/\/www.altercampagne.net\/#website"},"primaryImageOfPage":{"@id":"https:\/\/www.altercampagne.net\/?p=3778#primaryimage"},"image":{"@id":"https:\/\/www.altercampagne.net\/?p=3778#primaryimage"},"thumbnailUrl":"https:\/\/www.altercampagne.net\/wp-content\/uploads\/2011\/07\/2011-07-22_19.53.34_79211.jpg","datePublished":"2011-07-21T19:01:24+00:00","dateModified":"2019-09-16T15:50:13+00:00","author":{"@id":"https:\/\/www.altercampagne.net\/#\/schema\/person\/0f261460c09e430caa0f9bcffa319109"},"breadcrumb":{"@id":"https:\/\/www.altercampagne.net\/?p=3778#breadcrumb"},"inLanguage":"fr-FR","potentialAction":[{"@type":"ReadAction","target":["https:\/\/www.altercampagne.net\/?p=3778"]}]},{"@type":"ImageObject","inLanguage":"fr-FR","@id":"https:\/\/www.altercampagne.net\/?p=3778#primaryimage","url":"https:\/\/www.altercampagne.net\/wp-content\/uploads\/2011\/07\/2011-07-22_19.53.34_79211.jpg","contentUrl":"https:\/\/www.altercampagne.net\/wp-content\/uploads\/2011\/07\/2011-07-22_19.53.34_79211.jpg","width":640,"height":429},{"@type":"BreadcrumbList","@id":"https:\/\/www.altercampagne.net\/?p=3778#breadcrumb","itemListElement":[{"@type":"ListItem","position":1,"name":"Accueil","item":"https:\/\/www.altercampagne.net\/"},{"@type":"ListItem","position":2,"name":"\u00c9tape du 21 juillet : Le Potager d&rsquo;un curieux \u00e0 Saignon"}]},{"@type":"WebSite","@id":"https:\/\/www.altercampagne.net\/#website","url":"https:\/\/www.altercampagne.net\/","name":"AlterTour","description":"Reliez les Alternatives \u00e0 v\u00e9lo","potentialAction":[{"@type":"SearchAction","target":{"@type":"EntryPoint","urlTemplate":"https:\/\/www.altercampagne.net\/?s={search_term_string}"},"query-input":{"@type":"PropertyValueSpecification","valueRequired":true,"valueName":"search_term_string"}}],"inLanguage":"fr-FR"},{"@type":"Person","@id":"https:\/\/www.altercampagne.net\/#\/schema\/person\/0f261460c09e430caa0f9bcffa319109","name":"Mathieu","image":{"@type":"ImageObject","inLanguage":"fr-FR","@id":"https:\/\/secure.gravatar.com\/avatar\/aa9d3d24c83f2141e5e2709d0f63d09a99f6be6bb7a50abc4915838d9f54501a?s=96&d=mm&r=g","url":"https:\/\/secure.gravatar.com\/avatar\/aa9d3d24c83f2141e5e2709d0f63d09a99f6be6bb7a50abc4915838d9f54501a?s=96&d=mm&r=g","contentUrl":"https:\/\/secure.gravatar.com\/avatar\/aa9d3d24c83f2141e5e2709d0f63d09a99f6be6bb7a50abc4915838d9f54501a?s=96&d=mm&r=g","caption":"Mathieu"},"url":"https:\/\/www.altercampagne.net\/?author=214"}]}},"_links":{"self":[{"href":"https:\/\/www.altercampagne.net\/index.php?rest_route=\/wp\/v2\/posts\/3778","targetHints":{"allow":["GET"]}}],"collection":[{"href":"https:\/\/www.altercampagne.net\/index.php?rest_route=\/wp\/v2\/posts"}],"about":[{"href":"https:\/\/www.altercampagne.net\/index.php?rest_route=\/wp\/v2\/types\/post"}],"author":[{"embeddable":true,"href":"https:\/\/www.altercampagne.net\/index.php?rest_route=\/wp\/v2\/users\/214"}],"replies":[{"embeddable":true,"href":"https:\/\/www.altercampagne.net\/index.php?rest_route=%2Fwp%2Fv2%2Fcomments&post=3778"}],"version-history":[{"count":0,"href":"https:\/\/www.altercampagne.net\/index.php?rest_route=\/wp\/v2\/posts\/3778\/revisions"}],"wp:featuredmedia":[{"embeddable":true,"href":"https:\/\/www.altercampagne.net\/index.php?rest_route=\/wp\/v2\/media\/15831"}],"wp:attachment":[{"href":"https:\/\/www.altercampagne.net\/index.php?rest_route=%2Fwp%2Fv2%2Fmedia&parent=3778"}],"wp:term":[{"taxonomy":"category","embeddable":true,"href":"https:\/\/www.altercampagne.net\/index.php?rest_route=%2Fwp%2Fv2%2Fcategories&post=3778"},{"taxonomy":"post_tag","embeddable":true,"href":"https:\/\/www.altercampagne.net\/index.php?rest_route=%2Fwp%2Fv2%2Ftags&post=3778"}],"curies":[{"name":"wp","href":"https:\/\/api.w.org\/{rel}","templated":true}]}}