{"id":3781,"date":"2011-07-21T19:07:06","date_gmt":"2011-07-21T17:07:06","guid":{"rendered":"http:\/\/www.altercampagne.net\/?p=3781"},"modified":"2019-09-16T17:53:33","modified_gmt":"2019-09-16T15:53:33","slug":"compte-rendu-de-la-visite-du-potager-de-ce-jardinier-emerite-et-curieux-de-tout","status":"publish","type":"post","link":"https:\/\/www.altercampagne.net\/?p=3781","title":{"rendered":"Compte-rendu de la visite du potager de ce jardinier \u00e9m\u00e9rite et curieux de tout"},"content":{"rendered":"<p class=\"Style13 Style126\" align=\"justify\"><img loading=\"lazy\" decoding=\"async\" class=\" alignleft\" src=\"http:\/\/altercampagne.free.fr\/pages\/2008\/AlterTour\/pic\/2011-07-21_20.16.18_7115.jpg\" alt=\"\" width=\"274\" height=\"517\" \/>En pr\u00e9ambule, retenons que le potager nous fait remonter \u00e0 rebours au 16\u00e8me si\u00e8cle, tout du moins en Europe, \u00e0 l&rsquo;instar du potager clos qui fut un des points d&rsquo;orgue de cette visite. Mais, me direz-vous, ami lecteur dont l&rsquo;ing\u00e9nuit\u00e9 n&rsquo;a d&rsquo;\u00e9gal que l&rsquo;app\u00e9tit de savoir qui vous fait parcourir ce compte-rendu &#8211; qu&rsquo;est-ce donc qu&rsquo;un potager clos ? De fait, il s&rsquo;agit, comme son nom l&rsquo;indique, d&rsquo;un potager prot\u00e9g\u00e9 des animaux affam\u00e9s du voisinage par un mur d&rsquo;un m\u00e8tre d&rsquo;\u00e9paisseur dessinant une enceinte \u00e9tag\u00e9e sur 2 niveaux. Un m\u00e8tre, rien de moins, pour une raison simplement thermique, vous l&rsquo;aurez devin\u00e9 : en hiver, la chaleur accumul\u00e9e par les pierres durant la journ\u00e9e emp\u00eachait, durant la nuit, que la gel\u00e9e ne viennent estourbir les cultures de lentilles, pois chiches, haricots secs, melons, f\u00e8ves et vesces pratiqu\u00e9es traditionnellement, depuis les ann\u00e9es 1600\/1700 en cette r\u00e9gion du Lub\u00e9ron. Cela jusque dans les ann\u00e9es 50, date \u00e0 laquelle les tracteurs ont entra\u00een\u00e9 le d\u00e9laissement de ces parcelles, de taille r\u00e9duite pour ces engins. La situation \u00e9volue aussi aujourd&rsquo;hui en fonction de l&rsquo;\u00e9quilibre des esp\u00e8ces en \u00e9volution permanente: Jean-Luc nous cite la mainmise des geais sur ce territoire fort convoit\u00e9 au d\u00e9pend des pies, qui n&rsquo;ont cependant pas dit leur dernier mot&#8230;<\/p>\n<p class=\"Style13 Style126\" align=\"justify\">Ceci \u00e9tant \u00e9crit, nous n&rsquo;oublierons pas pour autant les autres jardins, d&rsquo;ornement ou de contemplation, qui ont eux aussi tout leur int\u00e9r\u00eat, mais dans des contextes socio-historico-\u00e9conomiques qui nous \u00e9loigneraient trop de notre sujet du moment: le jardin po-ta-ger&#8230;Sa richesse autant culturelle que culturale se trouve de nos jours constitu\u00e9e d&rsquo;apports multiples, \u00e0 l&rsquo;image par exemple de celui de l&rsquo;agriculture m\u00e9so-am\u00e9ricaine (si ce terme vous pose probl\u00e8me, n&rsquo;h\u00e9sitez pas \u00e0 en v\u00e9rifier la teneur dans votre dictionnaire pr\u00e9f\u00e9r\u00e9, tel le Littr\u00e9, afin de satisfaire votre curiosit\u00e9 fort l\u00e9gitime, car nous n&rsquo;allons tout de m\u00eame pas vous m\u00e2cher tout le travail&#8230;).<\/p>\n<p class=\"Style13 Style126\" align=\"justify\">Cette agriculture h\u00e9rit\u00e9e du pass\u00e9 a su pratiquer une association unique de plantes compl\u00e9mentaires, \u00e0 l&rsquo;instar de la courge, plante horizontale, du ma\u00efs, plante verticale, et, last but not least, des haricots, qui utilisent les tiges de ma\u00efs comme des tuteurs &#8211; pour vous donner une image spatialis\u00e9e de cette combinaison unique aux vertus tant nutritives que culinaires. Attirons votre attention sur les p\u00e9pins de coloquinte aux propri\u00e9t\u00e9s vermifuges, mais ceci est un autre sujet, certes tout aussi passionnant mais que nous ne d\u00e9taillerons point, faute de temps et d&rsquo;\u00e9nergie&#8230; Autre sujet abord\u00e9 avec autant de passion que de conviction : la pollinisation \u00e0 la main des fleurs de courgettes. Sachez juste pour votre gouverne, que cet acte est aussi d\u00e9licat que pr\u00e9cis, et que tout un chacun ne peut se pr\u00e9tendre pollinisateur sans une exp\u00e9rience qui n\u00e9cessite autant de finesse que de doigt\u00e9.<\/p>\n<p class=\"Style13 Style126\"><img loading=\"lazy\" decoding=\"async\" class=\" alignright\" src=\"http:\/\/altercampagne.free.fr\/pages\/2008\/AlterTour\/pic\/2011-07-22_19.56.06_7936.jpg\" alt=\"\" width=\"251\" height=\"508\" \/>Nous avons \u00e9galement abord\u00e9 la question des croisements, des hybridations, sans omettre des points plus techniques relatifs, par exemple, au fait que \u00ab\u00a0le cardon est le grand-p\u00e8re de l&rsquo;artichaut\u00a0\u00bb ce qui ne vous \u00e9tonnera gu\u00e8re, connaissant votre int\u00e9r\u00eat pour la g\u00e9n\u00e9alogie botanique.<\/p>\n<p class=\"Style13 Style126\">Mais, nous direz-vous, nous interrompant \u00e0 juste titre au plus fort de ces digressions parfois un peu complexes il est vrai, quelles sont donc les plantes cultiv\u00e9es en ce potager extra-ordinaire?<br \/>\nNous y arrivons, et votre alter-journaliste se propose en guise de conclusion, soit de vous bercer soit d&rsquo;exciter votre enthousiasme \u00e0 l&rsquo;\u00e9vocation des noms de quelques-unes des vari\u00e9t\u00e9s recens\u00e9es dans cette portion du potager cultiv\u00e9 par notre h\u00f4te et quelques-uns de ceux qu&rsquo;il forme \u00e0 son art. Vous y trouverez, en guise de :<\/p>\n<ul>\n<li style=\"list-style-type: none;\">\n<ul>\n<li class=\"Style13 Style126\">tomates, la sauvage \u00e0 feuilles de pimprenelle, la sauvage hirsute, la marmande h\u00e2tive, la greengrade raisin vert, la lemon bush, la coeur de boeuf, la g\u00e9ante rouge, la coeur de boeuf \u00e0 facettes, la Zatopek, l&rsquo;Andine cornue, la tomate du voyageur, la cotell\u00e9e de G\u00eanes, la poivron rouge ;<\/li>\n<li class=\"Style13 Style126\">en aubergines, vous rencontrerez la ronde de valence, la verte longue de Tha\u00eflande, la oeuf vert;<\/li>\n<li class=\"Style13 Style126\">pour les courges remarquez la trompe d&rsquo;Albanga ;<\/li>\n<li class=\"Style13 Style126\">parmi les concombres, le comcombre citron ;<\/li>\n<li class=\"Style13 Style126\">au milieu des courgettes : la jaune \u00e0 col lisse, la verte zuboka ;<\/li>\n<li class=\"Style13 Style126\">de nombreux haricots : le haricot beurre de Rocquencourt, le triomphe de Farcy, le nain pourpre, le coco rose d&rsquo;Eyragues ;<\/li>\n<li class=\"Style13 Style126\">et quelques pommes de terre : la vitelote violette voisinant avec l&rsquo;Angourie des Antilles.<\/li>\n<\/ul>\n<\/li>\n<\/ul>\n<p class=\"Style13 Style126\">Quelles merveilles de la Nature que la Physalis du Mexique, les \u00e9ponges v\u00e9g\u00e9tales, les \u00e9chalotes, la carthame des teinturiers, la Dolique Mongette, le piment de Bresse, le piment del riquilo, le piment cerise rouge de Calabre, le piment larme de Job, le Teosinte (anc\u00eatre du ma\u00efs), le morelle africain n&rsquo;goyo rouge, le poivron yellow wonder,le poivron tomate jaune, le Physalis, la morelle de Balbis, le cornaret rose, les griffes du diable, les cloches d&rsquo;Irlande, la molucelle, et pour finir cette liste qui chante autant \u00e0 nos oreilles qu&rsquo;\u00e0 nos papilles, le tournesol horticole multifleurs&#8230;<br \/>\nSans oublier bien s\u00fbr les pois rouges de Nouvelle Z\u00e9lande sur la superbe jupe de Claire&#8230;<br \/>\nEt ce sera notre conclusion pour ce soir, fort tard&#8230;<br \/>\nMerci \u00e0 l&rsquo;<a href=\"http:\/\/lepotagerduncurieux.pagesperso-orange.fr\/\" target=\"_blank\" rel=\"noopener noreferrer\">association Le POTAGER D&rsquo;UN CURIEUX<\/a><br \/>\nJean-Luc Daneyrolles<br \/>\nLa Moli\u00e8re<br \/>\n\u00e0 SAIGNON (84)<br \/>\nlepotager &#8211; at &#8211; wanadoo.fr<\/p>\n<p class=\"Style13 Style126\">Quelques liens dans la continuit\u00e9:<\/p>\n<p class=\"Style13 Style126\">Semences paysannes: <a href=\"http:\/\/www.semencespaysannes.org\" target=\"_blank\" rel=\"noopener noreferrer\">www.semencespaysannes.org <\/a><br \/>\n\u00ab\u00a0Les Croqueurs de carottes\u00a0\u00bb rassemblent eux, 6 entreprises artisanales de production de semences potag\u00e8res et florales biologiques \u00e0 travers la France selon les r\u00e9gions dans lesquelles vous vous trouvez:<\/p>\n<ul>\n<li style=\"list-style-type: none;\">\n<ul>\n<li><a href=\"http:\/\/www.biaugerme.com\" target=\"_blank\" rel=\"noopener noreferrer\">www.biaugerme.com<\/a><\/li>\n<li><a href=\"http:\/\/www.germinance.com\" target=\"_blank\" rel=\"noopener noreferrer\">www.germinance.com<\/a><\/li>\n<li><a href=\"http:\/\/www.grainesdelpais.com\" target=\"_blank\" rel=\"noopener noreferrer\">www.grainesdelpais.com<\/a><\/li>\n<li><a href=\"http:\/\/www.semaille.com\" target=\"_blank\" rel=\"noopener noreferrer\"> www.semaille.com<\/a><\/li>\n<li><a href=\"http:\/\/www.lesrefardes.com\" target=\"_blank\" rel=\"noopener noreferrer\">www.lesrefardes.com<\/a><\/li>\n<li><a href=\"http:\/\/altercampagne.free.fr\/%20www.biobreizh.com\" target=\"_blank\" rel=\"noopener noreferrer\"> www.biobreizh.com<\/a><\/li>\n<li><a href=\"http:\/\/www.intelligenceverte.org\" target=\"_blank\" rel=\"noopener noreferrer\">www.intelligenceverte.org<\/a>\n<p class=\"Style13 Style126\">2 revues \u00abgrand public\u00a0\u00bb incontournables sur les th\u00e9matiques potag\u00e8re et botanique: Les 4 Saisons du Jardinage et Fruits Oubli\u00e9s &#8211; Revue de pomologie vivante, un relais pour le maintien de la diversit\u00e9 fruiti\u00e8re &#8211; et son R\u00e9seau bas\u00e9 \u00e0 Saint-Jean du Gard &#8211; <a href=\"http:\/\/www.fruitsoublies.fr\" target=\"_blank\" rel=\"noopener noreferrer\">www.fruitsoublies.fr<\/a><\/p>\n<\/li>\n<\/ul>\n<\/li>\n<\/ul>\n<p class=\"Style13 Style126\">A noter \u00e9galement dans l&rsquo;actu militante:<\/p>\n<p class=\"Style13 Style126\"><a href=\"http:\/\/www.les-oc.info\" target=\"_blank\" rel=\"noopener noreferrer\">www.les-oc.info<\/a> : les Objecteurs de croissance pr\u00e9voient de vous retrouver les 19-20-21 ao\u00fbt \u00e0 MOISSAC (82)<\/p>\n<p class=\"Style13 Style126\">NI GAZ NI NUCLEAIRE: 26, 27 et 28 ao\u00fbt \u00e0 LEZAN (30) dans les C\u00e9vennes organis\u00e9 par <a href=\"http:\/\/altercampagne.free.fr\/pages\/2008\/AlterTour\/www.convergenceenergetique.org\" target=\"_blank\" rel=\"noopener noreferrer\">www.convergenceenergetique.org<\/a><\/p>\n<p class=\"Style13 Style126\">Herv\u00e9, alterjournaliste du jour<\/p>\n","protected":false},"excerpt":{"rendered":"<p>En pr\u00e9ambule, retenons que le potager nous fait remonter \u00e0 rebours au 16\u00e8me si\u00e8cle, tout du moins en Europe, \u00e0 l&rsquo;instar du potager clos qui fut un des points d&rsquo;orgue de cette visite. Mais, me direz-vous, ami lecteur dont l&rsquo;ing\u00e9nuit\u00e9 n&rsquo;a d&rsquo;\u00e9gal que l&rsquo;app\u00e9tit de savoir qui vous fait parcourir &#8230; <\/p>\n<div><a href=\"https:\/\/www.altercampagne.net\/?p=3781\" class=\"more-link\">Read More<\/a><\/div>\n","protected":false},"author":214,"featured_media":15835,"comment_status":"closed","ping_status":"closed","sticky":false,"template":"","format":"standard","meta":{"footnotes":""},"categories":[3483,3482,3464],"tags":[536,537,836,1072,1979,1984,1988],"class_list":["post-3781","post","type-post","status-publish","format-standard","has-post-thumbnail","hentry","category-agriculture","category-provence-alpes-cote-dazur","category-edition-2011","tag-jean-luc-daneyrolles","tag-potager-dun-curieux","tag-altertour-2011","tag-saignon","tag-1979","tag-provence-alpes-cote-dazur","tag-vaucluse"],"yoast_head":"<!-- This site is optimized with the Yoast SEO plugin v27.3 - https:\/\/yoast.com\/product\/yoast-seo-wordpress\/ -->\n<title>Compte-rendu de la visite du potager de ce jardinier \u00e9m\u00e9rite et curieux de tout - AlterTour<\/title>\n<meta name=\"robots\" content=\"index, follow, max-snippet:-1, max-image-preview:large, max-video-preview:-1\" \/>\n<link rel=\"canonical\" href=\"https:\/\/www.altercampagne.net\/?p=3781\" \/>\n<meta property=\"og:locale\" content=\"fr_FR\" \/>\n<meta property=\"og:type\" content=\"article\" \/>\n<meta property=\"og:title\" content=\"Compte-rendu de la visite du potager de ce jardinier \u00e9m\u00e9rite et curieux de tout - AlterTour\" \/>\n<meta property=\"og:description\" content=\"En pr\u00e9ambule, retenons que le potager nous fait remonter \u00e0 rebours au 16\u00e8me si\u00e8cle, tout du moins en Europe, \u00e0 l&rsquo;instar du potager clos qui fut un des points d&rsquo;orgue de cette visite. Mais, me direz-vous, ami lecteur dont l&rsquo;ing\u00e9nuit\u00e9 n&rsquo;a d&rsquo;\u00e9gal que l&rsquo;app\u00e9tit de savoir qui vous fait parcourir ... Read More\" \/>\n<meta property=\"og:url\" content=\"https:\/\/www.altercampagne.net\/?p=3781\" \/>\n<meta property=\"og:site_name\" content=\"AlterTour\" \/>\n<meta property=\"article:published_time\" content=\"2011-07-21T17:07:06+00:00\" \/>\n<meta property=\"article:modified_time\" content=\"2019-09-16T15:53:33+00:00\" \/>\n<meta property=\"og:image\" content=\"https:\/\/www.altercampagne.net\/wp-content\/uploads\/2011\/07\/2011-07-21_19.03.jpg\" \/>\n\t<meta property=\"og:image:width\" content=\"907\" \/>\n\t<meta property=\"og:image:height\" content=\"474\" \/>\n\t<meta property=\"og:image:type\" content=\"image\/jpeg\" \/>\n<meta name=\"author\" content=\"Mathieu\" \/>\n<meta name=\"twitter:card\" content=\"summary_large_image\" \/>\n<meta name=\"twitter:label1\" content=\"\u00c9crit par\" \/>\n\t<meta name=\"twitter:data1\" content=\"Mathieu\" \/>\n\t<meta name=\"twitter:label2\" content=\"Dur\u00e9e de lecture estim\u00e9e\" \/>\n\t<meta name=\"twitter:data2\" content=\"5 minutes\" \/>\n<script type=\"application\/ld+json\" class=\"yoast-schema-graph\">{\"@context\":\"https:\\\/\\\/schema.org\",\"@graph\":[{\"@type\":\"Article\",\"@id\":\"https:\\\/\\\/www.altercampagne.net\\\/?p=3781#article\",\"isPartOf\":{\"@id\":\"https:\\\/\\\/www.altercampagne.net\\\/?p=3781\"},\"author\":{\"name\":\"Mathieu\",\"@id\":\"https:\\\/\\\/www.altercampagne.net\\\/#\\\/schema\\\/person\\\/0f261460c09e430caa0f9bcffa319109\"},\"headline\":\"Compte-rendu de la visite du potager de ce jardinier \u00e9m\u00e9rite et curieux de tout\",\"datePublished\":\"2011-07-21T17:07:06+00:00\",\"dateModified\":\"2019-09-16T15:53:33+00:00\",\"mainEntityOfPage\":{\"@id\":\"https:\\\/\\\/www.altercampagne.net\\\/?p=3781\"},\"wordCount\":1101,\"image\":{\"@id\":\"https:\\\/\\\/www.altercampagne.net\\\/?p=3781#primaryimage\"},\"thumbnailUrl\":\"https:\\\/\\\/www.altercampagne.net\\\/wp-content\\\/uploads\\\/2011\\\/07\\\/2011-07-21_19.03.jpg\",\"keywords\":[\"jean-Luc Daneyrolles\",\"potager d'un curieux\",\"AlterTour 2011\",\"Saignon\",\"2011\",\"Provence-Alpes-C\u00f4te d'Azur\",\"vaucluse\"],\"articleSection\":[\"Agriculture\",\"Provence-Alpes-C\u00f4te d'Azur\",\"\u00c9dition 2011\"],\"inLanguage\":\"fr-FR\"},{\"@type\":\"WebPage\",\"@id\":\"https:\\\/\\\/www.altercampagne.net\\\/?p=3781\",\"url\":\"https:\\\/\\\/www.altercampagne.net\\\/?p=3781\",\"name\":\"Compte-rendu de la visite du potager de ce jardinier \u00e9m\u00e9rite et curieux de tout - AlterTour\",\"isPartOf\":{\"@id\":\"https:\\\/\\\/www.altercampagne.net\\\/#website\"},\"primaryImageOfPage\":{\"@id\":\"https:\\\/\\\/www.altercampagne.net\\\/?p=3781#primaryimage\"},\"image\":{\"@id\":\"https:\\\/\\\/www.altercampagne.net\\\/?p=3781#primaryimage\"},\"thumbnailUrl\":\"https:\\\/\\\/www.altercampagne.net\\\/wp-content\\\/uploads\\\/2011\\\/07\\\/2011-07-21_19.03.jpg\",\"datePublished\":\"2011-07-21T17:07:06+00:00\",\"dateModified\":\"2019-09-16T15:53:33+00:00\",\"author\":{\"@id\":\"https:\\\/\\\/www.altercampagne.net\\\/#\\\/schema\\\/person\\\/0f261460c09e430caa0f9bcffa319109\"},\"breadcrumb\":{\"@id\":\"https:\\\/\\\/www.altercampagne.net\\\/?p=3781#breadcrumb\"},\"inLanguage\":\"fr-FR\",\"potentialAction\":[{\"@type\":\"ReadAction\",\"target\":[\"https:\\\/\\\/www.altercampagne.net\\\/?p=3781\"]}]},{\"@type\":\"ImageObject\",\"inLanguage\":\"fr-FR\",\"@id\":\"https:\\\/\\\/www.altercampagne.net\\\/?p=3781#primaryimage\",\"url\":\"https:\\\/\\\/www.altercampagne.net\\\/wp-content\\\/uploads\\\/2011\\\/07\\\/2011-07-21_19.03.jpg\",\"contentUrl\":\"https:\\\/\\\/www.altercampagne.net\\\/wp-content\\\/uploads\\\/2011\\\/07\\\/2011-07-21_19.03.jpg\",\"width\":907,\"height\":474},{\"@type\":\"BreadcrumbList\",\"@id\":\"https:\\\/\\\/www.altercampagne.net\\\/?p=3781#breadcrumb\",\"itemListElement\":[{\"@type\":\"ListItem\",\"position\":1,\"name\":\"Accueil\",\"item\":\"https:\\\/\\\/www.altercampagne.net\\\/\"},{\"@type\":\"ListItem\",\"position\":2,\"name\":\"Compte-rendu de la visite du potager de ce jardinier \u00e9m\u00e9rite et curieux de tout\"}]},{\"@type\":\"WebSite\",\"@id\":\"https:\\\/\\\/www.altercampagne.net\\\/#website\",\"url\":\"https:\\\/\\\/www.altercampagne.net\\\/\",\"name\":\"AlterTour\",\"description\":\"Reliez les Alternatives \u00e0 v\u00e9lo\",\"potentialAction\":[{\"@type\":\"SearchAction\",\"target\":{\"@type\":\"EntryPoint\",\"urlTemplate\":\"https:\\\/\\\/www.altercampagne.net\\\/?s={search_term_string}\"},\"query-input\":{\"@type\":\"PropertyValueSpecification\",\"valueRequired\":true,\"valueName\":\"search_term_string\"}}],\"inLanguage\":\"fr-FR\"},{\"@type\":\"Person\",\"@id\":\"https:\\\/\\\/www.altercampagne.net\\\/#\\\/schema\\\/person\\\/0f261460c09e430caa0f9bcffa319109\",\"name\":\"Mathieu\",\"image\":{\"@type\":\"ImageObject\",\"inLanguage\":\"fr-FR\",\"@id\":\"https:\\\/\\\/secure.gravatar.com\\\/avatar\\\/aa9d3d24c83f2141e5e2709d0f63d09a99f6be6bb7a50abc4915838d9f54501a?s=96&d=mm&r=g\",\"url\":\"https:\\\/\\\/secure.gravatar.com\\\/avatar\\\/aa9d3d24c83f2141e5e2709d0f63d09a99f6be6bb7a50abc4915838d9f54501a?s=96&d=mm&r=g\",\"contentUrl\":\"https:\\\/\\\/secure.gravatar.com\\\/avatar\\\/aa9d3d24c83f2141e5e2709d0f63d09a99f6be6bb7a50abc4915838d9f54501a?s=96&d=mm&r=g\",\"caption\":\"Mathieu\"},\"url\":\"https:\\\/\\\/www.altercampagne.net\\\/?author=214\"}]}<\/script>\n<!-- \/ Yoast SEO plugin. -->","yoast_head_json":{"title":"Compte-rendu de la visite du potager de ce jardinier \u00e9m\u00e9rite et curieux de tout - AlterTour","robots":{"index":"index","follow":"follow","max-snippet":"max-snippet:-1","max-image-preview":"max-image-preview:large","max-video-preview":"max-video-preview:-1"},"canonical":"https:\/\/www.altercampagne.net\/?p=3781","og_locale":"fr_FR","og_type":"article","og_title":"Compte-rendu de la visite du potager de ce jardinier \u00e9m\u00e9rite et curieux de tout - AlterTour","og_description":"En pr\u00e9ambule, retenons que le potager nous fait remonter \u00e0 rebours au 16\u00e8me si\u00e8cle, tout du moins en Europe, \u00e0 l&rsquo;instar du potager clos qui fut un des points d&rsquo;orgue de cette visite. Mais, me direz-vous, ami lecteur dont l&rsquo;ing\u00e9nuit\u00e9 n&rsquo;a d&rsquo;\u00e9gal que l&rsquo;app\u00e9tit de savoir qui vous fait parcourir ... Read More","og_url":"https:\/\/www.altercampagne.net\/?p=3781","og_site_name":"AlterTour","article_published_time":"2011-07-21T17:07:06+00:00","article_modified_time":"2019-09-16T15:53:33+00:00","og_image":[{"width":907,"height":474,"url":"https:\/\/www.altercampagne.net\/wp-content\/uploads\/2011\/07\/2011-07-21_19.03.jpg","type":"image\/jpeg"}],"author":"Mathieu","twitter_card":"summary_large_image","twitter_misc":{"\u00c9crit par":"Mathieu","Dur\u00e9e de lecture estim\u00e9e":"5 minutes"},"schema":{"@context":"https:\/\/schema.org","@graph":[{"@type":"Article","@id":"https:\/\/www.altercampagne.net\/?p=3781#article","isPartOf":{"@id":"https:\/\/www.altercampagne.net\/?p=3781"},"author":{"name":"Mathieu","@id":"https:\/\/www.altercampagne.net\/#\/schema\/person\/0f261460c09e430caa0f9bcffa319109"},"headline":"Compte-rendu de la visite du potager de ce jardinier \u00e9m\u00e9rite et curieux de tout","datePublished":"2011-07-21T17:07:06+00:00","dateModified":"2019-09-16T15:53:33+00:00","mainEntityOfPage":{"@id":"https:\/\/www.altercampagne.net\/?p=3781"},"wordCount":1101,"image":{"@id":"https:\/\/www.altercampagne.net\/?p=3781#primaryimage"},"thumbnailUrl":"https:\/\/www.altercampagne.net\/wp-content\/uploads\/2011\/07\/2011-07-21_19.03.jpg","keywords":["jean-Luc Daneyrolles","potager d'un curieux","AlterTour 2011","Saignon","2011","Provence-Alpes-C\u00f4te d'Azur","vaucluse"],"articleSection":["Agriculture","Provence-Alpes-C\u00f4te d'Azur","\u00c9dition 2011"],"inLanguage":"fr-FR"},{"@type":"WebPage","@id":"https:\/\/www.altercampagne.net\/?p=3781","url":"https:\/\/www.altercampagne.net\/?p=3781","name":"Compte-rendu de la visite du potager de ce jardinier \u00e9m\u00e9rite et curieux de tout - AlterTour","isPartOf":{"@id":"https:\/\/www.altercampagne.net\/#website"},"primaryImageOfPage":{"@id":"https:\/\/www.altercampagne.net\/?p=3781#primaryimage"},"image":{"@id":"https:\/\/www.altercampagne.net\/?p=3781#primaryimage"},"thumbnailUrl":"https:\/\/www.altercampagne.net\/wp-content\/uploads\/2011\/07\/2011-07-21_19.03.jpg","datePublished":"2011-07-21T17:07:06+00:00","dateModified":"2019-09-16T15:53:33+00:00","author":{"@id":"https:\/\/www.altercampagne.net\/#\/schema\/person\/0f261460c09e430caa0f9bcffa319109"},"breadcrumb":{"@id":"https:\/\/www.altercampagne.net\/?p=3781#breadcrumb"},"inLanguage":"fr-FR","potentialAction":[{"@type":"ReadAction","target":["https:\/\/www.altercampagne.net\/?p=3781"]}]},{"@type":"ImageObject","inLanguage":"fr-FR","@id":"https:\/\/www.altercampagne.net\/?p=3781#primaryimage","url":"https:\/\/www.altercampagne.net\/wp-content\/uploads\/2011\/07\/2011-07-21_19.03.jpg","contentUrl":"https:\/\/www.altercampagne.net\/wp-content\/uploads\/2011\/07\/2011-07-21_19.03.jpg","width":907,"height":474},{"@type":"BreadcrumbList","@id":"https:\/\/www.altercampagne.net\/?p=3781#breadcrumb","itemListElement":[{"@type":"ListItem","position":1,"name":"Accueil","item":"https:\/\/www.altercampagne.net\/"},{"@type":"ListItem","position":2,"name":"Compte-rendu de la visite du potager de ce jardinier \u00e9m\u00e9rite et curieux de tout"}]},{"@type":"WebSite","@id":"https:\/\/www.altercampagne.net\/#website","url":"https:\/\/www.altercampagne.net\/","name":"AlterTour","description":"Reliez les Alternatives \u00e0 v\u00e9lo","potentialAction":[{"@type":"SearchAction","target":{"@type":"EntryPoint","urlTemplate":"https:\/\/www.altercampagne.net\/?s={search_term_string}"},"query-input":{"@type":"PropertyValueSpecification","valueRequired":true,"valueName":"search_term_string"}}],"inLanguage":"fr-FR"},{"@type":"Person","@id":"https:\/\/www.altercampagne.net\/#\/schema\/person\/0f261460c09e430caa0f9bcffa319109","name":"Mathieu","image":{"@type":"ImageObject","inLanguage":"fr-FR","@id":"https:\/\/secure.gravatar.com\/avatar\/aa9d3d24c83f2141e5e2709d0f63d09a99f6be6bb7a50abc4915838d9f54501a?s=96&d=mm&r=g","url":"https:\/\/secure.gravatar.com\/avatar\/aa9d3d24c83f2141e5e2709d0f63d09a99f6be6bb7a50abc4915838d9f54501a?s=96&d=mm&r=g","contentUrl":"https:\/\/secure.gravatar.com\/avatar\/aa9d3d24c83f2141e5e2709d0f63d09a99f6be6bb7a50abc4915838d9f54501a?s=96&d=mm&r=g","caption":"Mathieu"},"url":"https:\/\/www.altercampagne.net\/?author=214"}]}},"_links":{"self":[{"href":"https:\/\/www.altercampagne.net\/index.php?rest_route=\/wp\/v2\/posts\/3781","targetHints":{"allow":["GET"]}}],"collection":[{"href":"https:\/\/www.altercampagne.net\/index.php?rest_route=\/wp\/v2\/posts"}],"about":[{"href":"https:\/\/www.altercampagne.net\/index.php?rest_route=\/wp\/v2\/types\/post"}],"author":[{"embeddable":true,"href":"https:\/\/www.altercampagne.net\/index.php?rest_route=\/wp\/v2\/users\/214"}],"replies":[{"embeddable":true,"href":"https:\/\/www.altercampagne.net\/index.php?rest_route=%2Fwp%2Fv2%2Fcomments&post=3781"}],"version-history":[{"count":0,"href":"https:\/\/www.altercampagne.net\/index.php?rest_route=\/wp\/v2\/posts\/3781\/revisions"}],"wp:featuredmedia":[{"embeddable":true,"href":"https:\/\/www.altercampagne.net\/index.php?rest_route=\/wp\/v2\/media\/15835"}],"wp:attachment":[{"href":"https:\/\/www.altercampagne.net\/index.php?rest_route=%2Fwp%2Fv2%2Fmedia&parent=3781"}],"wp:term":[{"taxonomy":"category","embeddable":true,"href":"https:\/\/www.altercampagne.net\/index.php?rest_route=%2Fwp%2Fv2%2Fcategories&post=3781"},{"taxonomy":"post_tag","embeddable":true,"href":"https:\/\/www.altercampagne.net\/index.php?rest_route=%2Fwp%2Fv2%2Ftags&post=3781"}],"curies":[{"name":"wp","href":"https:\/\/api.w.org\/{rel}","templated":true}]}}