{"id":3786,"date":"2011-07-19T21:16:08","date_gmt":"2011-07-19T19:16:08","guid":{"rendered":"http:\/\/www.altercampagne.net\/?p=3786"},"modified":"2019-09-16T17:57:14","modified_gmt":"2019-09-16T15:57:14","slug":"etape-du-19-juillet-eourres-une-ancienne-communaute-devenu-commune","status":"publish","type":"post","link":"https:\/\/www.altercampagne.net\/?p=3786","title":{"rendered":"\u00c9tape du 19 juillet : \u00c9ourres, une ancienne communaut\u00e9 devenu commune"},"content":{"rendered":"<p class=\"Style13 Style126\">Journ\u00e9e de repos au village de\u00a0<strong><a href=\"http:\/\/www.eourres.fr\/\" target=\"_blank\" rel=\"noopener noreferrer\">\u00c9ourres<\/a><\/strong><\/p>\n<p class=\"Style13 Style126\">Les habitants d&rsquo;\u00c9ourres ont organis\u00e9 un parrainage original\u00a0: par groupe de deux ou trois nous sommes accueilli pour partager le petit d\u00e9jeuner et profiter de la salle de bain.<\/p>\n<p class=\"Style13 Style126\">\u00c9ourres est un village isol\u00e9 mais vivant o\u00f9 les initiatives et les alternatives sont tr\u00e8s nombreuses. Il y a beaucoup de maisons en auto-construction, une \u00e9cole primaire alternative, 100% de la commune est cultiv\u00e9e en bio depuis trente ans, etc&#8230; L&rsquo;ensemble des villageois nous a r\u00e9serv\u00e9 un accueil exceptionnel.<br \/>\n<a href=\"http:\/\/www.eourres.fr\/\" target=\"_blank\" rel=\"noopener noreferrer\">http:www.eourres.fr<\/a><\/p>\n<p class=\"Style13 Style126\">L&rsquo;apr\u00e8s midi, plusieurs ateliers nous sont propos\u00e9s\u00a0:<\/p>\n<ul>\n<li>\n<p class=\"Style13 Style126\">Michel et Emmanuelle de l&rsquo;association <em>Sens &amp; Autonomie<\/em> nous pr\u00e9sentent leur objectif\u00a0: se r\u00e9approprier des savoir pour acqu\u00e9rir l&rsquo;autonomie dans les domaines de l&rsquo;auto-construction (sans ciment), de la connaissance des plantes sauvages (m\u00e9decine et alimentation) et de la production \u00e9nerg\u00e9tique (\u00e9olienne Piggott, Tripalium).<br \/>\n<a href=\"http:\/\/www.sensetautonomie.wordpress.com\/\"><span lang=\"fr-FR\" xml:lang=\"fr-FR\">http:www.sensetautonomie.wordpress.com<\/span><\/a><\/p>\n<\/li>\n<\/ul>\n<ul>\n<li>\n<p class=\"Style13 Style126\" lang=\"fr-FR\" xml:lang=\"fr-FR\">Mircea et Florian cultivent diff\u00e9rentes vari\u00e9t\u00e9s de Saules en biodynamie pour la vannerie. Ils proposent des stages de vannerie.<br \/>\n<a href=\"http:\/\/www.loseraiedupossible.com\/\">http:www.loseraiedupossible.com<\/a><\/p>\n<\/li>\n<\/ul>\n<ul>\n<li>\n<p class=\"Style13 Style126\" lang=\"fr-FR\" xml:lang=\"fr-FR\">Yves nous pr\u00e9sente son m\u00e9tier d&rsquo;\u00e9diteur militant et nous explique sa ligne de conduite dans ses choix. <a href=\"http:\/\/www.yvesmichel.org\/\">http:www.yvesmichel.org<\/a>\u00a0&#8211; <a href=\"http:\/\/www.souffledor.fr\/\">http:www.souffledor.fr<\/a><\/p>\n<\/li>\n<\/ul>\n<ul>\n<li>\n<p class=\"Style13 Style126\" lang=\"fr-FR\" xml:lang=\"fr-FR\">Jusque tard dans la soir\u00e9e, le <a href=\"http:\/\/www.synaps-audiovisuel.fr\/\" target=\"_blank\" rel=\"noopener noreferrer\">collectif S<em>ynaps Audiovisuel<\/em><\/a> (Florian, Agathe &amp; Annabelle) nous a projet\u00e9, dans l&rsquo;\u00e9glise, plusieurs films en pr\u00e9sence, pour la grande majorit\u00e9, de leurs r\u00e9alisateurs. Le cin\u00e9ma voyageur, libre et ambulant, produit des films en se d\u00e9gageant des contraintes commerciales. Ils sont enti\u00e8rement financ\u00e9s sans cr\u00e9dit ou avance sur b\u00e9n\u00e9fice. Cela leur permet une v\u00e9ritable libert\u00e9 de ton et de cr\u00e9ation. Les films sont ensuite libres de droits (comme les logiciels libres Linux, etc&#8230;) et peuvent \u00eatre t\u00e9l\u00e9chargeable l\u00e9galement et gratuitement, modifi\u00e9s ou diffus\u00e9s sous r\u00e9serve de citer l&rsquo;origine et d&rsquo;utilisation non commerciale.<br \/>\n<a href=\"http:\/\/www.cinema-voyageur.org\/\">http:www.cinema-voyageur.org<\/a><\/p>\n<\/li>\n<\/ul>\n<p class=\"Style13 Style126\" lang=\"fr-FR\" style=\"text-align: right;\" xml:lang=\"fr-FR\"><strong>Alain<\/strong><\/p>\n","protected":false},"excerpt":{"rendered":"<p>Journ\u00e9e de repos au village de\u00a0\u00c9ourres Les habitants d&rsquo;\u00c9ourres ont organis\u00e9 un parrainage original\u00a0: par groupe de deux ou trois nous sommes accueilli pour partager le petit d\u00e9jeuner et profiter de la salle de bain. \u00c9ourres est un village isol\u00e9 mais vivant o\u00f9 les initiatives et les alternatives sont tr\u00e8s &#8230; <\/p>\n<div><a href=\"https:\/\/www.altercampagne.net\/?p=3786\" class=\"more-link\">Read More<\/a><\/div>\n","protected":false},"author":214,"featured_media":15839,"comment_status":"closed","ping_status":"closed","sticky":false,"template":"","format":"standard","meta":{"footnotes":""},"categories":[3483,3486,3485,3482,3540,3464],"tags":[256,836,913,1433,1434,1435,1436,1437,1979,1983,1984],"class_list":["post-3786","post","type-post","status-publish","format-standard","has-post-thumbnail","hentry","category-agriculture","category-environnement","category-habitat","category-provence-alpes-cote-dazur","category-transverse","category-edition-2011","tag-bio","tag-altertour-2011","tag-auto-construction","tag-eourres","tag-ecole-alternative","tag-sens-autonomie","tag-collectif-synaps-audiovisuel","tag-cinema-voyageur","tag-1979","tag-hautes-alpes","tag-provence-alpes-cote-dazur"],"yoast_head":"<!-- This site is optimized with the Yoast SEO plugin v27.3 - https:\/\/yoast.com\/product\/yoast-seo-wordpress\/ -->\n<title>\u00c9tape du 19 juillet : \u00c9ourres, une ancienne communaut\u00e9 devenu commune - AlterTour<\/title>\n<meta name=\"robots\" content=\"index, follow, max-snippet:-1, max-image-preview:large, max-video-preview:-1\" \/>\n<link rel=\"canonical\" href=\"https:\/\/www.altercampagne.net\/?p=3786\" \/>\n<meta property=\"og:locale\" content=\"fr_FR\" \/>\n<meta property=\"og:type\" content=\"article\" \/>\n<meta property=\"og:title\" content=\"\u00c9tape du 19 juillet : \u00c9ourres, une ancienne communaut\u00e9 devenu commune - AlterTour\" \/>\n<meta property=\"og:description\" content=\"Journ\u00e9e de repos au village de\u00a0\u00c9ourres Les habitants d&rsquo;\u00c9ourres ont organis\u00e9 un parrainage original\u00a0: par groupe de deux ou trois nous sommes accueilli pour partager le petit d\u00e9jeuner et profiter de la salle de bain. \u00c9ourres est un village isol\u00e9 mais vivant o\u00f9 les initiatives et les alternatives sont tr\u00e8s ... Read More\" \/>\n<meta property=\"og:url\" content=\"https:\/\/www.altercampagne.net\/?p=3786\" \/>\n<meta property=\"og:site_name\" content=\"AlterTour\" \/>\n<meta property=\"article:published_time\" content=\"2011-07-19T19:16:08+00:00\" \/>\n<meta property=\"article:modified_time\" content=\"2019-09-16T15:57:14+00:00\" \/>\n<meta property=\"og:image\" content=\"https:\/\/www.altercampagne.net\/wp-content\/uploads\/2011\/07\/2011-07-18_12.53.35_72971.jpg\" \/>\n\t<meta property=\"og:image:width\" content=\"640\" \/>\n\t<meta property=\"og:image:height\" content=\"429\" \/>\n\t<meta property=\"og:image:type\" content=\"image\/jpeg\" \/>\n<meta name=\"author\" content=\"Mathieu\" \/>\n<meta name=\"twitter:card\" content=\"summary_large_image\" \/>\n<meta name=\"twitter:label1\" content=\"\u00c9crit par\" \/>\n\t<meta name=\"twitter:data1\" content=\"Mathieu\" \/>\n\t<meta name=\"twitter:label2\" content=\"Dur\u00e9e de lecture estim\u00e9e\" \/>\n\t<meta name=\"twitter:data2\" content=\"2 minutes\" \/>\n<script type=\"application\/ld+json\" class=\"yoast-schema-graph\">{\"@context\":\"https:\\\/\\\/schema.org\",\"@graph\":[{\"@type\":\"Article\",\"@id\":\"https:\\\/\\\/www.altercampagne.net\\\/?p=3786#article\",\"isPartOf\":{\"@id\":\"https:\\\/\\\/www.altercampagne.net\\\/?p=3786\"},\"author\":{\"name\":\"Mathieu\",\"@id\":\"https:\\\/\\\/www.altercampagne.net\\\/#\\\/schema\\\/person\\\/0f261460c09e430caa0f9bcffa319109\"},\"headline\":\"\u00c9tape du 19 juillet : \u00c9ourres, une ancienne communaut\u00e9 devenu commune\",\"datePublished\":\"2011-07-19T19:16:08+00:00\",\"dateModified\":\"2019-09-16T15:57:14+00:00\",\"mainEntityOfPage\":{\"@id\":\"https:\\\/\\\/www.altercampagne.net\\\/?p=3786\"},\"wordCount\":348,\"image\":{\"@id\":\"https:\\\/\\\/www.altercampagne.net\\\/?p=3786#primaryimage\"},\"thumbnailUrl\":\"https:\\\/\\\/www.altercampagne.net\\\/wp-content\\\/uploads\\\/2011\\\/07\\\/2011-07-18_12.53.35_72971.jpg\",\"keywords\":[\"bio\",\"AlterTour 2011\",\"auto-construction\",\"\u00c9ourres\",\"\u00e9cole alternative\",\"Sens &amp; Autonomie\",\"collectif Synaps Audiovisuel\",\"cin\u00e9ma voyageur\",\"2011\",\"Hautes-Alpes\",\"Provence-Alpes-C\u00f4te d'Azur\"],\"articleSection\":[\"Agriculture\",\"Environnement\",\"Habitat\",\"Provence-Alpes-C\u00f4te d'Azur\",\"Transverse\",\"\u00c9dition 2011\"],\"inLanguage\":\"fr-FR\"},{\"@type\":\"WebPage\",\"@id\":\"https:\\\/\\\/www.altercampagne.net\\\/?p=3786\",\"url\":\"https:\\\/\\\/www.altercampagne.net\\\/?p=3786\",\"name\":\"\u00c9tape du 19 juillet : \u00c9ourres, une ancienne communaut\u00e9 devenu commune - AlterTour\",\"isPartOf\":{\"@id\":\"https:\\\/\\\/www.altercampagne.net\\\/#website\"},\"primaryImageOfPage\":{\"@id\":\"https:\\\/\\\/www.altercampagne.net\\\/?p=3786#primaryimage\"},\"image\":{\"@id\":\"https:\\\/\\\/www.altercampagne.net\\\/?p=3786#primaryimage\"},\"thumbnailUrl\":\"https:\\\/\\\/www.altercampagne.net\\\/wp-content\\\/uploads\\\/2011\\\/07\\\/2011-07-18_12.53.35_72971.jpg\",\"datePublished\":\"2011-07-19T19:16:08+00:00\",\"dateModified\":\"2019-09-16T15:57:14+00:00\",\"author\":{\"@id\":\"https:\\\/\\\/www.altercampagne.net\\\/#\\\/schema\\\/person\\\/0f261460c09e430caa0f9bcffa319109\"},\"breadcrumb\":{\"@id\":\"https:\\\/\\\/www.altercampagne.net\\\/?p=3786#breadcrumb\"},\"inLanguage\":\"fr-FR\",\"potentialAction\":[{\"@type\":\"ReadAction\",\"target\":[\"https:\\\/\\\/www.altercampagne.net\\\/?p=3786\"]}]},{\"@type\":\"ImageObject\",\"inLanguage\":\"fr-FR\",\"@id\":\"https:\\\/\\\/www.altercampagne.net\\\/?p=3786#primaryimage\",\"url\":\"https:\\\/\\\/www.altercampagne.net\\\/wp-content\\\/uploads\\\/2011\\\/07\\\/2011-07-18_12.53.35_72971.jpg\",\"contentUrl\":\"https:\\\/\\\/www.altercampagne.net\\\/wp-content\\\/uploads\\\/2011\\\/07\\\/2011-07-18_12.53.35_72971.jpg\",\"width\":640,\"height\":429},{\"@type\":\"BreadcrumbList\",\"@id\":\"https:\\\/\\\/www.altercampagne.net\\\/?p=3786#breadcrumb\",\"itemListElement\":[{\"@type\":\"ListItem\",\"position\":1,\"name\":\"Accueil\",\"item\":\"https:\\\/\\\/www.altercampagne.net\\\/\"},{\"@type\":\"ListItem\",\"position\":2,\"name\":\"\u00c9tape du 19 juillet : \u00c9ourres, une ancienne communaut\u00e9 devenu commune\"}]},{\"@type\":\"WebSite\",\"@id\":\"https:\\\/\\\/www.altercampagne.net\\\/#website\",\"url\":\"https:\\\/\\\/www.altercampagne.net\\\/\",\"name\":\"AlterTour\",\"description\":\"Reliez les Alternatives \u00e0 v\u00e9lo\",\"potentialAction\":[{\"@type\":\"SearchAction\",\"target\":{\"@type\":\"EntryPoint\",\"urlTemplate\":\"https:\\\/\\\/www.altercampagne.net\\\/?s={search_term_string}\"},\"query-input\":{\"@type\":\"PropertyValueSpecification\",\"valueRequired\":true,\"valueName\":\"search_term_string\"}}],\"inLanguage\":\"fr-FR\"},{\"@type\":\"Person\",\"@id\":\"https:\\\/\\\/www.altercampagne.net\\\/#\\\/schema\\\/person\\\/0f261460c09e430caa0f9bcffa319109\",\"name\":\"Mathieu\",\"image\":{\"@type\":\"ImageObject\",\"inLanguage\":\"fr-FR\",\"@id\":\"https:\\\/\\\/secure.gravatar.com\\\/avatar\\\/aa9d3d24c83f2141e5e2709d0f63d09a99f6be6bb7a50abc4915838d9f54501a?s=96&d=mm&r=g\",\"url\":\"https:\\\/\\\/secure.gravatar.com\\\/avatar\\\/aa9d3d24c83f2141e5e2709d0f63d09a99f6be6bb7a50abc4915838d9f54501a?s=96&d=mm&r=g\",\"contentUrl\":\"https:\\\/\\\/secure.gravatar.com\\\/avatar\\\/aa9d3d24c83f2141e5e2709d0f63d09a99f6be6bb7a50abc4915838d9f54501a?s=96&d=mm&r=g\",\"caption\":\"Mathieu\"},\"url\":\"https:\\\/\\\/www.altercampagne.net\\\/?author=214\"}]}<\/script>\n<!-- \/ Yoast SEO plugin. -->","yoast_head_json":{"title":"\u00c9tape du 19 juillet : \u00c9ourres, une ancienne communaut\u00e9 devenu commune - AlterTour","robots":{"index":"index","follow":"follow","max-snippet":"max-snippet:-1","max-image-preview":"max-image-preview:large","max-video-preview":"max-video-preview:-1"},"canonical":"https:\/\/www.altercampagne.net\/?p=3786","og_locale":"fr_FR","og_type":"article","og_title":"\u00c9tape du 19 juillet : \u00c9ourres, une ancienne communaut\u00e9 devenu commune - AlterTour","og_description":"Journ\u00e9e de repos au village de\u00a0\u00c9ourres Les habitants d&rsquo;\u00c9ourres ont organis\u00e9 un parrainage original\u00a0: par groupe de deux ou trois nous sommes accueilli pour partager le petit d\u00e9jeuner et profiter de la salle de bain. \u00c9ourres est un village isol\u00e9 mais vivant o\u00f9 les initiatives et les alternatives sont tr\u00e8s ... Read More","og_url":"https:\/\/www.altercampagne.net\/?p=3786","og_site_name":"AlterTour","article_published_time":"2011-07-19T19:16:08+00:00","article_modified_time":"2019-09-16T15:57:14+00:00","og_image":[{"width":640,"height":429,"url":"https:\/\/www.altercampagne.net\/wp-content\/uploads\/2011\/07\/2011-07-18_12.53.35_72971.jpg","type":"image\/jpeg"}],"author":"Mathieu","twitter_card":"summary_large_image","twitter_misc":{"\u00c9crit par":"Mathieu","Dur\u00e9e de lecture estim\u00e9e":"2 minutes"},"schema":{"@context":"https:\/\/schema.org","@graph":[{"@type":"Article","@id":"https:\/\/www.altercampagne.net\/?p=3786#article","isPartOf":{"@id":"https:\/\/www.altercampagne.net\/?p=3786"},"author":{"name":"Mathieu","@id":"https:\/\/www.altercampagne.net\/#\/schema\/person\/0f261460c09e430caa0f9bcffa319109"},"headline":"\u00c9tape du 19 juillet : \u00c9ourres, une ancienne communaut\u00e9 devenu commune","datePublished":"2011-07-19T19:16:08+00:00","dateModified":"2019-09-16T15:57:14+00:00","mainEntityOfPage":{"@id":"https:\/\/www.altercampagne.net\/?p=3786"},"wordCount":348,"image":{"@id":"https:\/\/www.altercampagne.net\/?p=3786#primaryimage"},"thumbnailUrl":"https:\/\/www.altercampagne.net\/wp-content\/uploads\/2011\/07\/2011-07-18_12.53.35_72971.jpg","keywords":["bio","AlterTour 2011","auto-construction","\u00c9ourres","\u00e9cole alternative","Sens &amp; Autonomie","collectif Synaps Audiovisuel","cin\u00e9ma voyageur","2011","Hautes-Alpes","Provence-Alpes-C\u00f4te d'Azur"],"articleSection":["Agriculture","Environnement","Habitat","Provence-Alpes-C\u00f4te d'Azur","Transverse","\u00c9dition 2011"],"inLanguage":"fr-FR"},{"@type":"WebPage","@id":"https:\/\/www.altercampagne.net\/?p=3786","url":"https:\/\/www.altercampagne.net\/?p=3786","name":"\u00c9tape du 19 juillet : \u00c9ourres, une ancienne communaut\u00e9 devenu commune - AlterTour","isPartOf":{"@id":"https:\/\/www.altercampagne.net\/#website"},"primaryImageOfPage":{"@id":"https:\/\/www.altercampagne.net\/?p=3786#primaryimage"},"image":{"@id":"https:\/\/www.altercampagne.net\/?p=3786#primaryimage"},"thumbnailUrl":"https:\/\/www.altercampagne.net\/wp-content\/uploads\/2011\/07\/2011-07-18_12.53.35_72971.jpg","datePublished":"2011-07-19T19:16:08+00:00","dateModified":"2019-09-16T15:57:14+00:00","author":{"@id":"https:\/\/www.altercampagne.net\/#\/schema\/person\/0f261460c09e430caa0f9bcffa319109"},"breadcrumb":{"@id":"https:\/\/www.altercampagne.net\/?p=3786#breadcrumb"},"inLanguage":"fr-FR","potentialAction":[{"@type":"ReadAction","target":["https:\/\/www.altercampagne.net\/?p=3786"]}]},{"@type":"ImageObject","inLanguage":"fr-FR","@id":"https:\/\/www.altercampagne.net\/?p=3786#primaryimage","url":"https:\/\/www.altercampagne.net\/wp-content\/uploads\/2011\/07\/2011-07-18_12.53.35_72971.jpg","contentUrl":"https:\/\/www.altercampagne.net\/wp-content\/uploads\/2011\/07\/2011-07-18_12.53.35_72971.jpg","width":640,"height":429},{"@type":"BreadcrumbList","@id":"https:\/\/www.altercampagne.net\/?p=3786#breadcrumb","itemListElement":[{"@type":"ListItem","position":1,"name":"Accueil","item":"https:\/\/www.altercampagne.net\/"},{"@type":"ListItem","position":2,"name":"\u00c9tape du 19 juillet : \u00c9ourres, une ancienne communaut\u00e9 devenu commune"}]},{"@type":"WebSite","@id":"https:\/\/www.altercampagne.net\/#website","url":"https:\/\/www.altercampagne.net\/","name":"AlterTour","description":"Reliez les Alternatives \u00e0 v\u00e9lo","potentialAction":[{"@type":"SearchAction","target":{"@type":"EntryPoint","urlTemplate":"https:\/\/www.altercampagne.net\/?s={search_term_string}"},"query-input":{"@type":"PropertyValueSpecification","valueRequired":true,"valueName":"search_term_string"}}],"inLanguage":"fr-FR"},{"@type":"Person","@id":"https:\/\/www.altercampagne.net\/#\/schema\/person\/0f261460c09e430caa0f9bcffa319109","name":"Mathieu","image":{"@type":"ImageObject","inLanguage":"fr-FR","@id":"https:\/\/secure.gravatar.com\/avatar\/aa9d3d24c83f2141e5e2709d0f63d09a99f6be6bb7a50abc4915838d9f54501a?s=96&d=mm&r=g","url":"https:\/\/secure.gravatar.com\/avatar\/aa9d3d24c83f2141e5e2709d0f63d09a99f6be6bb7a50abc4915838d9f54501a?s=96&d=mm&r=g","contentUrl":"https:\/\/secure.gravatar.com\/avatar\/aa9d3d24c83f2141e5e2709d0f63d09a99f6be6bb7a50abc4915838d9f54501a?s=96&d=mm&r=g","caption":"Mathieu"},"url":"https:\/\/www.altercampagne.net\/?author=214"}]}},"_links":{"self":[{"href":"https:\/\/www.altercampagne.net\/index.php?rest_route=\/wp\/v2\/posts\/3786","targetHints":{"allow":["GET"]}}],"collection":[{"href":"https:\/\/www.altercampagne.net\/index.php?rest_route=\/wp\/v2\/posts"}],"about":[{"href":"https:\/\/www.altercampagne.net\/index.php?rest_route=\/wp\/v2\/types\/post"}],"author":[{"embeddable":true,"href":"https:\/\/www.altercampagne.net\/index.php?rest_route=\/wp\/v2\/users\/214"}],"replies":[{"embeddable":true,"href":"https:\/\/www.altercampagne.net\/index.php?rest_route=%2Fwp%2Fv2%2Fcomments&post=3786"}],"version-history":[{"count":0,"href":"https:\/\/www.altercampagne.net\/index.php?rest_route=\/wp\/v2\/posts\/3786\/revisions"}],"wp:featuredmedia":[{"embeddable":true,"href":"https:\/\/www.altercampagne.net\/index.php?rest_route=\/wp\/v2\/media\/15839"}],"wp:attachment":[{"href":"https:\/\/www.altercampagne.net\/index.php?rest_route=%2Fwp%2Fv2%2Fmedia&parent=3786"}],"wp:term":[{"taxonomy":"category","embeddable":true,"href":"https:\/\/www.altercampagne.net\/index.php?rest_route=%2Fwp%2Fv2%2Fcategories&post=3786"},{"taxonomy":"post_tag","embeddable":true,"href":"https:\/\/www.altercampagne.net\/index.php?rest_route=%2Fwp%2Fv2%2Ftags&post=3786"}],"curies":[{"name":"wp","href":"https:\/\/api.w.org\/{rel}","templated":true}]}}