{"id":3789,"date":"2011-07-18T19:20:03","date_gmt":"2011-07-18T17:20:03","guid":{"rendered":"http:\/\/www.altercampagne.net\/?p=3789"},"modified":"2019-09-16T17:58:20","modified_gmt":"2019-09-16T15:58:20","slug":"etape-du-18-juillet-mison-eourres","status":"publish","type":"post","link":"https:\/\/www.altercampagne.net\/?p=3789","title":{"rendered":"\u00c9tape du 18 juillet : Mison &#8211; \u00c9ourres"},"content":{"rendered":"<p class=\"Style13 Style126\">Sous un soleil revenu et bienvenu, nous repartons ce matin presque \u00e0 l&rsquo;heure dite : 8h&#8230;. et un petit quart, ce qui aurait plu \u00e0 Edgar&#8230;., inventeur de l&rsquo;horloge parlante, rien de moins \u2013 le dit Edgar \u00e9tant n\u00e9, nous le savons maintenant, dans le village de Ribiers, que nous traversons ce matin. Mais cette \u00ab&nbsp;petite&nbsp;\u00bb \u00e9tape de Mison jusqu&rsquo;au village d&rsquo;<a href=\"http:\/\/www.eourres.fr\/\" target=\"_blank\" rel=\"noopener noreferrer\">\u00c9ourres<\/a> nous fait surtout traverser les somptueuses gorges de la M\u00e9ouge&#8230;. qui nous co\u00fbtent cependant quelques belles mont\u00e9es !<\/p>\n<p class=\"Style13 Style126\">Et nous avons beau \u00e9viter pour cette fois le passage d&rsquo;un nouveau col, les derniers km vers le village rincent nos derni\u00e8res forces.<\/p>\n<p class=\"Style13 Style126\">Mais un fois arriv\u00e9s, quel accueil ! D&rsquo;abord les enfants nous lancent des bouquets de lavande en chantant \u00ab&nbsp;le v\u00e9lo, c&rsquo;est champion \u2013 tout le reste c&rsquo;est bidon&nbsp;!\u00bb et sur la place, les parents ne sont pas en reste : applaudissements, encouragements \u2013 et surtout buffet en auberge espagnole apport\u00e9 par tous les \u00e9ourriens.<\/p>\n<p class=\"Style13 Style126\"><img loading=\"lazy\" decoding=\"async\" class=\" alignleft\" src=\"http:\/\/altercampagne.free.fr\/pages\/2008\/AlterTour\/pic\/2011-07-18_14.11.09_7315.jpg\" alt=\"\" width=\"429\" height=\"640\"><img loading=\"lazy\" decoding=\"async\" class=\"alignnone\" src=\"http:\/\/altercampagne.free.fr\/pages\/2008\/AlterTour\/pic\/2011-07-18_14.15.53_7326.jpg\" alt=\"\" width=\"429\" height=\"640\"><\/p>\n<p class=\"Style13 Style126\">Apr\u00e8s ce festin partag\u00e9, nous partons \u00e0 la d\u00e9couverte des lieux accompagn\u00e9s par deux conseillers municipaux : Yves Michel (\u00e9diteur de m\u00e9tier et ancien maire) et Bernadette Maras (mara\u00eech\u00e8re), tous deux \u00e9ourriens depuis une trentaine d&rsquo;ann\u00e9e. Le village, presque d\u00e9peupl\u00e9 dans les ann\u00e9es 70 a vu arriver des nouveaux habitants \u00e0 partir des ann\u00e9es 75, \u00e0 la recherche d&rsquo;une vie communautaire. Depuis, le flux est rest\u00e9 continu et ce sont aujourd&rsquo;hui plus de 100 personnes qui vivent ici, presque tous \u00e0 l&rsquo;ann\u00e9e, dont 7 familles de paysans.<\/p>\n<p class=\"Style13 Style126\">La cl\u00e9 de voute de la vie collective est la volont\u00e9 de permettre la participation permanente de l&rsquo;ensemble des habitants aux d\u00e9cisions de la commune. Des \u00ab&nbsp;journ\u00e9es village&nbsp;\u00bb sont ainsi organis\u00e9es chaque mois pour choisir au consensus les actions mise en oeuvre : station d&rsquo;\u00e9puration par filtre \u00e0 roseaux plant\u00e9s, construction de logements communaux (7 \u00e0 ce jour), ou encore accueil de l&rsquo;altertour &#8211; le conseil municipal tente de tout soumettre \u00e0 ces temps de d\u00e9mocratie participative.<\/p>\n<p class=\"Style13 Style126\">Un autre lieu essentiel de la vie du village c&rsquo;est l&rsquo;\u00e9cole (jardin d&rsquo;enfants puis primaire) qui s&rsquo;appuie sur des p\u00e9dagogies alternatives Steiner et Frenet. Et puis il y a les moments festifs : pour No\u00ebl, P\u00e2ques, f\u00eate du printemps, ou lors de concerts organis\u00e9s dans l&rsquo;\u00e9glise.<\/p>\n<p class=\"Style13 Style126\">Et puis il y a la Biocoop (la plus petite de France), le tableau libre de petites annonces, le restaurant-caf\u00e9 du L\u00e9zard vert, les r\u00e9flexions sur la sobri\u00e9t\u00e9 \u00e9nerg\u00e9tique, etc etc&#8230;. n&rsquo;en jetez plus, les alter-cyclistes sont conquis !! Et quand ils arrivent devant la chambre froide de Bernadette, le bonheur est total : les habitants peuvent s&rsquo;y servir en l\u00e9gumes \u00e0 tout heure, \u00e0 condition de noter leurs achats qu&rsquo;ils r\u00e8glent en fin de mois. \u00ab&nbsp;Quand on fait confiance au gens, \u00e7a marche&#8230;.&nbsp;\u00bb (dixit Bernadette).<\/p>\n<p class=\"Style13 Style126\">Cependant, faire vivre une telle collectivit\u00e9 n&rsquo;est pas si simple : \u00e0 certaines p\u00e9riodes, les journ\u00e9es villages et les activit\u00e9s communes se d\u00e9peuplent &#8211; et surtout aujourd&rsquo;hui \u00e9mergent des aspirations divergentes entre les diff\u00e9rentes g\u00e9n\u00e9rations qui se c\u00f4toient (nouveaux foyers arriv\u00e9s r\u00e9cemment).<\/p>\n<p class=\"Style13 Style126\">La pression immobili\u00e8re est \u00e9galement une source d&rsquo;inqui\u00e9tude : des rurbains \u00e0 la recherche de r\u00e9sidences secondaires sont en effet pr\u00eat \u00e0 d\u00e9bourser de grosses sommes, l\u00e0 o\u00f9 de jeunes couples int\u00e9gr\u00e9s \u00e0 la communaut\u00e9 ne peuvent pas suivre&#8230;.Et la commune elle non plus n&rsquo;a pas toujours les moyens de lutter.<\/p>\n<p class=\"Style13 Style126\">Mais l&rsquo;envie est toujours l\u00e0, des nouvelles maisons (en paille) se construisent aussi et les projets d&rsquo;avenir sont toujours nombreux &#8211; \u00e0 condition de se souvenir que \u00ab&nbsp;toute bonne id\u00e9e a besoin de personnes pour s&rsquo;incarner&nbsp;\u00bb (dixit Yves Michel).<\/p>\n<p class=\"Style13 Style126\">Quant \u00e0 nous Alter-journalistes, nous abondons l\u00e0 notre petit r\u00e9cit pour profiter de la soir\u00e9e qui nous attend : repas au L\u00e9zard Vert puis Sound System sur \u00ab&nbsp;La colline&nbsp;\u00bb, au centre du village&#8230;..<\/p>\n","protected":false},"excerpt":{"rendered":"<p>Sous un soleil revenu et bienvenu, nous repartons ce matin presque \u00e0 l&rsquo;heure dite : 8h&#8230;. et un petit quart, ce qui aurait plu \u00e0 Edgar&#8230;., inventeur de l&rsquo;horloge parlante, rien de moins \u2013 le dit Edgar \u00e9tant n\u00e9, nous le savons maintenant, dans le village de Ribiers, que nous &#8230; <\/p>\n<div><a href=\"https:\/\/www.altercampagne.net\/?p=3789\" class=\"more-link\">Read More<\/a><\/div>\n","protected":false},"author":214,"featured_media":0,"comment_status":"closed","ping_status":"closed","sticky":false,"template":"","format":"standard","meta":{"footnotes":""},"categories":[3483,3486,3485,3482,3540,3464],"tags":[711,836,1433,1438,1439,1440,1441,1979,1983,1984],"class_list":["post-3789","post","type-post","status-publish","format-standard","hentry","category-agriculture","category-environnement","category-habitat","category-provence-alpes-cote-dazur","category-transverse","category-edition-2011","tag-biocoop","tag-altertour-2011","tag-eourres","tag-yves-michel","tag-bernadette-maras","tag-lezard-vert","tag-sound-system","tag-1979","tag-hautes-alpes","tag-provence-alpes-cote-dazur","no-post-thumbnail"],"yoast_head":"<!-- This site is optimized with the Yoast SEO plugin v27.3 - https:\/\/yoast.com\/product\/yoast-seo-wordpress\/ -->\n<title>\u00c9tape du 18 juillet : Mison - \u00c9ourres - AlterTour<\/title>\n<meta name=\"robots\" content=\"index, follow, max-snippet:-1, max-image-preview:large, max-video-preview:-1\" \/>\n<link rel=\"canonical\" href=\"https:\/\/www.altercampagne.net\/?p=3789\" \/>\n<meta property=\"og:locale\" content=\"fr_FR\" \/>\n<meta property=\"og:type\" content=\"article\" \/>\n<meta property=\"og:title\" content=\"\u00c9tape du 18 juillet : Mison - \u00c9ourres - AlterTour\" \/>\n<meta property=\"og:description\" content=\"Sous un soleil revenu et bienvenu, nous repartons ce matin presque \u00e0 l&rsquo;heure dite : 8h&#8230;. et un petit quart, ce qui aurait plu \u00e0 Edgar&#8230;., inventeur de l&rsquo;horloge parlante, rien de moins \u2013 le dit Edgar \u00e9tant n\u00e9, nous le savons maintenant, dans le village de Ribiers, que nous ... Read More\" \/>\n<meta property=\"og:url\" content=\"https:\/\/www.altercampagne.net\/?p=3789\" \/>\n<meta property=\"og:site_name\" content=\"AlterTour\" \/>\n<meta property=\"article:published_time\" content=\"2011-07-18T17:20:03+00:00\" \/>\n<meta property=\"article:modified_time\" content=\"2019-09-16T15:58:20+00:00\" \/>\n<meta property=\"og:image\" content=\"http:\/\/altercampagne.free.fr\/pages\/2008\/AlterTour\/pic\/2011-07-18_14.11.09_7315.jpg\" \/>\n<meta name=\"author\" content=\"Mathieu\" \/>\n<meta name=\"twitter:card\" content=\"summary_large_image\" \/>\n<meta name=\"twitter:label1\" content=\"\u00c9crit par\" \/>\n\t<meta name=\"twitter:data1\" content=\"Mathieu\" \/>\n\t<meta name=\"twitter:label2\" content=\"Dur\u00e9e de lecture estim\u00e9e\" \/>\n\t<meta name=\"twitter:data2\" content=\"3 minutes\" \/>\n<script type=\"application\/ld+json\" class=\"yoast-schema-graph\">{\"@context\":\"https:\\\/\\\/schema.org\",\"@graph\":[{\"@type\":\"Article\",\"@id\":\"https:\\\/\\\/www.altercampagne.net\\\/?p=3789#article\",\"isPartOf\":{\"@id\":\"https:\\\/\\\/www.altercampagne.net\\\/?p=3789\"},\"author\":{\"name\":\"Mathieu\",\"@id\":\"https:\\\/\\\/www.altercampagne.net\\\/#\\\/schema\\\/person\\\/0f261460c09e430caa0f9bcffa319109\"},\"headline\":\"\u00c9tape du 18 juillet : Mison &#8211; \u00c9ourres\",\"datePublished\":\"2011-07-18T17:20:03+00:00\",\"dateModified\":\"2019-09-16T15:58:20+00:00\",\"mainEntityOfPage\":{\"@id\":\"https:\\\/\\\/www.altercampagne.net\\\/?p=3789\"},\"wordCount\":684,\"image\":{\"@id\":\"https:\\\/\\\/www.altercampagne.net\\\/?p=3789#primaryimage\"},\"thumbnailUrl\":\"http:\\\/\\\/altercampagne.free.fr\\\/pages\\\/2008\\\/AlterTour\\\/pic\\\/2011-07-18_14.11.09_7315.jpg\",\"keywords\":[\"biocoop\",\"AlterTour 2011\",\"\u00c9ourres\",\"Yves Michel\",\"Bernadette Maras\",\"L\u00e9zard vert\",\"Sound System\",\"2011\",\"Hautes-Alpes\",\"Provence-Alpes-C\u00f4te d'Azur\"],\"articleSection\":[\"Agriculture\",\"Environnement\",\"Habitat\",\"Provence-Alpes-C\u00f4te d'Azur\",\"Transverse\",\"\u00c9dition 2011\"],\"inLanguage\":\"fr-FR\"},{\"@type\":\"WebPage\",\"@id\":\"https:\\\/\\\/www.altercampagne.net\\\/?p=3789\",\"url\":\"https:\\\/\\\/www.altercampagne.net\\\/?p=3789\",\"name\":\"\u00c9tape du 18 juillet : Mison - \u00c9ourres - AlterTour\",\"isPartOf\":{\"@id\":\"https:\\\/\\\/www.altercampagne.net\\\/#website\"},\"primaryImageOfPage\":{\"@id\":\"https:\\\/\\\/www.altercampagne.net\\\/?p=3789#primaryimage\"},\"image\":{\"@id\":\"https:\\\/\\\/www.altercampagne.net\\\/?p=3789#primaryimage\"},\"thumbnailUrl\":\"http:\\\/\\\/altercampagne.free.fr\\\/pages\\\/2008\\\/AlterTour\\\/pic\\\/2011-07-18_14.11.09_7315.jpg\",\"datePublished\":\"2011-07-18T17:20:03+00:00\",\"dateModified\":\"2019-09-16T15:58:20+00:00\",\"author\":{\"@id\":\"https:\\\/\\\/www.altercampagne.net\\\/#\\\/schema\\\/person\\\/0f261460c09e430caa0f9bcffa319109\"},\"breadcrumb\":{\"@id\":\"https:\\\/\\\/www.altercampagne.net\\\/?p=3789#breadcrumb\"},\"inLanguage\":\"fr-FR\",\"potentialAction\":[{\"@type\":\"ReadAction\",\"target\":[\"https:\\\/\\\/www.altercampagne.net\\\/?p=3789\"]}]},{\"@type\":\"ImageObject\",\"inLanguage\":\"fr-FR\",\"@id\":\"https:\\\/\\\/www.altercampagne.net\\\/?p=3789#primaryimage\",\"url\":\"http:\\\/\\\/altercampagne.free.fr\\\/pages\\\/2008\\\/AlterTour\\\/pic\\\/2011-07-18_14.11.09_7315.jpg\",\"contentUrl\":\"http:\\\/\\\/altercampagne.free.fr\\\/pages\\\/2008\\\/AlterTour\\\/pic\\\/2011-07-18_14.11.09_7315.jpg\"},{\"@type\":\"BreadcrumbList\",\"@id\":\"https:\\\/\\\/www.altercampagne.net\\\/?p=3789#breadcrumb\",\"itemListElement\":[{\"@type\":\"ListItem\",\"position\":1,\"name\":\"Accueil\",\"item\":\"https:\\\/\\\/www.altercampagne.net\\\/\"},{\"@type\":\"ListItem\",\"position\":2,\"name\":\"\u00c9tape du 18 juillet : Mison &#8211; \u00c9ourres\"}]},{\"@type\":\"WebSite\",\"@id\":\"https:\\\/\\\/www.altercampagne.net\\\/#website\",\"url\":\"https:\\\/\\\/www.altercampagne.net\\\/\",\"name\":\"AlterTour\",\"description\":\"Reliez les Alternatives \u00e0 v\u00e9lo\",\"potentialAction\":[{\"@type\":\"SearchAction\",\"target\":{\"@type\":\"EntryPoint\",\"urlTemplate\":\"https:\\\/\\\/www.altercampagne.net\\\/?s={search_term_string}\"},\"query-input\":{\"@type\":\"PropertyValueSpecification\",\"valueRequired\":true,\"valueName\":\"search_term_string\"}}],\"inLanguage\":\"fr-FR\"},{\"@type\":\"Person\",\"@id\":\"https:\\\/\\\/www.altercampagne.net\\\/#\\\/schema\\\/person\\\/0f261460c09e430caa0f9bcffa319109\",\"name\":\"Mathieu\",\"image\":{\"@type\":\"ImageObject\",\"inLanguage\":\"fr-FR\",\"@id\":\"https:\\\/\\\/secure.gravatar.com\\\/avatar\\\/aa9d3d24c83f2141e5e2709d0f63d09a99f6be6bb7a50abc4915838d9f54501a?s=96&d=mm&r=g\",\"url\":\"https:\\\/\\\/secure.gravatar.com\\\/avatar\\\/aa9d3d24c83f2141e5e2709d0f63d09a99f6be6bb7a50abc4915838d9f54501a?s=96&d=mm&r=g\",\"contentUrl\":\"https:\\\/\\\/secure.gravatar.com\\\/avatar\\\/aa9d3d24c83f2141e5e2709d0f63d09a99f6be6bb7a50abc4915838d9f54501a?s=96&d=mm&r=g\",\"caption\":\"Mathieu\"},\"url\":\"https:\\\/\\\/www.altercampagne.net\\\/?author=214\"}]}<\/script>\n<!-- \/ Yoast SEO plugin. -->","yoast_head_json":{"title":"\u00c9tape du 18 juillet : Mison - \u00c9ourres - AlterTour","robots":{"index":"index","follow":"follow","max-snippet":"max-snippet:-1","max-image-preview":"max-image-preview:large","max-video-preview":"max-video-preview:-1"},"canonical":"https:\/\/www.altercampagne.net\/?p=3789","og_locale":"fr_FR","og_type":"article","og_title":"\u00c9tape du 18 juillet : Mison - \u00c9ourres - AlterTour","og_description":"Sous un soleil revenu et bienvenu, nous repartons ce matin presque \u00e0 l&rsquo;heure dite : 8h&#8230;. et un petit quart, ce qui aurait plu \u00e0 Edgar&#8230;., inventeur de l&rsquo;horloge parlante, rien de moins \u2013 le dit Edgar \u00e9tant n\u00e9, nous le savons maintenant, dans le village de Ribiers, que nous ... Read More","og_url":"https:\/\/www.altercampagne.net\/?p=3789","og_site_name":"AlterTour","article_published_time":"2011-07-18T17:20:03+00:00","article_modified_time":"2019-09-16T15:58:20+00:00","og_image":[{"url":"http:\/\/altercampagne.free.fr\/pages\/2008\/AlterTour\/pic\/2011-07-18_14.11.09_7315.jpg","type":"","width":"","height":""}],"author":"Mathieu","twitter_card":"summary_large_image","twitter_misc":{"\u00c9crit par":"Mathieu","Dur\u00e9e de lecture estim\u00e9e":"3 minutes"},"schema":{"@context":"https:\/\/schema.org","@graph":[{"@type":"Article","@id":"https:\/\/www.altercampagne.net\/?p=3789#article","isPartOf":{"@id":"https:\/\/www.altercampagne.net\/?p=3789"},"author":{"name":"Mathieu","@id":"https:\/\/www.altercampagne.net\/#\/schema\/person\/0f261460c09e430caa0f9bcffa319109"},"headline":"\u00c9tape du 18 juillet : Mison &#8211; \u00c9ourres","datePublished":"2011-07-18T17:20:03+00:00","dateModified":"2019-09-16T15:58:20+00:00","mainEntityOfPage":{"@id":"https:\/\/www.altercampagne.net\/?p=3789"},"wordCount":684,"image":{"@id":"https:\/\/www.altercampagne.net\/?p=3789#primaryimage"},"thumbnailUrl":"http:\/\/altercampagne.free.fr\/pages\/2008\/AlterTour\/pic\/2011-07-18_14.11.09_7315.jpg","keywords":["biocoop","AlterTour 2011","\u00c9ourres","Yves Michel","Bernadette Maras","L\u00e9zard vert","Sound System","2011","Hautes-Alpes","Provence-Alpes-C\u00f4te d'Azur"],"articleSection":["Agriculture","Environnement","Habitat","Provence-Alpes-C\u00f4te d'Azur","Transverse","\u00c9dition 2011"],"inLanguage":"fr-FR"},{"@type":"WebPage","@id":"https:\/\/www.altercampagne.net\/?p=3789","url":"https:\/\/www.altercampagne.net\/?p=3789","name":"\u00c9tape du 18 juillet : Mison - \u00c9ourres - AlterTour","isPartOf":{"@id":"https:\/\/www.altercampagne.net\/#website"},"primaryImageOfPage":{"@id":"https:\/\/www.altercampagne.net\/?p=3789#primaryimage"},"image":{"@id":"https:\/\/www.altercampagne.net\/?p=3789#primaryimage"},"thumbnailUrl":"http:\/\/altercampagne.free.fr\/pages\/2008\/AlterTour\/pic\/2011-07-18_14.11.09_7315.jpg","datePublished":"2011-07-18T17:20:03+00:00","dateModified":"2019-09-16T15:58:20+00:00","author":{"@id":"https:\/\/www.altercampagne.net\/#\/schema\/person\/0f261460c09e430caa0f9bcffa319109"},"breadcrumb":{"@id":"https:\/\/www.altercampagne.net\/?p=3789#breadcrumb"},"inLanguage":"fr-FR","potentialAction":[{"@type":"ReadAction","target":["https:\/\/www.altercampagne.net\/?p=3789"]}]},{"@type":"ImageObject","inLanguage":"fr-FR","@id":"https:\/\/www.altercampagne.net\/?p=3789#primaryimage","url":"http:\/\/altercampagne.free.fr\/pages\/2008\/AlterTour\/pic\/2011-07-18_14.11.09_7315.jpg","contentUrl":"http:\/\/altercampagne.free.fr\/pages\/2008\/AlterTour\/pic\/2011-07-18_14.11.09_7315.jpg"},{"@type":"BreadcrumbList","@id":"https:\/\/www.altercampagne.net\/?p=3789#breadcrumb","itemListElement":[{"@type":"ListItem","position":1,"name":"Accueil","item":"https:\/\/www.altercampagne.net\/"},{"@type":"ListItem","position":2,"name":"\u00c9tape du 18 juillet : Mison &#8211; \u00c9ourres"}]},{"@type":"WebSite","@id":"https:\/\/www.altercampagne.net\/#website","url":"https:\/\/www.altercampagne.net\/","name":"AlterTour","description":"Reliez les Alternatives \u00e0 v\u00e9lo","potentialAction":[{"@type":"SearchAction","target":{"@type":"EntryPoint","urlTemplate":"https:\/\/www.altercampagne.net\/?s={search_term_string}"},"query-input":{"@type":"PropertyValueSpecification","valueRequired":true,"valueName":"search_term_string"}}],"inLanguage":"fr-FR"},{"@type":"Person","@id":"https:\/\/www.altercampagne.net\/#\/schema\/person\/0f261460c09e430caa0f9bcffa319109","name":"Mathieu","image":{"@type":"ImageObject","inLanguage":"fr-FR","@id":"https:\/\/secure.gravatar.com\/avatar\/aa9d3d24c83f2141e5e2709d0f63d09a99f6be6bb7a50abc4915838d9f54501a?s=96&d=mm&r=g","url":"https:\/\/secure.gravatar.com\/avatar\/aa9d3d24c83f2141e5e2709d0f63d09a99f6be6bb7a50abc4915838d9f54501a?s=96&d=mm&r=g","contentUrl":"https:\/\/secure.gravatar.com\/avatar\/aa9d3d24c83f2141e5e2709d0f63d09a99f6be6bb7a50abc4915838d9f54501a?s=96&d=mm&r=g","caption":"Mathieu"},"url":"https:\/\/www.altercampagne.net\/?author=214"}]}},"_links":{"self":[{"href":"https:\/\/www.altercampagne.net\/index.php?rest_route=\/wp\/v2\/posts\/3789","targetHints":{"allow":["GET"]}}],"collection":[{"href":"https:\/\/www.altercampagne.net\/index.php?rest_route=\/wp\/v2\/posts"}],"about":[{"href":"https:\/\/www.altercampagne.net\/index.php?rest_route=\/wp\/v2\/types\/post"}],"author":[{"embeddable":true,"href":"https:\/\/www.altercampagne.net\/index.php?rest_route=\/wp\/v2\/users\/214"}],"replies":[{"embeddable":true,"href":"https:\/\/www.altercampagne.net\/index.php?rest_route=%2Fwp%2Fv2%2Fcomments&post=3789"}],"version-history":[{"count":0,"href":"https:\/\/www.altercampagne.net\/index.php?rest_route=\/wp\/v2\/posts\/3789\/revisions"}],"wp:attachment":[{"href":"https:\/\/www.altercampagne.net\/index.php?rest_route=%2Fwp%2Fv2%2Fmedia&parent=3789"}],"wp:term":[{"taxonomy":"category","embeddable":true,"href":"https:\/\/www.altercampagne.net\/index.php?rest_route=%2Fwp%2Fv2%2Fcategories&post=3789"},{"taxonomy":"post_tag","embeddable":true,"href":"https:\/\/www.altercampagne.net\/index.php?rest_route=%2Fwp%2Fv2%2Ftags&post=3789"}],"curies":[{"name":"wp","href":"https:\/\/api.w.org\/{rel}","templated":true}]}}