{"id":3792,"date":"2011-07-17T22:25:02","date_gmt":"2011-07-17T20:25:02","guid":{"rendered":"http:\/\/www.altercampagne.net\/?p=3792"},"modified":"2019-09-16T17:59:29","modified_gmt":"2019-09-16T15:59:29","slug":"etape-du-17-juillet-la-beaume-mison","status":"publish","type":"post","link":"https:\/\/www.altercampagne.net\/?p=3792","title":{"rendered":"\u00c9tape du 17 juillet : la Beaume &#8211; Mison"},"content":{"rendered":"<p class=\"Style13 Style126\">Nous quitttons Buech coop sous un ciel gris et charg\u00e9 et une temp\u00e9rature cl\u00e9mente pour une \u00e9tape en descente de 55 km. Selon Guillaume, le temps devrait s&rsquo;am\u00e9liorer en cours de journ\u00e9e, nous partons donc confiant.<\/p>\n<p class=\"Style13 Style126\">Quelques ennuis m\u00e9caniques de crevaison et autre d\u00e9raillage au cours desquels les altercyclistes s&rsquo;entraident. Le cort\u00e8ge s&rsquo;\u00e9tire entre pommeraies, champs de bl\u00e9 piqu\u00e9s de coquelicots et champs de fourrage sur un parcours agr\u00e9able de descente douce et de p\u00e9dalage facile dans un site ouvert sur les massifs de Bochaine et de Chabre. Le soleil parvient m\u00eame \u00e0 faire une perc\u00e9e sur la montagne de St Geniez.<\/p>\n<p class=\"Style13 Style126\">Apr\u00e8s l&rsquo;arr\u00eat de Lagrand en milieu de matin\u00e9e, la pluie commence \u00e0 tomber de plus en plus s\u00e9rieusement et accompagne les altercyclistes jusqu&rsquo;au bout. L&rsquo;arriv\u00e9e est longue et beaucoup moins facile, couronn\u00e9e par une mont\u00e9e ardue. Nous contournons la butte de Misson et nous arrivons ruisselant \u00e0 \u00ab\u00a0la Bergerie\u00a0\u00bb accueillis par Damien et Sandrine Cosserat. Il est d\u00e9j\u00e0 14h et nous avons pris beaucoup de retard, nos h\u00f4tes et le comit\u00e9 associatif de \u00ab\u00a0l&rsquo;\u00e2ge de faire\u00a0\u00bb nous attendent avec un grand sourire et un ap\u00e9ritif tr\u00e8s appr\u00e9ci\u00e9 de tous le \u00ab\u00a0Ros\u00e9 -pamplemousse\u00a0\u00bb qui sera plebiscit\u00e9.<\/p>\n<p class=\"Style13 Style126\">Repas confectionn\u00e9 par nos soins dans une grande cuisine et partag\u00e9 dans une grande salle vout\u00e9e en cours de r\u00e9habilitation puis sieste r\u00e9paratrice pour certains et pour d&rsquo;autres ballade dans le coin ou s\u00e9chage permis par l&rsquo;arr\u00eat de la pluie.<br \/>\nNous nous retrouvons vers 17h autour d&rsquo;Alain Duez pr\u00e9sident de \u00ab\u00a0l&rsquo;Age de Faire\u00a0\u00bbqui nous pr\u00e9sente le projet ESSE pour \u00c9conomie Sociale Solidaire et \u00c9cologique.<\/p>\n<p class=\"Style13 Style126\">Rappel de la naissance de ce journal en 2005 gr\u00e2ce \u00e0 450 coop\u00e9rateurs puis son d\u00e9veloppement ( 12000 abonn\u00e9s, 30000exemplaires) et les perspectives \u00e0 court terme de passage en SCOOP avec 6 salari\u00e9s en CDI temps plein. Plus d&rsquo;info sur le site: <a href=\"http:\/\/www.lagedefaire.org\/\">www.lagedefaire.org<\/a>. Tel: 0492616028.De cette exp\u00e9rience r\u00e9ussie, Alain Duez tire des enseignements et une \u00e9nergie d\u00e9cupl\u00e9e pour faire na\u00eetre son projet ESSE:<\/p>\n<p class=\"Style13 Style126\">Ce projet a l&rsquo;ambition de participer \u00e0 la pr\u00e9paration de solutions globales pour r\u00e9pondre \u00e0 une crise globale. Il s&rsquo;agit de la cr\u00e9ation d&rsquo;un outil collectif mis \u00e0 la disposition de toutes les associations ou initiatives locales pour monter et d\u00e9velopper leur projet. Le projet est con\u00e7u pour \u00eatre d&#8217;embl\u00e9e national avec des d\u00e9clinaisons \u00e0 l&rsquo;\u00e9chelon des cantons.<\/p>\n<p class=\"Style13 Style126\">Il d\u00e9cline son outil en 3 volets principaux:<\/p>\n<p class=\"Style13 Style126\">1. un nouveau mensuel national de 16 pages tr\u00e8s grand public \u00e0 tirer \u00e0 300000 exemplaires<\/p>\n<p class=\"Style13 Style126\">2.Un site internet local adapt\u00e9 \u00e0 chaque canton con\u00e7u pour contenir des informations tr\u00e8s vari\u00e9es pratiques et locales permettant sa consultation par le plus grand nombre.<\/p>\n<p class=\"Style13 Style126\">3.La cr\u00e9ation d&rsquo;un visuel national (logo).<br \/>\nLe lancement du journal se pr\u00e9pare. Un num\u00e9ro 0 devrait para\u00eetre en d\u00e9cembre 2011. Un comit\u00e9 de parrainage est en cours de constitution.<\/p>\n<p class=\"Style13 Style126\">Pour plus d&rsquo;information: <a href=\"http:\/\/www.le-plan-esse.org\/\">www.le-plan-esse.org<\/a>.<br \/>\nCette pr\u00e9sentation est suivie d&rsquo;un d\u00e9bat nourri et contradictoire.<\/p>\n<p class=\"Style13 Style126\">Apr\u00e8s un nouveau diner partag\u00e9 par les alter-cycistes et les habitants la soir\u00e9e est joyeuse autour d&rsquo;un bal folk anim\u00e9 par les musiciens de l&rsquo;association \u00ab\u00a0P\u00e9pin folk\u00a0\u00bb: A l&rsquo;air libre. madil.clemence &#8211; at &#8211; orange.fr<\/p>\n<p class=\"Style13 Style126\">Notre groupe d&rsquo;altercyclistes est \u00e0 nouveau recompos\u00e9 par le d\u00e9part de nombreux participants et l&rsquo;arriv\u00e9e de quelques autres.<\/p>\n","protected":false},"excerpt":{"rendered":"<p>Nous quitttons Buech coop sous un ciel gris et charg\u00e9 et une temp\u00e9rature cl\u00e9mente pour une \u00e9tape en descente de 55 km. Selon Guillaume, le temps devrait s&rsquo;am\u00e9liorer en cours de journ\u00e9e, nous partons donc confiant. Quelques ennuis m\u00e9caniques de crevaison et autre d\u00e9raillage au cours desquels les altercyclistes s&rsquo;entraident. &#8230; <\/p>\n<div><a href=\"https:\/\/www.altercampagne.net\/?p=3792\" class=\"more-link\">Read More<\/a><\/div>\n","protected":false},"author":214,"featured_media":0,"comment_status":"closed","ping_status":"closed","sticky":false,"template":"","format":"standard","meta":{"footnotes":""},"categories":[3486,3542,3482,3464],"tags":[419,836,1442,1443,1444,1445,1446,1979,1984,1985,1986],"class_list":["post-3792","post","type-post","status-publish","format-standard","hentry","category-environnement","category-lutte","category-provence-alpes-cote-dazur","category-edition-2011","tag-age-de-faire","tag-altertour-2011","tag-buech-coop","tag-alain-duez","tag-plan-esse","tag-economie-sociale-solidaire-et-ecologique","tag-association-pepin-folk","tag-1979","tag-provence-alpes-cote-dazur","tag-alpes-de-haute-provence","tag-mison","no-post-thumbnail"],"yoast_head":"<!-- This site is optimized with the Yoast SEO plugin v27.3 - https:\/\/yoast.com\/product\/yoast-seo-wordpress\/ -->\n<title>\u00c9tape du 17 juillet : la Beaume - Mison - AlterTour<\/title>\n<meta name=\"robots\" content=\"index, follow, max-snippet:-1, max-image-preview:large, max-video-preview:-1\" \/>\n<link rel=\"canonical\" href=\"https:\/\/www.altercampagne.net\/?p=3792\" \/>\n<meta property=\"og:locale\" content=\"fr_FR\" \/>\n<meta property=\"og:type\" content=\"article\" \/>\n<meta property=\"og:title\" content=\"\u00c9tape du 17 juillet : la Beaume - Mison - AlterTour\" \/>\n<meta property=\"og:description\" content=\"Nous quitttons Buech coop sous un ciel gris et charg\u00e9 et une temp\u00e9rature cl\u00e9mente pour une \u00e9tape en descente de 55 km. Selon Guillaume, le temps devrait s&rsquo;am\u00e9liorer en cours de journ\u00e9e, nous partons donc confiant. Quelques ennuis m\u00e9caniques de crevaison et autre d\u00e9raillage au cours desquels les altercyclistes s&rsquo;entraident. ... Read More\" \/>\n<meta property=\"og:url\" content=\"https:\/\/www.altercampagne.net\/?p=3792\" \/>\n<meta property=\"og:site_name\" content=\"AlterTour\" \/>\n<meta property=\"article:published_time\" content=\"2011-07-17T20:25:02+00:00\" \/>\n<meta property=\"article:modified_time\" content=\"2019-09-16T15:59:29+00:00\" \/>\n<meta name=\"author\" content=\"Mathieu\" \/>\n<meta name=\"twitter:card\" content=\"summary_large_image\" \/>\n<meta name=\"twitter:label1\" content=\"\u00c9crit par\" \/>\n\t<meta name=\"twitter:data1\" content=\"Mathieu\" \/>\n\t<meta name=\"twitter:label2\" content=\"Dur\u00e9e de lecture estim\u00e9e\" \/>\n\t<meta name=\"twitter:data2\" content=\"3 minutes\" \/>\n<script type=\"application\/ld+json\" class=\"yoast-schema-graph\">{\"@context\":\"https:\\\/\\\/schema.org\",\"@graph\":[{\"@type\":\"Article\",\"@id\":\"https:\\\/\\\/www.altercampagne.net\\\/?p=3792#article\",\"isPartOf\":{\"@id\":\"https:\\\/\\\/www.altercampagne.net\\\/?p=3792\"},\"author\":{\"name\":\"Mathieu\",\"@id\":\"https:\\\/\\\/www.altercampagne.net\\\/#\\\/schema\\\/person\\\/0f261460c09e430caa0f9bcffa319109\"},\"headline\":\"\u00c9tape du 17 juillet : la Beaume &#8211; Mison\",\"datePublished\":\"2011-07-17T20:25:02+00:00\",\"dateModified\":\"2019-09-16T15:59:29+00:00\",\"mainEntityOfPage\":{\"@id\":\"https:\\\/\\\/www.altercampagne.net\\\/?p=3792\"},\"wordCount\":606,\"keywords\":[\"age de faire\",\"AlterTour 2011\",\"Buech coop\",\"Alain Duez\",\"plan ESSE\",\"Economie Sociale Solidaire et Ecologique\",\"association p\u00e9pin folk\",\"2011\",\"Provence-Alpes-C\u00f4te d'Azur\",\"Alpes-de-Haute-Provence\",\"mison\"],\"articleSection\":[\"Environnement\",\"Lutte\",\"Provence-Alpes-C\u00f4te d'Azur\",\"\u00c9dition 2011\"],\"inLanguage\":\"fr-FR\"},{\"@type\":\"WebPage\",\"@id\":\"https:\\\/\\\/www.altercampagne.net\\\/?p=3792\",\"url\":\"https:\\\/\\\/www.altercampagne.net\\\/?p=3792\",\"name\":\"\u00c9tape du 17 juillet : la Beaume - Mison - AlterTour\",\"isPartOf\":{\"@id\":\"https:\\\/\\\/www.altercampagne.net\\\/#website\"},\"datePublished\":\"2011-07-17T20:25:02+00:00\",\"dateModified\":\"2019-09-16T15:59:29+00:00\",\"author\":{\"@id\":\"https:\\\/\\\/www.altercampagne.net\\\/#\\\/schema\\\/person\\\/0f261460c09e430caa0f9bcffa319109\"},\"breadcrumb\":{\"@id\":\"https:\\\/\\\/www.altercampagne.net\\\/?p=3792#breadcrumb\"},\"inLanguage\":\"fr-FR\",\"potentialAction\":[{\"@type\":\"ReadAction\",\"target\":[\"https:\\\/\\\/www.altercampagne.net\\\/?p=3792\"]}]},{\"@type\":\"BreadcrumbList\",\"@id\":\"https:\\\/\\\/www.altercampagne.net\\\/?p=3792#breadcrumb\",\"itemListElement\":[{\"@type\":\"ListItem\",\"position\":1,\"name\":\"Accueil\",\"item\":\"https:\\\/\\\/www.altercampagne.net\\\/\"},{\"@type\":\"ListItem\",\"position\":2,\"name\":\"\u00c9tape du 17 juillet : la Beaume &#8211; Mison\"}]},{\"@type\":\"WebSite\",\"@id\":\"https:\\\/\\\/www.altercampagne.net\\\/#website\",\"url\":\"https:\\\/\\\/www.altercampagne.net\\\/\",\"name\":\"AlterTour\",\"description\":\"Reliez les Alternatives \u00e0 v\u00e9lo\",\"potentialAction\":[{\"@type\":\"SearchAction\",\"target\":{\"@type\":\"EntryPoint\",\"urlTemplate\":\"https:\\\/\\\/www.altercampagne.net\\\/?s={search_term_string}\"},\"query-input\":{\"@type\":\"PropertyValueSpecification\",\"valueRequired\":true,\"valueName\":\"search_term_string\"}}],\"inLanguage\":\"fr-FR\"},{\"@type\":\"Person\",\"@id\":\"https:\\\/\\\/www.altercampagne.net\\\/#\\\/schema\\\/person\\\/0f261460c09e430caa0f9bcffa319109\",\"name\":\"Mathieu\",\"image\":{\"@type\":\"ImageObject\",\"inLanguage\":\"fr-FR\",\"@id\":\"https:\\\/\\\/secure.gravatar.com\\\/avatar\\\/aa9d3d24c83f2141e5e2709d0f63d09a99f6be6bb7a50abc4915838d9f54501a?s=96&d=mm&r=g\",\"url\":\"https:\\\/\\\/secure.gravatar.com\\\/avatar\\\/aa9d3d24c83f2141e5e2709d0f63d09a99f6be6bb7a50abc4915838d9f54501a?s=96&d=mm&r=g\",\"contentUrl\":\"https:\\\/\\\/secure.gravatar.com\\\/avatar\\\/aa9d3d24c83f2141e5e2709d0f63d09a99f6be6bb7a50abc4915838d9f54501a?s=96&d=mm&r=g\",\"caption\":\"Mathieu\"},\"url\":\"https:\\\/\\\/www.altercampagne.net\\\/?author=214\"}]}<\/script>\n<!-- \/ Yoast SEO plugin. -->","yoast_head_json":{"title":"\u00c9tape du 17 juillet : la Beaume - Mison - AlterTour","robots":{"index":"index","follow":"follow","max-snippet":"max-snippet:-1","max-image-preview":"max-image-preview:large","max-video-preview":"max-video-preview:-1"},"canonical":"https:\/\/www.altercampagne.net\/?p=3792","og_locale":"fr_FR","og_type":"article","og_title":"\u00c9tape du 17 juillet : la Beaume - Mison - AlterTour","og_description":"Nous quitttons Buech coop sous un ciel gris et charg\u00e9 et une temp\u00e9rature cl\u00e9mente pour une \u00e9tape en descente de 55 km. Selon Guillaume, le temps devrait s&rsquo;am\u00e9liorer en cours de journ\u00e9e, nous partons donc confiant. Quelques ennuis m\u00e9caniques de crevaison et autre d\u00e9raillage au cours desquels les altercyclistes s&rsquo;entraident. ... Read More","og_url":"https:\/\/www.altercampagne.net\/?p=3792","og_site_name":"AlterTour","article_published_time":"2011-07-17T20:25:02+00:00","article_modified_time":"2019-09-16T15:59:29+00:00","author":"Mathieu","twitter_card":"summary_large_image","twitter_misc":{"\u00c9crit par":"Mathieu","Dur\u00e9e de lecture estim\u00e9e":"3 minutes"},"schema":{"@context":"https:\/\/schema.org","@graph":[{"@type":"Article","@id":"https:\/\/www.altercampagne.net\/?p=3792#article","isPartOf":{"@id":"https:\/\/www.altercampagne.net\/?p=3792"},"author":{"name":"Mathieu","@id":"https:\/\/www.altercampagne.net\/#\/schema\/person\/0f261460c09e430caa0f9bcffa319109"},"headline":"\u00c9tape du 17 juillet : la Beaume &#8211; Mison","datePublished":"2011-07-17T20:25:02+00:00","dateModified":"2019-09-16T15:59:29+00:00","mainEntityOfPage":{"@id":"https:\/\/www.altercampagne.net\/?p=3792"},"wordCount":606,"keywords":["age de faire","AlterTour 2011","Buech coop","Alain Duez","plan ESSE","Economie Sociale Solidaire et Ecologique","association p\u00e9pin folk","2011","Provence-Alpes-C\u00f4te d'Azur","Alpes-de-Haute-Provence","mison"],"articleSection":["Environnement","Lutte","Provence-Alpes-C\u00f4te d'Azur","\u00c9dition 2011"],"inLanguage":"fr-FR"},{"@type":"WebPage","@id":"https:\/\/www.altercampagne.net\/?p=3792","url":"https:\/\/www.altercampagne.net\/?p=3792","name":"\u00c9tape du 17 juillet : la Beaume - Mison - AlterTour","isPartOf":{"@id":"https:\/\/www.altercampagne.net\/#website"},"datePublished":"2011-07-17T20:25:02+00:00","dateModified":"2019-09-16T15:59:29+00:00","author":{"@id":"https:\/\/www.altercampagne.net\/#\/schema\/person\/0f261460c09e430caa0f9bcffa319109"},"breadcrumb":{"@id":"https:\/\/www.altercampagne.net\/?p=3792#breadcrumb"},"inLanguage":"fr-FR","potentialAction":[{"@type":"ReadAction","target":["https:\/\/www.altercampagne.net\/?p=3792"]}]},{"@type":"BreadcrumbList","@id":"https:\/\/www.altercampagne.net\/?p=3792#breadcrumb","itemListElement":[{"@type":"ListItem","position":1,"name":"Accueil","item":"https:\/\/www.altercampagne.net\/"},{"@type":"ListItem","position":2,"name":"\u00c9tape du 17 juillet : la Beaume &#8211; Mison"}]},{"@type":"WebSite","@id":"https:\/\/www.altercampagne.net\/#website","url":"https:\/\/www.altercampagne.net\/","name":"AlterTour","description":"Reliez les Alternatives \u00e0 v\u00e9lo","potentialAction":[{"@type":"SearchAction","target":{"@type":"EntryPoint","urlTemplate":"https:\/\/www.altercampagne.net\/?s={search_term_string}"},"query-input":{"@type":"PropertyValueSpecification","valueRequired":true,"valueName":"search_term_string"}}],"inLanguage":"fr-FR"},{"@type":"Person","@id":"https:\/\/www.altercampagne.net\/#\/schema\/person\/0f261460c09e430caa0f9bcffa319109","name":"Mathieu","image":{"@type":"ImageObject","inLanguage":"fr-FR","@id":"https:\/\/secure.gravatar.com\/avatar\/aa9d3d24c83f2141e5e2709d0f63d09a99f6be6bb7a50abc4915838d9f54501a?s=96&d=mm&r=g","url":"https:\/\/secure.gravatar.com\/avatar\/aa9d3d24c83f2141e5e2709d0f63d09a99f6be6bb7a50abc4915838d9f54501a?s=96&d=mm&r=g","contentUrl":"https:\/\/secure.gravatar.com\/avatar\/aa9d3d24c83f2141e5e2709d0f63d09a99f6be6bb7a50abc4915838d9f54501a?s=96&d=mm&r=g","caption":"Mathieu"},"url":"https:\/\/www.altercampagne.net\/?author=214"}]}},"_links":{"self":[{"href":"https:\/\/www.altercampagne.net\/index.php?rest_route=\/wp\/v2\/posts\/3792","targetHints":{"allow":["GET"]}}],"collection":[{"href":"https:\/\/www.altercampagne.net\/index.php?rest_route=\/wp\/v2\/posts"}],"about":[{"href":"https:\/\/www.altercampagne.net\/index.php?rest_route=\/wp\/v2\/types\/post"}],"author":[{"embeddable":true,"href":"https:\/\/www.altercampagne.net\/index.php?rest_route=\/wp\/v2\/users\/214"}],"replies":[{"embeddable":true,"href":"https:\/\/www.altercampagne.net\/index.php?rest_route=%2Fwp%2Fv2%2Fcomments&post=3792"}],"version-history":[{"count":0,"href":"https:\/\/www.altercampagne.net\/index.php?rest_route=\/wp\/v2\/posts\/3792\/revisions"}],"wp:attachment":[{"href":"https:\/\/www.altercampagne.net\/index.php?rest_route=%2Fwp%2Fv2%2Fmedia&parent=3792"}],"wp:term":[{"taxonomy":"category","embeddable":true,"href":"https:\/\/www.altercampagne.net\/index.php?rest_route=%2Fwp%2Fv2%2Fcategories&post=3792"},{"taxonomy":"post_tag","embeddable":true,"href":"https:\/\/www.altercampagne.net\/index.php?rest_route=%2Fwp%2Fv2%2Ftags&post=3792"}],"curies":[{"name":"wp","href":"https:\/\/api.w.org\/{rel}","templated":true}]}}