{"id":3796,"date":"2011-07-16T20:29:18","date_gmt":"2011-07-16T18:29:18","guid":{"rendered":"http:\/\/www.altercampagne.net\/?p=3796"},"modified":"2019-09-16T18:01:03","modified_gmt":"2019-09-16T16:01:03","slug":"etape-du-16-juillet-les-circuits-courts-avec-buech-coop","status":"publish","type":"post","link":"https:\/\/www.altercampagne.net\/?p=3796","title":{"rendered":"\u00c9tape du 16 juillet : les circuits courts avec Bu\u00ebch Coop"},"content":{"rendered":"<p class=\"Style13 Style126\">\n<p class=\"Style13 Style126\">Nous passons all\u00e8grement, de quelques coups de p\u00e9dales, le col de Cabre (1180m) pour arriver \u00e0 La Beaume dans la vall\u00e9e des Bu\u00ebch. Nous sommes re\u00e7us par Edit qui nous pr\u00e9sente la <a href=\"http:\/\/buech-coop.blogspot.com\/\" target=\"_blank\" rel=\"noopener noreferrer\"><strong>Bu\u00ebch Coop<\/strong><\/a> dont le statut est assez original. Il s&rsquo;agit d&rsquo;une SCIC (Soci\u00e9t\u00e9 Coop\u00e9rative d\u2019Int\u00e9r\u00eat Collectif, sans but lucratif) nomm\u00e9e \u00ab\u00a0Les Cooper&rsquo;actifs\u00a0\u00bb et qui existe depuis 1 an alors que l&rsquo;activit\u00e9 a quatre ans (d\u00e9but sous forme associative).<\/p>\n<p class=\"Style13 Style126\">L&rsquo;objectif est de d\u00e9velopper les circuits courts alimentaires dans un rayon de 50 km autour du si\u00e8ge social et de mettre en contact des gens diff\u00e9rents autour d&rsquo;un point commun\u00a0: bien manger.<\/p>\n<p class=\"Style13 Style126\">La Bu\u00ebch Mobile, camion \u00e9picerie, circule les mardis et vendredis dans les territoires. Elle est pr\u00e9sente les jeudis matins sur le march\u00e9 de Veynes et les samedi matins sur le march\u00e9 d&rsquo;Aspres sur Bu\u00ebch. Le Point Coop (\u00e9picerie) est ouvert 4 jours par semaine \u00e0 Aspremont. Les autres activit\u00e9s sont du conseil en bio-climatisme et un module d&rsquo;optimisation de la bio-masse locale.<\/p>\n<p class=\"Style13 Style126\">La SCIC est organis\u00e9e en 5 coll\u00e8ges\u00a0: les sages (fondateurs), les producteurs, les usagers, les personnes morales et les salari\u00e9s. Chaque coll\u00e8ge est repr\u00e9sent\u00e9 par un d\u00e9l\u00e9gu\u00e9. Les d\u00e9cisions sont prises au consensus. La SCIC permet l\u00e9galement le travail b\u00e9n\u00e9vole si l&rsquo;on y a des parts. L&rsquo;implication (3h\/mois de travail par coop\u00e9rateur) permet de palier le manque de marge \u00e9conomique de la structure.<\/p>\n<p class=\"Style13 Style126\">La Bu\u00ebch Coop a permis \u00e0 beaucoup d&rsquo;habitants de cette vall\u00e9e rurale de d\u00e9couvrir puis d&rsquo;adopter les aliments biologiques (selon la charte Nature et Progr\u00e8s) gr\u00e2ce \u00e0 la valorisation du caract\u00e8re local de ses produits.<\/p>\n<p class=\"Style13 Style126\">La soir\u00e9e se conclut en musique\u00a0: <em>Rodeuse<\/em> nous pr\u00e9sente son carnet de voyages sonore et nous transporte gr\u00e2ce \u00e0 une ambiance envo\u00fbtante.<\/p>\n<p class=\"Style13 Style126\">Contact: Bu\u00ebch Coop\u00e9r&rsquo;Actifs Place du jeu de Paume 05140 LA BEAUME<\/p>\n<p class=\"Style13 Style126\">04 92 58 67 33 office &#8211; at &#8211; buechcooperactifs.com<\/p>\n","protected":false},"excerpt":{"rendered":"<p>Nous passons all\u00e8grement, de quelques coups de p\u00e9dales, le col de Cabre (1180m) pour arriver \u00e0 La Beaume dans la vall\u00e9e des Bu\u00ebch. Nous sommes re\u00e7us par Edit qui nous pr\u00e9sente la Bu\u00ebch Coop dont le statut est assez original. Il s&rsquo;agit d&rsquo;une SCIC (Soci\u00e9t\u00e9 Coop\u00e9rative d\u2019Int\u00e9r\u00eat Collectif, sans but &#8230; <\/p>\n<div><a href=\"https:\/\/www.altercampagne.net\/?p=3796\" class=\"more-link\">Read More<\/a><\/div>\n","protected":false},"author":214,"featured_media":15843,"comment_status":"closed","ping_status":"closed","sticky":false,"template":"","format":"standard","meta":{"footnotes":""},"categories":[3489,3482,3464],"tags":[426,836,1442,1447,1448,1449,1450,1451,1979,1983,1984],"class_list":["post-3796","post","type-post","status-publish","format-standard","has-post-thumbnail","hentry","category-alimentation","category-provence-alpes-cote-dazur","category-edition-2011","tag-nature-et-progres","tag-altertour-2011","tag-buech-coop","tag-la-beaume","tag-societe-cooperative-dinteret-collectif","tag-cooperactifs","tag-buech-mobile","tag-point-coop","tag-1979","tag-hautes-alpes","tag-provence-alpes-cote-dazur"],"yoast_head":"<!-- This site is optimized with the Yoast SEO plugin v27.3 - https:\/\/yoast.com\/product\/yoast-seo-wordpress\/ -->\n<title>\u00c9tape du 16 juillet : les circuits courts avec Bu\u00ebch Coop - AlterTour<\/title>\n<meta name=\"robots\" content=\"index, follow, max-snippet:-1, max-image-preview:large, max-video-preview:-1\" \/>\n<link rel=\"canonical\" href=\"https:\/\/www.altercampagne.net\/?p=3796\" \/>\n<meta property=\"og:locale\" content=\"fr_FR\" \/>\n<meta property=\"og:type\" content=\"article\" \/>\n<meta property=\"og:title\" content=\"\u00c9tape du 16 juillet : les circuits courts avec Bu\u00ebch Coop - AlterTour\" \/>\n<meta property=\"og:description\" content=\"Nous passons all\u00e8grement, de quelques coups de p\u00e9dales, le col de Cabre (1180m) pour arriver \u00e0 La Beaume dans la vall\u00e9e des Bu\u00ebch. Nous sommes re\u00e7us par Edit qui nous pr\u00e9sente la Bu\u00ebch Coop dont le statut est assez original. Il s&rsquo;agit d&rsquo;une SCIC (Soci\u00e9t\u00e9 Coop\u00e9rative d\u2019Int\u00e9r\u00eat Collectif, sans but ... Read More\" \/>\n<meta property=\"og:url\" content=\"https:\/\/www.altercampagne.net\/?p=3796\" \/>\n<meta property=\"og:site_name\" content=\"AlterTour\" \/>\n<meta property=\"article:published_time\" content=\"2011-07-16T18:29:18+00:00\" \/>\n<meta property=\"article:modified_time\" content=\"2019-09-16T16:01:03+00:00\" \/>\n<meta property=\"og:image\" content=\"https:\/\/www.altercampagne.net\/wp-content\/uploads\/2011\/07\/2011-07-16_18.13.41_70421.jpg\" \/>\n\t<meta property=\"og:image:width\" content=\"640\" \/>\n\t<meta property=\"og:image:height\" content=\"429\" \/>\n\t<meta property=\"og:image:type\" content=\"image\/jpeg\" \/>\n<meta name=\"author\" content=\"Mathieu\" \/>\n<meta name=\"twitter:card\" content=\"summary_large_image\" \/>\n<meta name=\"twitter:label1\" content=\"\u00c9crit par\" \/>\n\t<meta name=\"twitter:data1\" content=\"Mathieu\" \/>\n\t<meta name=\"twitter:label2\" content=\"Dur\u00e9e de lecture estim\u00e9e\" \/>\n\t<meta name=\"twitter:data2\" content=\"2 minutes\" \/>\n<script type=\"application\/ld+json\" class=\"yoast-schema-graph\">{\"@context\":\"https:\\\/\\\/schema.org\",\"@graph\":[{\"@type\":\"Article\",\"@id\":\"https:\\\/\\\/www.altercampagne.net\\\/?p=3796#article\",\"isPartOf\":{\"@id\":\"https:\\\/\\\/www.altercampagne.net\\\/?p=3796\"},\"author\":{\"name\":\"Mathieu\",\"@id\":\"https:\\\/\\\/www.altercampagne.net\\\/#\\\/schema\\\/person\\\/0f261460c09e430caa0f9bcffa319109\"},\"headline\":\"\u00c9tape du 16 juillet : les circuits courts avec Bu\u00ebch Coop\",\"datePublished\":\"2011-07-16T18:29:18+00:00\",\"dateModified\":\"2019-09-16T16:01:03+00:00\",\"mainEntityOfPage\":{\"@id\":\"https:\\\/\\\/www.altercampagne.net\\\/?p=3796\"},\"wordCount\":360,\"image\":{\"@id\":\"https:\\\/\\\/www.altercampagne.net\\\/?p=3796#primaryimage\"},\"thumbnailUrl\":\"https:\\\/\\\/www.altercampagne.net\\\/wp-content\\\/uploads\\\/2011\\\/07\\\/2011-07-16_18.13.41_70421.jpg\",\"keywords\":[\"nature et progres\",\"AlterTour 2011\",\"Buech coop\",\"La Beaume\",\"Soci\u00e9t\u00e9 Coop\u00e9rative d\u2019Int\u00e9r\u00eat Collectif\",\"Cooper'actifs\",\"Bu\u00ebch Mobile\",\"Point Coop\",\"2011\",\"Hautes-Alpes\",\"Provence-Alpes-C\u00f4te d'Azur\"],\"articleSection\":[\"Alimentation\",\"Provence-Alpes-C\u00f4te d'Azur\",\"\u00c9dition 2011\"],\"inLanguage\":\"fr-FR\"},{\"@type\":\"WebPage\",\"@id\":\"https:\\\/\\\/www.altercampagne.net\\\/?p=3796\",\"url\":\"https:\\\/\\\/www.altercampagne.net\\\/?p=3796\",\"name\":\"\u00c9tape du 16 juillet : les circuits courts avec Bu\u00ebch Coop - AlterTour\",\"isPartOf\":{\"@id\":\"https:\\\/\\\/www.altercampagne.net\\\/#website\"},\"primaryImageOfPage\":{\"@id\":\"https:\\\/\\\/www.altercampagne.net\\\/?p=3796#primaryimage\"},\"image\":{\"@id\":\"https:\\\/\\\/www.altercampagne.net\\\/?p=3796#primaryimage\"},\"thumbnailUrl\":\"https:\\\/\\\/www.altercampagne.net\\\/wp-content\\\/uploads\\\/2011\\\/07\\\/2011-07-16_18.13.41_70421.jpg\",\"datePublished\":\"2011-07-16T18:29:18+00:00\",\"dateModified\":\"2019-09-16T16:01:03+00:00\",\"author\":{\"@id\":\"https:\\\/\\\/www.altercampagne.net\\\/#\\\/schema\\\/person\\\/0f261460c09e430caa0f9bcffa319109\"},\"breadcrumb\":{\"@id\":\"https:\\\/\\\/www.altercampagne.net\\\/?p=3796#breadcrumb\"},\"inLanguage\":\"fr-FR\",\"potentialAction\":[{\"@type\":\"ReadAction\",\"target\":[\"https:\\\/\\\/www.altercampagne.net\\\/?p=3796\"]}]},{\"@type\":\"ImageObject\",\"inLanguage\":\"fr-FR\",\"@id\":\"https:\\\/\\\/www.altercampagne.net\\\/?p=3796#primaryimage\",\"url\":\"https:\\\/\\\/www.altercampagne.net\\\/wp-content\\\/uploads\\\/2011\\\/07\\\/2011-07-16_18.13.41_70421.jpg\",\"contentUrl\":\"https:\\\/\\\/www.altercampagne.net\\\/wp-content\\\/uploads\\\/2011\\\/07\\\/2011-07-16_18.13.41_70421.jpg\",\"width\":640,\"height\":429},{\"@type\":\"BreadcrumbList\",\"@id\":\"https:\\\/\\\/www.altercampagne.net\\\/?p=3796#breadcrumb\",\"itemListElement\":[{\"@type\":\"ListItem\",\"position\":1,\"name\":\"Accueil\",\"item\":\"https:\\\/\\\/www.altercampagne.net\\\/\"},{\"@type\":\"ListItem\",\"position\":2,\"name\":\"\u00c9tape du 16 juillet : les circuits courts avec Bu\u00ebch Coop\"}]},{\"@type\":\"WebSite\",\"@id\":\"https:\\\/\\\/www.altercampagne.net\\\/#website\",\"url\":\"https:\\\/\\\/www.altercampagne.net\\\/\",\"name\":\"AlterTour\",\"description\":\"Reliez les Alternatives \u00e0 v\u00e9lo\",\"potentialAction\":[{\"@type\":\"SearchAction\",\"target\":{\"@type\":\"EntryPoint\",\"urlTemplate\":\"https:\\\/\\\/www.altercampagne.net\\\/?s={search_term_string}\"},\"query-input\":{\"@type\":\"PropertyValueSpecification\",\"valueRequired\":true,\"valueName\":\"search_term_string\"}}],\"inLanguage\":\"fr-FR\"},{\"@type\":\"Person\",\"@id\":\"https:\\\/\\\/www.altercampagne.net\\\/#\\\/schema\\\/person\\\/0f261460c09e430caa0f9bcffa319109\",\"name\":\"Mathieu\",\"image\":{\"@type\":\"ImageObject\",\"inLanguage\":\"fr-FR\",\"@id\":\"https:\\\/\\\/secure.gravatar.com\\\/avatar\\\/aa9d3d24c83f2141e5e2709d0f63d09a99f6be6bb7a50abc4915838d9f54501a?s=96&d=mm&r=g\",\"url\":\"https:\\\/\\\/secure.gravatar.com\\\/avatar\\\/aa9d3d24c83f2141e5e2709d0f63d09a99f6be6bb7a50abc4915838d9f54501a?s=96&d=mm&r=g\",\"contentUrl\":\"https:\\\/\\\/secure.gravatar.com\\\/avatar\\\/aa9d3d24c83f2141e5e2709d0f63d09a99f6be6bb7a50abc4915838d9f54501a?s=96&d=mm&r=g\",\"caption\":\"Mathieu\"},\"url\":\"https:\\\/\\\/www.altercampagne.net\\\/?author=214\"}]}<\/script>\n<!-- \/ Yoast SEO plugin. -->","yoast_head_json":{"title":"\u00c9tape du 16 juillet : les circuits courts avec Bu\u00ebch Coop - AlterTour","robots":{"index":"index","follow":"follow","max-snippet":"max-snippet:-1","max-image-preview":"max-image-preview:large","max-video-preview":"max-video-preview:-1"},"canonical":"https:\/\/www.altercampagne.net\/?p=3796","og_locale":"fr_FR","og_type":"article","og_title":"\u00c9tape du 16 juillet : les circuits courts avec Bu\u00ebch Coop - AlterTour","og_description":"Nous passons all\u00e8grement, de quelques coups de p\u00e9dales, le col de Cabre (1180m) pour arriver \u00e0 La Beaume dans la vall\u00e9e des Bu\u00ebch. Nous sommes re\u00e7us par Edit qui nous pr\u00e9sente la Bu\u00ebch Coop dont le statut est assez original. Il s&rsquo;agit d&rsquo;une SCIC (Soci\u00e9t\u00e9 Coop\u00e9rative d\u2019Int\u00e9r\u00eat Collectif, sans but ... Read More","og_url":"https:\/\/www.altercampagne.net\/?p=3796","og_site_name":"AlterTour","article_published_time":"2011-07-16T18:29:18+00:00","article_modified_time":"2019-09-16T16:01:03+00:00","og_image":[{"width":640,"height":429,"url":"https:\/\/www.altercampagne.net\/wp-content\/uploads\/2011\/07\/2011-07-16_18.13.41_70421.jpg","type":"image\/jpeg"}],"author":"Mathieu","twitter_card":"summary_large_image","twitter_misc":{"\u00c9crit par":"Mathieu","Dur\u00e9e de lecture estim\u00e9e":"2 minutes"},"schema":{"@context":"https:\/\/schema.org","@graph":[{"@type":"Article","@id":"https:\/\/www.altercampagne.net\/?p=3796#article","isPartOf":{"@id":"https:\/\/www.altercampagne.net\/?p=3796"},"author":{"name":"Mathieu","@id":"https:\/\/www.altercampagne.net\/#\/schema\/person\/0f261460c09e430caa0f9bcffa319109"},"headline":"\u00c9tape du 16 juillet : les circuits courts avec Bu\u00ebch Coop","datePublished":"2011-07-16T18:29:18+00:00","dateModified":"2019-09-16T16:01:03+00:00","mainEntityOfPage":{"@id":"https:\/\/www.altercampagne.net\/?p=3796"},"wordCount":360,"image":{"@id":"https:\/\/www.altercampagne.net\/?p=3796#primaryimage"},"thumbnailUrl":"https:\/\/www.altercampagne.net\/wp-content\/uploads\/2011\/07\/2011-07-16_18.13.41_70421.jpg","keywords":["nature et progres","AlterTour 2011","Buech coop","La Beaume","Soci\u00e9t\u00e9 Coop\u00e9rative d\u2019Int\u00e9r\u00eat Collectif","Cooper'actifs","Bu\u00ebch Mobile","Point Coop","2011","Hautes-Alpes","Provence-Alpes-C\u00f4te d'Azur"],"articleSection":["Alimentation","Provence-Alpes-C\u00f4te d'Azur","\u00c9dition 2011"],"inLanguage":"fr-FR"},{"@type":"WebPage","@id":"https:\/\/www.altercampagne.net\/?p=3796","url":"https:\/\/www.altercampagne.net\/?p=3796","name":"\u00c9tape du 16 juillet : les circuits courts avec Bu\u00ebch Coop - AlterTour","isPartOf":{"@id":"https:\/\/www.altercampagne.net\/#website"},"primaryImageOfPage":{"@id":"https:\/\/www.altercampagne.net\/?p=3796#primaryimage"},"image":{"@id":"https:\/\/www.altercampagne.net\/?p=3796#primaryimage"},"thumbnailUrl":"https:\/\/www.altercampagne.net\/wp-content\/uploads\/2011\/07\/2011-07-16_18.13.41_70421.jpg","datePublished":"2011-07-16T18:29:18+00:00","dateModified":"2019-09-16T16:01:03+00:00","author":{"@id":"https:\/\/www.altercampagne.net\/#\/schema\/person\/0f261460c09e430caa0f9bcffa319109"},"breadcrumb":{"@id":"https:\/\/www.altercampagne.net\/?p=3796#breadcrumb"},"inLanguage":"fr-FR","potentialAction":[{"@type":"ReadAction","target":["https:\/\/www.altercampagne.net\/?p=3796"]}]},{"@type":"ImageObject","inLanguage":"fr-FR","@id":"https:\/\/www.altercampagne.net\/?p=3796#primaryimage","url":"https:\/\/www.altercampagne.net\/wp-content\/uploads\/2011\/07\/2011-07-16_18.13.41_70421.jpg","contentUrl":"https:\/\/www.altercampagne.net\/wp-content\/uploads\/2011\/07\/2011-07-16_18.13.41_70421.jpg","width":640,"height":429},{"@type":"BreadcrumbList","@id":"https:\/\/www.altercampagne.net\/?p=3796#breadcrumb","itemListElement":[{"@type":"ListItem","position":1,"name":"Accueil","item":"https:\/\/www.altercampagne.net\/"},{"@type":"ListItem","position":2,"name":"\u00c9tape du 16 juillet : les circuits courts avec Bu\u00ebch Coop"}]},{"@type":"WebSite","@id":"https:\/\/www.altercampagne.net\/#website","url":"https:\/\/www.altercampagne.net\/","name":"AlterTour","description":"Reliez les Alternatives \u00e0 v\u00e9lo","potentialAction":[{"@type":"SearchAction","target":{"@type":"EntryPoint","urlTemplate":"https:\/\/www.altercampagne.net\/?s={search_term_string}"},"query-input":{"@type":"PropertyValueSpecification","valueRequired":true,"valueName":"search_term_string"}}],"inLanguage":"fr-FR"},{"@type":"Person","@id":"https:\/\/www.altercampagne.net\/#\/schema\/person\/0f261460c09e430caa0f9bcffa319109","name":"Mathieu","image":{"@type":"ImageObject","inLanguage":"fr-FR","@id":"https:\/\/secure.gravatar.com\/avatar\/aa9d3d24c83f2141e5e2709d0f63d09a99f6be6bb7a50abc4915838d9f54501a?s=96&d=mm&r=g","url":"https:\/\/secure.gravatar.com\/avatar\/aa9d3d24c83f2141e5e2709d0f63d09a99f6be6bb7a50abc4915838d9f54501a?s=96&d=mm&r=g","contentUrl":"https:\/\/secure.gravatar.com\/avatar\/aa9d3d24c83f2141e5e2709d0f63d09a99f6be6bb7a50abc4915838d9f54501a?s=96&d=mm&r=g","caption":"Mathieu"},"url":"https:\/\/www.altercampagne.net\/?author=214"}]}},"_links":{"self":[{"href":"https:\/\/www.altercampagne.net\/index.php?rest_route=\/wp\/v2\/posts\/3796","targetHints":{"allow":["GET"]}}],"collection":[{"href":"https:\/\/www.altercampagne.net\/index.php?rest_route=\/wp\/v2\/posts"}],"about":[{"href":"https:\/\/www.altercampagne.net\/index.php?rest_route=\/wp\/v2\/types\/post"}],"author":[{"embeddable":true,"href":"https:\/\/www.altercampagne.net\/index.php?rest_route=\/wp\/v2\/users\/214"}],"replies":[{"embeddable":true,"href":"https:\/\/www.altercampagne.net\/index.php?rest_route=%2Fwp%2Fv2%2Fcomments&post=3796"}],"version-history":[{"count":0,"href":"https:\/\/www.altercampagne.net\/index.php?rest_route=\/wp\/v2\/posts\/3796\/revisions"}],"wp:featuredmedia":[{"embeddable":true,"href":"https:\/\/www.altercampagne.net\/index.php?rest_route=\/wp\/v2\/media\/15843"}],"wp:attachment":[{"href":"https:\/\/www.altercampagne.net\/index.php?rest_route=%2Fwp%2Fv2%2Fmedia&parent=3796"}],"wp:term":[{"taxonomy":"category","embeddable":true,"href":"https:\/\/www.altercampagne.net\/index.php?rest_route=%2Fwp%2Fv2%2Fcategories&post=3796"},{"taxonomy":"post_tag","embeddable":true,"href":"https:\/\/www.altercampagne.net\/index.php?rest_route=%2Fwp%2Fv2%2Ftags&post=3796"}],"curies":[{"name":"wp","href":"https:\/\/api.w.org\/{rel}","templated":true}]}}