{"id":3798,"date":"2011-07-15T21:32:59","date_gmt":"2011-07-15T19:32:59","guid":{"rendered":"http:\/\/www.altercampagne.net\/?p=3798"},"modified":"2019-09-16T18:02:18","modified_gmt":"2019-09-16T16:02:18","slug":"etape-du-15-juillet-ecologie-au-quotidien-et-tri-de-petit-epautre","status":"publish","type":"post","link":"https:\/\/www.altercampagne.net\/?p=3798","title":{"rendered":"\u00c9tape du 15 juillet : \u00c9cologie au quotidien et tri de petit \u00e9pautre"},"content":{"rendered":"<p>Guid\u00e9s par Alain, mais pas notre Alain national de Corse, \u00e9lev\u00e9 au lait de ch\u00e8vre, nous parcourons facilement 52 km en trois \u00e9tapes ponctu\u00e9es\u00a0 par des pauses rafra\u00eechissantes organis\u00e9es par l&rsquo;association \u00ab\u00a0<strong><a href=\"http:\/\/www.ecologieauquotidien.fr\/\" target=\"_blank\" rel=\"noopener noreferrer\">Ecologie au quotidien<\/a><\/strong>\u00a0\u00bb. Apr\u00e8s la travers\u00e9e de Die, nous arrivons en d\u00e9but d&rsquo;apr\u00e8s midi sur la ferme de Jean-Marie et Dominique. C&rsquo;est une exploitation qui pratique depuis 20 ans la culture de c\u00e9r\u00e9ales et l&rsquo;arboriculture biologique et qui se convertit \u00e0 la biodynamie. L&rsquo;apr\u00e8s-midi sur place permet de faire un cercle de parole. C&rsquo;est une technique de communication non violente particuli\u00e8rement adapt\u00e9e \u00e0 un groupe important, en l\u2019occurrence 70 personnes. Cela nous permet de pr\u00e9venir les conflits et de mieux faire connaissance, notamment aupr\u00e8s des nouveaux arrivants qui depuis deux jours essayaient en vain de se pr\u00e9senter aupr\u00e8s des anciens de l&rsquo;AlterTour.<\/p>\n<p>Pascal, \u00ab\u00a0\u00e9ducateur de go\u00fbt\u00a0\u00bb pour reprendre son expression, ou pour le plus dire plus simplement, \u00ab\u00a0Conseiller en Gastronomie\u00a0\u00bb pour reprendre les termes adopt\u00e9s \u00e0 l&rsquo;unanimit\u00e9 des AlterCyclistes apr\u00e8s un repas somptueux compos\u00e9 de produits locaux \u00e0 base de petit \u00e9peautre, petit \u00e9peautre que nous avons d\u00e9cortiqu\u00e9 en s\u00e9parant le p\u00e9ricarpe, autrement dit l&rsquo;enveloppe, du grain dont nous nous sommes r\u00e9gal\u00e9s, ce qui a contribu\u00e9 \u00e0 la qualit\u00e9 \u00ab\u00a0d&rsquo;\u00e9coute et de m\u00e9ditation de tout un chacun(e)\u00a0\u00bb pour reprendre les termes exacts de notre cuisinier pr\u00e9f\u00e9r\u00e9 qui a su rester d&rsquo;une s\u00e9r\u00e9nit\u00e9 et d&rsquo;un d\u00e9tachement exemplaires tout au long du repas, ce qui pourrait servir de mod\u00e8le \u00e0 bon nombre d&rsquo;entre nous, notamment dans les cols (ou dans les \u00ab\u00a0pas\u00a0\u00bb comme l&rsquo;on dit par ici)\u00a0&#8230;<\/p>\n<p class=\"Style13 Style126\">Pour finir cette journ\u00e9e dithyrambique, Claude nous a propos\u00e9 une animation qui nous permet de mieux lire le paysage g\u00e9ologique environnant. Puis Sophie nous a pr\u00e9sent\u00e9 les monnaies locales avec un projet de cr\u00e9ation dans le diois .<\/p>\n<p class=\"Style13 Style126\">Plus d&rsquo;infos\u00a0: <a href=\"http:\/\/www.ecologieauquotidien.fr\/\" target=\"_blank\" rel=\"noopener noreferrer\">www.ecologieauquotidien.fr<\/a><\/p>\n<p class=\"Style13 Style126\" style=\"text-align: right;\"><span class=\"Style13 Style126\">Alain et Herv\u00e9<\/span><\/p>\n<p class=\"Style13 Style126\"><img loading=\"lazy\" decoding=\"async\" class=\" aligncenter\" src=\"http:\/\/altercampagne.free.fr\/pages\/2008\/AlterTour\/pic\/2011-07-15_17.51.44_5941.jpg\" alt=\"\" width=\"640\" height=\"429\" \/><\/p>\n","protected":false},"excerpt":{"rendered":"<p>Guid\u00e9s par Alain, mais pas notre Alain national de Corse, \u00e9lev\u00e9 au lait de ch\u00e8vre, nous parcourons facilement 52 km en trois \u00e9tapes ponctu\u00e9es\u00a0 par des pauses rafra\u00eechissantes organis\u00e9es par l&rsquo;association \u00ab\u00a0Ecologie au quotidien\u00a0\u00bb. Apr\u00e8s la travers\u00e9e de Die, nous arrivons en d\u00e9but d&rsquo;apr\u00e8s midi sur la ferme de Jean-Marie &#8230; <\/p>\n<div><a href=\"https:\/\/www.altercampagne.net\/?p=3798\" class=\"more-link\">Read More<\/a><\/div>\n","protected":false},"author":214,"featured_media":15845,"comment_status":"closed","ping_status":"closed","sticky":false,"template":"","format":"standard","meta":{"footnotes":""},"categories":[3471,3486,3464],"tags":[836,1085,1091,1452,1453,1489,1650,1979],"class_list":["post-3798","post","type-post","status-publish","format-standard","has-post-thumbnail","hentry","category-auvergne-rhone-alpes","category-environnement","category-edition-2011","tag-altertour-2011","tag-ecologie-au-quotidien","tag-drome","tag-biodynamie","tag-arboriculture-biologique","tag-auvergne-rhone-alpes","tag-rhone-alpes","tag-1979"],"yoast_head":"<!-- This site is optimized with the Yoast SEO plugin v27.3 - https:\/\/yoast.com\/product\/yoast-seo-wordpress\/ -->\n<title>\u00c9tape du 15 juillet : \u00c9cologie au quotidien et tri de petit \u00e9pautre - AlterTour<\/title>\n<meta name=\"robots\" content=\"index, follow, max-snippet:-1, max-image-preview:large, max-video-preview:-1\" \/>\n<link rel=\"canonical\" href=\"https:\/\/www.altercampagne.net\/?p=3798\" \/>\n<meta property=\"og:locale\" content=\"fr_FR\" \/>\n<meta property=\"og:type\" content=\"article\" \/>\n<meta property=\"og:title\" content=\"\u00c9tape du 15 juillet : \u00c9cologie au quotidien et tri de petit \u00e9pautre - AlterTour\" \/>\n<meta property=\"og:description\" content=\"Guid\u00e9s par Alain, mais pas notre Alain national de Corse, \u00e9lev\u00e9 au lait de ch\u00e8vre, nous parcourons facilement 52 km en trois \u00e9tapes ponctu\u00e9es\u00a0 par des pauses rafra\u00eechissantes organis\u00e9es par l&rsquo;association \u00ab\u00a0Ecologie au quotidien\u00a0\u00bb. Apr\u00e8s la travers\u00e9e de Die, nous arrivons en d\u00e9but d&rsquo;apr\u00e8s midi sur la ferme de Jean-Marie ... Read More\" \/>\n<meta property=\"og:url\" content=\"https:\/\/www.altercampagne.net\/?p=3798\" \/>\n<meta property=\"og:site_name\" content=\"AlterTour\" \/>\n<meta property=\"article:published_time\" content=\"2011-07-15T19:32:59+00:00\" \/>\n<meta property=\"article:modified_time\" content=\"2019-09-16T16:02:18+00:00\" \/>\n<meta property=\"og:image\" content=\"https:\/\/www.altercampagne.net\/wp-content\/uploads\/2011\/07\/2011-07-15_17.49.40_59361.jpg\" \/>\n\t<meta property=\"og:image:width\" content=\"640\" \/>\n\t<meta property=\"og:image:height\" content=\"429\" \/>\n\t<meta property=\"og:image:type\" content=\"image\/jpeg\" \/>\n<meta name=\"author\" content=\"Mathieu\" \/>\n<meta name=\"twitter:card\" content=\"summary_large_image\" \/>\n<meta name=\"twitter:label1\" content=\"\u00c9crit par\" \/>\n\t<meta name=\"twitter:data1\" content=\"Mathieu\" \/>\n\t<meta name=\"twitter:label2\" content=\"Dur\u00e9e de lecture estim\u00e9e\" \/>\n\t<meta name=\"twitter:data2\" content=\"2 minutes\" \/>\n<script type=\"application\/ld+json\" class=\"yoast-schema-graph\">{\"@context\":\"https:\\\/\\\/schema.org\",\"@graph\":[{\"@type\":\"Article\",\"@id\":\"https:\\\/\\\/www.altercampagne.net\\\/?p=3798#article\",\"isPartOf\":{\"@id\":\"https:\\\/\\\/www.altercampagne.net\\\/?p=3798\"},\"author\":{\"name\":\"Mathieu\",\"@id\":\"https:\\\/\\\/www.altercampagne.net\\\/#\\\/schema\\\/person\\\/0f261460c09e430caa0f9bcffa319109\"},\"headline\":\"\u00c9tape du 15 juillet : \u00c9cologie au quotidien et tri de petit \u00e9pautre\",\"datePublished\":\"2011-07-15T19:32:59+00:00\",\"dateModified\":\"2019-09-16T16:02:18+00:00\",\"mainEntityOfPage\":{\"@id\":\"https:\\\/\\\/www.altercampagne.net\\\/?p=3798\"},\"wordCount\":357,\"image\":{\"@id\":\"https:\\\/\\\/www.altercampagne.net\\\/?p=3798#primaryimage\"},\"thumbnailUrl\":\"https:\\\/\\\/www.altercampagne.net\\\/wp-content\\\/uploads\\\/2011\\\/07\\\/2011-07-15_17.49.40_59361.jpg\",\"keywords\":[\"AlterTour 2011\",\"Ecologie au Quotidien\",\"Dr\u00f4me\",\"biodynamie\",\"arboriculture biologique\",\"Auvergne-Rh\u00f4ne-Alpes\",\"Rhone-Alpes\",\"2011\"],\"articleSection\":[\"Auvergne-Rh\u00f4ne-Alpes\",\"Environnement\",\"\u00c9dition 2011\"],\"inLanguage\":\"fr-FR\"},{\"@type\":\"WebPage\",\"@id\":\"https:\\\/\\\/www.altercampagne.net\\\/?p=3798\",\"url\":\"https:\\\/\\\/www.altercampagne.net\\\/?p=3798\",\"name\":\"\u00c9tape du 15 juillet : \u00c9cologie au quotidien et tri de petit \u00e9pautre - AlterTour\",\"isPartOf\":{\"@id\":\"https:\\\/\\\/www.altercampagne.net\\\/#website\"},\"primaryImageOfPage\":{\"@id\":\"https:\\\/\\\/www.altercampagne.net\\\/?p=3798#primaryimage\"},\"image\":{\"@id\":\"https:\\\/\\\/www.altercampagne.net\\\/?p=3798#primaryimage\"},\"thumbnailUrl\":\"https:\\\/\\\/www.altercampagne.net\\\/wp-content\\\/uploads\\\/2011\\\/07\\\/2011-07-15_17.49.40_59361.jpg\",\"datePublished\":\"2011-07-15T19:32:59+00:00\",\"dateModified\":\"2019-09-16T16:02:18+00:00\",\"author\":{\"@id\":\"https:\\\/\\\/www.altercampagne.net\\\/#\\\/schema\\\/person\\\/0f261460c09e430caa0f9bcffa319109\"},\"breadcrumb\":{\"@id\":\"https:\\\/\\\/www.altercampagne.net\\\/?p=3798#breadcrumb\"},\"inLanguage\":\"fr-FR\",\"potentialAction\":[{\"@type\":\"ReadAction\",\"target\":[\"https:\\\/\\\/www.altercampagne.net\\\/?p=3798\"]}]},{\"@type\":\"ImageObject\",\"inLanguage\":\"fr-FR\",\"@id\":\"https:\\\/\\\/www.altercampagne.net\\\/?p=3798#primaryimage\",\"url\":\"https:\\\/\\\/www.altercampagne.net\\\/wp-content\\\/uploads\\\/2011\\\/07\\\/2011-07-15_17.49.40_59361.jpg\",\"contentUrl\":\"https:\\\/\\\/www.altercampagne.net\\\/wp-content\\\/uploads\\\/2011\\\/07\\\/2011-07-15_17.49.40_59361.jpg\",\"width\":640,\"height\":429},{\"@type\":\"BreadcrumbList\",\"@id\":\"https:\\\/\\\/www.altercampagne.net\\\/?p=3798#breadcrumb\",\"itemListElement\":[{\"@type\":\"ListItem\",\"position\":1,\"name\":\"Accueil\",\"item\":\"https:\\\/\\\/www.altercampagne.net\\\/\"},{\"@type\":\"ListItem\",\"position\":2,\"name\":\"\u00c9tape du 15 juillet : \u00c9cologie au quotidien et tri de petit \u00e9pautre\"}]},{\"@type\":\"WebSite\",\"@id\":\"https:\\\/\\\/www.altercampagne.net\\\/#website\",\"url\":\"https:\\\/\\\/www.altercampagne.net\\\/\",\"name\":\"AlterTour\",\"description\":\"Reliez les Alternatives \u00e0 v\u00e9lo\",\"potentialAction\":[{\"@type\":\"SearchAction\",\"target\":{\"@type\":\"EntryPoint\",\"urlTemplate\":\"https:\\\/\\\/www.altercampagne.net\\\/?s={search_term_string}\"},\"query-input\":{\"@type\":\"PropertyValueSpecification\",\"valueRequired\":true,\"valueName\":\"search_term_string\"}}],\"inLanguage\":\"fr-FR\"},{\"@type\":\"Person\",\"@id\":\"https:\\\/\\\/www.altercampagne.net\\\/#\\\/schema\\\/person\\\/0f261460c09e430caa0f9bcffa319109\",\"name\":\"Mathieu\",\"image\":{\"@type\":\"ImageObject\",\"inLanguage\":\"fr-FR\",\"@id\":\"https:\\\/\\\/secure.gravatar.com\\\/avatar\\\/aa9d3d24c83f2141e5e2709d0f63d09a99f6be6bb7a50abc4915838d9f54501a?s=96&d=mm&r=g\",\"url\":\"https:\\\/\\\/secure.gravatar.com\\\/avatar\\\/aa9d3d24c83f2141e5e2709d0f63d09a99f6be6bb7a50abc4915838d9f54501a?s=96&d=mm&r=g\",\"contentUrl\":\"https:\\\/\\\/secure.gravatar.com\\\/avatar\\\/aa9d3d24c83f2141e5e2709d0f63d09a99f6be6bb7a50abc4915838d9f54501a?s=96&d=mm&r=g\",\"caption\":\"Mathieu\"},\"url\":\"https:\\\/\\\/www.altercampagne.net\\\/?author=214\"}]}<\/script>\n<!-- \/ Yoast SEO plugin. -->","yoast_head_json":{"title":"\u00c9tape du 15 juillet : \u00c9cologie au quotidien et tri de petit \u00e9pautre - AlterTour","robots":{"index":"index","follow":"follow","max-snippet":"max-snippet:-1","max-image-preview":"max-image-preview:large","max-video-preview":"max-video-preview:-1"},"canonical":"https:\/\/www.altercampagne.net\/?p=3798","og_locale":"fr_FR","og_type":"article","og_title":"\u00c9tape du 15 juillet : \u00c9cologie au quotidien et tri de petit \u00e9pautre - AlterTour","og_description":"Guid\u00e9s par Alain, mais pas notre Alain national de Corse, \u00e9lev\u00e9 au lait de ch\u00e8vre, nous parcourons facilement 52 km en trois \u00e9tapes ponctu\u00e9es\u00a0 par des pauses rafra\u00eechissantes organis\u00e9es par l&rsquo;association \u00ab\u00a0Ecologie au quotidien\u00a0\u00bb. Apr\u00e8s la travers\u00e9e de Die, nous arrivons en d\u00e9but d&rsquo;apr\u00e8s midi sur la ferme de Jean-Marie ... Read More","og_url":"https:\/\/www.altercampagne.net\/?p=3798","og_site_name":"AlterTour","article_published_time":"2011-07-15T19:32:59+00:00","article_modified_time":"2019-09-16T16:02:18+00:00","og_image":[{"width":640,"height":429,"url":"https:\/\/www.altercampagne.net\/wp-content\/uploads\/2011\/07\/2011-07-15_17.49.40_59361.jpg","type":"image\/jpeg"}],"author":"Mathieu","twitter_card":"summary_large_image","twitter_misc":{"\u00c9crit par":"Mathieu","Dur\u00e9e de lecture estim\u00e9e":"2 minutes"},"schema":{"@context":"https:\/\/schema.org","@graph":[{"@type":"Article","@id":"https:\/\/www.altercampagne.net\/?p=3798#article","isPartOf":{"@id":"https:\/\/www.altercampagne.net\/?p=3798"},"author":{"name":"Mathieu","@id":"https:\/\/www.altercampagne.net\/#\/schema\/person\/0f261460c09e430caa0f9bcffa319109"},"headline":"\u00c9tape du 15 juillet : \u00c9cologie au quotidien et tri de petit \u00e9pautre","datePublished":"2011-07-15T19:32:59+00:00","dateModified":"2019-09-16T16:02:18+00:00","mainEntityOfPage":{"@id":"https:\/\/www.altercampagne.net\/?p=3798"},"wordCount":357,"image":{"@id":"https:\/\/www.altercampagne.net\/?p=3798#primaryimage"},"thumbnailUrl":"https:\/\/www.altercampagne.net\/wp-content\/uploads\/2011\/07\/2011-07-15_17.49.40_59361.jpg","keywords":["AlterTour 2011","Ecologie au Quotidien","Dr\u00f4me","biodynamie","arboriculture biologique","Auvergne-Rh\u00f4ne-Alpes","Rhone-Alpes","2011"],"articleSection":["Auvergne-Rh\u00f4ne-Alpes","Environnement","\u00c9dition 2011"],"inLanguage":"fr-FR"},{"@type":"WebPage","@id":"https:\/\/www.altercampagne.net\/?p=3798","url":"https:\/\/www.altercampagne.net\/?p=3798","name":"\u00c9tape du 15 juillet : \u00c9cologie au quotidien et tri de petit \u00e9pautre - AlterTour","isPartOf":{"@id":"https:\/\/www.altercampagne.net\/#website"},"primaryImageOfPage":{"@id":"https:\/\/www.altercampagne.net\/?p=3798#primaryimage"},"image":{"@id":"https:\/\/www.altercampagne.net\/?p=3798#primaryimage"},"thumbnailUrl":"https:\/\/www.altercampagne.net\/wp-content\/uploads\/2011\/07\/2011-07-15_17.49.40_59361.jpg","datePublished":"2011-07-15T19:32:59+00:00","dateModified":"2019-09-16T16:02:18+00:00","author":{"@id":"https:\/\/www.altercampagne.net\/#\/schema\/person\/0f261460c09e430caa0f9bcffa319109"},"breadcrumb":{"@id":"https:\/\/www.altercampagne.net\/?p=3798#breadcrumb"},"inLanguage":"fr-FR","potentialAction":[{"@type":"ReadAction","target":["https:\/\/www.altercampagne.net\/?p=3798"]}]},{"@type":"ImageObject","inLanguage":"fr-FR","@id":"https:\/\/www.altercampagne.net\/?p=3798#primaryimage","url":"https:\/\/www.altercampagne.net\/wp-content\/uploads\/2011\/07\/2011-07-15_17.49.40_59361.jpg","contentUrl":"https:\/\/www.altercampagne.net\/wp-content\/uploads\/2011\/07\/2011-07-15_17.49.40_59361.jpg","width":640,"height":429},{"@type":"BreadcrumbList","@id":"https:\/\/www.altercampagne.net\/?p=3798#breadcrumb","itemListElement":[{"@type":"ListItem","position":1,"name":"Accueil","item":"https:\/\/www.altercampagne.net\/"},{"@type":"ListItem","position":2,"name":"\u00c9tape du 15 juillet : \u00c9cologie au quotidien et tri de petit \u00e9pautre"}]},{"@type":"WebSite","@id":"https:\/\/www.altercampagne.net\/#website","url":"https:\/\/www.altercampagne.net\/","name":"AlterTour","description":"Reliez les Alternatives \u00e0 v\u00e9lo","potentialAction":[{"@type":"SearchAction","target":{"@type":"EntryPoint","urlTemplate":"https:\/\/www.altercampagne.net\/?s={search_term_string}"},"query-input":{"@type":"PropertyValueSpecification","valueRequired":true,"valueName":"search_term_string"}}],"inLanguage":"fr-FR"},{"@type":"Person","@id":"https:\/\/www.altercampagne.net\/#\/schema\/person\/0f261460c09e430caa0f9bcffa319109","name":"Mathieu","image":{"@type":"ImageObject","inLanguage":"fr-FR","@id":"https:\/\/secure.gravatar.com\/avatar\/aa9d3d24c83f2141e5e2709d0f63d09a99f6be6bb7a50abc4915838d9f54501a?s=96&d=mm&r=g","url":"https:\/\/secure.gravatar.com\/avatar\/aa9d3d24c83f2141e5e2709d0f63d09a99f6be6bb7a50abc4915838d9f54501a?s=96&d=mm&r=g","contentUrl":"https:\/\/secure.gravatar.com\/avatar\/aa9d3d24c83f2141e5e2709d0f63d09a99f6be6bb7a50abc4915838d9f54501a?s=96&d=mm&r=g","caption":"Mathieu"},"url":"https:\/\/www.altercampagne.net\/?author=214"}]}},"_links":{"self":[{"href":"https:\/\/www.altercampagne.net\/index.php?rest_route=\/wp\/v2\/posts\/3798","targetHints":{"allow":["GET"]}}],"collection":[{"href":"https:\/\/www.altercampagne.net\/index.php?rest_route=\/wp\/v2\/posts"}],"about":[{"href":"https:\/\/www.altercampagne.net\/index.php?rest_route=\/wp\/v2\/types\/post"}],"author":[{"embeddable":true,"href":"https:\/\/www.altercampagne.net\/index.php?rest_route=\/wp\/v2\/users\/214"}],"replies":[{"embeddable":true,"href":"https:\/\/www.altercampagne.net\/index.php?rest_route=%2Fwp%2Fv2%2Fcomments&post=3798"}],"version-history":[{"count":0,"href":"https:\/\/www.altercampagne.net\/index.php?rest_route=\/wp\/v2\/posts\/3798\/revisions"}],"wp:featuredmedia":[{"embeddable":true,"href":"https:\/\/www.altercampagne.net\/index.php?rest_route=\/wp\/v2\/media\/15845"}],"wp:attachment":[{"href":"https:\/\/www.altercampagne.net\/index.php?rest_route=%2Fwp%2Fv2%2Fmedia&parent=3798"}],"wp:term":[{"taxonomy":"category","embeddable":true,"href":"https:\/\/www.altercampagne.net\/index.php?rest_route=%2Fwp%2Fv2%2Fcategories&post=3798"},{"taxonomy":"post_tag","embeddable":true,"href":"https:\/\/www.altercampagne.net\/index.php?rest_route=%2Fwp%2Fv2%2Ftags&post=3798"}],"curies":[{"name":"wp","href":"https:\/\/api.w.org\/{rel}","templated":true}]}}