{"id":3803,"date":"2011-07-14T16:37:03","date_gmt":"2011-07-14T14:37:03","guid":{"rendered":"http:\/\/www.altercampagne.net\/?p=3803"},"modified":"2019-09-16T18:03:41","modified_gmt":"2019-09-16T16:03:41","slug":"etape-du-14-juillet-rencontre-avec-les-ehc-a-eurre","status":"publish","type":"post","link":"https:\/\/www.altercampagne.net\/?p=3803","title":{"rendered":"\u00c9tape du 14 juillet : Rencontre avec les EHC \u00e0 Eurre"},"content":{"rendered":"<p class=\"Style13 Style126\">Lever \u00e0 6h00 et d\u00e9part pour <a href=\"http:\/\/www.lesamanins.com\/\" target=\"_blank\" rel=\"noopener noreferrer\"><strong>les Amanins<\/strong><\/a> (Dr\u00f4me) o\u00f9 Houari, porte-parole du collectif existant depuis 7 ans, nous pr\u00e9sente le projet de Pierre Rabhi et Michel Valentin\u00a0: un centre agro-\u00e9cologique. C&rsquo;est une ferme en polyculture avec un centre d\u2019accueil d&rsquo;une capacit\u00e9 de 70 personnes. Cela permet de financer une \u00e9cole primaire (CP \u2013 CM2) de 35 enfants qui b\u00e9n\u00e9ficient d&rsquo;une p\u00e9dagogie coop\u00e9rative, d\u00e9veloppant l&rsquo;autonomie et l&rsquo;\u00e9ducation \u00e0 la paix. La ferme des Amanins met en pratique une \u00e9cologie relationnelle avec des exigences (ou des contraintes, selon votre point de vue) \u00e9conomiques qui lui ont permis d&rsquo;atteindre l&rsquo;\u00e9quilibre financier cette ann\u00e9e avec 13 salari\u00e9s \u00e0 temps plein. C&rsquo;est un collectif de travail et non de vie (seulement une personne vit sur place), structur\u00e9e en SCOOP.<br \/>\nPlus d&rsquo;infos\u00a0: <a href=\"http:\/\/www.lesamanins.com\/\" target=\"_blank\" rel=\"noopener noreferrer\">www.lesamanins.com<\/a><\/p>\n<p class=\"Style13 Style126\">Conf\u00e9rence \u2013 d\u00e9bat l&rsquo;apr\u00e8s midi\u00a0 en for\u00eat de Saou\u00a0:<\/p>\n<p class=\"Style13 Style126\">Les \u00e9lectrosensibles ont demand\u00e9 une zone blanche, c&rsquo;est \u00e0 dire sans aucun r\u00e9seau (t\u00e9l\u00e9phone portable, Wifi, etc&#8230;). Une personne ayant trouv\u00e9 un parking pour se r\u00e9fugier dans sa caravane a donn\u00e9 aux autres personnes concern\u00e9es l&rsquo;id\u00e9e d&rsquo;investir cet endroit o\u00f9 ils se sont relay\u00e9s jour et nuit pendant 80 jours. Une action de justice a \u00e9t\u00e9 perdue mais la simple \u00e9coute du juge leur a donn\u00e9 confiance dans la lutte pour l&rsquo;obtention de cette fameuse \u00ab\u00a0zone blanche\u00a0\u00bb. une rencontre informelle (et oui, maintenant au sein de l&rsquo;alter Tour, vous trouverez le compte-rendu du in, mais aussi du off)<\/p>\n<p class=\"Style13 Style126\">Avec une \u00e9co-garde (\u00e0 cheval, s&rsquo;il vous pla\u00eet) qui nous a parl\u00e9 avec force d\u00e9tails de son travail d&rsquo;information et de sensibilisation\u00a0du plus grand nombre (terme quelle a utilis\u00e9 au moins douze fois, c&rsquo;est dire l&rsquo;ampleur de la t\u00e2che&#8230;). Notamment \u00e0 propos des questions de bivouac et\/ou de camping, de la gestion des d\u00e9chets des pique-niqueurs et autres joyeuset\u00e9es du m\u00eame acabit&#8230; (sachant que ces \u00e9co-gardes -je ne ferai pas de commentaire sur ce terme&#8230;- sont pay\u00e9s par le Conseil G\u00e9n\u00e9ral de la Dr\u00f4me, et qu&rsquo;ils interviennent dans les six r\u00e9serves g\u00e9r\u00e9es par le Conseil du m\u00eame nom, si vous suivez&#8230;). N\u00e9anmoins, cette charmante \u00e9co-garde (la p\u00e9dagogie de la r\u00e9p\u00e9tition a ses avantages, n&rsquo;est-il pas&#8230;) ne veut pas entendre parler du v\u00e9lo, que ce soit de loisir ou de voyage, sous le pr\u00e9texte que les points communs entre le cheval &#8211; la plus belle conqu\u00eate de l&rsquo;homme apr\u00e8s la Lune, comme chacun(e) sait &#8211; est certes dot\u00e9 d&rsquo;accessoires comme les cales-pieds et les sacoches, certes, mais manque cruellement de r\u00e9troviseurs&#8230;, c&rsquo;est dire si la mauvaise foi en la circonstance est de mise en la circonstance&#8230; Bref, en conclusion de cette rencontre aussi fructueuse qu&rsquo;enrichissante, nous pouvons noter que\u00a0:<\/p>\n<p class=\"Style13 Style126\">a) Trouver des causes communes (de combat, cela va sans dire&#8230;) entre v\u00e9locyp\u00e9distes de tous poils et randonneurs \u00e0 cheval n&rsquo;est pas gagn\u00e9e&#8230;<\/p>\n<p class=\"Style13 Style126\">b) Doter les v\u00e9los de l&rsquo;AlterTour de r\u00e9troviseurs, ne serait-ce que pour des questions \u00e9l\u00e9mentaires de s\u00e9curit\u00e9, ne serait pas du luxe&#8230;<\/p>\n<p class=\"Style13 Style126\">(Ceci \u00e9tant, je profite de l&rsquo;occasion qui m&rsquo;est faite pour remercier chaleureusement Didier qui s&rsquo;est souci\u00e9 personnellement de l&rsquo;achat des \u00ab\u00a0Quechiottes\u00a0\u00bb, autrement dit de deux tentes Quechua dot\u00e9es de deux superbes chiottes s\u00e8ches, sachant que certains bip\u00e8des du genre hominid\u00e9s et n\u00e9anmoins masculins s&rsquo;acharnent \u00e0 marquer leur territoire en urinant de mani\u00e8re \u00e9hont\u00e9e aux quatre coins des diff\u00e9rents terrains de bivouac &#8211; et non de camping, j&rsquo;esp\u00e8re que je n&rsquo;ai plus besoin de vous faire le distingo&#8230; -.<\/p>\n<p class=\"Style13 Style126\">Cette digression m&rsquo;am\u00e8ne par voie de cons\u00e9quence \u00e0 \u00e9voquer un \u00e9pisode haut en couleurs concernant cette fois-ci le genre f\u00e9minin&#8230;<\/p>\n<p class=\"Style13 Style126\">Or donc, ne voil\u00e0-t-il pas qu&rsquo;une AlterCycliste n&rsquo;a pas eu de meilleure id\u00e9e &#8211; mais \u00e0 cette \u00e9chelle, nous en sommes presque au concept&#8230; &#8211; de proposer une journ\u00e9e de bicyclette en \u00ab\u00a0jupes et rouge \u00e0 l\u00e8vres\u00a0\u00bb ce qui a provoqu\u00e9 moults d\u00e9bats sur les Alter Bicyclettes sur les questions d&rsquo;identit\u00e9 sexuelle et autres paradigmes du m\u00eame ordre, sachant que\u00a0:<\/p>\n<p class=\"Style13 Style126\">a) Certaines AlterCyclistes ont refus\u00e9 de se pr\u00eater \u00e0 cette caricature de f\u00e9minit\u00e9, arguant du fait que tout ceci est \u00f4 combien r\u00e9ducteur, ce qui n&rsquo;est pas compl\u00e8tement faux, vous en conviendrez (ais\u00e9ment)&#8230;<\/p>\n<p class=\"Style13 Style126\">b) Un AlterCycliste n&rsquo;a visiblement pas compris la consigne, ou se l&rsquo;est appropri\u00e9e de mani\u00e8re \u00e9hont\u00e9e en s&rsquo;arrogeant la pr\u00e9rogative de porter derechef tout au long d&rsquo;une journ\u00e9e une jupe tout en se maquillant, ce qui a suscit\u00e9 d&rsquo;autant plus de pol\u00e9miques concernant les d\u00e9finitions un tant soit peu exactes de la question du genre, mais ceci est une autre histoire&#8230;<\/p>\n<p class=\"Style13 Style126\">Plus d&rsquo;infos\u00a0: <a href=\"http:\/\/www.nextup.org\/\" target=\"_blank\" rel=\"noopener noreferrer\">www.nextup.org<\/a><\/p>\n<p class=\"Style13 Style126\">Apr\u00e8s une soixantaine de km dans des paysages grandioses mais avec des d\u00e9nivel\u00e9s importants, ce qui ne g\u00e2che rien au plaisir d&rsquo;appr\u00e9cier les paysages \u00e9voqu\u00e9s pr\u00e9c\u00e9demment, nous sommes re\u00e7us \u00e0 la <a href=\"http:\/\/altercampagne.free.fr\/pages\/2008\/AlterTour\/www.lafermedebaumerousse.net\" target=\"_blank\" rel=\"noopener noreferrer\">ferme de la Baume Rousse<\/a>.\u00a0St\u00e9phane et Marion y pratiquent la biodynamie depuis 24 ans en polyculture et \u00e9levage. R\u00e9my et Lou travaillent aussi sur la ferme qui fait de l\u2019accueil. Ses terres ont vu leur r\u00e9silience augmenter gr\u00e2ce aux bonnes pratiques agricoles qui ont augment\u00e9 la biodiversit\u00e9 mais aussi gr\u00e2ce \u00e0 une recherche d&rsquo;autonomie \u00e9nerg\u00e9tique.<\/p>\n<p class=\"Style13 Style126\">Plus d&rsquo;infos\u00a0: <a href=\"http:\/\/www.lafermedebaumerousse.net\/\" target=\"_blank\" rel=\"noopener noreferrer\">www.lafermedebaumerousse.net<\/a><\/p>\n<p class=\"Style13 Style126\" style=\"text-align: right;\"><strong>Alain et Herv\u00e9<\/strong><\/p>\n","protected":false},"excerpt":{"rendered":"<p>Lever \u00e0 6h00 et d\u00e9part pour les Amanins (Dr\u00f4me) o\u00f9 Houari, porte-parole du collectif existant depuis 7 ans, nous pr\u00e9sente le projet de Pierre Rabhi et Michel Valentin\u00a0: un centre agro-\u00e9cologique. C&rsquo;est une ferme en polyculture avec un centre d\u2019accueil d&rsquo;une capacit\u00e9 de 70 personnes. Cela permet de financer une &#8230; <\/p>\n<div><a href=\"https:\/\/www.altercampagne.net\/?p=3803\" class=\"more-link\">Read More<\/a><\/div>\n","protected":false},"author":214,"featured_media":15847,"comment_status":"closed","ping_status":"closed","sticky":false,"template":"","format":"standard","meta":{"footnotes":""},"categories":[3471,3483,3486,3485,3540,3464],"tags":[835,836,1091,1221,1454,1455,1456,1457,1458,1459,1460,1489,1650,1979],"class_list":["post-3803","post","type-post","status-publish","format-standard","has-post-thumbnail","hentry","category-auvergne-rhone-alpes","category-agriculture","category-environnement","category-habitat","category-transverse","category-edition-2011","tag-pierre-rabhi","tag-altertour-2011","tag-drome","tag-autonomie-energetique","tag-les-amanins","tag-michel-valentin","tag-centre-agro-ecologique","tag-electrosensibles","tag-zone-blanche","tag-nextup","tag-ferme-de-la-baume-rousse","tag-auvergne-rhone-alpes","tag-rhone-alpes","tag-1979"],"yoast_head":"<!-- This site is optimized with the Yoast SEO plugin v27.3 - https:\/\/yoast.com\/product\/yoast-seo-wordpress\/ -->\n<title>\u00c9tape du 14 juillet : Rencontre avec les EHC \u00e0 Eurre - AlterTour<\/title>\n<meta name=\"robots\" content=\"index, follow, max-snippet:-1, max-image-preview:large, max-video-preview:-1\" \/>\n<link rel=\"canonical\" href=\"https:\/\/www.altercampagne.net\/?p=3803\" \/>\n<meta property=\"og:locale\" content=\"fr_FR\" \/>\n<meta property=\"og:type\" content=\"article\" \/>\n<meta property=\"og:title\" content=\"\u00c9tape du 14 juillet : Rencontre avec les EHC \u00e0 Eurre - AlterTour\" \/>\n<meta property=\"og:description\" content=\"Lever \u00e0 6h00 et d\u00e9part pour les Amanins (Dr\u00f4me) o\u00f9 Houari, porte-parole du collectif existant depuis 7 ans, nous pr\u00e9sente le projet de Pierre Rabhi et Michel Valentin\u00a0: un centre agro-\u00e9cologique. C&rsquo;est une ferme en polyculture avec un centre d\u2019accueil d&rsquo;une capacit\u00e9 de 70 personnes. Cela permet de financer une ... Read More\" \/>\n<meta property=\"og:url\" content=\"https:\/\/www.altercampagne.net\/?p=3803\" \/>\n<meta property=\"og:site_name\" content=\"AlterTour\" \/>\n<meta property=\"article:published_time\" content=\"2011-07-14T14:37:03+00:00\" \/>\n<meta property=\"article:modified_time\" content=\"2019-09-16T16:03:41+00:00\" \/>\n<meta property=\"og:image\" content=\"https:\/\/www.altercampagne.net\/wp-content\/uploads\/2011\/07\/Alter_Tour_2011_EHS_Zone_Refuge_France_13_juillet_2011_DSC07408_10241.jpg\" \/>\n\t<meta property=\"og:image:width\" content=\"1024\" \/>\n\t<meta property=\"og:image:height\" content=\"733\" \/>\n\t<meta property=\"og:image:type\" content=\"image\/jpeg\" \/>\n<meta name=\"author\" content=\"Mathieu\" \/>\n<meta name=\"twitter:card\" content=\"summary_large_image\" \/>\n<meta name=\"twitter:label1\" content=\"\u00c9crit par\" \/>\n\t<meta name=\"twitter:data1\" content=\"Mathieu\" \/>\n\t<meta name=\"twitter:label2\" content=\"Dur\u00e9e de lecture estim\u00e9e\" \/>\n\t<meta name=\"twitter:data2\" content=\"5 minutes\" \/>\n<script type=\"application\/ld+json\" class=\"yoast-schema-graph\">{\"@context\":\"https:\\\/\\\/schema.org\",\"@graph\":[{\"@type\":\"Article\",\"@id\":\"https:\\\/\\\/www.altercampagne.net\\\/?p=3803#article\",\"isPartOf\":{\"@id\":\"https:\\\/\\\/www.altercampagne.net\\\/?p=3803\"},\"author\":{\"name\":\"Mathieu\",\"@id\":\"https:\\\/\\\/www.altercampagne.net\\\/#\\\/schema\\\/person\\\/0f261460c09e430caa0f9bcffa319109\"},\"headline\":\"\u00c9tape du 14 juillet : Rencontre avec les EHC \u00e0 Eurre\",\"datePublished\":\"2011-07-14T14:37:03+00:00\",\"dateModified\":\"2019-09-16T16:03:41+00:00\",\"mainEntityOfPage\":{\"@id\":\"https:\\\/\\\/www.altercampagne.net\\\/?p=3803\"},\"wordCount\":969,\"image\":{\"@id\":\"https:\\\/\\\/www.altercampagne.net\\\/?p=3803#primaryimage\"},\"thumbnailUrl\":\"https:\\\/\\\/www.altercampagne.net\\\/wp-content\\\/uploads\\\/2011\\\/07\\\/Alter_Tour_2011_EHS_Zone_Refuge_France_13_juillet_2011_DSC07408_10241.jpg\",\"keywords\":[\"Pierre Rabhi\",\"AlterTour 2011\",\"Dr\u00f4me\",\"autonomie \u00e9nerg\u00e9tique\",\"les Amanins\",\"Michel Valentin\",\"centre agro-\u00e9cologique\",\"\u00e9lectrosensibles\",\"zone blanche\",\"nextup\",\"ferme de la Baume Rousse\",\"Auvergne-Rh\u00f4ne-Alpes\",\"Rhone-Alpes\",\"2011\"],\"articleSection\":[\"Auvergne-Rh\u00f4ne-Alpes\",\"Agriculture\",\"Environnement\",\"Habitat\",\"Transverse\",\"\u00c9dition 2011\"],\"inLanguage\":\"fr-FR\"},{\"@type\":\"WebPage\",\"@id\":\"https:\\\/\\\/www.altercampagne.net\\\/?p=3803\",\"url\":\"https:\\\/\\\/www.altercampagne.net\\\/?p=3803\",\"name\":\"\u00c9tape du 14 juillet : Rencontre avec les EHC \u00e0 Eurre - AlterTour\",\"isPartOf\":{\"@id\":\"https:\\\/\\\/www.altercampagne.net\\\/#website\"},\"primaryImageOfPage\":{\"@id\":\"https:\\\/\\\/www.altercampagne.net\\\/?p=3803#primaryimage\"},\"image\":{\"@id\":\"https:\\\/\\\/www.altercampagne.net\\\/?p=3803#primaryimage\"},\"thumbnailUrl\":\"https:\\\/\\\/www.altercampagne.net\\\/wp-content\\\/uploads\\\/2011\\\/07\\\/Alter_Tour_2011_EHS_Zone_Refuge_France_13_juillet_2011_DSC07408_10241.jpg\",\"datePublished\":\"2011-07-14T14:37:03+00:00\",\"dateModified\":\"2019-09-16T16:03:41+00:00\",\"author\":{\"@id\":\"https:\\\/\\\/www.altercampagne.net\\\/#\\\/schema\\\/person\\\/0f261460c09e430caa0f9bcffa319109\"},\"breadcrumb\":{\"@id\":\"https:\\\/\\\/www.altercampagne.net\\\/?p=3803#breadcrumb\"},\"inLanguage\":\"fr-FR\",\"potentialAction\":[{\"@type\":\"ReadAction\",\"target\":[\"https:\\\/\\\/www.altercampagne.net\\\/?p=3803\"]}]},{\"@type\":\"ImageObject\",\"inLanguage\":\"fr-FR\",\"@id\":\"https:\\\/\\\/www.altercampagne.net\\\/?p=3803#primaryimage\",\"url\":\"https:\\\/\\\/www.altercampagne.net\\\/wp-content\\\/uploads\\\/2011\\\/07\\\/Alter_Tour_2011_EHS_Zone_Refuge_France_13_juillet_2011_DSC07408_10241.jpg\",\"contentUrl\":\"https:\\\/\\\/www.altercampagne.net\\\/wp-content\\\/uploads\\\/2011\\\/07\\\/Alter_Tour_2011_EHS_Zone_Refuge_France_13_juillet_2011_DSC07408_10241.jpg\",\"width\":1024,\"height\":733,\"caption\":\"Alter Tour 2011 Etape EHS Zone Refuge France 13-14 Juillet 2011\"},{\"@type\":\"BreadcrumbList\",\"@id\":\"https:\\\/\\\/www.altercampagne.net\\\/?p=3803#breadcrumb\",\"itemListElement\":[{\"@type\":\"ListItem\",\"position\":1,\"name\":\"Accueil\",\"item\":\"https:\\\/\\\/www.altercampagne.net\\\/\"},{\"@type\":\"ListItem\",\"position\":2,\"name\":\"\u00c9tape du 14 juillet : Rencontre avec les EHC \u00e0 Eurre\"}]},{\"@type\":\"WebSite\",\"@id\":\"https:\\\/\\\/www.altercampagne.net\\\/#website\",\"url\":\"https:\\\/\\\/www.altercampagne.net\\\/\",\"name\":\"AlterTour\",\"description\":\"Reliez les Alternatives \u00e0 v\u00e9lo\",\"potentialAction\":[{\"@type\":\"SearchAction\",\"target\":{\"@type\":\"EntryPoint\",\"urlTemplate\":\"https:\\\/\\\/www.altercampagne.net\\\/?s={search_term_string}\"},\"query-input\":{\"@type\":\"PropertyValueSpecification\",\"valueRequired\":true,\"valueName\":\"search_term_string\"}}],\"inLanguage\":\"fr-FR\"},{\"@type\":\"Person\",\"@id\":\"https:\\\/\\\/www.altercampagne.net\\\/#\\\/schema\\\/person\\\/0f261460c09e430caa0f9bcffa319109\",\"name\":\"Mathieu\",\"image\":{\"@type\":\"ImageObject\",\"inLanguage\":\"fr-FR\",\"@id\":\"https:\\\/\\\/secure.gravatar.com\\\/avatar\\\/aa9d3d24c83f2141e5e2709d0f63d09a99f6be6bb7a50abc4915838d9f54501a?s=96&d=mm&r=g\",\"url\":\"https:\\\/\\\/secure.gravatar.com\\\/avatar\\\/aa9d3d24c83f2141e5e2709d0f63d09a99f6be6bb7a50abc4915838d9f54501a?s=96&d=mm&r=g\",\"contentUrl\":\"https:\\\/\\\/secure.gravatar.com\\\/avatar\\\/aa9d3d24c83f2141e5e2709d0f63d09a99f6be6bb7a50abc4915838d9f54501a?s=96&d=mm&r=g\",\"caption\":\"Mathieu\"},\"url\":\"https:\\\/\\\/www.altercampagne.net\\\/?author=214\"}]}<\/script>\n<!-- \/ Yoast SEO plugin. -->","yoast_head_json":{"title":"\u00c9tape du 14 juillet : Rencontre avec les EHC \u00e0 Eurre - AlterTour","robots":{"index":"index","follow":"follow","max-snippet":"max-snippet:-1","max-image-preview":"max-image-preview:large","max-video-preview":"max-video-preview:-1"},"canonical":"https:\/\/www.altercampagne.net\/?p=3803","og_locale":"fr_FR","og_type":"article","og_title":"\u00c9tape du 14 juillet : Rencontre avec les EHC \u00e0 Eurre - AlterTour","og_description":"Lever \u00e0 6h00 et d\u00e9part pour les Amanins (Dr\u00f4me) o\u00f9 Houari, porte-parole du collectif existant depuis 7 ans, nous pr\u00e9sente le projet de Pierre Rabhi et Michel Valentin\u00a0: un centre agro-\u00e9cologique. C&rsquo;est une ferme en polyculture avec un centre d\u2019accueil d&rsquo;une capacit\u00e9 de 70 personnes. Cela permet de financer une ... Read More","og_url":"https:\/\/www.altercampagne.net\/?p=3803","og_site_name":"AlterTour","article_published_time":"2011-07-14T14:37:03+00:00","article_modified_time":"2019-09-16T16:03:41+00:00","og_image":[{"width":1024,"height":733,"url":"https:\/\/www.altercampagne.net\/wp-content\/uploads\/2011\/07\/Alter_Tour_2011_EHS_Zone_Refuge_France_13_juillet_2011_DSC07408_10241.jpg","type":"image\/jpeg"}],"author":"Mathieu","twitter_card":"summary_large_image","twitter_misc":{"\u00c9crit par":"Mathieu","Dur\u00e9e de lecture estim\u00e9e":"5 minutes"},"schema":{"@context":"https:\/\/schema.org","@graph":[{"@type":"Article","@id":"https:\/\/www.altercampagne.net\/?p=3803#article","isPartOf":{"@id":"https:\/\/www.altercampagne.net\/?p=3803"},"author":{"name":"Mathieu","@id":"https:\/\/www.altercampagne.net\/#\/schema\/person\/0f261460c09e430caa0f9bcffa319109"},"headline":"\u00c9tape du 14 juillet : Rencontre avec les EHC \u00e0 Eurre","datePublished":"2011-07-14T14:37:03+00:00","dateModified":"2019-09-16T16:03:41+00:00","mainEntityOfPage":{"@id":"https:\/\/www.altercampagne.net\/?p=3803"},"wordCount":969,"image":{"@id":"https:\/\/www.altercampagne.net\/?p=3803#primaryimage"},"thumbnailUrl":"https:\/\/www.altercampagne.net\/wp-content\/uploads\/2011\/07\/Alter_Tour_2011_EHS_Zone_Refuge_France_13_juillet_2011_DSC07408_10241.jpg","keywords":["Pierre Rabhi","AlterTour 2011","Dr\u00f4me","autonomie \u00e9nerg\u00e9tique","les Amanins","Michel Valentin","centre agro-\u00e9cologique","\u00e9lectrosensibles","zone blanche","nextup","ferme de la Baume Rousse","Auvergne-Rh\u00f4ne-Alpes","Rhone-Alpes","2011"],"articleSection":["Auvergne-Rh\u00f4ne-Alpes","Agriculture","Environnement","Habitat","Transverse","\u00c9dition 2011"],"inLanguage":"fr-FR"},{"@type":"WebPage","@id":"https:\/\/www.altercampagne.net\/?p=3803","url":"https:\/\/www.altercampagne.net\/?p=3803","name":"\u00c9tape du 14 juillet : Rencontre avec les EHC \u00e0 Eurre - AlterTour","isPartOf":{"@id":"https:\/\/www.altercampagne.net\/#website"},"primaryImageOfPage":{"@id":"https:\/\/www.altercampagne.net\/?p=3803#primaryimage"},"image":{"@id":"https:\/\/www.altercampagne.net\/?p=3803#primaryimage"},"thumbnailUrl":"https:\/\/www.altercampagne.net\/wp-content\/uploads\/2011\/07\/Alter_Tour_2011_EHS_Zone_Refuge_France_13_juillet_2011_DSC07408_10241.jpg","datePublished":"2011-07-14T14:37:03+00:00","dateModified":"2019-09-16T16:03:41+00:00","author":{"@id":"https:\/\/www.altercampagne.net\/#\/schema\/person\/0f261460c09e430caa0f9bcffa319109"},"breadcrumb":{"@id":"https:\/\/www.altercampagne.net\/?p=3803#breadcrumb"},"inLanguage":"fr-FR","potentialAction":[{"@type":"ReadAction","target":["https:\/\/www.altercampagne.net\/?p=3803"]}]},{"@type":"ImageObject","inLanguage":"fr-FR","@id":"https:\/\/www.altercampagne.net\/?p=3803#primaryimage","url":"https:\/\/www.altercampagne.net\/wp-content\/uploads\/2011\/07\/Alter_Tour_2011_EHS_Zone_Refuge_France_13_juillet_2011_DSC07408_10241.jpg","contentUrl":"https:\/\/www.altercampagne.net\/wp-content\/uploads\/2011\/07\/Alter_Tour_2011_EHS_Zone_Refuge_France_13_juillet_2011_DSC07408_10241.jpg","width":1024,"height":733,"caption":"Alter Tour 2011 Etape EHS Zone Refuge France 13-14 Juillet 2011"},{"@type":"BreadcrumbList","@id":"https:\/\/www.altercampagne.net\/?p=3803#breadcrumb","itemListElement":[{"@type":"ListItem","position":1,"name":"Accueil","item":"https:\/\/www.altercampagne.net\/"},{"@type":"ListItem","position":2,"name":"\u00c9tape du 14 juillet : Rencontre avec les EHC \u00e0 Eurre"}]},{"@type":"WebSite","@id":"https:\/\/www.altercampagne.net\/#website","url":"https:\/\/www.altercampagne.net\/","name":"AlterTour","description":"Reliez les Alternatives \u00e0 v\u00e9lo","potentialAction":[{"@type":"SearchAction","target":{"@type":"EntryPoint","urlTemplate":"https:\/\/www.altercampagne.net\/?s={search_term_string}"},"query-input":{"@type":"PropertyValueSpecification","valueRequired":true,"valueName":"search_term_string"}}],"inLanguage":"fr-FR"},{"@type":"Person","@id":"https:\/\/www.altercampagne.net\/#\/schema\/person\/0f261460c09e430caa0f9bcffa319109","name":"Mathieu","image":{"@type":"ImageObject","inLanguage":"fr-FR","@id":"https:\/\/secure.gravatar.com\/avatar\/aa9d3d24c83f2141e5e2709d0f63d09a99f6be6bb7a50abc4915838d9f54501a?s=96&d=mm&r=g","url":"https:\/\/secure.gravatar.com\/avatar\/aa9d3d24c83f2141e5e2709d0f63d09a99f6be6bb7a50abc4915838d9f54501a?s=96&d=mm&r=g","contentUrl":"https:\/\/secure.gravatar.com\/avatar\/aa9d3d24c83f2141e5e2709d0f63d09a99f6be6bb7a50abc4915838d9f54501a?s=96&d=mm&r=g","caption":"Mathieu"},"url":"https:\/\/www.altercampagne.net\/?author=214"}]}},"_links":{"self":[{"href":"https:\/\/www.altercampagne.net\/index.php?rest_route=\/wp\/v2\/posts\/3803","targetHints":{"allow":["GET"]}}],"collection":[{"href":"https:\/\/www.altercampagne.net\/index.php?rest_route=\/wp\/v2\/posts"}],"about":[{"href":"https:\/\/www.altercampagne.net\/index.php?rest_route=\/wp\/v2\/types\/post"}],"author":[{"embeddable":true,"href":"https:\/\/www.altercampagne.net\/index.php?rest_route=\/wp\/v2\/users\/214"}],"replies":[{"embeddable":true,"href":"https:\/\/www.altercampagne.net\/index.php?rest_route=%2Fwp%2Fv2%2Fcomments&post=3803"}],"version-history":[{"count":0,"href":"https:\/\/www.altercampagne.net\/index.php?rest_route=\/wp\/v2\/posts\/3803\/revisions"}],"wp:featuredmedia":[{"embeddable":true,"href":"https:\/\/www.altercampagne.net\/index.php?rest_route=\/wp\/v2\/media\/15847"}],"wp:attachment":[{"href":"https:\/\/www.altercampagne.net\/index.php?rest_route=%2Fwp%2Fv2%2Fmedia&parent=3803"}],"wp:term":[{"taxonomy":"category","embeddable":true,"href":"https:\/\/www.altercampagne.net\/index.php?rest_route=%2Fwp%2Fv2%2Fcategories&post=3803"},{"taxonomy":"post_tag","embeddable":true,"href":"https:\/\/www.altercampagne.net\/index.php?rest_route=%2Fwp%2Fv2%2Ftags&post=3803"}],"curies":[{"name":"wp","href":"https:\/\/api.w.org\/{rel}","templated":true}]}}