{"id":3806,"date":"2011-07-10T16:42:33","date_gmt":"2011-07-10T14:42:33","guid":{"rendered":"http:\/\/www.altercampagne.net\/?p=3806"},"modified":"2019-09-13T14:03:03","modified_gmt":"2019-09-13T12:03:03","slug":"etape-du-10-juillet-sainte-marie-dalloix-crolles","status":"publish","type":"post","link":"https:\/\/www.altercampagne.net\/?p=3806","title":{"rendered":"\u00c9tape du 10 juillet : Sainte Marie d\u2019Alloix &#8211; Crolles"},"content":{"rendered":"<p class=\"Style13 Style126\">R\u00e9veil tardif (\u00e0 7h30) car l\u2019\u00e9tape est courte en distance (mais pas en \u00e9v\u00e9nements), petit d\u00e9jeuner copieux, encore pr\u00e9par\u00e9 par les locaux.<\/p>\n<p class=\"Style13 Style126\">I) Trajet vers Crolles avec maints d\u00e9tours au milieu des cultures intensives. Le ma\u00efs dop\u00e9 empeste d\u00e9j\u00e0 la porcherie\u00a0!<\/p>\n<p class=\"Style13 Style126\">Distribution de tracts et d\u00e9voilement par Julien du v\u00e9hicule du futur (la bicyclette et sa remorque) au c\u0153ur du march\u00e9 de Crolles.<\/p>\n<p class=\"Style13 Style126\">II) Fabienne nous re\u00e7oit dans sa <a href=\"http:\/\/fermedantan.dyndns.org\/\" target=\"_blank\" rel=\"noopener noreferrer\"><strong>Ferme d\u2019Antan<\/strong><\/a> au Buissoneys (<a href=\"http:\/\/www.accueil-paysan.com\/hote.asp?fiche=3835\" target=\"_blank\" rel=\"noopener noreferrer\"><strong>Accueil Paysan<\/strong><\/a>) et nous sert son excellent vin de sureau \u00e0 l\u2019ap\u00e9ritif. Elle nous fait visiter la collection de Fiacres et la reconstitution d\u2019un village des ann\u00e9es 50 avec son\u00a0\u00e9picerie, cordonnerie, boulangerie, Mairie, \u00e9cole et Poste ; c\u2019est \u00e9mouvant.<\/p>\n<p class=\"Style13 Style126\">Repas en autonomie sur la terrasse.<\/p>\n<p class=\"Style13 Style126\">III) Arr\u00eat devant le temple de la technologie\u00a0: l\u2019\u00e9norme usine ST micro \u00e9lectronique de Crolles 2, pos\u00e9e au milieu de cette ancienne vall\u00e9e nourrici\u00e8re du Gr\u00e9sivaudan qui est bord\u00e9e par les massifs de Chartreuse et de Belledonne.<\/p>\n<p class=\"Style13 Style126\">IV) Arriv\u00e9e \u00e0 la <a href=\"http:\/\/www.brasserie-du-chardon.com\/fr\/accueil\/\" target=\"_blank\" rel=\"noopener noreferrer\">Brasserie du Chardon<\/a> \u00e0 Bermin\u00a0ouverte exceptionnellement un dimanche pour accueillir l\u2019AlterTour et un rep\u00e8re de \u00ab\u00a0La bas si j\u2019y suis\u00a0\u00bb ;<\/p>\n<p class=\"Style13 Style126\">Denis et Claudie nous expliquent la fabrication de leurs bi\u00e8res biologiques\u00a0; celle-ci s\u2019\u00e9tale sur 5 semaines et ils font environ 50 lots de 1000 litres \/an, soit 1 par semaine depuis 2004 (ouverture). Le malt (orge dont la germination a \u00e9t\u00e9 stopp\u00e9e), le houblon, la levure et le sucre sont les 4 ingr\u00e9dients de base\u00a0; on peut y ajouter des \u00e9pices telles que la coriandre ou l\u2019\u00e9corce d\u2019orange. Ils \u00e9coulent facilement leur production aupr\u00e8s de revendeurs locaux et de la plateforme Satoriz d\u2019Albertville.<\/p>\n<p class=\"Style13 Style126\">D\u00e9gustation\u00a0:<\/p>\n<ul>\n<li class=\"Style126\">Chenevi\u00e8re\u00a0: avec du chanvre<\/li>\n<li class=\"Style126\">Grande chantourne\u00a0: contient un peu de malt d\u2019\u00e9peautre<\/li>\n<li class=\"Style126\">Barbulle\u00a0: bi\u00e8re blonde am\u00e8re<\/li>\n<li class=\"Style126\">T\u00eate rousse\u00a0: malt d\u2019orge l\u00e9g\u00e8rement caram\u00e9lis\u00e9<\/li>\n<li class=\"Style126\">Roche noire\u00a0: une part du malt tr\u00e8s caram\u00e9lis\u00e9.<\/li>\n<\/ul>\n<p class=\"Style126\">Apr\u00e8s cela, nous sommes chauds pour participer au rep\u00e8re\u00a0!<\/p>\n<p class=\"Style126\">V) Le th\u00e8me est l\u2019\u00e9loge de la lenteur ou la d\u00e9croissance\u00a0;<\/p>\n<p class=\"Style126\">Avec tous les habitu\u00e9s du Rep\u00e8re, nous confrontons nos id\u00e9es pendant pr\u00e8s de 2 heures. Voici quelques r\u00e9flexions\u00a0:<\/p>\n<ul class=\"Style126\">\n<li>croissance de certaines choses et d\u00e9croissance de ce qui est inhumain (Fran\u00e7ois)<\/li>\n<li>Transition plut\u00f4t que d\u00e9croissance, beaucoup de choses joyeuses \u00e0 faire (Julien)<\/li>\n<li>90% de la production de ST micro sert \u00e0 des choses futiles nous rappelle le d\u00e9l\u00e9gu\u00e9 syndical de l\u2019entreprise\u00a0; sur les 4000 employ\u00e9s la grande majorit\u00e9 sont en CDD et le PDG qui touche 1 M\u20ac \/an fait du green washing en offrant 10 v\u00e9lo \u00e9lectrique \u00e0 son personnel\u00a0!<\/li>\n<\/ul>\n<p class=\"Style126\">La cr\u00e9ation des puces n\u00e9cessite \u00e9norm\u00e9ment d\u2019eau de tr\u00e8s bonne qualit\u00e9 (eau de la roche blanche) De ce fait, la commune de Crolles consomme autant d\u2019eau que toute l\u2019agglo Grenobloise.<\/p>\n<ul class=\"Style126\">\n<li>Annonce de l\u2019Ultra sieste aux Houches les 22 et 23 ao\u00fbt.<\/li>\n<\/ul>\n<p class=\"Style126\">VI) Claudie nous conduit jusqu\u2019\u00e0 la maison familiale situ\u00e9e sous la dent de Crolles.<\/p>\n<p class=\"Style126\">Installation des tentes, ap\u00e9ritif et repas en autonomie. La pluie s\u2019invite et perturbe la partie de p\u00e9tanque.<\/p>\n<p class=\"Style126\">Marcelline<\/p>\n","protected":false},"excerpt":{"rendered":"<p>R\u00e9veil tardif (\u00e0 7h30) car l\u2019\u00e9tape est courte en distance (mais pas en \u00e9v\u00e9nements), petit d\u00e9jeuner copieux, encore pr\u00e9par\u00e9 par les locaux. I) Trajet vers Crolles avec maints d\u00e9tours au milieu des cultures intensives. Le ma\u00efs dop\u00e9 empeste d\u00e9j\u00e0 la porcherie\u00a0! Distribution de tracts et d\u00e9voilement par Julien du v\u00e9hicule &#8230; <\/p>\n<div><a href=\"https:\/\/www.altercampagne.net\/?p=3806\" class=\"more-link\">Read More<\/a><\/div>\n","protected":false},"author":214,"featured_media":15398,"comment_status":"closed","ping_status":"closed","sticky":false,"template":"","format":"standard","meta":{"footnotes":""},"categories":[3483,3495,4037,3464],"tags":[217,431,836,1347,1461,1462,1463,1464,1465,1466,1489,1650,1979,1982],"class_list":["post-3806","post","type-post","status-publish","format-standard","has-post-thumbnail","hentry","category-agriculture","category-bourgogne-franche-comte","category-biere","category-edition-2011","tag-decroissance","tag-accueil-paysan","tag-altertour-2011","tag-ultra-sieste","tag-crolles","tag-ferme-dantan","tag-repere-la-bas-si-jy-suis","tag-brasserie-du-chardon","tag-bermin","tag-bieres-bio","tag-auvergne-rhone-alpes","tag-rhone-alpes","tag-1979","tag-isere"],"yoast_head":"<!-- This site is optimized with the Yoast SEO plugin v27.3 - https:\/\/yoast.com\/product\/yoast-seo-wordpress\/ -->\n<title>\u00c9tape du 10 juillet : Sainte Marie d\u2019Alloix - Crolles - AlterTour<\/title>\n<meta name=\"robots\" content=\"index, follow, max-snippet:-1, max-image-preview:large, max-video-preview:-1\" \/>\n<link rel=\"canonical\" href=\"https:\/\/www.altercampagne.net\/?p=3806\" \/>\n<meta property=\"og:locale\" content=\"fr_FR\" \/>\n<meta property=\"og:type\" content=\"article\" \/>\n<meta property=\"og:title\" content=\"\u00c9tape du 10 juillet : Sainte Marie d\u2019Alloix - Crolles - AlterTour\" \/>\n<meta property=\"og:description\" content=\"R\u00e9veil tardif (\u00e0 7h30) car l\u2019\u00e9tape est courte en distance (mais pas en \u00e9v\u00e9nements), petit d\u00e9jeuner copieux, encore pr\u00e9par\u00e9 par les locaux. I) Trajet vers Crolles avec maints d\u00e9tours au milieu des cultures intensives. Le ma\u00efs dop\u00e9 empeste d\u00e9j\u00e0 la porcherie\u00a0! Distribution de tracts et d\u00e9voilement par Julien du v\u00e9hicule ... Read More\" \/>\n<meta property=\"og:url\" content=\"https:\/\/www.altercampagne.net\/?p=3806\" \/>\n<meta property=\"og:site_name\" content=\"AlterTour\" \/>\n<meta property=\"article:published_time\" content=\"2011-07-10T14:42:33+00:00\" \/>\n<meta property=\"article:modified_time\" content=\"2019-09-13T12:03:03+00:00\" \/>\n<meta property=\"og:image\" content=\"https:\/\/www.altercampagne.net\/wp-content\/uploads\/2011\/07\/2011-07-10-julian-hochgesang-625579-unsplash.jpg\" \/>\n\t<meta property=\"og:image:width\" content=\"900\" \/>\n\t<meta property=\"og:image:height\" content=\"470\" \/>\n\t<meta property=\"og:image:type\" content=\"image\/jpeg\" \/>\n<meta name=\"author\" content=\"Mathieu\" \/>\n<meta name=\"twitter:card\" content=\"summary_large_image\" \/>\n<meta name=\"twitter:label1\" content=\"\u00c9crit par\" \/>\n\t<meta name=\"twitter:data1\" content=\"Mathieu\" \/>\n\t<meta name=\"twitter:label2\" content=\"Dur\u00e9e de lecture estim\u00e9e\" \/>\n\t<meta name=\"twitter:data2\" content=\"3 minutes\" \/>\n<script type=\"application\/ld+json\" class=\"yoast-schema-graph\">{\"@context\":\"https:\\\/\\\/schema.org\",\"@graph\":[{\"@type\":\"Article\",\"@id\":\"https:\\\/\\\/www.altercampagne.net\\\/?p=3806#article\",\"isPartOf\":{\"@id\":\"https:\\\/\\\/www.altercampagne.net\\\/?p=3806\"},\"author\":{\"name\":\"Mathieu\",\"@id\":\"https:\\\/\\\/www.altercampagne.net\\\/#\\\/schema\\\/person\\\/0f261460c09e430caa0f9bcffa319109\"},\"headline\":\"\u00c9tape du 10 juillet : Sainte Marie d\u2019Alloix &#8211; Crolles\",\"datePublished\":\"2011-07-10T14:42:33+00:00\",\"dateModified\":\"2019-09-13T12:03:03+00:00\",\"mainEntityOfPage\":{\"@id\":\"https:\\\/\\\/www.altercampagne.net\\\/?p=3806\"},\"wordCount\":545,\"image\":{\"@id\":\"https:\\\/\\\/www.altercampagne.net\\\/?p=3806#primaryimage\"},\"thumbnailUrl\":\"https:\\\/\\\/www.altercampagne.net\\\/wp-content\\\/uploads\\\/2011\\\/07\\\/2011-07-10-julian-hochgesang-625579-unsplash.jpg\",\"keywords\":[\"d\u00e9croissance\",\"accueil paysan\",\"AlterTour 2011\",\"Ultra-sieste\",\"Crolles\",\"Ferme d\u2019Antan\",\"rep\u00e8re La-bas si j\u2019y suis\",\"brasserie du Chardon\",\"Bermin\",\"bi\u00e8res bio\",\"Auvergne-Rh\u00f4ne-Alpes\",\"Rhone-Alpes\",\"2011\",\"Is\u00e8re\"],\"articleSection\":[\"Agriculture\",\"Bourgogne-Franche-Comt\u00e9\",\"Bi\u00e8re\",\"\u00c9dition 2011\"],\"inLanguage\":\"fr-FR\"},{\"@type\":\"WebPage\",\"@id\":\"https:\\\/\\\/www.altercampagne.net\\\/?p=3806\",\"url\":\"https:\\\/\\\/www.altercampagne.net\\\/?p=3806\",\"name\":\"\u00c9tape du 10 juillet : Sainte Marie d\u2019Alloix - Crolles - AlterTour\",\"isPartOf\":{\"@id\":\"https:\\\/\\\/www.altercampagne.net\\\/#website\"},\"primaryImageOfPage\":{\"@id\":\"https:\\\/\\\/www.altercampagne.net\\\/?p=3806#primaryimage\"},\"image\":{\"@id\":\"https:\\\/\\\/www.altercampagne.net\\\/?p=3806#primaryimage\"},\"thumbnailUrl\":\"https:\\\/\\\/www.altercampagne.net\\\/wp-content\\\/uploads\\\/2011\\\/07\\\/2011-07-10-julian-hochgesang-625579-unsplash.jpg\",\"datePublished\":\"2011-07-10T14:42:33+00:00\",\"dateModified\":\"2019-09-13T12:03:03+00:00\",\"author\":{\"@id\":\"https:\\\/\\\/www.altercampagne.net\\\/#\\\/schema\\\/person\\\/0f261460c09e430caa0f9bcffa319109\"},\"breadcrumb\":{\"@id\":\"https:\\\/\\\/www.altercampagne.net\\\/?p=3806#breadcrumb\"},\"inLanguage\":\"fr-FR\",\"potentialAction\":[{\"@type\":\"ReadAction\",\"target\":[\"https:\\\/\\\/www.altercampagne.net\\\/?p=3806\"]}]},{\"@type\":\"ImageObject\",\"inLanguage\":\"fr-FR\",\"@id\":\"https:\\\/\\\/www.altercampagne.net\\\/?p=3806#primaryimage\",\"url\":\"https:\\\/\\\/www.altercampagne.net\\\/wp-content\\\/uploads\\\/2011\\\/07\\\/2011-07-10-julian-hochgesang-625579-unsplash.jpg\",\"contentUrl\":\"https:\\\/\\\/www.altercampagne.net\\\/wp-content\\\/uploads\\\/2011\\\/07\\\/2011-07-10-julian-hochgesang-625579-unsplash.jpg\",\"width\":900,\"height\":470},{\"@type\":\"BreadcrumbList\",\"@id\":\"https:\\\/\\\/www.altercampagne.net\\\/?p=3806#breadcrumb\",\"itemListElement\":[{\"@type\":\"ListItem\",\"position\":1,\"name\":\"Accueil\",\"item\":\"https:\\\/\\\/www.altercampagne.net\\\/\"},{\"@type\":\"ListItem\",\"position\":2,\"name\":\"\u00c9tape du 10 juillet : Sainte Marie d\u2019Alloix &#8211; Crolles\"}]},{\"@type\":\"WebSite\",\"@id\":\"https:\\\/\\\/www.altercampagne.net\\\/#website\",\"url\":\"https:\\\/\\\/www.altercampagne.net\\\/\",\"name\":\"AlterTour\",\"description\":\"Reliez les Alternatives \u00e0 v\u00e9lo\",\"potentialAction\":[{\"@type\":\"SearchAction\",\"target\":{\"@type\":\"EntryPoint\",\"urlTemplate\":\"https:\\\/\\\/www.altercampagne.net\\\/?s={search_term_string}\"},\"query-input\":{\"@type\":\"PropertyValueSpecification\",\"valueRequired\":true,\"valueName\":\"search_term_string\"}}],\"inLanguage\":\"fr-FR\"},{\"@type\":\"Person\",\"@id\":\"https:\\\/\\\/www.altercampagne.net\\\/#\\\/schema\\\/person\\\/0f261460c09e430caa0f9bcffa319109\",\"name\":\"Mathieu\",\"image\":{\"@type\":\"ImageObject\",\"inLanguage\":\"fr-FR\",\"@id\":\"https:\\\/\\\/secure.gravatar.com\\\/avatar\\\/aa9d3d24c83f2141e5e2709d0f63d09a99f6be6bb7a50abc4915838d9f54501a?s=96&d=mm&r=g\",\"url\":\"https:\\\/\\\/secure.gravatar.com\\\/avatar\\\/aa9d3d24c83f2141e5e2709d0f63d09a99f6be6bb7a50abc4915838d9f54501a?s=96&d=mm&r=g\",\"contentUrl\":\"https:\\\/\\\/secure.gravatar.com\\\/avatar\\\/aa9d3d24c83f2141e5e2709d0f63d09a99f6be6bb7a50abc4915838d9f54501a?s=96&d=mm&r=g\",\"caption\":\"Mathieu\"},\"url\":\"https:\\\/\\\/www.altercampagne.net\\\/?author=214\"}]}<\/script>\n<!-- \/ Yoast SEO plugin. -->","yoast_head_json":{"title":"\u00c9tape du 10 juillet : Sainte Marie d\u2019Alloix - Crolles - AlterTour","robots":{"index":"index","follow":"follow","max-snippet":"max-snippet:-1","max-image-preview":"max-image-preview:large","max-video-preview":"max-video-preview:-1"},"canonical":"https:\/\/www.altercampagne.net\/?p=3806","og_locale":"fr_FR","og_type":"article","og_title":"\u00c9tape du 10 juillet : Sainte Marie d\u2019Alloix - Crolles - AlterTour","og_description":"R\u00e9veil tardif (\u00e0 7h30) car l\u2019\u00e9tape est courte en distance (mais pas en \u00e9v\u00e9nements), petit d\u00e9jeuner copieux, encore pr\u00e9par\u00e9 par les locaux. I) Trajet vers Crolles avec maints d\u00e9tours au milieu des cultures intensives. Le ma\u00efs dop\u00e9 empeste d\u00e9j\u00e0 la porcherie\u00a0! Distribution de tracts et d\u00e9voilement par Julien du v\u00e9hicule ... Read More","og_url":"https:\/\/www.altercampagne.net\/?p=3806","og_site_name":"AlterTour","article_published_time":"2011-07-10T14:42:33+00:00","article_modified_time":"2019-09-13T12:03:03+00:00","og_image":[{"width":900,"height":470,"url":"https:\/\/www.altercampagne.net\/wp-content\/uploads\/2011\/07\/2011-07-10-julian-hochgesang-625579-unsplash.jpg","type":"image\/jpeg"}],"author":"Mathieu","twitter_card":"summary_large_image","twitter_misc":{"\u00c9crit par":"Mathieu","Dur\u00e9e de lecture estim\u00e9e":"3 minutes"},"schema":{"@context":"https:\/\/schema.org","@graph":[{"@type":"Article","@id":"https:\/\/www.altercampagne.net\/?p=3806#article","isPartOf":{"@id":"https:\/\/www.altercampagne.net\/?p=3806"},"author":{"name":"Mathieu","@id":"https:\/\/www.altercampagne.net\/#\/schema\/person\/0f261460c09e430caa0f9bcffa319109"},"headline":"\u00c9tape du 10 juillet : Sainte Marie d\u2019Alloix &#8211; Crolles","datePublished":"2011-07-10T14:42:33+00:00","dateModified":"2019-09-13T12:03:03+00:00","mainEntityOfPage":{"@id":"https:\/\/www.altercampagne.net\/?p=3806"},"wordCount":545,"image":{"@id":"https:\/\/www.altercampagne.net\/?p=3806#primaryimage"},"thumbnailUrl":"https:\/\/www.altercampagne.net\/wp-content\/uploads\/2011\/07\/2011-07-10-julian-hochgesang-625579-unsplash.jpg","keywords":["d\u00e9croissance","accueil paysan","AlterTour 2011","Ultra-sieste","Crolles","Ferme d\u2019Antan","rep\u00e8re La-bas si j\u2019y suis","brasserie du Chardon","Bermin","bi\u00e8res bio","Auvergne-Rh\u00f4ne-Alpes","Rhone-Alpes","2011","Is\u00e8re"],"articleSection":["Agriculture","Bourgogne-Franche-Comt\u00e9","Bi\u00e8re","\u00c9dition 2011"],"inLanguage":"fr-FR"},{"@type":"WebPage","@id":"https:\/\/www.altercampagne.net\/?p=3806","url":"https:\/\/www.altercampagne.net\/?p=3806","name":"\u00c9tape du 10 juillet : Sainte Marie d\u2019Alloix - Crolles - AlterTour","isPartOf":{"@id":"https:\/\/www.altercampagne.net\/#website"},"primaryImageOfPage":{"@id":"https:\/\/www.altercampagne.net\/?p=3806#primaryimage"},"image":{"@id":"https:\/\/www.altercampagne.net\/?p=3806#primaryimage"},"thumbnailUrl":"https:\/\/www.altercampagne.net\/wp-content\/uploads\/2011\/07\/2011-07-10-julian-hochgesang-625579-unsplash.jpg","datePublished":"2011-07-10T14:42:33+00:00","dateModified":"2019-09-13T12:03:03+00:00","author":{"@id":"https:\/\/www.altercampagne.net\/#\/schema\/person\/0f261460c09e430caa0f9bcffa319109"},"breadcrumb":{"@id":"https:\/\/www.altercampagne.net\/?p=3806#breadcrumb"},"inLanguage":"fr-FR","potentialAction":[{"@type":"ReadAction","target":["https:\/\/www.altercampagne.net\/?p=3806"]}]},{"@type":"ImageObject","inLanguage":"fr-FR","@id":"https:\/\/www.altercampagne.net\/?p=3806#primaryimage","url":"https:\/\/www.altercampagne.net\/wp-content\/uploads\/2011\/07\/2011-07-10-julian-hochgesang-625579-unsplash.jpg","contentUrl":"https:\/\/www.altercampagne.net\/wp-content\/uploads\/2011\/07\/2011-07-10-julian-hochgesang-625579-unsplash.jpg","width":900,"height":470},{"@type":"BreadcrumbList","@id":"https:\/\/www.altercampagne.net\/?p=3806#breadcrumb","itemListElement":[{"@type":"ListItem","position":1,"name":"Accueil","item":"https:\/\/www.altercampagne.net\/"},{"@type":"ListItem","position":2,"name":"\u00c9tape du 10 juillet : Sainte Marie d\u2019Alloix &#8211; Crolles"}]},{"@type":"WebSite","@id":"https:\/\/www.altercampagne.net\/#website","url":"https:\/\/www.altercampagne.net\/","name":"AlterTour","description":"Reliez les Alternatives \u00e0 v\u00e9lo","potentialAction":[{"@type":"SearchAction","target":{"@type":"EntryPoint","urlTemplate":"https:\/\/www.altercampagne.net\/?s={search_term_string}"},"query-input":{"@type":"PropertyValueSpecification","valueRequired":true,"valueName":"search_term_string"}}],"inLanguage":"fr-FR"},{"@type":"Person","@id":"https:\/\/www.altercampagne.net\/#\/schema\/person\/0f261460c09e430caa0f9bcffa319109","name":"Mathieu","image":{"@type":"ImageObject","inLanguage":"fr-FR","@id":"https:\/\/secure.gravatar.com\/avatar\/aa9d3d24c83f2141e5e2709d0f63d09a99f6be6bb7a50abc4915838d9f54501a?s=96&d=mm&r=g","url":"https:\/\/secure.gravatar.com\/avatar\/aa9d3d24c83f2141e5e2709d0f63d09a99f6be6bb7a50abc4915838d9f54501a?s=96&d=mm&r=g","contentUrl":"https:\/\/secure.gravatar.com\/avatar\/aa9d3d24c83f2141e5e2709d0f63d09a99f6be6bb7a50abc4915838d9f54501a?s=96&d=mm&r=g","caption":"Mathieu"},"url":"https:\/\/www.altercampagne.net\/?author=214"}]}},"_links":{"self":[{"href":"https:\/\/www.altercampagne.net\/index.php?rest_route=\/wp\/v2\/posts\/3806","targetHints":{"allow":["GET"]}}],"collection":[{"href":"https:\/\/www.altercampagne.net\/index.php?rest_route=\/wp\/v2\/posts"}],"about":[{"href":"https:\/\/www.altercampagne.net\/index.php?rest_route=\/wp\/v2\/types\/post"}],"author":[{"embeddable":true,"href":"https:\/\/www.altercampagne.net\/index.php?rest_route=\/wp\/v2\/users\/214"}],"replies":[{"embeddable":true,"href":"https:\/\/www.altercampagne.net\/index.php?rest_route=%2Fwp%2Fv2%2Fcomments&post=3806"}],"version-history":[{"count":0,"href":"https:\/\/www.altercampagne.net\/index.php?rest_route=\/wp\/v2\/posts\/3806\/revisions"}],"wp:featuredmedia":[{"embeddable":true,"href":"https:\/\/www.altercampagne.net\/index.php?rest_route=\/wp\/v2\/media\/15398"}],"wp:attachment":[{"href":"https:\/\/www.altercampagne.net\/index.php?rest_route=%2Fwp%2Fv2%2Fmedia&parent=3806"}],"wp:term":[{"taxonomy":"category","embeddable":true,"href":"https:\/\/www.altercampagne.net\/index.php?rest_route=%2Fwp%2Fv2%2Fcategories&post=3806"},{"taxonomy":"post_tag","embeddable":true,"href":"https:\/\/www.altercampagne.net\/index.php?rest_route=%2Fwp%2Fv2%2Ftags&post=3806"}],"curies":[{"name":"wp","href":"https:\/\/api.w.org\/{rel}","templated":true}]}}