{"id":3808,"date":"2011-07-09T21:47:09","date_gmt":"2011-07-09T19:47:09","guid":{"rendered":"http:\/\/www.altercampagne.net\/?p=3808"},"modified":"2020-02-24T17:04:47","modified_gmt":"2020-02-24T16:04:47","slug":"etape-du-9-juillet-chambery-sainte-marie-dalloix","status":"publish","type":"post","link":"https:\/\/www.altercampagne.net\/?p=3808","title":{"rendered":"\u00c9tape du 9 juillet : Chamb\u00e9ry &#8211; Sainte Marie d&rsquo;Alloix"},"content":{"rendered":"<p>Apr\u00e8s avoir \u00e9cout\u00e9 une po\u00e9sie culinaire de Catherine en guise d\u2019au revoir (recette des p\u00e2tes au lait) nous quittons le stade de Chamb\u00e9ry sous le soleil pour rejoindre la piste verte qui longe la Leysse.<\/p>\n<p>I) Sur Invitation des membres d\u2019Alliance PEC, aller retour \u00e0 St Jean d\u2019Arvey (4km et 300m de d\u00e9nivel\u00e9), village de Monsieur Jean THERME, Directeur de recherche technologique du Commissariat \u00e0 l\u2019Energie Atomique de Grenoble, et <span style=\"text-decoration: underline;\">Principal promoteur du Sillon Alpin,<\/span> pour inaugurer une plaque en son honneur&nbsp;!<\/p>\n<p>La rude mont\u00e9e se fait sous \u00ab&nbsp;escorte&nbsp;\u00bb. 4 camionnettes de gendarmerie sont mobilis\u00e9es, dont 1 des \u00ab&nbsp;forces sp\u00e9ciales&nbsp;\u00bb, afin de prot\u00e9ger la maison de cet illustre technocrate \u2026<\/p>\n<p>Le Maire du village, qui ne fait pas de politique, vient \u00e0 notre rencontre pour nous pr\u00e9ciser que tous les habitants appr\u00e9cient cet enfant du pays qui n\u2019a que des qualit\u00e9s, et ne veut pas savoir ce que Jean Therme fomente \u00e0 Grenoble ou ailleurs.<\/p>\n<p>Enfin, roulement de tambour et discours,<\/p>\n<p>La plaque est d\u00e9voil\u00e9e sous les applaudissements des 35 Alter cyclistes et de 3 curieux.<\/p>\n<p>II) Descente au village des Marches o\u00f9 nous sommes attendus et individuellement acclam\u00e9s chaleureusement par l\u2019association de d\u00e9fense contre l\u2019installation d\u2019un golf sur les terres agricoles et qui organise une manifestation sonore et color\u00e9e devant la mairie.<\/p>\n<p>III) Pique nique d\u00e9licieux (nombreuses salades et p\u00e2tisseries) au lac de St Andr\u00e9, pr\u00e9par\u00e9es par les Amapiens des Marches. Baignade tr\u00e8s appr\u00e9ci\u00e9e.<\/p>\n<p>IV) Trajet jusqu\u2019\u00e0 Ste Marie d\u2019Alloix en longeant l\u2019imposant massif de Granier. A quelques kilom\u00e8tres du village, 2 de nos h\u00f4tes nous attendent \u00e0 l\u2019ombre des noyers avec des v\u00e9los tr\u00e8s d\u00e9cor\u00e9s&nbsp;! (fleurs et seringues). Sous un soleil de plomb, tour de toute la commune y compris de la lagune (traitement des eaux us\u00e9es par les bact\u00e9ries de 3 \u00e9tangs successifs). Installation du camp sur le stade, des toilettes s\u00e8ches et des douches solaires ont \u00e9t\u00e9 am\u00e9nag\u00e9es sp\u00e9cialement pour nous&nbsp;!<\/p>\n<p>V) D\u00e9bat sur les \u00e9nergies renouvelables avec Fr\u00e9d\u00e9ric Mariller d\u2019Enercoop et sur les microcentrales hydro\u00e9lectriques avec Jean-Marie Dyon.<\/p>\n<p>VI) Ap\u00e9ritif offert par le Maire,<\/p>\n<p>VII) Repas pr\u00e9par\u00e9 par les habitants de Ste Marie et de Barraux (commune voisine ou un projet d\u2019extension de sabli\u00e8re menace des terres agricoles)<\/p>\n<p>VIII) Concert du groupe local Garam Massalad (Guitare, Batterie, violon, Basse et Chanteuse)&nbsp;; musique \u00e9clectique tr\u00e8s chaleureuse.<\/p>\n<p>Cette joyeuse journ\u00e9e f\u00fbt particuli\u00e8rement riche en rencontres gr\u00e2ce \u00e0 l\u2019enthousiasme de nos h\u00f4tes aussi bien le midi que le soir&nbsp;!<\/p>\n<p>Le d\u00e9but de nuit fut perturb\u00e9 par quelques ados excit\u00e9s&nbsp;par la pr\u00e9sence des jeunes de notre groupe sur leur territoire.<\/p>\n<p>Marcelline<\/p>\n","protected":false},"excerpt":{"rendered":"<p>Apr\u00e8s avoir \u00e9cout\u00e9 une po\u00e9sie culinaire de Catherine en guise d\u2019au revoir (recette des p\u00e2tes au lait) nous quittons le stade de Chamb\u00e9ry sous le soleil pour rejoindre la piste verte qui longe la Leysse. I) Sur Invitation des membres d\u2019Alliance PEC, aller retour \u00e0 St Jean d\u2019Arvey (4km et &#8230; <\/p>\n<div><a href=\"https:\/\/www.altercampagne.net\/?p=3808\" class=\"more-link\">Read More<\/a><\/div>\n","protected":false},"author":214,"featured_media":0,"comment_status":"closed","ping_status":"closed","sticky":false,"template":"","format":"standard","meta":{"footnotes":""},"categories":[3471,3542,3464],"tags":[1472,1982,1981,1980,1979,1650,1489,1474,1473,836,1471,1470,1469,1468,1467,1310,872],"class_list":["post-3808","post","type-post","status-publish","format-standard","hentry","category-auvergne-rhone-alpes","category-lutte","category-edition-2011","tag-microcentrales-hydroelectriques","tag-isere","tag-sainte-marie-dalloix","tag-chambery","tag-1979","tag-rhone-alpes","tag-auvergne-rhone-alpes","tag-garam-massalad","tag-jean-marie-dyon","tag-altertour-2011","tag-frederic-mariller","tag-amap-des-marches","tag-marches","tag-jean-therme","tag-alliance-pec","tag-grenoble","tag-enercoop","no-post-thumbnail"],"yoast_head":"<!-- This site is optimized with the Yoast SEO plugin v27.3 - https:\/\/yoast.com\/product\/yoast-seo-wordpress\/ -->\n<title>\u00c9tape du 9 juillet : Chamb\u00e9ry - Sainte Marie d&#039;Alloix - AlterTour<\/title>\n<meta name=\"robots\" content=\"index, follow, max-snippet:-1, max-image-preview:large, max-video-preview:-1\" \/>\n<link rel=\"canonical\" href=\"https:\/\/www.altercampagne.net\/?p=3808\" \/>\n<meta property=\"og:locale\" content=\"fr_FR\" \/>\n<meta property=\"og:type\" content=\"article\" \/>\n<meta property=\"og:title\" content=\"\u00c9tape du 9 juillet : Chamb\u00e9ry - Sainte Marie d&#039;Alloix - AlterTour\" \/>\n<meta property=\"og:description\" content=\"Apr\u00e8s avoir \u00e9cout\u00e9 une po\u00e9sie culinaire de Catherine en guise d\u2019au revoir (recette des p\u00e2tes au lait) nous quittons le stade de Chamb\u00e9ry sous le soleil pour rejoindre la piste verte qui longe la Leysse. I) Sur Invitation des membres d\u2019Alliance PEC, aller retour \u00e0 St Jean d\u2019Arvey (4km et ... Read More\" \/>\n<meta property=\"og:url\" content=\"https:\/\/www.altercampagne.net\/?p=3808\" \/>\n<meta property=\"og:site_name\" content=\"AlterTour\" \/>\n<meta property=\"article:published_time\" content=\"2011-07-09T19:47:09+00:00\" \/>\n<meta property=\"article:modified_time\" content=\"2020-02-24T16:04:47+00:00\" \/>\n<meta name=\"author\" content=\"Mathieu\" \/>\n<meta name=\"twitter:card\" content=\"summary_large_image\" \/>\n<meta name=\"twitter:label1\" content=\"\u00c9crit par\" \/>\n\t<meta name=\"twitter:data1\" content=\"Mathieu\" \/>\n\t<meta name=\"twitter:label2\" content=\"Dur\u00e9e de lecture estim\u00e9e\" \/>\n\t<meta name=\"twitter:data2\" content=\"2 minutes\" \/>\n<script type=\"application\/ld+json\" class=\"yoast-schema-graph\">{\"@context\":\"https:\\\/\\\/schema.org\",\"@graph\":[{\"@type\":\"Article\",\"@id\":\"https:\\\/\\\/www.altercampagne.net\\\/?p=3808#article\",\"isPartOf\":{\"@id\":\"https:\\\/\\\/www.altercampagne.net\\\/?p=3808\"},\"author\":{\"name\":\"Mathieu\",\"@id\":\"https:\\\/\\\/www.altercampagne.net\\\/#\\\/schema\\\/person\\\/0f261460c09e430caa0f9bcffa319109\"},\"headline\":\"\u00c9tape du 9 juillet : Chamb\u00e9ry &#8211; Sainte Marie d&rsquo;Alloix\",\"datePublished\":\"2011-07-09T19:47:09+00:00\",\"dateModified\":\"2020-02-24T16:04:47+00:00\",\"mainEntityOfPage\":{\"@id\":\"https:\\\/\\\/www.altercampagne.net\\\/?p=3808\"},\"wordCount\":496,\"keywords\":[\"microcentrales hydro\u00e9lectriques\",\"Is\u00e8re\",\"Sainte Marie d'Alloix\",\"Chamb\u00e9ry\",\"2011\",\"Rhone-Alpes\",\"Auvergne-Rh\u00f4ne-Alpes\",\"Garam Massalad\",\"Jean-Marie Dyon\",\"AlterTour 2011\",\"Fr\u00e9d\u00e9ric Mariller\",\"Amap des Marches\",\"Marches\",\"Jean THERME\",\"Alliance PEC\",\"Grenoble\",\"Enercoop\"],\"articleSection\":[\"Auvergne-Rh\u00f4ne-Alpes\",\"Lutte\",\"\u00c9dition 2011\"],\"inLanguage\":\"fr-FR\"},{\"@type\":\"WebPage\",\"@id\":\"https:\\\/\\\/www.altercampagne.net\\\/?p=3808\",\"url\":\"https:\\\/\\\/www.altercampagne.net\\\/?p=3808\",\"name\":\"\u00c9tape du 9 juillet : Chamb\u00e9ry - Sainte Marie d'Alloix - AlterTour\",\"isPartOf\":{\"@id\":\"https:\\\/\\\/www.altercampagne.net\\\/#website\"},\"datePublished\":\"2011-07-09T19:47:09+00:00\",\"dateModified\":\"2020-02-24T16:04:47+00:00\",\"author\":{\"@id\":\"https:\\\/\\\/www.altercampagne.net\\\/#\\\/schema\\\/person\\\/0f261460c09e430caa0f9bcffa319109\"},\"breadcrumb\":{\"@id\":\"https:\\\/\\\/www.altercampagne.net\\\/?p=3808#breadcrumb\"},\"inLanguage\":\"fr-FR\",\"potentialAction\":[{\"@type\":\"ReadAction\",\"target\":[\"https:\\\/\\\/www.altercampagne.net\\\/?p=3808\"]}]},{\"@type\":\"BreadcrumbList\",\"@id\":\"https:\\\/\\\/www.altercampagne.net\\\/?p=3808#breadcrumb\",\"itemListElement\":[{\"@type\":\"ListItem\",\"position\":1,\"name\":\"Accueil\",\"item\":\"https:\\\/\\\/www.altercampagne.net\\\/\"},{\"@type\":\"ListItem\",\"position\":2,\"name\":\"\u00c9tape du 9 juillet : Chamb\u00e9ry &#8211; Sainte Marie d&rsquo;Alloix\"}]},{\"@type\":\"WebSite\",\"@id\":\"https:\\\/\\\/www.altercampagne.net\\\/#website\",\"url\":\"https:\\\/\\\/www.altercampagne.net\\\/\",\"name\":\"AlterTour\",\"description\":\"Reliez les Alternatives \u00e0 v\u00e9lo\",\"potentialAction\":[{\"@type\":\"SearchAction\",\"target\":{\"@type\":\"EntryPoint\",\"urlTemplate\":\"https:\\\/\\\/www.altercampagne.net\\\/?s={search_term_string}\"},\"query-input\":{\"@type\":\"PropertyValueSpecification\",\"valueRequired\":true,\"valueName\":\"search_term_string\"}}],\"inLanguage\":\"fr-FR\"},{\"@type\":\"Person\",\"@id\":\"https:\\\/\\\/www.altercampagne.net\\\/#\\\/schema\\\/person\\\/0f261460c09e430caa0f9bcffa319109\",\"name\":\"Mathieu\",\"image\":{\"@type\":\"ImageObject\",\"inLanguage\":\"fr-FR\",\"@id\":\"https:\\\/\\\/secure.gravatar.com\\\/avatar\\\/aa9d3d24c83f2141e5e2709d0f63d09a99f6be6bb7a50abc4915838d9f54501a?s=96&d=mm&r=g\",\"url\":\"https:\\\/\\\/secure.gravatar.com\\\/avatar\\\/aa9d3d24c83f2141e5e2709d0f63d09a99f6be6bb7a50abc4915838d9f54501a?s=96&d=mm&r=g\",\"contentUrl\":\"https:\\\/\\\/secure.gravatar.com\\\/avatar\\\/aa9d3d24c83f2141e5e2709d0f63d09a99f6be6bb7a50abc4915838d9f54501a?s=96&d=mm&r=g\",\"caption\":\"Mathieu\"},\"url\":\"https:\\\/\\\/www.altercampagne.net\\\/?author=214\"}]}<\/script>\n<!-- \/ Yoast SEO plugin. -->","yoast_head_json":{"title":"\u00c9tape du 9 juillet : Chamb\u00e9ry - Sainte Marie d'Alloix - AlterTour","robots":{"index":"index","follow":"follow","max-snippet":"max-snippet:-1","max-image-preview":"max-image-preview:large","max-video-preview":"max-video-preview:-1"},"canonical":"https:\/\/www.altercampagne.net\/?p=3808","og_locale":"fr_FR","og_type":"article","og_title":"\u00c9tape du 9 juillet : Chamb\u00e9ry - Sainte Marie d'Alloix - AlterTour","og_description":"Apr\u00e8s avoir \u00e9cout\u00e9 une po\u00e9sie culinaire de Catherine en guise d\u2019au revoir (recette des p\u00e2tes au lait) nous quittons le stade de Chamb\u00e9ry sous le soleil pour rejoindre la piste verte qui longe la Leysse. I) Sur Invitation des membres d\u2019Alliance PEC, aller retour \u00e0 St Jean d\u2019Arvey (4km et ... Read More","og_url":"https:\/\/www.altercampagne.net\/?p=3808","og_site_name":"AlterTour","article_published_time":"2011-07-09T19:47:09+00:00","article_modified_time":"2020-02-24T16:04:47+00:00","author":"Mathieu","twitter_card":"summary_large_image","twitter_misc":{"\u00c9crit par":"Mathieu","Dur\u00e9e de lecture estim\u00e9e":"2 minutes"},"schema":{"@context":"https:\/\/schema.org","@graph":[{"@type":"Article","@id":"https:\/\/www.altercampagne.net\/?p=3808#article","isPartOf":{"@id":"https:\/\/www.altercampagne.net\/?p=3808"},"author":{"name":"Mathieu","@id":"https:\/\/www.altercampagne.net\/#\/schema\/person\/0f261460c09e430caa0f9bcffa319109"},"headline":"\u00c9tape du 9 juillet : Chamb\u00e9ry &#8211; Sainte Marie d&rsquo;Alloix","datePublished":"2011-07-09T19:47:09+00:00","dateModified":"2020-02-24T16:04:47+00:00","mainEntityOfPage":{"@id":"https:\/\/www.altercampagne.net\/?p=3808"},"wordCount":496,"keywords":["microcentrales hydro\u00e9lectriques","Is\u00e8re","Sainte Marie d'Alloix","Chamb\u00e9ry","2011","Rhone-Alpes","Auvergne-Rh\u00f4ne-Alpes","Garam Massalad","Jean-Marie Dyon","AlterTour 2011","Fr\u00e9d\u00e9ric Mariller","Amap des Marches","Marches","Jean THERME","Alliance PEC","Grenoble","Enercoop"],"articleSection":["Auvergne-Rh\u00f4ne-Alpes","Lutte","\u00c9dition 2011"],"inLanguage":"fr-FR"},{"@type":"WebPage","@id":"https:\/\/www.altercampagne.net\/?p=3808","url":"https:\/\/www.altercampagne.net\/?p=3808","name":"\u00c9tape du 9 juillet : Chamb\u00e9ry - Sainte Marie d'Alloix - AlterTour","isPartOf":{"@id":"https:\/\/www.altercampagne.net\/#website"},"datePublished":"2011-07-09T19:47:09+00:00","dateModified":"2020-02-24T16:04:47+00:00","author":{"@id":"https:\/\/www.altercampagne.net\/#\/schema\/person\/0f261460c09e430caa0f9bcffa319109"},"breadcrumb":{"@id":"https:\/\/www.altercampagne.net\/?p=3808#breadcrumb"},"inLanguage":"fr-FR","potentialAction":[{"@type":"ReadAction","target":["https:\/\/www.altercampagne.net\/?p=3808"]}]},{"@type":"BreadcrumbList","@id":"https:\/\/www.altercampagne.net\/?p=3808#breadcrumb","itemListElement":[{"@type":"ListItem","position":1,"name":"Accueil","item":"https:\/\/www.altercampagne.net\/"},{"@type":"ListItem","position":2,"name":"\u00c9tape du 9 juillet : Chamb\u00e9ry &#8211; Sainte Marie d&rsquo;Alloix"}]},{"@type":"WebSite","@id":"https:\/\/www.altercampagne.net\/#website","url":"https:\/\/www.altercampagne.net\/","name":"AlterTour","description":"Reliez les Alternatives \u00e0 v\u00e9lo","potentialAction":[{"@type":"SearchAction","target":{"@type":"EntryPoint","urlTemplate":"https:\/\/www.altercampagne.net\/?s={search_term_string}"},"query-input":{"@type":"PropertyValueSpecification","valueRequired":true,"valueName":"search_term_string"}}],"inLanguage":"fr-FR"},{"@type":"Person","@id":"https:\/\/www.altercampagne.net\/#\/schema\/person\/0f261460c09e430caa0f9bcffa319109","name":"Mathieu","image":{"@type":"ImageObject","inLanguage":"fr-FR","@id":"https:\/\/secure.gravatar.com\/avatar\/aa9d3d24c83f2141e5e2709d0f63d09a99f6be6bb7a50abc4915838d9f54501a?s=96&d=mm&r=g","url":"https:\/\/secure.gravatar.com\/avatar\/aa9d3d24c83f2141e5e2709d0f63d09a99f6be6bb7a50abc4915838d9f54501a?s=96&d=mm&r=g","contentUrl":"https:\/\/secure.gravatar.com\/avatar\/aa9d3d24c83f2141e5e2709d0f63d09a99f6be6bb7a50abc4915838d9f54501a?s=96&d=mm&r=g","caption":"Mathieu"},"url":"https:\/\/www.altercampagne.net\/?author=214"}]}},"_links":{"self":[{"href":"https:\/\/www.altercampagne.net\/index.php?rest_route=\/wp\/v2\/posts\/3808","targetHints":{"allow":["GET"]}}],"collection":[{"href":"https:\/\/www.altercampagne.net\/index.php?rest_route=\/wp\/v2\/posts"}],"about":[{"href":"https:\/\/www.altercampagne.net\/index.php?rest_route=\/wp\/v2\/types\/post"}],"author":[{"embeddable":true,"href":"https:\/\/www.altercampagne.net\/index.php?rest_route=\/wp\/v2\/users\/214"}],"replies":[{"embeddable":true,"href":"https:\/\/www.altercampagne.net\/index.php?rest_route=%2Fwp%2Fv2%2Fcomments&post=3808"}],"version-history":[{"count":1,"href":"https:\/\/www.altercampagne.net\/index.php?rest_route=\/wp\/v2\/posts\/3808\/revisions"}],"predecessor-version":[{"id":17416,"href":"https:\/\/www.altercampagne.net\/index.php?rest_route=\/wp\/v2\/posts\/3808\/revisions\/17416"}],"wp:attachment":[{"href":"https:\/\/www.altercampagne.net\/index.php?rest_route=%2Fwp%2Fv2%2Fmedia&parent=3808"}],"wp:term":[{"taxonomy":"category","embeddable":true,"href":"https:\/\/www.altercampagne.net\/index.php?rest_route=%2Fwp%2Fv2%2Fcategories&post=3808"},{"taxonomy":"post_tag","embeddable":true,"href":"https:\/\/www.altercampagne.net\/index.php?rest_route=%2Fwp%2Fv2%2Ftags&post=3808"}],"curies":[{"name":"wp","href":"https:\/\/api.w.org\/{rel}","templated":true}]}}