{"id":3810,"date":"2011-07-03T22:50:37","date_gmt":"2011-07-03T20:50:37","guid":{"rendered":"http:\/\/www.altercampagne.net\/?p=3810"},"modified":"2020-02-24T18:06:25","modified_gmt":"2020-02-24T17:06:25","slug":"etape-du-3-juillet-du-bourgeons-dannemasse-aux-bles-de-bonne","status":"publish","type":"post","link":"https:\/\/www.altercampagne.net\/?p=3810","title":{"rendered":"\u00c9tape du 3 juillet  : Du Bourgeons d&rsquo;Annemasse aux Bl\u00e9s de Bonne"},"content":{"rendered":"<p class=\"Style13 Style126\" align=\"left\">L&rsquo;association le Bourgeons \u00e0 Annemasse nous a pr\u00e9sent\u00e9 son action pour la promotion du v\u00e9lo en ville et nous a concoct\u00e9 un pique nique au parc Montessuit.<\/p>\n<p class=\"Style13 Style126\" align=\"left\">En fin d&rsquo;apr\u00e8s-midi nous sommes pass\u00e9s par les champs de vari\u00e9t\u00e9s anciennes de bl\u00e9 de la famille Baltassat \u00e0 Bonne.<\/p>\n<p class=\"Style13 Style126\" align=\"left\">Arriv\u00e9e au <strong><a href=\"http:\/\/www.legitedeloex.fr\/\" target=\"_blank\" rel=\"noopener noreferrer\">G\u00eete de Loex<\/a><\/strong>, la famille Baltassat nous attendait avec un buffet pour plus de 150 personnes, une conf\u00e9rence sur les projets autoroutiers autour d&rsquo;Annemasse et un concert<\/p>\n<p class=\"Style13 Style126\" align=\"left\"><img loading=\"lazy\" decoding=\"async\" class=\" alignleft\" src=\"http:\/\/altercampagne.free.fr\/pages\/2008\/AlterTour\/pic\/2011-07-03_13.11.jpg\" alt=\"\" width=\"480\" height=\"640\" \/><img loading=\"lazy\" decoding=\"async\" class=\"alignnone\" src=\"http:\/\/altercampagne.free.fr\/pages\/2008\/AlterTour\/pic\/2011-07-03_16.31.jpg\" alt=\"\" width=\"640\" height=\"480\" \/><\/p>\n","protected":false},"excerpt":{"rendered":"<p>L&rsquo;association le Bourgeons \u00e0 Annemasse nous a pr\u00e9sent\u00e9 son action pour la promotion du v\u00e9lo en ville et nous a concoct\u00e9 un pique nique au parc Montessuit. En fin d&rsquo;apr\u00e8s-midi nous sommes pass\u00e9s par les champs de vari\u00e9t\u00e9s anciennes de bl\u00e9 de la famille Baltassat \u00e0 Bonne. Arriv\u00e9e au G\u00eete &#8230; <\/p>\n<div><a href=\"https:\/\/www.altercampagne.net\/?p=3810\" class=\"more-link\">Read More<\/a><\/div>\n","protected":false},"author":214,"featured_media":0,"comment_status":"closed","ping_status":"closed","sticky":false,"template":"","format":"standard","meta":{"footnotes":""},"categories":[3471,3483,3464],"tags":[836,1475,1476,1477,1478,1479,1480,1489,1650,1975,1979],"class_list":["post-3810","post","type-post","status-publish","format-standard","hentry","category-auvergne-rhone-alpes","category-agriculture","category-edition-2011","tag-altertour-2011","tag-association-le-bourgeons","tag-annemasse","tag-promotion-du-velo","tag-ferme-baltassat","tag-bonne","tag-gite-de-loex","tag-auvergne-rhone-alpes","tag-rhone-alpes","tag-haute-savoie","tag-1979","no-post-thumbnail"],"yoast_head":"<!-- This site is optimized with the Yoast SEO plugin v27.3 - https:\/\/yoast.com\/product\/yoast-seo-wordpress\/ -->\n<title>\u00c9tape du 3 juillet : Du Bourgeons d&#039;Annemasse aux Bl\u00e9s de Bonne - AlterTour<\/title>\n<meta name=\"robots\" content=\"index, follow, max-snippet:-1, max-image-preview:large, max-video-preview:-1\" \/>\n<link rel=\"canonical\" href=\"https:\/\/www.altercampagne.net\/?p=3810\" \/>\n<meta property=\"og:locale\" content=\"fr_FR\" \/>\n<meta property=\"og:type\" content=\"article\" \/>\n<meta property=\"og:title\" content=\"\u00c9tape du 3 juillet : Du Bourgeons d&#039;Annemasse aux Bl\u00e9s de Bonne - AlterTour\" \/>\n<meta property=\"og:description\" content=\"L&rsquo;association le Bourgeons \u00e0 Annemasse nous a pr\u00e9sent\u00e9 son action pour la promotion du v\u00e9lo en ville et nous a concoct\u00e9 un pique nique au parc Montessuit. En fin d&rsquo;apr\u00e8s-midi nous sommes pass\u00e9s par les champs de vari\u00e9t\u00e9s anciennes de bl\u00e9 de la famille Baltassat \u00e0 Bonne. Arriv\u00e9e au G\u00eete ... Read More\" \/>\n<meta property=\"og:url\" content=\"https:\/\/www.altercampagne.net\/?p=3810\" \/>\n<meta property=\"og:site_name\" content=\"AlterTour\" \/>\n<meta property=\"article:published_time\" content=\"2011-07-03T20:50:37+00:00\" \/>\n<meta property=\"article:modified_time\" content=\"2020-02-24T17:06:25+00:00\" \/>\n<meta property=\"og:image\" content=\"http:\/\/altercampagne.free.fr\/pages\/2008\/AlterTour\/pic\/2011-07-03_13.11.jpg\" \/>\n<meta name=\"author\" content=\"Mathieu\" \/>\n<meta name=\"twitter:card\" content=\"summary_large_image\" \/>\n<meta name=\"twitter:label1\" content=\"\u00c9crit par\" \/>\n\t<meta name=\"twitter:data1\" content=\"Mathieu\" \/>\n<script type=\"application\/ld+json\" class=\"yoast-schema-graph\">{\"@context\":\"https:\\\/\\\/schema.org\",\"@graph\":[{\"@type\":\"Article\",\"@id\":\"https:\\\/\\\/www.altercampagne.net\\\/?p=3810#article\",\"isPartOf\":{\"@id\":\"https:\\\/\\\/www.altercampagne.net\\\/?p=3810\"},\"author\":{\"name\":\"Mathieu\",\"@id\":\"https:\\\/\\\/www.altercampagne.net\\\/#\\\/schema\\\/person\\\/0f261460c09e430caa0f9bcffa319109\"},\"headline\":\"\u00c9tape du 3 juillet : Du Bourgeons d&rsquo;Annemasse aux Bl\u00e9s de Bonne\",\"datePublished\":\"2011-07-03T20:50:37+00:00\",\"dateModified\":\"2020-02-24T17:06:25+00:00\",\"mainEntityOfPage\":{\"@id\":\"https:\\\/\\\/www.altercampagne.net\\\/?p=3810\"},\"wordCount\":97,\"image\":{\"@id\":\"https:\\\/\\\/www.altercampagne.net\\\/?p=3810#primaryimage\"},\"thumbnailUrl\":\"http:\\\/\\\/altercampagne.free.fr\\\/pages\\\/2008\\\/AlterTour\\\/pic\\\/2011-07-03_13.11.jpg\",\"keywords\":[\"AlterTour 2011\",\"association le Bourgeons\",\"Annemasse\",\"promotion du v\u00e9lo\",\"Ferme Baltassat\",\"Bonne\",\"G\u00eete de Loex\",\"Auvergne-Rh\u00f4ne-Alpes\",\"Rhone-Alpes\",\"haute-savoie\",\"2011\"],\"articleSection\":[\"Auvergne-Rh\u00f4ne-Alpes\",\"Agriculture\",\"\u00c9dition 2011\"],\"inLanguage\":\"fr-FR\"},{\"@type\":\"WebPage\",\"@id\":\"https:\\\/\\\/www.altercampagne.net\\\/?p=3810\",\"url\":\"https:\\\/\\\/www.altercampagne.net\\\/?p=3810\",\"name\":\"\u00c9tape du 3 juillet : Du Bourgeons d'Annemasse aux Bl\u00e9s de Bonne - AlterTour\",\"isPartOf\":{\"@id\":\"https:\\\/\\\/www.altercampagne.net\\\/#website\"},\"primaryImageOfPage\":{\"@id\":\"https:\\\/\\\/www.altercampagne.net\\\/?p=3810#primaryimage\"},\"image\":{\"@id\":\"https:\\\/\\\/www.altercampagne.net\\\/?p=3810#primaryimage\"},\"thumbnailUrl\":\"http:\\\/\\\/altercampagne.free.fr\\\/pages\\\/2008\\\/AlterTour\\\/pic\\\/2011-07-03_13.11.jpg\",\"datePublished\":\"2011-07-03T20:50:37+00:00\",\"dateModified\":\"2020-02-24T17:06:25+00:00\",\"author\":{\"@id\":\"https:\\\/\\\/www.altercampagne.net\\\/#\\\/schema\\\/person\\\/0f261460c09e430caa0f9bcffa319109\"},\"breadcrumb\":{\"@id\":\"https:\\\/\\\/www.altercampagne.net\\\/?p=3810#breadcrumb\"},\"inLanguage\":\"fr-FR\",\"potentialAction\":[{\"@type\":\"ReadAction\",\"target\":[\"https:\\\/\\\/www.altercampagne.net\\\/?p=3810\"]}]},{\"@type\":\"ImageObject\",\"inLanguage\":\"fr-FR\",\"@id\":\"https:\\\/\\\/www.altercampagne.net\\\/?p=3810#primaryimage\",\"url\":\"http:\\\/\\\/altercampagne.free.fr\\\/pages\\\/2008\\\/AlterTour\\\/pic\\\/2011-07-03_13.11.jpg\",\"contentUrl\":\"http:\\\/\\\/altercampagne.free.fr\\\/pages\\\/2008\\\/AlterTour\\\/pic\\\/2011-07-03_13.11.jpg\"},{\"@type\":\"BreadcrumbList\",\"@id\":\"https:\\\/\\\/www.altercampagne.net\\\/?p=3810#breadcrumb\",\"itemListElement\":[{\"@type\":\"ListItem\",\"position\":1,\"name\":\"Accueil\",\"item\":\"https:\\\/\\\/www.altercampagne.net\\\/\"},{\"@type\":\"ListItem\",\"position\":2,\"name\":\"\u00c9tape du 3 juillet : Du Bourgeons d&rsquo;Annemasse aux Bl\u00e9s de Bonne\"}]},{\"@type\":\"WebSite\",\"@id\":\"https:\\\/\\\/www.altercampagne.net\\\/#website\",\"url\":\"https:\\\/\\\/www.altercampagne.net\\\/\",\"name\":\"AlterTour\",\"description\":\"Reliez les Alternatives \u00e0 v\u00e9lo\",\"potentialAction\":[{\"@type\":\"SearchAction\",\"target\":{\"@type\":\"EntryPoint\",\"urlTemplate\":\"https:\\\/\\\/www.altercampagne.net\\\/?s={search_term_string}\"},\"query-input\":{\"@type\":\"PropertyValueSpecification\",\"valueRequired\":true,\"valueName\":\"search_term_string\"}}],\"inLanguage\":\"fr-FR\"},{\"@type\":\"Person\",\"@id\":\"https:\\\/\\\/www.altercampagne.net\\\/#\\\/schema\\\/person\\\/0f261460c09e430caa0f9bcffa319109\",\"name\":\"Mathieu\",\"image\":{\"@type\":\"ImageObject\",\"inLanguage\":\"fr-FR\",\"@id\":\"https:\\\/\\\/secure.gravatar.com\\\/avatar\\\/aa9d3d24c83f2141e5e2709d0f63d09a99f6be6bb7a50abc4915838d9f54501a?s=96&d=mm&r=g\",\"url\":\"https:\\\/\\\/secure.gravatar.com\\\/avatar\\\/aa9d3d24c83f2141e5e2709d0f63d09a99f6be6bb7a50abc4915838d9f54501a?s=96&d=mm&r=g\",\"contentUrl\":\"https:\\\/\\\/secure.gravatar.com\\\/avatar\\\/aa9d3d24c83f2141e5e2709d0f63d09a99f6be6bb7a50abc4915838d9f54501a?s=96&d=mm&r=g\",\"caption\":\"Mathieu\"},\"url\":\"https:\\\/\\\/www.altercampagne.net\\\/?author=214\"}]}<\/script>\n<!-- \/ Yoast SEO plugin. -->","yoast_head_json":{"title":"\u00c9tape du 3 juillet : Du Bourgeons d'Annemasse aux Bl\u00e9s de Bonne - AlterTour","robots":{"index":"index","follow":"follow","max-snippet":"max-snippet:-1","max-image-preview":"max-image-preview:large","max-video-preview":"max-video-preview:-1"},"canonical":"https:\/\/www.altercampagne.net\/?p=3810","og_locale":"fr_FR","og_type":"article","og_title":"\u00c9tape du 3 juillet : Du Bourgeons d'Annemasse aux Bl\u00e9s de Bonne - AlterTour","og_description":"L&rsquo;association le Bourgeons \u00e0 Annemasse nous a pr\u00e9sent\u00e9 son action pour la promotion du v\u00e9lo en ville et nous a concoct\u00e9 un pique nique au parc Montessuit. En fin d&rsquo;apr\u00e8s-midi nous sommes pass\u00e9s par les champs de vari\u00e9t\u00e9s anciennes de bl\u00e9 de la famille Baltassat \u00e0 Bonne. Arriv\u00e9e au G\u00eete ... Read More","og_url":"https:\/\/www.altercampagne.net\/?p=3810","og_site_name":"AlterTour","article_published_time":"2011-07-03T20:50:37+00:00","article_modified_time":"2020-02-24T17:06:25+00:00","og_image":[{"url":"http:\/\/altercampagne.free.fr\/pages\/2008\/AlterTour\/pic\/2011-07-03_13.11.jpg","type":"","width":"","height":""}],"author":"Mathieu","twitter_card":"summary_large_image","twitter_misc":{"\u00c9crit par":"Mathieu"},"schema":{"@context":"https:\/\/schema.org","@graph":[{"@type":"Article","@id":"https:\/\/www.altercampagne.net\/?p=3810#article","isPartOf":{"@id":"https:\/\/www.altercampagne.net\/?p=3810"},"author":{"name":"Mathieu","@id":"https:\/\/www.altercampagne.net\/#\/schema\/person\/0f261460c09e430caa0f9bcffa319109"},"headline":"\u00c9tape du 3 juillet : Du Bourgeons d&rsquo;Annemasse aux Bl\u00e9s de Bonne","datePublished":"2011-07-03T20:50:37+00:00","dateModified":"2020-02-24T17:06:25+00:00","mainEntityOfPage":{"@id":"https:\/\/www.altercampagne.net\/?p=3810"},"wordCount":97,"image":{"@id":"https:\/\/www.altercampagne.net\/?p=3810#primaryimage"},"thumbnailUrl":"http:\/\/altercampagne.free.fr\/pages\/2008\/AlterTour\/pic\/2011-07-03_13.11.jpg","keywords":["AlterTour 2011","association le Bourgeons","Annemasse","promotion du v\u00e9lo","Ferme Baltassat","Bonne","G\u00eete de Loex","Auvergne-Rh\u00f4ne-Alpes","Rhone-Alpes","haute-savoie","2011"],"articleSection":["Auvergne-Rh\u00f4ne-Alpes","Agriculture","\u00c9dition 2011"],"inLanguage":"fr-FR"},{"@type":"WebPage","@id":"https:\/\/www.altercampagne.net\/?p=3810","url":"https:\/\/www.altercampagne.net\/?p=3810","name":"\u00c9tape du 3 juillet : Du Bourgeons d'Annemasse aux Bl\u00e9s de Bonne - AlterTour","isPartOf":{"@id":"https:\/\/www.altercampagne.net\/#website"},"primaryImageOfPage":{"@id":"https:\/\/www.altercampagne.net\/?p=3810#primaryimage"},"image":{"@id":"https:\/\/www.altercampagne.net\/?p=3810#primaryimage"},"thumbnailUrl":"http:\/\/altercampagne.free.fr\/pages\/2008\/AlterTour\/pic\/2011-07-03_13.11.jpg","datePublished":"2011-07-03T20:50:37+00:00","dateModified":"2020-02-24T17:06:25+00:00","author":{"@id":"https:\/\/www.altercampagne.net\/#\/schema\/person\/0f261460c09e430caa0f9bcffa319109"},"breadcrumb":{"@id":"https:\/\/www.altercampagne.net\/?p=3810#breadcrumb"},"inLanguage":"fr-FR","potentialAction":[{"@type":"ReadAction","target":["https:\/\/www.altercampagne.net\/?p=3810"]}]},{"@type":"ImageObject","inLanguage":"fr-FR","@id":"https:\/\/www.altercampagne.net\/?p=3810#primaryimage","url":"http:\/\/altercampagne.free.fr\/pages\/2008\/AlterTour\/pic\/2011-07-03_13.11.jpg","contentUrl":"http:\/\/altercampagne.free.fr\/pages\/2008\/AlterTour\/pic\/2011-07-03_13.11.jpg"},{"@type":"BreadcrumbList","@id":"https:\/\/www.altercampagne.net\/?p=3810#breadcrumb","itemListElement":[{"@type":"ListItem","position":1,"name":"Accueil","item":"https:\/\/www.altercampagne.net\/"},{"@type":"ListItem","position":2,"name":"\u00c9tape du 3 juillet : Du Bourgeons d&rsquo;Annemasse aux Bl\u00e9s de Bonne"}]},{"@type":"WebSite","@id":"https:\/\/www.altercampagne.net\/#website","url":"https:\/\/www.altercampagne.net\/","name":"AlterTour","description":"Reliez les Alternatives \u00e0 v\u00e9lo","potentialAction":[{"@type":"SearchAction","target":{"@type":"EntryPoint","urlTemplate":"https:\/\/www.altercampagne.net\/?s={search_term_string}"},"query-input":{"@type":"PropertyValueSpecification","valueRequired":true,"valueName":"search_term_string"}}],"inLanguage":"fr-FR"},{"@type":"Person","@id":"https:\/\/www.altercampagne.net\/#\/schema\/person\/0f261460c09e430caa0f9bcffa319109","name":"Mathieu","image":{"@type":"ImageObject","inLanguage":"fr-FR","@id":"https:\/\/secure.gravatar.com\/avatar\/aa9d3d24c83f2141e5e2709d0f63d09a99f6be6bb7a50abc4915838d9f54501a?s=96&d=mm&r=g","url":"https:\/\/secure.gravatar.com\/avatar\/aa9d3d24c83f2141e5e2709d0f63d09a99f6be6bb7a50abc4915838d9f54501a?s=96&d=mm&r=g","contentUrl":"https:\/\/secure.gravatar.com\/avatar\/aa9d3d24c83f2141e5e2709d0f63d09a99f6be6bb7a50abc4915838d9f54501a?s=96&d=mm&r=g","caption":"Mathieu"},"url":"https:\/\/www.altercampagne.net\/?author=214"}]}},"_links":{"self":[{"href":"https:\/\/www.altercampagne.net\/index.php?rest_route=\/wp\/v2\/posts\/3810","targetHints":{"allow":["GET"]}}],"collection":[{"href":"https:\/\/www.altercampagne.net\/index.php?rest_route=\/wp\/v2\/posts"}],"about":[{"href":"https:\/\/www.altercampagne.net\/index.php?rest_route=\/wp\/v2\/types\/post"}],"author":[{"embeddable":true,"href":"https:\/\/www.altercampagne.net\/index.php?rest_route=\/wp\/v2\/users\/214"}],"replies":[{"embeddable":true,"href":"https:\/\/www.altercampagne.net\/index.php?rest_route=%2Fwp%2Fv2%2Fcomments&post=3810"}],"version-history":[{"count":1,"href":"https:\/\/www.altercampagne.net\/index.php?rest_route=\/wp\/v2\/posts\/3810\/revisions"}],"predecessor-version":[{"id":17510,"href":"https:\/\/www.altercampagne.net\/index.php?rest_route=\/wp\/v2\/posts\/3810\/revisions\/17510"}],"wp:attachment":[{"href":"https:\/\/www.altercampagne.net\/index.php?rest_route=%2Fwp%2Fv2%2Fmedia&parent=3810"}],"wp:term":[{"taxonomy":"category","embeddable":true,"href":"https:\/\/www.altercampagne.net\/index.php?rest_route=%2Fwp%2Fv2%2Fcategories&post=3810"},{"taxonomy":"post_tag","embeddable":true,"href":"https:\/\/www.altercampagne.net\/index.php?rest_route=%2Fwp%2Fv2%2Ftags&post=3810"}],"curies":[{"name":"wp","href":"https:\/\/api.w.org\/{rel}","templated":true}]}}