{"id":3812,"date":"2011-07-02T20:53:30","date_gmt":"2011-07-02T18:53:30","guid":{"rendered":"http:\/\/www.altercampagne.net\/?p=3812"},"modified":"2020-02-24T17:05:34","modified_gmt":"2020-02-24T16:05:34","slug":"le-squatt-10bis-les-grottes-accueille-le-depart-de-laltertour","status":"publish","type":"post","link":"https:\/\/www.altercampagne.net\/?p=3812","title":{"rendered":"Le squatt 10bis les Grottes accueille le d\u00e9part de l&rsquo;AlterTour !"},"content":{"rendered":"<p class=\"Style13 Style126\"><img loading=\"lazy\" decoding=\"async\" class=\" alignleft\" src=\"http:\/\/altercampagne.free.fr\/pages\/2008\/AlterTour\/pic\/2011-07-02_15.58.jpg\" alt=\"\" width=\"480\" height=\"640\">Nous avons \u00e9t\u00e9 remarquablement bien accueillis par le 10bis les Grottes \u00e0 Gen\u00e8ve. Ce squatt culturel et militant avant mis les petits plats dans les grands en proposant deux repas \u00e0 la Maison Verte, la maison de quartier des Grottes.<\/p>\n<p class=\"Style13 Style126\">Apr\u00e8s une petite visite de Gen\u00e8ve \u00e0 v\u00e9lo en passant par la Vigie organis\u00e9e devant le si\u00e8ge de l&rsquo;OMS, la conf\u00e9rence inaugurale de l&rsquo;AlterTour 2011, intitul\u00e9e : \u00ab\u00a0Quel sport pour quelle soci\u00e9t\u00e9 ?\u00a0\u00bb, a \u00e9t\u00e9 donn\u00e9e par Fabien Hollier.<\/p>\n<p class=\"Style13 Style126\">Apr\u00e8s 3 ans de critique de la comp\u00e9tition et du dopage dans le milieu agricole ( les OGM et les intrants), dans la finance (les paradis fiscaux), de l&rsquo;\u00e9nergie (le nucl\u00e9aire et les gaz de schiste&#8230;) les Altercyclistes se sont attaqu\u00e9s \u00e0 la critique radicale du sport.<\/p>\n<p class=\"Style13 Style126\">Un consensus se d\u00e9gage sur la d\u00e9rive financi\u00e8re et maffieuse des organisations sportives et l&rsquo;impact n\u00e9faste des installations sportives des comp\u00e9titions internationales sur l&rsquo;environnement (JO, coupe du monde diverses&#8230;). N\u00e9anmoins la critique de la pratique physique pour soi reste difficilement palpable pour un grand nombre d&rsquo;Altercyclistes.<\/p>\n<p class=\"Style13 Style126\">St\u00e9phane, notre accueillant, nous a ensuite pr\u00e9sent\u00e9 ses voyages itin\u00e9rants \u00e0 v\u00e9lo qu&rsquo;il organise pour sortir des jeunes de l&rsquo;addiction. La retranscription de ces belles exp\u00e9riences r\u00e9sonnera longtemps en nous.<\/p>\n","protected":false},"excerpt":{"rendered":"<p>Nous avons \u00e9t\u00e9 remarquablement bien accueillis par le 10bis les Grottes \u00e0 Gen\u00e8ve. Ce squatt culturel et militant avant mis les petits plats dans les grands en proposant deux repas \u00e0 la Maison Verte, la maison de quartier des Grottes. Apr\u00e8s une petite visite de Gen\u00e8ve \u00e0 v\u00e9lo en passant &#8230; <\/p>\n<div><a href=\"https:\/\/www.altercampagne.net\/?p=3812\" class=\"more-link\">Read More<\/a><\/div>\n","protected":false},"author":214,"featured_media":0,"comment_status":"closed","ping_status":"closed","sticky":false,"template":"","format":"standard","meta":{"footnotes":""},"categories":[3527,3488,3540,3464],"tags":[836,1481,1482,1976,1977,1978,1979],"class_list":["post-3812","post","type-post","status-publish","format-standard","hentry","category-suisse","category-social","category-transverse","category-edition-2011","tag-altertour-2011","tag-10bis-les-grottes","tag-fabien-hollier","tag-geneve","tag-canton-de-geneve","tag-suisse","tag-1979","no-post-thumbnail"],"yoast_head":"<!-- This site is optimized with the Yoast SEO plugin v27.3 - https:\/\/yoast.com\/product\/yoast-seo-wordpress\/ -->\n<title>Le squatt 10bis les Grottes accueille le d\u00e9part de l&#039;AlterTour ! - AlterTour<\/title>\n<meta name=\"robots\" content=\"index, follow, max-snippet:-1, max-image-preview:large, max-video-preview:-1\" \/>\n<link rel=\"canonical\" href=\"https:\/\/www.altercampagne.net\/?p=3812\" \/>\n<meta property=\"og:locale\" content=\"fr_FR\" \/>\n<meta property=\"og:type\" content=\"article\" \/>\n<meta property=\"og:title\" content=\"Le squatt 10bis les Grottes accueille le d\u00e9part de l&#039;AlterTour ! - AlterTour\" \/>\n<meta property=\"og:description\" content=\"Nous avons \u00e9t\u00e9 remarquablement bien accueillis par le 10bis les Grottes \u00e0 Gen\u00e8ve. Ce squatt culturel et militant avant mis les petits plats dans les grands en proposant deux repas \u00e0 la Maison Verte, la maison de quartier des Grottes. Apr\u00e8s une petite visite de Gen\u00e8ve \u00e0 v\u00e9lo en passant ... Read More\" \/>\n<meta property=\"og:url\" content=\"https:\/\/www.altercampagne.net\/?p=3812\" \/>\n<meta property=\"og:site_name\" content=\"AlterTour\" \/>\n<meta property=\"article:published_time\" content=\"2011-07-02T18:53:30+00:00\" \/>\n<meta property=\"article:modified_time\" content=\"2020-02-24T16:05:34+00:00\" \/>\n<meta property=\"og:image\" content=\"http:\/\/altercampagne.free.fr\/pages\/2008\/AlterTour\/pic\/2011-07-02_15.58.jpg\" \/>\n<meta name=\"author\" content=\"Mathieu\" \/>\n<meta name=\"twitter:card\" content=\"summary_large_image\" \/>\n<meta name=\"twitter:label1\" content=\"\u00c9crit par\" \/>\n\t<meta name=\"twitter:data1\" content=\"Mathieu\" \/>\n\t<meta name=\"twitter:label2\" content=\"Dur\u00e9e de lecture estim\u00e9e\" \/>\n\t<meta name=\"twitter:data2\" content=\"1 minute\" \/>\n<script type=\"application\/ld+json\" class=\"yoast-schema-graph\">{\"@context\":\"https:\\\/\\\/schema.org\",\"@graph\":[{\"@type\":\"Article\",\"@id\":\"https:\\\/\\\/www.altercampagne.net\\\/?p=3812#article\",\"isPartOf\":{\"@id\":\"https:\\\/\\\/www.altercampagne.net\\\/?p=3812\"},\"author\":{\"name\":\"Mathieu\",\"@id\":\"https:\\\/\\\/www.altercampagne.net\\\/#\\\/schema\\\/person\\\/0f261460c09e430caa0f9bcffa319109\"},\"headline\":\"Le squatt 10bis les Grottes accueille le d\u00e9part de l&rsquo;AlterTour !\",\"datePublished\":\"2011-07-02T18:53:30+00:00\",\"dateModified\":\"2020-02-24T16:05:34+00:00\",\"mainEntityOfPage\":{\"@id\":\"https:\\\/\\\/www.altercampagne.net\\\/?p=3812\"},\"wordCount\":238,\"image\":{\"@id\":\"https:\\\/\\\/www.altercampagne.net\\\/?p=3812#primaryimage\"},\"thumbnailUrl\":\"http:\\\/\\\/altercampagne.free.fr\\\/pages\\\/2008\\\/AlterTour\\\/pic\\\/2011-07-02_15.58.jpg\",\"keywords\":[\"AlterTour 2011\",\"10bis les grottes\",\"Fabien Hollier\",\"gen\u00e8ve\",\"canton de gen\u00e8ve\",\"suisse\",\"2011\"],\"articleSection\":[\"Suisse\",\"Social\",\"Transverse\",\"\u00c9dition 2011\"],\"inLanguage\":\"fr-FR\"},{\"@type\":\"WebPage\",\"@id\":\"https:\\\/\\\/www.altercampagne.net\\\/?p=3812\",\"url\":\"https:\\\/\\\/www.altercampagne.net\\\/?p=3812\",\"name\":\"Le squatt 10bis les Grottes accueille le d\u00e9part de l'AlterTour ! - AlterTour\",\"isPartOf\":{\"@id\":\"https:\\\/\\\/www.altercampagne.net\\\/#website\"},\"primaryImageOfPage\":{\"@id\":\"https:\\\/\\\/www.altercampagne.net\\\/?p=3812#primaryimage\"},\"image\":{\"@id\":\"https:\\\/\\\/www.altercampagne.net\\\/?p=3812#primaryimage\"},\"thumbnailUrl\":\"http:\\\/\\\/altercampagne.free.fr\\\/pages\\\/2008\\\/AlterTour\\\/pic\\\/2011-07-02_15.58.jpg\",\"datePublished\":\"2011-07-02T18:53:30+00:00\",\"dateModified\":\"2020-02-24T16:05:34+00:00\",\"author\":{\"@id\":\"https:\\\/\\\/www.altercampagne.net\\\/#\\\/schema\\\/person\\\/0f261460c09e430caa0f9bcffa319109\"},\"breadcrumb\":{\"@id\":\"https:\\\/\\\/www.altercampagne.net\\\/?p=3812#breadcrumb\"},\"inLanguage\":\"fr-FR\",\"potentialAction\":[{\"@type\":\"ReadAction\",\"target\":[\"https:\\\/\\\/www.altercampagne.net\\\/?p=3812\"]}]},{\"@type\":\"ImageObject\",\"inLanguage\":\"fr-FR\",\"@id\":\"https:\\\/\\\/www.altercampagne.net\\\/?p=3812#primaryimage\",\"url\":\"http:\\\/\\\/altercampagne.free.fr\\\/pages\\\/2008\\\/AlterTour\\\/pic\\\/2011-07-02_15.58.jpg\",\"contentUrl\":\"http:\\\/\\\/altercampagne.free.fr\\\/pages\\\/2008\\\/AlterTour\\\/pic\\\/2011-07-02_15.58.jpg\"},{\"@type\":\"BreadcrumbList\",\"@id\":\"https:\\\/\\\/www.altercampagne.net\\\/?p=3812#breadcrumb\",\"itemListElement\":[{\"@type\":\"ListItem\",\"position\":1,\"name\":\"Accueil\",\"item\":\"https:\\\/\\\/www.altercampagne.net\\\/\"},{\"@type\":\"ListItem\",\"position\":2,\"name\":\"Le squatt 10bis les Grottes accueille le d\u00e9part de l&rsquo;AlterTour !\"}]},{\"@type\":\"WebSite\",\"@id\":\"https:\\\/\\\/www.altercampagne.net\\\/#website\",\"url\":\"https:\\\/\\\/www.altercampagne.net\\\/\",\"name\":\"AlterTour\",\"description\":\"Reliez les Alternatives \u00e0 v\u00e9lo\",\"potentialAction\":[{\"@type\":\"SearchAction\",\"target\":{\"@type\":\"EntryPoint\",\"urlTemplate\":\"https:\\\/\\\/www.altercampagne.net\\\/?s={search_term_string}\"},\"query-input\":{\"@type\":\"PropertyValueSpecification\",\"valueRequired\":true,\"valueName\":\"search_term_string\"}}],\"inLanguage\":\"fr-FR\"},{\"@type\":\"Person\",\"@id\":\"https:\\\/\\\/www.altercampagne.net\\\/#\\\/schema\\\/person\\\/0f261460c09e430caa0f9bcffa319109\",\"name\":\"Mathieu\",\"image\":{\"@type\":\"ImageObject\",\"inLanguage\":\"fr-FR\",\"@id\":\"https:\\\/\\\/secure.gravatar.com\\\/avatar\\\/aa9d3d24c83f2141e5e2709d0f63d09a99f6be6bb7a50abc4915838d9f54501a?s=96&d=mm&r=g\",\"url\":\"https:\\\/\\\/secure.gravatar.com\\\/avatar\\\/aa9d3d24c83f2141e5e2709d0f63d09a99f6be6bb7a50abc4915838d9f54501a?s=96&d=mm&r=g\",\"contentUrl\":\"https:\\\/\\\/secure.gravatar.com\\\/avatar\\\/aa9d3d24c83f2141e5e2709d0f63d09a99f6be6bb7a50abc4915838d9f54501a?s=96&d=mm&r=g\",\"caption\":\"Mathieu\"},\"url\":\"https:\\\/\\\/www.altercampagne.net\\\/?author=214\"}]}<\/script>\n<!-- \/ Yoast SEO plugin. -->","yoast_head_json":{"title":"Le squatt 10bis les Grottes accueille le d\u00e9part de l'AlterTour ! - AlterTour","robots":{"index":"index","follow":"follow","max-snippet":"max-snippet:-1","max-image-preview":"max-image-preview:large","max-video-preview":"max-video-preview:-1"},"canonical":"https:\/\/www.altercampagne.net\/?p=3812","og_locale":"fr_FR","og_type":"article","og_title":"Le squatt 10bis les Grottes accueille le d\u00e9part de l'AlterTour ! - AlterTour","og_description":"Nous avons \u00e9t\u00e9 remarquablement bien accueillis par le 10bis les Grottes \u00e0 Gen\u00e8ve. Ce squatt culturel et militant avant mis les petits plats dans les grands en proposant deux repas \u00e0 la Maison Verte, la maison de quartier des Grottes. Apr\u00e8s une petite visite de Gen\u00e8ve \u00e0 v\u00e9lo en passant ... Read More","og_url":"https:\/\/www.altercampagne.net\/?p=3812","og_site_name":"AlterTour","article_published_time":"2011-07-02T18:53:30+00:00","article_modified_time":"2020-02-24T16:05:34+00:00","og_image":[{"url":"http:\/\/altercampagne.free.fr\/pages\/2008\/AlterTour\/pic\/2011-07-02_15.58.jpg","type":"","width":"","height":""}],"author":"Mathieu","twitter_card":"summary_large_image","twitter_misc":{"\u00c9crit par":"Mathieu","Dur\u00e9e de lecture estim\u00e9e":"1 minute"},"schema":{"@context":"https:\/\/schema.org","@graph":[{"@type":"Article","@id":"https:\/\/www.altercampagne.net\/?p=3812#article","isPartOf":{"@id":"https:\/\/www.altercampagne.net\/?p=3812"},"author":{"name":"Mathieu","@id":"https:\/\/www.altercampagne.net\/#\/schema\/person\/0f261460c09e430caa0f9bcffa319109"},"headline":"Le squatt 10bis les Grottes accueille le d\u00e9part de l&rsquo;AlterTour !","datePublished":"2011-07-02T18:53:30+00:00","dateModified":"2020-02-24T16:05:34+00:00","mainEntityOfPage":{"@id":"https:\/\/www.altercampagne.net\/?p=3812"},"wordCount":238,"image":{"@id":"https:\/\/www.altercampagne.net\/?p=3812#primaryimage"},"thumbnailUrl":"http:\/\/altercampagne.free.fr\/pages\/2008\/AlterTour\/pic\/2011-07-02_15.58.jpg","keywords":["AlterTour 2011","10bis les grottes","Fabien Hollier","gen\u00e8ve","canton de gen\u00e8ve","suisse","2011"],"articleSection":["Suisse","Social","Transverse","\u00c9dition 2011"],"inLanguage":"fr-FR"},{"@type":"WebPage","@id":"https:\/\/www.altercampagne.net\/?p=3812","url":"https:\/\/www.altercampagne.net\/?p=3812","name":"Le squatt 10bis les Grottes accueille le d\u00e9part de l'AlterTour ! - AlterTour","isPartOf":{"@id":"https:\/\/www.altercampagne.net\/#website"},"primaryImageOfPage":{"@id":"https:\/\/www.altercampagne.net\/?p=3812#primaryimage"},"image":{"@id":"https:\/\/www.altercampagne.net\/?p=3812#primaryimage"},"thumbnailUrl":"http:\/\/altercampagne.free.fr\/pages\/2008\/AlterTour\/pic\/2011-07-02_15.58.jpg","datePublished":"2011-07-02T18:53:30+00:00","dateModified":"2020-02-24T16:05:34+00:00","author":{"@id":"https:\/\/www.altercampagne.net\/#\/schema\/person\/0f261460c09e430caa0f9bcffa319109"},"breadcrumb":{"@id":"https:\/\/www.altercampagne.net\/?p=3812#breadcrumb"},"inLanguage":"fr-FR","potentialAction":[{"@type":"ReadAction","target":["https:\/\/www.altercampagne.net\/?p=3812"]}]},{"@type":"ImageObject","inLanguage":"fr-FR","@id":"https:\/\/www.altercampagne.net\/?p=3812#primaryimage","url":"http:\/\/altercampagne.free.fr\/pages\/2008\/AlterTour\/pic\/2011-07-02_15.58.jpg","contentUrl":"http:\/\/altercampagne.free.fr\/pages\/2008\/AlterTour\/pic\/2011-07-02_15.58.jpg"},{"@type":"BreadcrumbList","@id":"https:\/\/www.altercampagne.net\/?p=3812#breadcrumb","itemListElement":[{"@type":"ListItem","position":1,"name":"Accueil","item":"https:\/\/www.altercampagne.net\/"},{"@type":"ListItem","position":2,"name":"Le squatt 10bis les Grottes accueille le d\u00e9part de l&rsquo;AlterTour !"}]},{"@type":"WebSite","@id":"https:\/\/www.altercampagne.net\/#website","url":"https:\/\/www.altercampagne.net\/","name":"AlterTour","description":"Reliez les Alternatives \u00e0 v\u00e9lo","potentialAction":[{"@type":"SearchAction","target":{"@type":"EntryPoint","urlTemplate":"https:\/\/www.altercampagne.net\/?s={search_term_string}"},"query-input":{"@type":"PropertyValueSpecification","valueRequired":true,"valueName":"search_term_string"}}],"inLanguage":"fr-FR"},{"@type":"Person","@id":"https:\/\/www.altercampagne.net\/#\/schema\/person\/0f261460c09e430caa0f9bcffa319109","name":"Mathieu","image":{"@type":"ImageObject","inLanguage":"fr-FR","@id":"https:\/\/secure.gravatar.com\/avatar\/aa9d3d24c83f2141e5e2709d0f63d09a99f6be6bb7a50abc4915838d9f54501a?s=96&d=mm&r=g","url":"https:\/\/secure.gravatar.com\/avatar\/aa9d3d24c83f2141e5e2709d0f63d09a99f6be6bb7a50abc4915838d9f54501a?s=96&d=mm&r=g","contentUrl":"https:\/\/secure.gravatar.com\/avatar\/aa9d3d24c83f2141e5e2709d0f63d09a99f6be6bb7a50abc4915838d9f54501a?s=96&d=mm&r=g","caption":"Mathieu"},"url":"https:\/\/www.altercampagne.net\/?author=214"}]}},"_links":{"self":[{"href":"https:\/\/www.altercampagne.net\/index.php?rest_route=\/wp\/v2\/posts\/3812","targetHints":{"allow":["GET"]}}],"collection":[{"href":"https:\/\/www.altercampagne.net\/index.php?rest_route=\/wp\/v2\/posts"}],"about":[{"href":"https:\/\/www.altercampagne.net\/index.php?rest_route=\/wp\/v2\/types\/post"}],"author":[{"embeddable":true,"href":"https:\/\/www.altercampagne.net\/index.php?rest_route=\/wp\/v2\/users\/214"}],"replies":[{"embeddable":true,"href":"https:\/\/www.altercampagne.net\/index.php?rest_route=%2Fwp%2Fv2%2Fcomments&post=3812"}],"version-history":[{"count":1,"href":"https:\/\/www.altercampagne.net\/index.php?rest_route=\/wp\/v2\/posts\/3812\/revisions"}],"predecessor-version":[{"id":17417,"href":"https:\/\/www.altercampagne.net\/index.php?rest_route=\/wp\/v2\/posts\/3812\/revisions\/17417"}],"wp:attachment":[{"href":"https:\/\/www.altercampagne.net\/index.php?rest_route=%2Fwp%2Fv2%2Fmedia&parent=3812"}],"wp:term":[{"taxonomy":"category","embeddable":true,"href":"https:\/\/www.altercampagne.net\/index.php?rest_route=%2Fwp%2Fv2%2Fcategories&post=3812"},{"taxonomy":"post_tag","embeddable":true,"href":"https:\/\/www.altercampagne.net\/index.php?rest_route=%2Fwp%2Fv2%2Ftags&post=3812"}],"curies":[{"name":"wp","href":"https:\/\/api.w.org\/{rel}","templated":true}]}}