{"id":3952,"date":"2014-05-06T16:36:53","date_gmt":"2014-05-06T14:36:53","guid":{"rendered":"http:\/\/www.altercampagne.net\/?p=3952"},"modified":"2020-02-24T17:35:43","modified_gmt":"2020-02-24T16:35:43","slug":"talent-rural-association-2-bien-feteur-et-velovergne-le-17-juillet-a-arlanc","status":"publish","type":"post","link":"https:\/\/www.altercampagne.net\/?p=3952","title":{"rendered":"Talent Rural, Association 2 Bien F\u00eateur et V\u00e9lovergne le 17 juillet \u00e0 Arlanc"},"content":{"rendered":"<p><a href=\"http:\/\/www.altercampagne.net\/wp-content\/uploads\/2016\/04\/Talent-rural.jpg\"><img loading=\"lazy\" decoding=\"async\" class=\" size-medium wp-image-3953 alignleft\" src=\"http:\/\/www.altercampagne.net\/wp-content\/uploads\/2016\/04\/Talent-rural-300x244.jpg\" alt=\"Talent-rural\" width=\"300\" height=\"244\" srcset=\"https:\/\/www.altercampagne.net\/wp-content\/uploads\/2016\/04\/Talent-rural-300x244.jpg 300w, https:\/\/www.altercampagne.net\/wp-content\/uploads\/2016\/04\/Talent-rural.jpg 320w\" sizes=\"auto, (max-width: 300px) 100vw, 300px\" \/><\/a>Une b\u00e9taill\u00e8re devenue \u00ab B\u00eate-\u00e0-bi\u00e8re \u00bb, une cage d\u2019\u00e9cureuils \u00e0 taille humaine, des triplettes de v\u00e9los couch\u00e9s : autant d\u2019ing\u00e9nieux syst\u00e8mes g\u00e9n\u00e9rateurs d\u2019\u00e9lectricit\u00e9, et visibles lors de f\u00eates consacr\u00e9es aux \u00e9conomies d\u2019\u00e9nergie. Anim\u00e9 par Sylvain, ing\u00e9nieux ing\u00e9nieur inventif hyperactif en Livradois-Forez, il met en lien plusieurs dynamiques locales au travers des associations \u00ab <a href=\"http:\/\/association-2-bien-feteur.over-blog.com\/\" target=\"_blank\" rel=\"noopener noreferrer\">2 Bien F\u00eateur<\/a> \u00bb et \u00ab <a href=\"http:\/\/adl.web4me.fr\/5%20negawatt\/05-festival_animation_negwatt.htm\" target=\"_blank\" rel=\"noopener noreferrer\">Talent rural<\/a> \u00bb et de la coop\u00e9rative \u00ab <a href=\"http:\/\/velovergne.fr\/\" target=\"_blank\" rel=\"noopener noreferrer\">V\u00e9lovergne <\/a>\u00bb. Talent rural organise des veill\u00e9es hivernales et des soir\u00e9es cabarets, mais aussi <a href=\"http:\/\/voltbass.fr\/evenement\/festival-lagristock-negawatt-energie-a-propulsion-humaine\/\" target=\"_blank\" rel=\"noopener noreferrer\">Lagristock<\/a> au printemps, une grande f\u00eate \u00e0 l\u2019\u00e9nergie 100 % renouvelable et nomade : chacun peut, en p\u00e9dalant ou en faisant tourner la cage aux grands \u00e9cureuils, produire l\u2019\u00e9lectricit\u00e9 n\u00e9cessaire \u00e0 la soir\u00e9e. A c\u00f4t\u00e9 de \u00e7a, V\u00e9lovergne propose du montage de carrosseries sur v\u00e9los couch\u00e9s, tandis que les Bien F\u00eateurs sensibilisent \u00e0 la permaculture ou \u00e0 l\u2019apiculture avec des ruchers-\u00e9coles. Enfin, une toute jeune brasserie associative permet m\u00eame de faire sa bi\u00e8re. Quel turbin !<\/p>\n<p><strong>\u00ab Que mes activit\u00e9s aient du sens \u00bb<\/strong><\/p>\n<p><a href=\"http:\/\/www.altercampagne.net\/wp-content\/uploads\/2016\/04\/V\u00e9lovergne.jpg\"><img loading=\"lazy\" decoding=\"async\" class=\" size-medium wp-image-3954 alignright\" src=\"http:\/\/www.altercampagne.net\/wp-content\/uploads\/2016\/04\/V\u00e9lovergne-300x244.jpg\" alt=\"V\u00e9lovergne\" width=\"300\" height=\"244\" srcset=\"https:\/\/www.altercampagne.net\/wp-content\/uploads\/2016\/04\/V\u00e9lovergne-300x244.jpg 300w, https:\/\/www.altercampagne.net\/wp-content\/uploads\/2016\/04\/V\u00e9lovergne.jpg 320w\" sizes=\"auto, (max-width: 300px) 100vw, 300px\" \/><\/a>\u00ab Hyperactif certainement, travailleur acharn\u00e9 pourquoi pas. Mais la fa\u00e7on dont je vais \u00ab gagner ma vie \u00bb (ou presque !) m\u2019importe peu au final. L\u2019essentiel est que mes activit\u00e9s, r\u00e9mun\u00e9r\u00e9es ou pas, aient du sens. J\u2019ai grandi dans le souci de manger bio et de respecter la nature, mais cela n\u2019a rapidement plus suffit. La fin du p\u00e9trole va mettre \u00e0 bas le syst\u00e8me agricole que nous connaissons. Il faut du temps pour commencer autre chose, comme mettre en place la permaculture. Je travaille donc pour le bien commun et parce que j\u2019ai la chance d\u2019avoir des comp\u00e9tences \u00e0 offrir et \u00e0 utiliser. Que ce soit en mati\u00e8re d\u2019\u00e9nergie ou d\u2019agriculture, l\u2019id\u00e9e est de cr\u00e9er des modes de vie durables et autonomes. \u00bb<\/p>\n<p style=\"text-align: right;\"><strong>Sylvain, ing\u00e9nieux cr\u00e9atif multi-cartes<\/strong><\/p>\n<p>Extrait du Recueil des Alternatives de l\u2019AlterTour 2014, disponible dans le num\u00e9ro de juin de la <a title=\"Revue Silence\" href=\"http:\/\/www.revuesilence.net\/\" target=\"_blank\" rel=\"noopener noreferrer\">Revue Silence<\/a><\/p>\n<p>L\u2019AlterTour rendra visite \u00e0 Talent Rural, Association 2 Bien F\u00eateur et V\u00e9lovergne le 17 juillet 2014 \u00e0 Arlanc.<\/p>\n<p>&nbsp;<\/p>\n<p>&nbsp;<\/p>\n<p>&nbsp;<\/p>\n","protected":false},"excerpt":{"rendered":"<p>Une b\u00e9taill\u00e8re devenue \u00ab B\u00eate-\u00e0-bi\u00e8re \u00bb, une cage d\u2019\u00e9cureuils \u00e0 taille humaine, des triplettes de v\u00e9los couch\u00e9s : autant d\u2019ing\u00e9nieux syst\u00e8mes g\u00e9n\u00e9rateurs d\u2019\u00e9lectricit\u00e9, et visibles lors de f\u00eates consacr\u00e9es aux \u00e9conomies d\u2019\u00e9nergie. Anim\u00e9 par Sylvain, ing\u00e9nieux ing\u00e9nieur inventif hyperactif en Livradois-Forez, il met en lien plusieurs dynamiques locales au travers &#8230; <\/p>\n<div><a href=\"https:\/\/www.altercampagne.net\/?p=3952\" class=\"more-link\">Read More<\/a><\/div>\n","protected":false},"author":214,"featured_media":0,"comment_status":"closed","ping_status":"closed","sticky":false,"template":"","format":"standard","meta":{"footnotes":""},"categories":[3471,3461,3540],"tags":[294,319,579,585,624,625,1125,1616,1617,1618],"class_list":["post-3952","post","type-post","status-publish","format-standard","hentry","category-auvergne-rhone-alpes","category-edition-2014","category-transverse","tag-permaculture","tag-altertour-2014","tag-auvergne","tag-talent-rural","tag-velovergne","tag-association-2-bien-feteur","tag-puy-de-dome","tag-arlanc","tag-livradois-forez","tag-ruchers-ecoles","no-post-thumbnail"],"yoast_head":"<!-- This site is optimized with the Yoast SEO plugin v27.3 - https:\/\/yoast.com\/product\/yoast-seo-wordpress\/ -->\n<title>Talent Rural, Association 2 Bien F\u00eateur et V\u00e9lovergne le 17 juillet \u00e0 Arlanc - AlterTour<\/title>\n<meta name=\"robots\" content=\"index, follow, max-snippet:-1, max-image-preview:large, max-video-preview:-1\" \/>\n<link rel=\"canonical\" href=\"https:\/\/www.altercampagne.net\/?p=3952\" \/>\n<meta property=\"og:locale\" content=\"fr_FR\" \/>\n<meta property=\"og:type\" content=\"article\" \/>\n<meta property=\"og:title\" content=\"Talent Rural, Association 2 Bien F\u00eateur et V\u00e9lovergne le 17 juillet \u00e0 Arlanc - AlterTour\" \/>\n<meta property=\"og:description\" content=\"Une b\u00e9taill\u00e8re devenue \u00ab B\u00eate-\u00e0-bi\u00e8re \u00bb, une cage d\u2019\u00e9cureuils \u00e0 taille humaine, des triplettes de v\u00e9los couch\u00e9s : autant d\u2019ing\u00e9nieux syst\u00e8mes g\u00e9n\u00e9rateurs d\u2019\u00e9lectricit\u00e9, et visibles lors de f\u00eates consacr\u00e9es aux \u00e9conomies d\u2019\u00e9nergie. Anim\u00e9 par Sylvain, ing\u00e9nieux ing\u00e9nieur inventif hyperactif en Livradois-Forez, il met en lien plusieurs dynamiques locales au travers ... Read More\" \/>\n<meta property=\"og:url\" content=\"https:\/\/www.altercampagne.net\/?p=3952\" \/>\n<meta property=\"og:site_name\" content=\"AlterTour\" \/>\n<meta property=\"article:published_time\" content=\"2014-05-06T14:36:53+00:00\" \/>\n<meta property=\"article:modified_time\" content=\"2020-02-24T16:35:43+00:00\" \/>\n<meta property=\"og:image\" content=\"http:\/\/www.altercampagne.net\/wp-content\/uploads\/2016\/04\/Talent-rural-300x244.jpg\" \/>\n<meta name=\"author\" content=\"Mathieu\" \/>\n<meta name=\"twitter:card\" content=\"summary_large_image\" \/>\n<meta name=\"twitter:label1\" content=\"\u00c9crit par\" \/>\n\t<meta name=\"twitter:data1\" content=\"Mathieu\" \/>\n\t<meta name=\"twitter:label2\" content=\"Dur\u00e9e de lecture estim\u00e9e\" \/>\n\t<meta name=\"twitter:data2\" content=\"2 minutes\" \/>\n<script type=\"application\/ld+json\" class=\"yoast-schema-graph\">{\"@context\":\"https:\\\/\\\/schema.org\",\"@graph\":[{\"@type\":\"Article\",\"@id\":\"https:\\\/\\\/www.altercampagne.net\\\/?p=3952#article\",\"isPartOf\":{\"@id\":\"https:\\\/\\\/www.altercampagne.net\\\/?p=3952\"},\"author\":{\"name\":\"Mathieu\",\"@id\":\"https:\\\/\\\/www.altercampagne.net\\\/#\\\/schema\\\/person\\\/0f261460c09e430caa0f9bcffa319109\"},\"headline\":\"Talent Rural, Association 2 Bien F\u00eateur et V\u00e9lovergne le 17 juillet \u00e0 Arlanc\",\"datePublished\":\"2014-05-06T14:36:53+00:00\",\"dateModified\":\"2020-02-24T16:35:43+00:00\",\"mainEntityOfPage\":{\"@id\":\"https:\\\/\\\/www.altercampagne.net\\\/?p=3952\"},\"wordCount\":376,\"image\":{\"@id\":\"https:\\\/\\\/www.altercampagne.net\\\/?p=3952#primaryimage\"},\"thumbnailUrl\":\"http:\\\/\\\/www.altercampagne.net\\\/wp-content\\\/uploads\\\/2016\\\/04\\\/Talent-rural-300x244.jpg\",\"keywords\":[\"permaculture\",\"altertour 2014\",\"Auvergne\",\"Talent rural\",\"V\u00e9lovergne\",\"Association 2 Bien F\u00eateur\",\"Puy de D\u00f4me\",\"Arlanc\",\"Livradois-Forez\",\"ruchers-\u00e9coles\"],\"articleSection\":[\"Auvergne-Rh\u00f4ne-Alpes\",\"\u00c9dition 2014\",\"Transverse\"],\"inLanguage\":\"fr-FR\"},{\"@type\":\"WebPage\",\"@id\":\"https:\\\/\\\/www.altercampagne.net\\\/?p=3952\",\"url\":\"https:\\\/\\\/www.altercampagne.net\\\/?p=3952\",\"name\":\"Talent Rural, Association 2 Bien F\u00eateur et V\u00e9lovergne le 17 juillet \u00e0 Arlanc - AlterTour\",\"isPartOf\":{\"@id\":\"https:\\\/\\\/www.altercampagne.net\\\/#website\"},\"primaryImageOfPage\":{\"@id\":\"https:\\\/\\\/www.altercampagne.net\\\/?p=3952#primaryimage\"},\"image\":{\"@id\":\"https:\\\/\\\/www.altercampagne.net\\\/?p=3952#primaryimage\"},\"thumbnailUrl\":\"http:\\\/\\\/www.altercampagne.net\\\/wp-content\\\/uploads\\\/2016\\\/04\\\/Talent-rural-300x244.jpg\",\"datePublished\":\"2014-05-06T14:36:53+00:00\",\"dateModified\":\"2020-02-24T16:35:43+00:00\",\"author\":{\"@id\":\"https:\\\/\\\/www.altercampagne.net\\\/#\\\/schema\\\/person\\\/0f261460c09e430caa0f9bcffa319109\"},\"breadcrumb\":{\"@id\":\"https:\\\/\\\/www.altercampagne.net\\\/?p=3952#breadcrumb\"},\"inLanguage\":\"fr-FR\",\"potentialAction\":[{\"@type\":\"ReadAction\",\"target\":[\"https:\\\/\\\/www.altercampagne.net\\\/?p=3952\"]}]},{\"@type\":\"ImageObject\",\"inLanguage\":\"fr-FR\",\"@id\":\"https:\\\/\\\/www.altercampagne.net\\\/?p=3952#primaryimage\",\"url\":\"https:\\\/\\\/www.altercampagne.net\\\/wp-content\\\/uploads\\\/2016\\\/04\\\/Talent-rural.jpg\",\"contentUrl\":\"https:\\\/\\\/www.altercampagne.net\\\/wp-content\\\/uploads\\\/2016\\\/04\\\/Talent-rural.jpg\",\"width\":320,\"height\":260},{\"@type\":\"BreadcrumbList\",\"@id\":\"https:\\\/\\\/www.altercampagne.net\\\/?p=3952#breadcrumb\",\"itemListElement\":[{\"@type\":\"ListItem\",\"position\":1,\"name\":\"Accueil\",\"item\":\"https:\\\/\\\/www.altercampagne.net\\\/\"},{\"@type\":\"ListItem\",\"position\":2,\"name\":\"Talent Rural, Association 2 Bien F\u00eateur et V\u00e9lovergne le 17 juillet \u00e0 Arlanc\"}]},{\"@type\":\"WebSite\",\"@id\":\"https:\\\/\\\/www.altercampagne.net\\\/#website\",\"url\":\"https:\\\/\\\/www.altercampagne.net\\\/\",\"name\":\"AlterTour\",\"description\":\"Reliez les Alternatives \u00e0 v\u00e9lo\",\"potentialAction\":[{\"@type\":\"SearchAction\",\"target\":{\"@type\":\"EntryPoint\",\"urlTemplate\":\"https:\\\/\\\/www.altercampagne.net\\\/?s={search_term_string}\"},\"query-input\":{\"@type\":\"PropertyValueSpecification\",\"valueRequired\":true,\"valueName\":\"search_term_string\"}}],\"inLanguage\":\"fr-FR\"},{\"@type\":\"Person\",\"@id\":\"https:\\\/\\\/www.altercampagne.net\\\/#\\\/schema\\\/person\\\/0f261460c09e430caa0f9bcffa319109\",\"name\":\"Mathieu\",\"image\":{\"@type\":\"ImageObject\",\"inLanguage\":\"fr-FR\",\"@id\":\"https:\\\/\\\/secure.gravatar.com\\\/avatar\\\/aa9d3d24c83f2141e5e2709d0f63d09a99f6be6bb7a50abc4915838d9f54501a?s=96&d=mm&r=g\",\"url\":\"https:\\\/\\\/secure.gravatar.com\\\/avatar\\\/aa9d3d24c83f2141e5e2709d0f63d09a99f6be6bb7a50abc4915838d9f54501a?s=96&d=mm&r=g\",\"contentUrl\":\"https:\\\/\\\/secure.gravatar.com\\\/avatar\\\/aa9d3d24c83f2141e5e2709d0f63d09a99f6be6bb7a50abc4915838d9f54501a?s=96&d=mm&r=g\",\"caption\":\"Mathieu\"},\"url\":\"https:\\\/\\\/www.altercampagne.net\\\/?author=214\"}]}<\/script>\n<!-- \/ Yoast SEO plugin. -->","yoast_head_json":{"title":"Talent Rural, Association 2 Bien F\u00eateur et V\u00e9lovergne le 17 juillet \u00e0 Arlanc - AlterTour","robots":{"index":"index","follow":"follow","max-snippet":"max-snippet:-1","max-image-preview":"max-image-preview:large","max-video-preview":"max-video-preview:-1"},"canonical":"https:\/\/www.altercampagne.net\/?p=3952","og_locale":"fr_FR","og_type":"article","og_title":"Talent Rural, Association 2 Bien F\u00eateur et V\u00e9lovergne le 17 juillet \u00e0 Arlanc - AlterTour","og_description":"Une b\u00e9taill\u00e8re devenue \u00ab B\u00eate-\u00e0-bi\u00e8re \u00bb, une cage d\u2019\u00e9cureuils \u00e0 taille humaine, des triplettes de v\u00e9los couch\u00e9s : autant d\u2019ing\u00e9nieux syst\u00e8mes g\u00e9n\u00e9rateurs d\u2019\u00e9lectricit\u00e9, et visibles lors de f\u00eates consacr\u00e9es aux \u00e9conomies d\u2019\u00e9nergie. Anim\u00e9 par Sylvain, ing\u00e9nieux ing\u00e9nieur inventif hyperactif en Livradois-Forez, il met en lien plusieurs dynamiques locales au travers ... Read More","og_url":"https:\/\/www.altercampagne.net\/?p=3952","og_site_name":"AlterTour","article_published_time":"2014-05-06T14:36:53+00:00","article_modified_time":"2020-02-24T16:35:43+00:00","og_image":[{"url":"http:\/\/www.altercampagne.net\/wp-content\/uploads\/2016\/04\/Talent-rural-300x244.jpg","type":"","width":"","height":""}],"author":"Mathieu","twitter_card":"summary_large_image","twitter_misc":{"\u00c9crit par":"Mathieu","Dur\u00e9e de lecture estim\u00e9e":"2 minutes"},"schema":{"@context":"https:\/\/schema.org","@graph":[{"@type":"Article","@id":"https:\/\/www.altercampagne.net\/?p=3952#article","isPartOf":{"@id":"https:\/\/www.altercampagne.net\/?p=3952"},"author":{"name":"Mathieu","@id":"https:\/\/www.altercampagne.net\/#\/schema\/person\/0f261460c09e430caa0f9bcffa319109"},"headline":"Talent Rural, Association 2 Bien F\u00eateur et V\u00e9lovergne le 17 juillet \u00e0 Arlanc","datePublished":"2014-05-06T14:36:53+00:00","dateModified":"2020-02-24T16:35:43+00:00","mainEntityOfPage":{"@id":"https:\/\/www.altercampagne.net\/?p=3952"},"wordCount":376,"image":{"@id":"https:\/\/www.altercampagne.net\/?p=3952#primaryimage"},"thumbnailUrl":"http:\/\/www.altercampagne.net\/wp-content\/uploads\/2016\/04\/Talent-rural-300x244.jpg","keywords":["permaculture","altertour 2014","Auvergne","Talent rural","V\u00e9lovergne","Association 2 Bien F\u00eateur","Puy de D\u00f4me","Arlanc","Livradois-Forez","ruchers-\u00e9coles"],"articleSection":["Auvergne-Rh\u00f4ne-Alpes","\u00c9dition 2014","Transverse"],"inLanguage":"fr-FR"},{"@type":"WebPage","@id":"https:\/\/www.altercampagne.net\/?p=3952","url":"https:\/\/www.altercampagne.net\/?p=3952","name":"Talent Rural, Association 2 Bien F\u00eateur et V\u00e9lovergne le 17 juillet \u00e0 Arlanc - AlterTour","isPartOf":{"@id":"https:\/\/www.altercampagne.net\/#website"},"primaryImageOfPage":{"@id":"https:\/\/www.altercampagne.net\/?p=3952#primaryimage"},"image":{"@id":"https:\/\/www.altercampagne.net\/?p=3952#primaryimage"},"thumbnailUrl":"http:\/\/www.altercampagne.net\/wp-content\/uploads\/2016\/04\/Talent-rural-300x244.jpg","datePublished":"2014-05-06T14:36:53+00:00","dateModified":"2020-02-24T16:35:43+00:00","author":{"@id":"https:\/\/www.altercampagne.net\/#\/schema\/person\/0f261460c09e430caa0f9bcffa319109"},"breadcrumb":{"@id":"https:\/\/www.altercampagne.net\/?p=3952#breadcrumb"},"inLanguage":"fr-FR","potentialAction":[{"@type":"ReadAction","target":["https:\/\/www.altercampagne.net\/?p=3952"]}]},{"@type":"ImageObject","inLanguage":"fr-FR","@id":"https:\/\/www.altercampagne.net\/?p=3952#primaryimage","url":"https:\/\/www.altercampagne.net\/wp-content\/uploads\/2016\/04\/Talent-rural.jpg","contentUrl":"https:\/\/www.altercampagne.net\/wp-content\/uploads\/2016\/04\/Talent-rural.jpg","width":320,"height":260},{"@type":"BreadcrumbList","@id":"https:\/\/www.altercampagne.net\/?p=3952#breadcrumb","itemListElement":[{"@type":"ListItem","position":1,"name":"Accueil","item":"https:\/\/www.altercampagne.net\/"},{"@type":"ListItem","position":2,"name":"Talent Rural, Association 2 Bien F\u00eateur et V\u00e9lovergne le 17 juillet \u00e0 Arlanc"}]},{"@type":"WebSite","@id":"https:\/\/www.altercampagne.net\/#website","url":"https:\/\/www.altercampagne.net\/","name":"AlterTour","description":"Reliez les Alternatives \u00e0 v\u00e9lo","potentialAction":[{"@type":"SearchAction","target":{"@type":"EntryPoint","urlTemplate":"https:\/\/www.altercampagne.net\/?s={search_term_string}"},"query-input":{"@type":"PropertyValueSpecification","valueRequired":true,"valueName":"search_term_string"}}],"inLanguage":"fr-FR"},{"@type":"Person","@id":"https:\/\/www.altercampagne.net\/#\/schema\/person\/0f261460c09e430caa0f9bcffa319109","name":"Mathieu","image":{"@type":"ImageObject","inLanguage":"fr-FR","@id":"https:\/\/secure.gravatar.com\/avatar\/aa9d3d24c83f2141e5e2709d0f63d09a99f6be6bb7a50abc4915838d9f54501a?s=96&d=mm&r=g","url":"https:\/\/secure.gravatar.com\/avatar\/aa9d3d24c83f2141e5e2709d0f63d09a99f6be6bb7a50abc4915838d9f54501a?s=96&d=mm&r=g","contentUrl":"https:\/\/secure.gravatar.com\/avatar\/aa9d3d24c83f2141e5e2709d0f63d09a99f6be6bb7a50abc4915838d9f54501a?s=96&d=mm&r=g","caption":"Mathieu"},"url":"https:\/\/www.altercampagne.net\/?author=214"}]}},"_links":{"self":[{"href":"https:\/\/www.altercampagne.net\/index.php?rest_route=\/wp\/v2\/posts\/3952","targetHints":{"allow":["GET"]}}],"collection":[{"href":"https:\/\/www.altercampagne.net\/index.php?rest_route=\/wp\/v2\/posts"}],"about":[{"href":"https:\/\/www.altercampagne.net\/index.php?rest_route=\/wp\/v2\/types\/post"}],"author":[{"embeddable":true,"href":"https:\/\/www.altercampagne.net\/index.php?rest_route=\/wp\/v2\/users\/214"}],"replies":[{"embeddable":true,"href":"https:\/\/www.altercampagne.net\/index.php?rest_route=%2Fwp%2Fv2%2Fcomments&post=3952"}],"version-history":[{"count":1,"href":"https:\/\/www.altercampagne.net\/index.php?rest_route=\/wp\/v2\/posts\/3952\/revisions"}],"predecessor-version":[{"id":17471,"href":"https:\/\/www.altercampagne.net\/index.php?rest_route=\/wp\/v2\/posts\/3952\/revisions\/17471"}],"wp:attachment":[{"href":"https:\/\/www.altercampagne.net\/index.php?rest_route=%2Fwp%2Fv2%2Fmedia&parent=3952"}],"wp:term":[{"taxonomy":"category","embeddable":true,"href":"https:\/\/www.altercampagne.net\/index.php?rest_route=%2Fwp%2Fv2%2Fcategories&post=3952"},{"taxonomy":"post_tag","embeddable":true,"href":"https:\/\/www.altercampagne.net\/index.php?rest_route=%2Fwp%2Fv2%2Ftags&post=3952"}],"curies":[{"name":"wp","href":"https:\/\/api.w.org\/{rel}","templated":true}]}}