{"id":3964,"date":"2014-05-13T17:18:25","date_gmt":"2014-05-13T15:18:25","guid":{"rendered":"http:\/\/www.altercampagne.net\/?p=3964"},"modified":"2020-02-24T17:34:32","modified_gmt":"2020-02-24T16:34:32","slug":"chomactif-le-21-juillet-a-clermont-ferrand","status":"publish","type":"post","link":"https:\/\/www.altercampagne.net\/?p=3964","title":{"rendered":"Ch\u00f4m\u2019Actif le 21 juillet \u00e0 Clermont-Ferrand"},"content":{"rendered":"<p><a href=\"http:\/\/www.altercampagne.net\/wp-content\/uploads\/2016\/04\/Chomactif.jpg\"><img loading=\"lazy\" decoding=\"async\" class=\" size-medium wp-image-3965 alignright\" src=\"http:\/\/www.altercampagne.net\/wp-content\/uploads\/2016\/04\/Chomactif-300x244.jpg\" alt=\"Chom'actif\" width=\"300\" height=\"244\" srcset=\"https:\/\/www.altercampagne.net\/wp-content\/uploads\/2016\/04\/Chomactif-300x244.jpg 300w, https:\/\/www.altercampagne.net\/wp-content\/uploads\/2016\/04\/Chomactif.jpg 320w\" sizes=\"auto, (max-width: 300px) 100vw, 300px\" \/><\/a>Le ch\u00f4mage (structurel ?) a encore de \u00ab\u00a0beaux\u00a0\u00bb jours devant lui. Les presque 30 bougies de Chom\u2019Actif l\u2019attestent, au point d\u2019organiser le mariage de \u00ab Monsieur Ch\u00f4mage et Madame Pr\u00e9carit\u00e9 \u00bb. Au del\u00e0 de l\u2019humour grin\u00e7ant, les 7 salari\u00e9Es de l\u2019association soutiennent les refoul\u00e9s de l\u2019emploi. Cr\u00e9\u00e9 sous l\u2019impulsion de la solidarit\u00e9 Actifs-Chomeurs, la branche Clermontoise de ce r\u00e9seau national travaille sur 3 axes : la d\u00e9fense des droits des demandeurs d\u2019emplois (DE), leur accompagnement, le tout dans le cadre de l\u2019\u00c9conomie Sociale et Solidaire. Ainsi, les DE peuvent pr\u00e9parer un examen, \u00eatre re\u00e7us par un conseiller en insertion, faire\/refaire un CV ou suivre une formation en informatique. De temps en temps, certainEs DE poussent les portes de Chom\u2019Actif suite aux difficult\u00e9s d\u2019une radiation abusive par P\u00f4le Emploi. Alors m\u00eame que Chom\u2019Actif travaille habituellement main dans la main avec la fameuse agence, elle se r\u00e9serve aussi un droit plus revendicatif face aux injustices de certaines situations. Elle est m\u00eame fi\u00e8re d\u2019avoir \u00ab un pied dedans ET un pied dehors \u00bb.<\/p>\n<p><strong>\u00ab Les femmes subissent encore plus que les hommes \u00bb<\/strong><\/p>\n<p>\u00ab Pour travailler, il faudrait d\u00e9j\u00e0 qu\u2019il y ait du travail ! On remplace de plus en plus l\u2019homme par la machine. Et c\u2019est une situation exacerb\u00e9e pour la moiti\u00e9 de la soci\u00e9t\u00e9 : les femmes. Nous constatons qu\u2019il y a encore ce fond de \u00ab L\u2019homme protecteur et pourvoyeur d\u2019argent de la famille \u00bb. Et puis, il y a aussi tout ce temps o\u00f9 les femmes \u00e9l\u00e8vent les enfants et qui n\u2019est encore pas suffisamment reconnu. Quand on dit qu\u2019il y a 3,5 millions de ch\u00f4meurs, on ne compte pas les d\u00e9sinscritEs, les radi\u00e9Es. Tout le monde doit pouvoir apporter une valeur ajout\u00e9e \u00e0 la soci\u00e9t\u00e9. Un b\u00e9n\u00e9vole au Secours Populaire le fait, lui. Les Restos du c\u0153ur comblent les carences du syst\u00e8me.&nbsp; D\u2019ailleurs si ils r\u00e9cup\u00e8rent de la bouffe, c\u2019est parce que c\u2019est \u00e9conomiquement int\u00e9ressant pour les donateurs ! Notre mod\u00e8le est au service de l\u2019argent et pour entretenir cette logique, on fabrique des machines \u00e0 laver qui tombent en panne au bout d\u2019un an ! Le travail n\u2019est pas une fin en soi, mais il doit avant tout r\u00e9pondre \u00e0 des besoins vitaux. \u00bb<\/p>\n<p style=\"text-align: right;\"><strong>Jean-Paul BARATIN, Administrateur<\/strong><\/p>\n<p>Extrait du Recueil des Alternatives de l\u2019AlterTour 2014, disponible dans le num\u00e9ro de juin de la <a title=\"Revue Silence\" href=\"http:\/\/www.revuesilence.net\/\" target=\"_blank\" rel=\"noopener noreferrer\">Revue Silence<\/a><\/p>\n<p>L\u2019AlterTour rendra visite \u00e0 Ch\u00f4m\u2019Actif le 21 juillet 2014 \u00e0 Clermont-Ferrand<\/p>\n<p>&nbsp;<\/p>\n","protected":false},"excerpt":{"rendered":"<p>Le ch\u00f4mage (structurel ?) a encore de \u00ab\u00a0beaux\u00a0\u00bb jours devant lui. Les presque 30 bougies de Chom\u2019Actif l\u2019attestent, au point d\u2019organiser le mariage de \u00ab Monsieur Ch\u00f4mage et Madame Pr\u00e9carit\u00e9 \u00bb. Au del\u00e0 de l\u2019humour grin\u00e7ant, les 7 salari\u00e9Es de l\u2019association soutiennent les refoul\u00e9s de l\u2019emploi. Cr\u00e9\u00e9 sous l\u2019impulsion de &#8230; <\/p>\n<div><a href=\"https:\/\/www.altercampagne.net\/?p=3964\" class=\"more-link\">Read More<\/a><\/div>\n","protected":false},"author":214,"featured_media":0,"comment_status":"closed","ping_status":"closed","sticky":false,"template":"","format":"standard","meta":{"footnotes":""},"categories":[3471,3461,3488],"tags":[123,319,579,584,627,1125,1627,1628,1629,1630],"class_list":["post-3964","post","type-post","status-publish","format-standard","hentry","category-auvergne-rhone-alpes","category-edition-2014","category-social","tag-clermont-ferrand","tag-altertour-2014","tag-auvergne","tag-economie-sociale-et-solidaire","tag-chomactif","tag-puy-de-dome","tag-jean-paul-baratin","tag-chomage","tag-precarite","tag-demandeurs-demplois","no-post-thumbnail"],"yoast_head":"<!-- This site is optimized with the Yoast SEO plugin v27.3 - https:\/\/yoast.com\/product\/yoast-seo-wordpress\/ -->\n<title>Ch\u00f4m\u2019Actif le 21 juillet \u00e0 Clermont-Ferrand - AlterTour<\/title>\n<meta name=\"robots\" content=\"index, follow, max-snippet:-1, max-image-preview:large, max-video-preview:-1\" \/>\n<link rel=\"canonical\" href=\"https:\/\/www.altercampagne.net\/?p=3964\" \/>\n<meta property=\"og:locale\" content=\"fr_FR\" \/>\n<meta property=\"og:type\" content=\"article\" \/>\n<meta property=\"og:title\" content=\"Ch\u00f4m\u2019Actif le 21 juillet \u00e0 Clermont-Ferrand - AlterTour\" \/>\n<meta property=\"og:description\" content=\"Le ch\u00f4mage (structurel ?) a encore de \u00ab\u00a0beaux\u00a0\u00bb jours devant lui. Les presque 30 bougies de Chom\u2019Actif l\u2019attestent, au point d\u2019organiser le mariage de \u00ab Monsieur Ch\u00f4mage et Madame Pr\u00e9carit\u00e9 \u00bb. Au del\u00e0 de l\u2019humour grin\u00e7ant, les 7 salari\u00e9Es de l\u2019association soutiennent les refoul\u00e9s de l\u2019emploi. Cr\u00e9\u00e9 sous l\u2019impulsion de ... Read More\" \/>\n<meta property=\"og:url\" content=\"https:\/\/www.altercampagne.net\/?p=3964\" \/>\n<meta property=\"og:site_name\" content=\"AlterTour\" \/>\n<meta property=\"article:published_time\" content=\"2014-05-13T15:18:25+00:00\" \/>\n<meta property=\"article:modified_time\" content=\"2020-02-24T16:34:32+00:00\" \/>\n<meta property=\"og:image\" content=\"http:\/\/www.altercampagne.net\/wp-content\/uploads\/2016\/04\/Chomactif-300x244.jpg\" \/>\n<meta name=\"author\" content=\"Mathieu\" \/>\n<meta name=\"twitter:card\" content=\"summary_large_image\" \/>\n<meta name=\"twitter:label1\" content=\"\u00c9crit par\" \/>\n\t<meta name=\"twitter:data1\" content=\"Mathieu\" \/>\n\t<meta name=\"twitter:label2\" content=\"Dur\u00e9e de lecture estim\u00e9e\" \/>\n\t<meta name=\"twitter:data2\" content=\"2 minutes\" \/>\n<script type=\"application\/ld+json\" class=\"yoast-schema-graph\">{\"@context\":\"https:\\\/\\\/schema.org\",\"@graph\":[{\"@type\":\"Article\",\"@id\":\"https:\\\/\\\/www.altercampagne.net\\\/?p=3964#article\",\"isPartOf\":{\"@id\":\"https:\\\/\\\/www.altercampagne.net\\\/?p=3964\"},\"author\":{\"name\":\"Mathieu\",\"@id\":\"https:\\\/\\\/www.altercampagne.net\\\/#\\\/schema\\\/person\\\/0f261460c09e430caa0f9bcffa319109\"},\"headline\":\"Ch\u00f4m\u2019Actif le 21 juillet \u00e0 Clermont-Ferrand\",\"datePublished\":\"2014-05-13T15:18:25+00:00\",\"dateModified\":\"2020-02-24T16:34:32+00:00\",\"mainEntityOfPage\":{\"@id\":\"https:\\\/\\\/www.altercampagne.net\\\/?p=3964\"},\"wordCount\":446,\"image\":{\"@id\":\"https:\\\/\\\/www.altercampagne.net\\\/?p=3964#primaryimage\"},\"thumbnailUrl\":\"http:\\\/\\\/www.altercampagne.net\\\/wp-content\\\/uploads\\\/2016\\\/04\\\/Chomactif-300x244.jpg\",\"keywords\":[\"Clermont-Ferrand\",\"altertour 2014\",\"Auvergne\",\"\u00e9conomie sociale et solidaire\",\"Chom\u2019Actif\",\"Puy de D\u00f4me\",\"Jean-Paul BARATIN\",\"ch\u00f4mage\",\"Pr\u00e9carit\u00e9\",\"demandeurs d\u2019emplois\"],\"articleSection\":[\"Auvergne-Rh\u00f4ne-Alpes\",\"\u00c9dition 2014\",\"Social\"],\"inLanguage\":\"fr-FR\"},{\"@type\":\"WebPage\",\"@id\":\"https:\\\/\\\/www.altercampagne.net\\\/?p=3964\",\"url\":\"https:\\\/\\\/www.altercampagne.net\\\/?p=3964\",\"name\":\"Ch\u00f4m\u2019Actif le 21 juillet \u00e0 Clermont-Ferrand - AlterTour\",\"isPartOf\":{\"@id\":\"https:\\\/\\\/www.altercampagne.net\\\/#website\"},\"primaryImageOfPage\":{\"@id\":\"https:\\\/\\\/www.altercampagne.net\\\/?p=3964#primaryimage\"},\"image\":{\"@id\":\"https:\\\/\\\/www.altercampagne.net\\\/?p=3964#primaryimage\"},\"thumbnailUrl\":\"http:\\\/\\\/www.altercampagne.net\\\/wp-content\\\/uploads\\\/2016\\\/04\\\/Chomactif-300x244.jpg\",\"datePublished\":\"2014-05-13T15:18:25+00:00\",\"dateModified\":\"2020-02-24T16:34:32+00:00\",\"author\":{\"@id\":\"https:\\\/\\\/www.altercampagne.net\\\/#\\\/schema\\\/person\\\/0f261460c09e430caa0f9bcffa319109\"},\"breadcrumb\":{\"@id\":\"https:\\\/\\\/www.altercampagne.net\\\/?p=3964#breadcrumb\"},\"inLanguage\":\"fr-FR\",\"potentialAction\":[{\"@type\":\"ReadAction\",\"target\":[\"https:\\\/\\\/www.altercampagne.net\\\/?p=3964\"]}]},{\"@type\":\"ImageObject\",\"inLanguage\":\"fr-FR\",\"@id\":\"https:\\\/\\\/www.altercampagne.net\\\/?p=3964#primaryimage\",\"url\":\"https:\\\/\\\/www.altercampagne.net\\\/wp-content\\\/uploads\\\/2016\\\/04\\\/Chomactif.jpg\",\"contentUrl\":\"https:\\\/\\\/www.altercampagne.net\\\/wp-content\\\/uploads\\\/2016\\\/04\\\/Chomactif.jpg\",\"width\":320,\"height\":260},{\"@type\":\"BreadcrumbList\",\"@id\":\"https:\\\/\\\/www.altercampagne.net\\\/?p=3964#breadcrumb\",\"itemListElement\":[{\"@type\":\"ListItem\",\"position\":1,\"name\":\"Accueil\",\"item\":\"https:\\\/\\\/www.altercampagne.net\\\/\"},{\"@type\":\"ListItem\",\"position\":2,\"name\":\"Ch\u00f4m\u2019Actif le 21 juillet \u00e0 Clermont-Ferrand\"}]},{\"@type\":\"WebSite\",\"@id\":\"https:\\\/\\\/www.altercampagne.net\\\/#website\",\"url\":\"https:\\\/\\\/www.altercampagne.net\\\/\",\"name\":\"AlterTour\",\"description\":\"Reliez les Alternatives \u00e0 v\u00e9lo\",\"potentialAction\":[{\"@type\":\"SearchAction\",\"target\":{\"@type\":\"EntryPoint\",\"urlTemplate\":\"https:\\\/\\\/www.altercampagne.net\\\/?s={search_term_string}\"},\"query-input\":{\"@type\":\"PropertyValueSpecification\",\"valueRequired\":true,\"valueName\":\"search_term_string\"}}],\"inLanguage\":\"fr-FR\"},{\"@type\":\"Person\",\"@id\":\"https:\\\/\\\/www.altercampagne.net\\\/#\\\/schema\\\/person\\\/0f261460c09e430caa0f9bcffa319109\",\"name\":\"Mathieu\",\"image\":{\"@type\":\"ImageObject\",\"inLanguage\":\"fr-FR\",\"@id\":\"https:\\\/\\\/secure.gravatar.com\\\/avatar\\\/aa9d3d24c83f2141e5e2709d0f63d09a99f6be6bb7a50abc4915838d9f54501a?s=96&d=mm&r=g\",\"url\":\"https:\\\/\\\/secure.gravatar.com\\\/avatar\\\/aa9d3d24c83f2141e5e2709d0f63d09a99f6be6bb7a50abc4915838d9f54501a?s=96&d=mm&r=g\",\"contentUrl\":\"https:\\\/\\\/secure.gravatar.com\\\/avatar\\\/aa9d3d24c83f2141e5e2709d0f63d09a99f6be6bb7a50abc4915838d9f54501a?s=96&d=mm&r=g\",\"caption\":\"Mathieu\"},\"url\":\"https:\\\/\\\/www.altercampagne.net\\\/?author=214\"}]}<\/script>\n<!-- \/ Yoast SEO plugin. -->","yoast_head_json":{"title":"Ch\u00f4m\u2019Actif le 21 juillet \u00e0 Clermont-Ferrand - AlterTour","robots":{"index":"index","follow":"follow","max-snippet":"max-snippet:-1","max-image-preview":"max-image-preview:large","max-video-preview":"max-video-preview:-1"},"canonical":"https:\/\/www.altercampagne.net\/?p=3964","og_locale":"fr_FR","og_type":"article","og_title":"Ch\u00f4m\u2019Actif le 21 juillet \u00e0 Clermont-Ferrand - AlterTour","og_description":"Le ch\u00f4mage (structurel ?) a encore de \u00ab\u00a0beaux\u00a0\u00bb jours devant lui. Les presque 30 bougies de Chom\u2019Actif l\u2019attestent, au point d\u2019organiser le mariage de \u00ab Monsieur Ch\u00f4mage et Madame Pr\u00e9carit\u00e9 \u00bb. Au del\u00e0 de l\u2019humour grin\u00e7ant, les 7 salari\u00e9Es de l\u2019association soutiennent les refoul\u00e9s de l\u2019emploi. Cr\u00e9\u00e9 sous l\u2019impulsion de ... Read More","og_url":"https:\/\/www.altercampagne.net\/?p=3964","og_site_name":"AlterTour","article_published_time":"2014-05-13T15:18:25+00:00","article_modified_time":"2020-02-24T16:34:32+00:00","og_image":[{"url":"http:\/\/www.altercampagne.net\/wp-content\/uploads\/2016\/04\/Chomactif-300x244.jpg","type":"","width":"","height":""}],"author":"Mathieu","twitter_card":"summary_large_image","twitter_misc":{"\u00c9crit par":"Mathieu","Dur\u00e9e de lecture estim\u00e9e":"2 minutes"},"schema":{"@context":"https:\/\/schema.org","@graph":[{"@type":"Article","@id":"https:\/\/www.altercampagne.net\/?p=3964#article","isPartOf":{"@id":"https:\/\/www.altercampagne.net\/?p=3964"},"author":{"name":"Mathieu","@id":"https:\/\/www.altercampagne.net\/#\/schema\/person\/0f261460c09e430caa0f9bcffa319109"},"headline":"Ch\u00f4m\u2019Actif le 21 juillet \u00e0 Clermont-Ferrand","datePublished":"2014-05-13T15:18:25+00:00","dateModified":"2020-02-24T16:34:32+00:00","mainEntityOfPage":{"@id":"https:\/\/www.altercampagne.net\/?p=3964"},"wordCount":446,"image":{"@id":"https:\/\/www.altercampagne.net\/?p=3964#primaryimage"},"thumbnailUrl":"http:\/\/www.altercampagne.net\/wp-content\/uploads\/2016\/04\/Chomactif-300x244.jpg","keywords":["Clermont-Ferrand","altertour 2014","Auvergne","\u00e9conomie sociale et solidaire","Chom\u2019Actif","Puy de D\u00f4me","Jean-Paul BARATIN","ch\u00f4mage","Pr\u00e9carit\u00e9","demandeurs d\u2019emplois"],"articleSection":["Auvergne-Rh\u00f4ne-Alpes","\u00c9dition 2014","Social"],"inLanguage":"fr-FR"},{"@type":"WebPage","@id":"https:\/\/www.altercampagne.net\/?p=3964","url":"https:\/\/www.altercampagne.net\/?p=3964","name":"Ch\u00f4m\u2019Actif le 21 juillet \u00e0 Clermont-Ferrand - AlterTour","isPartOf":{"@id":"https:\/\/www.altercampagne.net\/#website"},"primaryImageOfPage":{"@id":"https:\/\/www.altercampagne.net\/?p=3964#primaryimage"},"image":{"@id":"https:\/\/www.altercampagne.net\/?p=3964#primaryimage"},"thumbnailUrl":"http:\/\/www.altercampagne.net\/wp-content\/uploads\/2016\/04\/Chomactif-300x244.jpg","datePublished":"2014-05-13T15:18:25+00:00","dateModified":"2020-02-24T16:34:32+00:00","author":{"@id":"https:\/\/www.altercampagne.net\/#\/schema\/person\/0f261460c09e430caa0f9bcffa319109"},"breadcrumb":{"@id":"https:\/\/www.altercampagne.net\/?p=3964#breadcrumb"},"inLanguage":"fr-FR","potentialAction":[{"@type":"ReadAction","target":["https:\/\/www.altercampagne.net\/?p=3964"]}]},{"@type":"ImageObject","inLanguage":"fr-FR","@id":"https:\/\/www.altercampagne.net\/?p=3964#primaryimage","url":"https:\/\/www.altercampagne.net\/wp-content\/uploads\/2016\/04\/Chomactif.jpg","contentUrl":"https:\/\/www.altercampagne.net\/wp-content\/uploads\/2016\/04\/Chomactif.jpg","width":320,"height":260},{"@type":"BreadcrumbList","@id":"https:\/\/www.altercampagne.net\/?p=3964#breadcrumb","itemListElement":[{"@type":"ListItem","position":1,"name":"Accueil","item":"https:\/\/www.altercampagne.net\/"},{"@type":"ListItem","position":2,"name":"Ch\u00f4m\u2019Actif le 21 juillet \u00e0 Clermont-Ferrand"}]},{"@type":"WebSite","@id":"https:\/\/www.altercampagne.net\/#website","url":"https:\/\/www.altercampagne.net\/","name":"AlterTour","description":"Reliez les Alternatives \u00e0 v\u00e9lo","potentialAction":[{"@type":"SearchAction","target":{"@type":"EntryPoint","urlTemplate":"https:\/\/www.altercampagne.net\/?s={search_term_string}"},"query-input":{"@type":"PropertyValueSpecification","valueRequired":true,"valueName":"search_term_string"}}],"inLanguage":"fr-FR"},{"@type":"Person","@id":"https:\/\/www.altercampagne.net\/#\/schema\/person\/0f261460c09e430caa0f9bcffa319109","name":"Mathieu","image":{"@type":"ImageObject","inLanguage":"fr-FR","@id":"https:\/\/secure.gravatar.com\/avatar\/aa9d3d24c83f2141e5e2709d0f63d09a99f6be6bb7a50abc4915838d9f54501a?s=96&d=mm&r=g","url":"https:\/\/secure.gravatar.com\/avatar\/aa9d3d24c83f2141e5e2709d0f63d09a99f6be6bb7a50abc4915838d9f54501a?s=96&d=mm&r=g","contentUrl":"https:\/\/secure.gravatar.com\/avatar\/aa9d3d24c83f2141e5e2709d0f63d09a99f6be6bb7a50abc4915838d9f54501a?s=96&d=mm&r=g","caption":"Mathieu"},"url":"https:\/\/www.altercampagne.net\/?author=214"}]}},"_links":{"self":[{"href":"https:\/\/www.altercampagne.net\/index.php?rest_route=\/wp\/v2\/posts\/3964","targetHints":{"allow":["GET"]}}],"collection":[{"href":"https:\/\/www.altercampagne.net\/index.php?rest_route=\/wp\/v2\/posts"}],"about":[{"href":"https:\/\/www.altercampagne.net\/index.php?rest_route=\/wp\/v2\/types\/post"}],"author":[{"embeddable":true,"href":"https:\/\/www.altercampagne.net\/index.php?rest_route=\/wp\/v2\/users\/214"}],"replies":[{"embeddable":true,"href":"https:\/\/www.altercampagne.net\/index.php?rest_route=%2Fwp%2Fv2%2Fcomments&post=3964"}],"version-history":[{"count":1,"href":"https:\/\/www.altercampagne.net\/index.php?rest_route=\/wp\/v2\/posts\/3964\/revisions"}],"predecessor-version":[{"id":17469,"href":"https:\/\/www.altercampagne.net\/index.php?rest_route=\/wp\/v2\/posts\/3964\/revisions\/17469"}],"wp:attachment":[{"href":"https:\/\/www.altercampagne.net\/index.php?rest_route=%2Fwp%2Fv2%2Fmedia&parent=3964"}],"wp:term":[{"taxonomy":"category","embeddable":true,"href":"https:\/\/www.altercampagne.net\/index.php?rest_route=%2Fwp%2Fv2%2Fcategories&post=3964"},{"taxonomy":"post_tag","embeddable":true,"href":"https:\/\/www.altercampagne.net\/index.php?rest_route=%2Fwp%2Fv2%2Ftags&post=3964"}],"curies":[{"name":"wp","href":"https:\/\/api.w.org\/{rel}","templated":true}]}}