{"id":3968,"date":"2014-05-14T17:25:27","date_gmt":"2014-05-14T15:25:27","guid":{"rendered":"http:\/\/www.altercampagne.net\/?p=3968"},"modified":"2018-03-02T18:05:00","modified_gmt":"2018-03-02T17:05:00","slug":"lecosite-de-la-palfichade-les-22-et-23-juillet-a-chambon-sur-lac","status":"publish","type":"post","link":"https:\/\/www.altercampagne.net\/?p=3968","title":{"rendered":"L&rsquo;Ecosite de la Palfichade les 22 et 23 juillet \u00e0 Chambon-sur-Lac"},"content":{"rendered":"<p><a href=\"http:\/\/www.palfichade.com\/eco_site.htm\" target=\"_blank\" rel=\"noopener\"><img loading=\"lazy\" decoding=\"async\" class=\"alignleft wp-image-3969 size-medium\" src=\"http:\/\/www.altercampagne.net\/wp-content\/uploads\/2016\/04\/Ecosite-de-la-palfichade-300x244.jpg\" alt=\"Ecosite de la palfichade\" width=\"300\" height=\"244\" srcset=\"https:\/\/www.altercampagne.net\/wp-content\/uploads\/2016\/04\/Ecosite-de-la-palfichade-300x244.jpg 300w, https:\/\/www.altercampagne.net\/wp-content\/uploads\/2016\/04\/Ecosite-de-la-palfichade.jpg 320w\" sizes=\"auto, (max-width: 300px) 100vw, 300px\" \/><\/a>\u00ab La ferme, c\u2019est elle qui m\u2019a trouv\u00e9e \u00bb. En 1994, quelques ann\u00e9es apr\u00e8s son arriv\u00e9e en Auvergne, Brigitte d\u00e9couvre une jolie ferme isol\u00e9e, \u00e0 l\u2019abandon depuis trente ans, dans la vall\u00e9e de Chaudefour. Touch\u00e9e par les lieux, la jeune poti\u00e8re s\u2019y installe et se consacre alors \u00e0 \u00ab la nature sauvage \u00bb. Gr\u00e2ce \u00e0 la <a href=\"http:\/\/www.sicarappam.com\/\" target=\"_blank\" rel=\"noopener\">Sicarappam<\/a>, coop\u00e9rative agricole de plantes aromatiques et m\u00e9dicinales biologiques d\u2019Auvergne, elle s\u2019initie \u00e0 l\u2019art de la cueillette. Ainsi d\u2019avril \u00e0 octobre, Brigitte collecte gentiane, arnica, myrtilles, bruy\u00e8res sur les 10 hectares qui entourent la ferme \u00e0 1.200 m\u00e8tres d\u2019altitude. Elle y ac(cueille) \u00e9galement en stages et ateliers, celles et ceux qui d\u00e9sirent conna\u00eetre les plantes sauvages, leurs usages culinaires ou m\u00e9dicinaux. Brigitte a aussi des \u00e2nes : avec eux, elle aimerait relier les villages proches pour s\u2019y arr\u00eater le temps d\u2019une soir\u00e9e de contes, autour d\u2019une bonne soupe. Petite graine, l\u2019id\u00e9e est sur le point de germer\u2026<\/p>\n<p><strong>\u00ab Un revenu minimum universel pour ne pas accepter n\u2019importe quel boulot \u00bb<\/strong><\/p>\n<p>\u00ab Ce que je fais ici, ce n\u2019est pas du travail. Dans la notion de travail, je vois quelque chose de n\u00e9gatif, de forc\u00e9 et donc de contraignant : c\u2019est en tout cas la mani\u00e8re dont beaucoup le vivent. Un revenu minimum universel, ce serait une bonne chose, pour ne pas accepter n\u2019importe quel boulot. Je n\u2019ai jamais travaill\u00e9 avec d\u2019autres personnes, dans un syst\u00e8me r\u00e9mun\u00e9r\u00e9 : je suis plut\u00f4t ind\u00e9pendante. Ici, j\u2019aime avoir du monde \u00e0 l\u2019occasion des ateliers et des stages, mais j\u2019ai aussi besoin d\u2019\u00eatre seule pour me ressourcer. Les moments de cueillettes sont un bon moyen. Aujourd\u2019hui on doit se d\u00e9finir par ce qu\u2019on fait avant de dire qui on est. Moi, je suis multi-facettes. Il faut croire \u00e0 ce qu\u2019on veut \u00eatre, surmonter ses craintes, car on ne risque rien en fait. Et alors on peut avancer. Les rencontres et les \u00e9v\u00e9nements de la vie nous changent aussi. A nous d\u2019\u00eatre r\u00e9ceptifs au monde qui nous entoure. Nous sommes tous reli\u00e9s \u00e0 la nature et aux \u00eatres vivants. \u00bb<\/p>\n<p style=\"text-align: right;\"><strong>Brigitte, paysanne gardienne de la montagne<\/strong><\/p>\n<p>Extrait du Recueil des Alternatives de l\u2019AlterTour 2014, disponible dans le num\u00e9ro de juin de la <a title=\"Revue Silence\" href=\"http:\/\/www.revuesilence.net\/\" target=\"_blank\" rel=\"noopener\">Revue Silence<\/a><\/p>\n<p>L\u2019AlterTour rendra visite \u00e0 l&rsquo;<a href=\"http:\/\/www.palfichade.com\/index.htm\">Ecosite de la Palfichade<\/a> les 22 et 23 juillet 2014 \u00e0 Chambon-sur-Lac<\/p>\n<p>&nbsp;<\/p>\n<p>&nbsp;<\/p>\n","protected":false},"excerpt":{"rendered":"<p>\u00ab La ferme, c\u2019est elle qui m\u2019a trouv\u00e9e \u00bb. En 1994, quelques ann\u00e9es apr\u00e8s son arriv\u00e9e en Auvergne, Brigitte d\u00e9couvre une jolie ferme isol\u00e9e, \u00e0 l\u2019abandon depuis trente ans, dans la vall\u00e9e de Chaudefour. Touch\u00e9e par les lieux, la jeune poti\u00e8re s\u2019y installe et se consacre alors \u00e0 \u00ab la &#8230; <\/p>\n<div><a href=\"https:\/\/www.altercampagne.net\/?p=3968\" class=\"more-link\">Read More<\/a><\/div>\n","protected":false},"author":214,"featured_media":0,"comment_status":"closed","ping_status":"closed","sticky":false,"template":"","format":"standard","meta":{"footnotes":""},"categories":[3471,3483,3485,3461],"tags":[121,319,579,587,801,1620,1631,1632,1633,1634],"class_list":["post-3968","post","type-post","status-publish","format-standard","hentry","category-auvergne-rhone-alpes","category-agriculture","category-habitat","category-edition-2014","tag-stages","tag-altertour-2014","tag-auvergne","tag-ecosite-de-la-palfichade","tag-plantes-sauvages","tag-puy-de-dome","tag-chambon-sur-lac","tag-vallee-de-chaudefour","tag-sicarappam","tag-ateliers","no-post-thumbnail"],"yoast_head":"<!-- This site is optimized with the Yoast SEO plugin v27.3 - https:\/\/yoast.com\/product\/yoast-seo-wordpress\/ -->\n<title>L&#039;Ecosite de la Palfichade les 22 et 23 juillet \u00e0 Chambon-sur-Lac - AlterTour<\/title>\n<meta name=\"robots\" content=\"index, follow, max-snippet:-1, max-image-preview:large, max-video-preview:-1\" \/>\n<link rel=\"canonical\" href=\"https:\/\/www.altercampagne.net\/?p=3968\" \/>\n<meta property=\"og:locale\" content=\"fr_FR\" \/>\n<meta property=\"og:type\" content=\"article\" \/>\n<meta property=\"og:title\" content=\"L&#039;Ecosite de la Palfichade les 22 et 23 juillet \u00e0 Chambon-sur-Lac - AlterTour\" \/>\n<meta property=\"og:description\" content=\"\u00ab La ferme, c\u2019est elle qui m\u2019a trouv\u00e9e \u00bb. En 1994, quelques ann\u00e9es apr\u00e8s son arriv\u00e9e en Auvergne, Brigitte d\u00e9couvre une jolie ferme isol\u00e9e, \u00e0 l\u2019abandon depuis trente ans, dans la vall\u00e9e de Chaudefour. Touch\u00e9e par les lieux, la jeune poti\u00e8re s\u2019y installe et se consacre alors \u00e0 \u00ab la ... Read More\" \/>\n<meta property=\"og:url\" content=\"https:\/\/www.altercampagne.net\/?p=3968\" \/>\n<meta property=\"og:site_name\" content=\"AlterTour\" \/>\n<meta property=\"article:published_time\" content=\"2014-05-14T15:25:27+00:00\" \/>\n<meta property=\"article:modified_time\" content=\"2018-03-02T17:05:00+00:00\" \/>\n<meta property=\"og:image\" content=\"http:\/\/www.altercampagne.net\/wp-content\/uploads\/2016\/04\/Ecosite-de-la-palfichade-300x244.jpg\" \/>\n<meta name=\"author\" content=\"Mathieu\" \/>\n<meta name=\"twitter:card\" content=\"summary_large_image\" \/>\n<meta name=\"twitter:label1\" content=\"\u00c9crit par\" \/>\n\t<meta name=\"twitter:data1\" content=\"Mathieu\" \/>\n\t<meta name=\"twitter:label2\" content=\"Dur\u00e9e de lecture estim\u00e9e\" \/>\n\t<meta name=\"twitter:data2\" content=\"2 minutes\" \/>\n<script type=\"application\/ld+json\" class=\"yoast-schema-graph\">{\"@context\":\"https:\\\/\\\/schema.org\",\"@graph\":[{\"@type\":\"Article\",\"@id\":\"https:\\\/\\\/www.altercampagne.net\\\/?p=3968#article\",\"isPartOf\":{\"@id\":\"https:\\\/\\\/www.altercampagne.net\\\/?p=3968\"},\"author\":{\"name\":\"Mathieu\",\"@id\":\"https:\\\/\\\/www.altercampagne.net\\\/#\\\/schema\\\/person\\\/0f261460c09e430caa0f9bcffa319109\"},\"headline\":\"L&rsquo;Ecosite de la Palfichade les 22 et 23 juillet \u00e0 Chambon-sur-Lac\",\"datePublished\":\"2014-05-14T15:25:27+00:00\",\"dateModified\":\"2018-03-02T17:05:00+00:00\",\"mainEntityOfPage\":{\"@id\":\"https:\\\/\\\/www.altercampagne.net\\\/?p=3968\"},\"wordCount\":425,\"image\":{\"@id\":\"https:\\\/\\\/www.altercampagne.net\\\/?p=3968#primaryimage\"},\"thumbnailUrl\":\"http:\\\/\\\/www.altercampagne.net\\\/wp-content\\\/uploads\\\/2016\\\/04\\\/Ecosite-de-la-palfichade-300x244.jpg\",\"keywords\":[\"stages\",\"altertour 2014\",\"Auvergne\",\"\u00e9cosite de la Palfichade\",\"plantes sauvages\",\"Puy-de-Do\u0302me\",\"Chambon-sur-lac\",\"vall\u00e9e de Chaudefour\",\"Sicarappam\",\"ateliers\"],\"articleSection\":[\"Auvergne-Rh\u00f4ne-Alpes\",\"Agriculture\",\"Habitat\",\"\u00c9dition 2014\"],\"inLanguage\":\"fr-FR\"},{\"@type\":\"WebPage\",\"@id\":\"https:\\\/\\\/www.altercampagne.net\\\/?p=3968\",\"url\":\"https:\\\/\\\/www.altercampagne.net\\\/?p=3968\",\"name\":\"L'Ecosite de la Palfichade les 22 et 23 juillet \u00e0 Chambon-sur-Lac - AlterTour\",\"isPartOf\":{\"@id\":\"https:\\\/\\\/www.altercampagne.net\\\/#website\"},\"primaryImageOfPage\":{\"@id\":\"https:\\\/\\\/www.altercampagne.net\\\/?p=3968#primaryimage\"},\"image\":{\"@id\":\"https:\\\/\\\/www.altercampagne.net\\\/?p=3968#primaryimage\"},\"thumbnailUrl\":\"http:\\\/\\\/www.altercampagne.net\\\/wp-content\\\/uploads\\\/2016\\\/04\\\/Ecosite-de-la-palfichade-300x244.jpg\",\"datePublished\":\"2014-05-14T15:25:27+00:00\",\"dateModified\":\"2018-03-02T17:05:00+00:00\",\"author\":{\"@id\":\"https:\\\/\\\/www.altercampagne.net\\\/#\\\/schema\\\/person\\\/0f261460c09e430caa0f9bcffa319109\"},\"breadcrumb\":{\"@id\":\"https:\\\/\\\/www.altercampagne.net\\\/?p=3968#breadcrumb\"},\"inLanguage\":\"fr-FR\",\"potentialAction\":[{\"@type\":\"ReadAction\",\"target\":[\"https:\\\/\\\/www.altercampagne.net\\\/?p=3968\"]}]},{\"@type\":\"ImageObject\",\"inLanguage\":\"fr-FR\",\"@id\":\"https:\\\/\\\/www.altercampagne.net\\\/?p=3968#primaryimage\",\"url\":\"https:\\\/\\\/www.altercampagne.net\\\/wp-content\\\/uploads\\\/2016\\\/04\\\/Ecosite-de-la-palfichade.jpg\",\"contentUrl\":\"https:\\\/\\\/www.altercampagne.net\\\/wp-content\\\/uploads\\\/2016\\\/04\\\/Ecosite-de-la-palfichade.jpg\",\"width\":320,\"height\":260},{\"@type\":\"BreadcrumbList\",\"@id\":\"https:\\\/\\\/www.altercampagne.net\\\/?p=3968#breadcrumb\",\"itemListElement\":[{\"@type\":\"ListItem\",\"position\":1,\"name\":\"Accueil\",\"item\":\"https:\\\/\\\/www.altercampagne.net\\\/\"},{\"@type\":\"ListItem\",\"position\":2,\"name\":\"L&rsquo;Ecosite de la Palfichade les 22 et 23 juillet \u00e0 Chambon-sur-Lac\"}]},{\"@type\":\"WebSite\",\"@id\":\"https:\\\/\\\/www.altercampagne.net\\\/#website\",\"url\":\"https:\\\/\\\/www.altercampagne.net\\\/\",\"name\":\"AlterTour\",\"description\":\"Reliez les Alternatives \u00e0 v\u00e9lo\",\"potentialAction\":[{\"@type\":\"SearchAction\",\"target\":{\"@type\":\"EntryPoint\",\"urlTemplate\":\"https:\\\/\\\/www.altercampagne.net\\\/?s={search_term_string}\"},\"query-input\":{\"@type\":\"PropertyValueSpecification\",\"valueRequired\":true,\"valueName\":\"search_term_string\"}}],\"inLanguage\":\"fr-FR\"},{\"@type\":\"Person\",\"@id\":\"https:\\\/\\\/www.altercampagne.net\\\/#\\\/schema\\\/person\\\/0f261460c09e430caa0f9bcffa319109\",\"name\":\"Mathieu\",\"image\":{\"@type\":\"ImageObject\",\"inLanguage\":\"fr-FR\",\"@id\":\"https:\\\/\\\/secure.gravatar.com\\\/avatar\\\/aa9d3d24c83f2141e5e2709d0f63d09a99f6be6bb7a50abc4915838d9f54501a?s=96&d=mm&r=g\",\"url\":\"https:\\\/\\\/secure.gravatar.com\\\/avatar\\\/aa9d3d24c83f2141e5e2709d0f63d09a99f6be6bb7a50abc4915838d9f54501a?s=96&d=mm&r=g\",\"contentUrl\":\"https:\\\/\\\/secure.gravatar.com\\\/avatar\\\/aa9d3d24c83f2141e5e2709d0f63d09a99f6be6bb7a50abc4915838d9f54501a?s=96&d=mm&r=g\",\"caption\":\"Mathieu\"},\"url\":\"https:\\\/\\\/www.altercampagne.net\\\/?author=214\"}]}<\/script>\n<!-- \/ Yoast SEO plugin. -->","yoast_head_json":{"title":"L'Ecosite de la Palfichade les 22 et 23 juillet \u00e0 Chambon-sur-Lac - AlterTour","robots":{"index":"index","follow":"follow","max-snippet":"max-snippet:-1","max-image-preview":"max-image-preview:large","max-video-preview":"max-video-preview:-1"},"canonical":"https:\/\/www.altercampagne.net\/?p=3968","og_locale":"fr_FR","og_type":"article","og_title":"L'Ecosite de la Palfichade les 22 et 23 juillet \u00e0 Chambon-sur-Lac - AlterTour","og_description":"\u00ab La ferme, c\u2019est elle qui m\u2019a trouv\u00e9e \u00bb. En 1994, quelques ann\u00e9es apr\u00e8s son arriv\u00e9e en Auvergne, Brigitte d\u00e9couvre une jolie ferme isol\u00e9e, \u00e0 l\u2019abandon depuis trente ans, dans la vall\u00e9e de Chaudefour. Touch\u00e9e par les lieux, la jeune poti\u00e8re s\u2019y installe et se consacre alors \u00e0 \u00ab la ... Read More","og_url":"https:\/\/www.altercampagne.net\/?p=3968","og_site_name":"AlterTour","article_published_time":"2014-05-14T15:25:27+00:00","article_modified_time":"2018-03-02T17:05:00+00:00","og_image":[{"url":"http:\/\/www.altercampagne.net\/wp-content\/uploads\/2016\/04\/Ecosite-de-la-palfichade-300x244.jpg","type":"","width":"","height":""}],"author":"Mathieu","twitter_card":"summary_large_image","twitter_misc":{"\u00c9crit par":"Mathieu","Dur\u00e9e de lecture estim\u00e9e":"2 minutes"},"schema":{"@context":"https:\/\/schema.org","@graph":[{"@type":"Article","@id":"https:\/\/www.altercampagne.net\/?p=3968#article","isPartOf":{"@id":"https:\/\/www.altercampagne.net\/?p=3968"},"author":{"name":"Mathieu","@id":"https:\/\/www.altercampagne.net\/#\/schema\/person\/0f261460c09e430caa0f9bcffa319109"},"headline":"L&rsquo;Ecosite de la Palfichade les 22 et 23 juillet \u00e0 Chambon-sur-Lac","datePublished":"2014-05-14T15:25:27+00:00","dateModified":"2018-03-02T17:05:00+00:00","mainEntityOfPage":{"@id":"https:\/\/www.altercampagne.net\/?p=3968"},"wordCount":425,"image":{"@id":"https:\/\/www.altercampagne.net\/?p=3968#primaryimage"},"thumbnailUrl":"http:\/\/www.altercampagne.net\/wp-content\/uploads\/2016\/04\/Ecosite-de-la-palfichade-300x244.jpg","keywords":["stages","altertour 2014","Auvergne","\u00e9cosite de la Palfichade","plantes sauvages","Puy-de-Do\u0302me","Chambon-sur-lac","vall\u00e9e de Chaudefour","Sicarappam","ateliers"],"articleSection":["Auvergne-Rh\u00f4ne-Alpes","Agriculture","Habitat","\u00c9dition 2014"],"inLanguage":"fr-FR"},{"@type":"WebPage","@id":"https:\/\/www.altercampagne.net\/?p=3968","url":"https:\/\/www.altercampagne.net\/?p=3968","name":"L'Ecosite de la Palfichade les 22 et 23 juillet \u00e0 Chambon-sur-Lac - AlterTour","isPartOf":{"@id":"https:\/\/www.altercampagne.net\/#website"},"primaryImageOfPage":{"@id":"https:\/\/www.altercampagne.net\/?p=3968#primaryimage"},"image":{"@id":"https:\/\/www.altercampagne.net\/?p=3968#primaryimage"},"thumbnailUrl":"http:\/\/www.altercampagne.net\/wp-content\/uploads\/2016\/04\/Ecosite-de-la-palfichade-300x244.jpg","datePublished":"2014-05-14T15:25:27+00:00","dateModified":"2018-03-02T17:05:00+00:00","author":{"@id":"https:\/\/www.altercampagne.net\/#\/schema\/person\/0f261460c09e430caa0f9bcffa319109"},"breadcrumb":{"@id":"https:\/\/www.altercampagne.net\/?p=3968#breadcrumb"},"inLanguage":"fr-FR","potentialAction":[{"@type":"ReadAction","target":["https:\/\/www.altercampagne.net\/?p=3968"]}]},{"@type":"ImageObject","inLanguage":"fr-FR","@id":"https:\/\/www.altercampagne.net\/?p=3968#primaryimage","url":"https:\/\/www.altercampagne.net\/wp-content\/uploads\/2016\/04\/Ecosite-de-la-palfichade.jpg","contentUrl":"https:\/\/www.altercampagne.net\/wp-content\/uploads\/2016\/04\/Ecosite-de-la-palfichade.jpg","width":320,"height":260},{"@type":"BreadcrumbList","@id":"https:\/\/www.altercampagne.net\/?p=3968#breadcrumb","itemListElement":[{"@type":"ListItem","position":1,"name":"Accueil","item":"https:\/\/www.altercampagne.net\/"},{"@type":"ListItem","position":2,"name":"L&rsquo;Ecosite de la Palfichade les 22 et 23 juillet \u00e0 Chambon-sur-Lac"}]},{"@type":"WebSite","@id":"https:\/\/www.altercampagne.net\/#website","url":"https:\/\/www.altercampagne.net\/","name":"AlterTour","description":"Reliez les Alternatives \u00e0 v\u00e9lo","potentialAction":[{"@type":"SearchAction","target":{"@type":"EntryPoint","urlTemplate":"https:\/\/www.altercampagne.net\/?s={search_term_string}"},"query-input":{"@type":"PropertyValueSpecification","valueRequired":true,"valueName":"search_term_string"}}],"inLanguage":"fr-FR"},{"@type":"Person","@id":"https:\/\/www.altercampagne.net\/#\/schema\/person\/0f261460c09e430caa0f9bcffa319109","name":"Mathieu","image":{"@type":"ImageObject","inLanguage":"fr-FR","@id":"https:\/\/secure.gravatar.com\/avatar\/aa9d3d24c83f2141e5e2709d0f63d09a99f6be6bb7a50abc4915838d9f54501a?s=96&d=mm&r=g","url":"https:\/\/secure.gravatar.com\/avatar\/aa9d3d24c83f2141e5e2709d0f63d09a99f6be6bb7a50abc4915838d9f54501a?s=96&d=mm&r=g","contentUrl":"https:\/\/secure.gravatar.com\/avatar\/aa9d3d24c83f2141e5e2709d0f63d09a99f6be6bb7a50abc4915838d9f54501a?s=96&d=mm&r=g","caption":"Mathieu"},"url":"https:\/\/www.altercampagne.net\/?author=214"}]}},"_links":{"self":[{"href":"https:\/\/www.altercampagne.net\/index.php?rest_route=\/wp\/v2\/posts\/3968","targetHints":{"allow":["GET"]}}],"collection":[{"href":"https:\/\/www.altercampagne.net\/index.php?rest_route=\/wp\/v2\/posts"}],"about":[{"href":"https:\/\/www.altercampagne.net\/index.php?rest_route=\/wp\/v2\/types\/post"}],"author":[{"embeddable":true,"href":"https:\/\/www.altercampagne.net\/index.php?rest_route=\/wp\/v2\/users\/214"}],"replies":[{"embeddable":true,"href":"https:\/\/www.altercampagne.net\/index.php?rest_route=%2Fwp%2Fv2%2Fcomments&post=3968"}],"version-history":[{"count":0,"href":"https:\/\/www.altercampagne.net\/index.php?rest_route=\/wp\/v2\/posts\/3968\/revisions"}],"wp:attachment":[{"href":"https:\/\/www.altercampagne.net\/index.php?rest_route=%2Fwp%2Fv2%2Fmedia&parent=3968"}],"wp:term":[{"taxonomy":"category","embeddable":true,"href":"https:\/\/www.altercampagne.net\/index.php?rest_route=%2Fwp%2Fv2%2Fcategories&post=3968"},{"taxonomy":"post_tag","embeddable":true,"href":"https:\/\/www.altercampagne.net\/index.php?rest_route=%2Fwp%2Fv2%2Ftags&post=3968"}],"curies":[{"name":"wp","href":"https:\/\/api.w.org\/{rel}","templated":true}]}}