{"id":3971,"date":"2014-05-19T17:35:36","date_gmt":"2014-05-19T15:35:36","guid":{"rendered":"http:\/\/www.altercampagne.net\/?p=3971"},"modified":"2020-02-24T17:34:07","modified_gmt":"2020-02-24T16:34:07","slug":"le-battement-dailes-le-26-juillet-au-cornil","status":"publish","type":"post","link":"https:\/\/www.altercampagne.net\/?p=3971","title":{"rendered":"Le Battement d\u2019Ailes le 26 juillet au Cornil"},"content":{"rendered":"<p><a href=\"http:\/\/www.lebattementdailes.org\/\" target=\"_blank\" rel=\"noopener noreferrer\"><img loading=\"lazy\" decoding=\"async\" class=\"alignright wp-image-3972 size-medium\" src=\"http:\/\/www.altercampagne.net\/wp-content\/uploads\/2016\/04\/Battement-dailes-300x244.jpg\" alt=\"Battement d'ailes\" width=\"300\" height=\"244\" srcset=\"https:\/\/www.altercampagne.net\/wp-content\/uploads\/2016\/04\/Battement-dailes-300x244.jpg 300w, https:\/\/www.altercampagne.net\/wp-content\/uploads\/2016\/04\/Battement-dailes.jpg 320w\" sizes=\"auto, (max-width: 300px) 100vw, 300px\" \/><\/a>\u00ab M\u00eame r\u00e9p\u00e9t\u00e9e ind\u00e9finiment, une erreur ne devient pas v\u00e9rit\u00e9 \u00bb. Les mots de Gandhi inspirent l\u2019ambitieux projet transformateur et \u00e9mancipateur du \u00ab <a href=\"http:\/\/www.lebattementdailes.org\/\" target=\"_blank\" rel=\"noopener noreferrer\">Battement <\/a><a href=\"http:\/\/www.lebattementdailes.org\/\" target=\"_blank\" rel=\"noopener noreferrer\">d\u2019ailes<\/a> \u00bb. Cette association coop\u00e9rative d\u2019\u00c9ducation Populaire mont\u00e9e en 2002 cherche \u00e0 favoriser le passage \u00e0 l\u2019acte vers une soci\u00e9t\u00e9 responsable et solidaire. Autour de son centre agro\u00e9cologique et culturel, elle met en place de multiples activit\u00e9s pour accompagner ou susciter le changement : chantiers b\u00e9n\u00e9voles (\u00e9co-habitat, cr\u00e9ation paysag\u00e8re, jardinage\u2026), stages de formation (\u00e9co-construction, connaissance du vivant\u2026), accueil de groupes scolaires et de porteurs de projets, location de toilettes s\u00e8ches\u2026 Sur un espace de 5 hectares, elle dispose d\u2019un jardin p\u00e9dagogique, d\u2019une aire de camping, d\u2019un centre de ressources et d\u2019une librairie. Membre du <a href=\"http:\/\/www.reseaurepas.free.fr\/\" target=\"_blank\" rel=\"noopener noreferrer\">r\u00e9seau REPAS<\/a>, Le battement d\u2019ailes, tr\u00e8s ancr\u00e9 sur son territoire, r\u00e9pond \u00e0 toutes les sollicitations des \u00e9coles, collectivit\u00e9s, associations et individus en qu\u00eate de transformation.<\/p>\n<p><strong>\u00ab Beaucoup de savoir-faire \u00e0 se r\u00e9aproprier \u00bb<\/strong><\/p>\n<p>\u00ab Le travail est un th\u00e8me tr\u00e8s fort chez nous. On se d\u00e9finit un peu comme une coop\u00e9rative d\u2019int\u00e9r\u00eat g\u00e9n\u00e9ral, m\u00eame si on a le statut associatif. On a fait le choix d\u2019\u00eatre le moins d\u00e9pendant possible de l\u2019argent public : 70% de nos revenus sont g\u00e9n\u00e9r\u00e9s par notre activit\u00e9 propre. Toutes nos activit\u00e9s d\u2019accueil passent par le travail. Il y a beaucoup de savoir-faire \u00e0 se r\u00e9approprier. Tout ce que nous faisons est issu d\u2019une r\u00e9flexion sur l\u2019id\u00e9e d\u2019int\u00e9r\u00eat g\u00e9n\u00e9ral et collectif. Ce qui est central pour nous, c\u2019est l\u2019humain, la plus-value humaine et politique de la compr\u00e9hension du monde. Nous accordons beaucoup d\u2019attention \u00e0 la pluriactivit\u00e9. Tout le monde est polyvalent. Notre action est aussi bas\u00e9e sur le b\u00e9n\u00e9volat, l\u2019apprentissage et la r\u00e9ciprocit\u00e9 des<br \/>\napprentissages. Avec les gens qui viennent ici faire du b\u00e9n\u00e9volat, on essaie de leur transmettre des choses, de les aiguiller, de faire en sorte que leur travail leur soit profitable. Nous d\u00e9dions beaucoup de temps \u00e0 l\u2019accompagnement. On a un cahier des charges social qui rend notre travail \u00e0 la fois plus exigeant, plus sens\u00e9 et conforme \u00e0 notre image. \u00bb<\/p>\n<p style=\"text-align: right;\"><strong>Pascal Brette, membre actif permanant<\/strong><\/p>\n<p>Extrait du Recueil des Alternatives de l\u2019AlterTour 2014, disponible dans le num\u00e9ro de juin de la <a title=\"Revue Silence\" href=\"http:\/\/www.revuesilence.net\/\" target=\"_blank\" rel=\"noopener noreferrer\">Revue Silence<\/a><\/p>\n<p>L\u2019AlterTour rendra visite au Battement d\u2019Ailes le 26 juillet 2014 au Cornil.<\/p>\n<p>&nbsp;<\/p>\n","protected":false},"excerpt":{"rendered":"<p>\u00ab M\u00eame r\u00e9p\u00e9t\u00e9e ind\u00e9finiment, une erreur ne devient pas v\u00e9rit\u00e9 \u00bb. Les mots de Gandhi inspirent l\u2019ambitieux projet transformateur et \u00e9mancipateur du \u00ab Battement d\u2019ailes \u00bb. Cette association coop\u00e9rative d\u2019\u00c9ducation Populaire mont\u00e9e en 2002 cherche \u00e0 favoriser le passage \u00e0 l\u2019acte vers une soci\u00e9t\u00e9 responsable et solidaire. Autour de son &#8230; <\/p>\n<div><a href=\"https:\/\/www.altercampagne.net\/?p=3971\" class=\"more-link\">Read More<\/a><\/div>\n","protected":false},"author":214,"featured_media":0,"comment_status":"closed","ping_status":"closed","sticky":false,"template":"","format":"standard","meta":{"footnotes":""},"categories":[3479,3461,3540],"tags":[319,580,589,819,1124,1635,1636,1637,1638,1639],"class_list":["post-3971","post","type-post","status-publish","format-standard","hentry","category-nouvelle-aquitaine","category-edition-2014","category-transverse","tag-altertour-2014","tag-limousin","tag-le-battement-dailes","tag-rencontres-du-reseau-repas","tag-correze","tag-le-cornil","tag-pascal-brette","tag-agroecologique","tag-eco-habitat","tag-stage","no-post-thumbnail"],"yoast_head":"<!-- This site is optimized with the Yoast SEO plugin v27.3 - https:\/\/yoast.com\/product\/yoast-seo-wordpress\/ -->\n<title>Le Battement d\u2019Ailes le 26 juillet au Cornil - AlterTour<\/title>\n<meta name=\"robots\" content=\"index, follow, max-snippet:-1, max-image-preview:large, max-video-preview:-1\" \/>\n<link rel=\"canonical\" href=\"https:\/\/www.altercampagne.net\/?p=3971\" \/>\n<meta property=\"og:locale\" content=\"fr_FR\" \/>\n<meta property=\"og:type\" content=\"article\" \/>\n<meta property=\"og:title\" content=\"Le Battement d\u2019Ailes le 26 juillet au Cornil - AlterTour\" \/>\n<meta property=\"og:description\" content=\"\u00ab M\u00eame r\u00e9p\u00e9t\u00e9e ind\u00e9finiment, une erreur ne devient pas v\u00e9rit\u00e9 \u00bb. Les mots de Gandhi inspirent l\u2019ambitieux projet transformateur et \u00e9mancipateur du \u00ab Battement d\u2019ailes \u00bb. Cette association coop\u00e9rative d\u2019\u00c9ducation Populaire mont\u00e9e en 2002 cherche \u00e0 favoriser le passage \u00e0 l\u2019acte vers une soci\u00e9t\u00e9 responsable et solidaire. Autour de son ... Read More\" \/>\n<meta property=\"og:url\" content=\"https:\/\/www.altercampagne.net\/?p=3971\" \/>\n<meta property=\"og:site_name\" content=\"AlterTour\" \/>\n<meta property=\"article:published_time\" content=\"2014-05-19T15:35:36+00:00\" \/>\n<meta property=\"article:modified_time\" content=\"2020-02-24T16:34:07+00:00\" \/>\n<meta property=\"og:image\" content=\"http:\/\/www.altercampagne.net\/wp-content\/uploads\/2016\/04\/Battement-dailes-300x244.jpg\" \/>\n<meta name=\"author\" content=\"Mathieu\" \/>\n<meta name=\"twitter:card\" content=\"summary_large_image\" \/>\n<meta name=\"twitter:label1\" content=\"\u00c9crit par\" \/>\n\t<meta name=\"twitter:data1\" content=\"Mathieu\" \/>\n\t<meta name=\"twitter:label2\" content=\"Dur\u00e9e de lecture estim\u00e9e\" \/>\n\t<meta name=\"twitter:data2\" content=\"2 minutes\" \/>\n<script type=\"application\/ld+json\" class=\"yoast-schema-graph\">{\"@context\":\"https:\\\/\\\/schema.org\",\"@graph\":[{\"@type\":\"Article\",\"@id\":\"https:\\\/\\\/www.altercampagne.net\\\/?p=3971#article\",\"isPartOf\":{\"@id\":\"https:\\\/\\\/www.altercampagne.net\\\/?p=3971\"},\"author\":{\"name\":\"Mathieu\",\"@id\":\"https:\\\/\\\/www.altercampagne.net\\\/#\\\/schema\\\/person\\\/0f261460c09e430caa0f9bcffa319109\"},\"headline\":\"Le Battement d\u2019Ailes le 26 juillet au Cornil\",\"datePublished\":\"2014-05-19T15:35:36+00:00\",\"dateModified\":\"2020-02-24T16:34:07+00:00\",\"mainEntityOfPage\":{\"@id\":\"https:\\\/\\\/www.altercampagne.net\\\/?p=3971\"},\"wordCount\":434,\"image\":{\"@id\":\"https:\\\/\\\/www.altercampagne.net\\\/?p=3971#primaryimage\"},\"thumbnailUrl\":\"http:\\\/\\\/www.altercampagne.net\\\/wp-content\\\/uploads\\\/2016\\\/04\\\/Battement-dailes-300x244.jpg\",\"keywords\":[\"altertour 2014\",\"Limousin\",\"le battement d'ailes\",\"rencontres du r\u00e9seau repas\",\"Corr\u00e8ze\",\"le cornil\",\"Pascal Brette\",\"agro\u00e9cologique\",\"\u00e9co-habitat\",\"stage\"],\"articleSection\":[\"Nouvelle-Aquitaine\",\"\u00c9dition 2014\",\"Transverse\"],\"inLanguage\":\"fr-FR\"},{\"@type\":\"WebPage\",\"@id\":\"https:\\\/\\\/www.altercampagne.net\\\/?p=3971\",\"url\":\"https:\\\/\\\/www.altercampagne.net\\\/?p=3971\",\"name\":\"Le Battement d\u2019Ailes le 26 juillet au Cornil - AlterTour\",\"isPartOf\":{\"@id\":\"https:\\\/\\\/www.altercampagne.net\\\/#website\"},\"primaryImageOfPage\":{\"@id\":\"https:\\\/\\\/www.altercampagne.net\\\/?p=3971#primaryimage\"},\"image\":{\"@id\":\"https:\\\/\\\/www.altercampagne.net\\\/?p=3971#primaryimage\"},\"thumbnailUrl\":\"http:\\\/\\\/www.altercampagne.net\\\/wp-content\\\/uploads\\\/2016\\\/04\\\/Battement-dailes-300x244.jpg\",\"datePublished\":\"2014-05-19T15:35:36+00:00\",\"dateModified\":\"2020-02-24T16:34:07+00:00\",\"author\":{\"@id\":\"https:\\\/\\\/www.altercampagne.net\\\/#\\\/schema\\\/person\\\/0f261460c09e430caa0f9bcffa319109\"},\"breadcrumb\":{\"@id\":\"https:\\\/\\\/www.altercampagne.net\\\/?p=3971#breadcrumb\"},\"inLanguage\":\"fr-FR\",\"potentialAction\":[{\"@type\":\"ReadAction\",\"target\":[\"https:\\\/\\\/www.altercampagne.net\\\/?p=3971\"]}]},{\"@type\":\"ImageObject\",\"inLanguage\":\"fr-FR\",\"@id\":\"https:\\\/\\\/www.altercampagne.net\\\/?p=3971#primaryimage\",\"url\":\"https:\\\/\\\/www.altercampagne.net\\\/wp-content\\\/uploads\\\/2016\\\/04\\\/Battement-dailes.jpg\",\"contentUrl\":\"https:\\\/\\\/www.altercampagne.net\\\/wp-content\\\/uploads\\\/2016\\\/04\\\/Battement-dailes.jpg\",\"width\":320,\"height\":260},{\"@type\":\"BreadcrumbList\",\"@id\":\"https:\\\/\\\/www.altercampagne.net\\\/?p=3971#breadcrumb\",\"itemListElement\":[{\"@type\":\"ListItem\",\"position\":1,\"name\":\"Accueil\",\"item\":\"https:\\\/\\\/www.altercampagne.net\\\/\"},{\"@type\":\"ListItem\",\"position\":2,\"name\":\"Le Battement d\u2019Ailes le 26 juillet au Cornil\"}]},{\"@type\":\"WebSite\",\"@id\":\"https:\\\/\\\/www.altercampagne.net\\\/#website\",\"url\":\"https:\\\/\\\/www.altercampagne.net\\\/\",\"name\":\"AlterTour\",\"description\":\"Reliez les Alternatives \u00e0 v\u00e9lo\",\"potentialAction\":[{\"@type\":\"SearchAction\",\"target\":{\"@type\":\"EntryPoint\",\"urlTemplate\":\"https:\\\/\\\/www.altercampagne.net\\\/?s={search_term_string}\"},\"query-input\":{\"@type\":\"PropertyValueSpecification\",\"valueRequired\":true,\"valueName\":\"search_term_string\"}}],\"inLanguage\":\"fr-FR\"},{\"@type\":\"Person\",\"@id\":\"https:\\\/\\\/www.altercampagne.net\\\/#\\\/schema\\\/person\\\/0f261460c09e430caa0f9bcffa319109\",\"name\":\"Mathieu\",\"image\":{\"@type\":\"ImageObject\",\"inLanguage\":\"fr-FR\",\"@id\":\"https:\\\/\\\/secure.gravatar.com\\\/avatar\\\/aa9d3d24c83f2141e5e2709d0f63d09a99f6be6bb7a50abc4915838d9f54501a?s=96&d=mm&r=g\",\"url\":\"https:\\\/\\\/secure.gravatar.com\\\/avatar\\\/aa9d3d24c83f2141e5e2709d0f63d09a99f6be6bb7a50abc4915838d9f54501a?s=96&d=mm&r=g\",\"contentUrl\":\"https:\\\/\\\/secure.gravatar.com\\\/avatar\\\/aa9d3d24c83f2141e5e2709d0f63d09a99f6be6bb7a50abc4915838d9f54501a?s=96&d=mm&r=g\",\"caption\":\"Mathieu\"},\"url\":\"https:\\\/\\\/www.altercampagne.net\\\/?author=214\"}]}<\/script>\n<!-- \/ Yoast SEO plugin. -->","yoast_head_json":{"title":"Le Battement d\u2019Ailes le 26 juillet au Cornil - AlterTour","robots":{"index":"index","follow":"follow","max-snippet":"max-snippet:-1","max-image-preview":"max-image-preview:large","max-video-preview":"max-video-preview:-1"},"canonical":"https:\/\/www.altercampagne.net\/?p=3971","og_locale":"fr_FR","og_type":"article","og_title":"Le Battement d\u2019Ailes le 26 juillet au Cornil - AlterTour","og_description":"\u00ab M\u00eame r\u00e9p\u00e9t\u00e9e ind\u00e9finiment, une erreur ne devient pas v\u00e9rit\u00e9 \u00bb. Les mots de Gandhi inspirent l\u2019ambitieux projet transformateur et \u00e9mancipateur du \u00ab Battement d\u2019ailes \u00bb. Cette association coop\u00e9rative d\u2019\u00c9ducation Populaire mont\u00e9e en 2002 cherche \u00e0 favoriser le passage \u00e0 l\u2019acte vers une soci\u00e9t\u00e9 responsable et solidaire. Autour de son ... Read More","og_url":"https:\/\/www.altercampagne.net\/?p=3971","og_site_name":"AlterTour","article_published_time":"2014-05-19T15:35:36+00:00","article_modified_time":"2020-02-24T16:34:07+00:00","og_image":[{"url":"http:\/\/www.altercampagne.net\/wp-content\/uploads\/2016\/04\/Battement-dailes-300x244.jpg","type":"","width":"","height":""}],"author":"Mathieu","twitter_card":"summary_large_image","twitter_misc":{"\u00c9crit par":"Mathieu","Dur\u00e9e de lecture estim\u00e9e":"2 minutes"},"schema":{"@context":"https:\/\/schema.org","@graph":[{"@type":"Article","@id":"https:\/\/www.altercampagne.net\/?p=3971#article","isPartOf":{"@id":"https:\/\/www.altercampagne.net\/?p=3971"},"author":{"name":"Mathieu","@id":"https:\/\/www.altercampagne.net\/#\/schema\/person\/0f261460c09e430caa0f9bcffa319109"},"headline":"Le Battement d\u2019Ailes le 26 juillet au Cornil","datePublished":"2014-05-19T15:35:36+00:00","dateModified":"2020-02-24T16:34:07+00:00","mainEntityOfPage":{"@id":"https:\/\/www.altercampagne.net\/?p=3971"},"wordCount":434,"image":{"@id":"https:\/\/www.altercampagne.net\/?p=3971#primaryimage"},"thumbnailUrl":"http:\/\/www.altercampagne.net\/wp-content\/uploads\/2016\/04\/Battement-dailes-300x244.jpg","keywords":["altertour 2014","Limousin","le battement d'ailes","rencontres du r\u00e9seau repas","Corr\u00e8ze","le cornil","Pascal Brette","agro\u00e9cologique","\u00e9co-habitat","stage"],"articleSection":["Nouvelle-Aquitaine","\u00c9dition 2014","Transverse"],"inLanguage":"fr-FR"},{"@type":"WebPage","@id":"https:\/\/www.altercampagne.net\/?p=3971","url":"https:\/\/www.altercampagne.net\/?p=3971","name":"Le Battement d\u2019Ailes le 26 juillet au Cornil - AlterTour","isPartOf":{"@id":"https:\/\/www.altercampagne.net\/#website"},"primaryImageOfPage":{"@id":"https:\/\/www.altercampagne.net\/?p=3971#primaryimage"},"image":{"@id":"https:\/\/www.altercampagne.net\/?p=3971#primaryimage"},"thumbnailUrl":"http:\/\/www.altercampagne.net\/wp-content\/uploads\/2016\/04\/Battement-dailes-300x244.jpg","datePublished":"2014-05-19T15:35:36+00:00","dateModified":"2020-02-24T16:34:07+00:00","author":{"@id":"https:\/\/www.altercampagne.net\/#\/schema\/person\/0f261460c09e430caa0f9bcffa319109"},"breadcrumb":{"@id":"https:\/\/www.altercampagne.net\/?p=3971#breadcrumb"},"inLanguage":"fr-FR","potentialAction":[{"@type":"ReadAction","target":["https:\/\/www.altercampagne.net\/?p=3971"]}]},{"@type":"ImageObject","inLanguage":"fr-FR","@id":"https:\/\/www.altercampagne.net\/?p=3971#primaryimage","url":"https:\/\/www.altercampagne.net\/wp-content\/uploads\/2016\/04\/Battement-dailes.jpg","contentUrl":"https:\/\/www.altercampagne.net\/wp-content\/uploads\/2016\/04\/Battement-dailes.jpg","width":320,"height":260},{"@type":"BreadcrumbList","@id":"https:\/\/www.altercampagne.net\/?p=3971#breadcrumb","itemListElement":[{"@type":"ListItem","position":1,"name":"Accueil","item":"https:\/\/www.altercampagne.net\/"},{"@type":"ListItem","position":2,"name":"Le Battement d\u2019Ailes le 26 juillet au Cornil"}]},{"@type":"WebSite","@id":"https:\/\/www.altercampagne.net\/#website","url":"https:\/\/www.altercampagne.net\/","name":"AlterTour","description":"Reliez les Alternatives \u00e0 v\u00e9lo","potentialAction":[{"@type":"SearchAction","target":{"@type":"EntryPoint","urlTemplate":"https:\/\/www.altercampagne.net\/?s={search_term_string}"},"query-input":{"@type":"PropertyValueSpecification","valueRequired":true,"valueName":"search_term_string"}}],"inLanguage":"fr-FR"},{"@type":"Person","@id":"https:\/\/www.altercampagne.net\/#\/schema\/person\/0f261460c09e430caa0f9bcffa319109","name":"Mathieu","image":{"@type":"ImageObject","inLanguage":"fr-FR","@id":"https:\/\/secure.gravatar.com\/avatar\/aa9d3d24c83f2141e5e2709d0f63d09a99f6be6bb7a50abc4915838d9f54501a?s=96&d=mm&r=g","url":"https:\/\/secure.gravatar.com\/avatar\/aa9d3d24c83f2141e5e2709d0f63d09a99f6be6bb7a50abc4915838d9f54501a?s=96&d=mm&r=g","contentUrl":"https:\/\/secure.gravatar.com\/avatar\/aa9d3d24c83f2141e5e2709d0f63d09a99f6be6bb7a50abc4915838d9f54501a?s=96&d=mm&r=g","caption":"Mathieu"},"url":"https:\/\/www.altercampagne.net\/?author=214"}]}},"_links":{"self":[{"href":"https:\/\/www.altercampagne.net\/index.php?rest_route=\/wp\/v2\/posts\/3971","targetHints":{"allow":["GET"]}}],"collection":[{"href":"https:\/\/www.altercampagne.net\/index.php?rest_route=\/wp\/v2\/posts"}],"about":[{"href":"https:\/\/www.altercampagne.net\/index.php?rest_route=\/wp\/v2\/types\/post"}],"author":[{"embeddable":true,"href":"https:\/\/www.altercampagne.net\/index.php?rest_route=\/wp\/v2\/users\/214"}],"replies":[{"embeddable":true,"href":"https:\/\/www.altercampagne.net\/index.php?rest_route=%2Fwp%2Fv2%2Fcomments&post=3971"}],"version-history":[{"count":1,"href":"https:\/\/www.altercampagne.net\/index.php?rest_route=\/wp\/v2\/posts\/3971\/revisions"}],"predecessor-version":[{"id":17468,"href":"https:\/\/www.altercampagne.net\/index.php?rest_route=\/wp\/v2\/posts\/3971\/revisions\/17468"}],"wp:attachment":[{"href":"https:\/\/www.altercampagne.net\/index.php?rest_route=%2Fwp%2Fv2%2Fmedia&parent=3971"}],"wp:term":[{"taxonomy":"category","embeddable":true,"href":"https:\/\/www.altercampagne.net\/index.php?rest_route=%2Fwp%2Fv2%2Fcategories&post=3971"},{"taxonomy":"post_tag","embeddable":true,"href":"https:\/\/www.altercampagne.net\/index.php?rest_route=%2Fwp%2Fv2%2Ftags&post=3971"}],"curies":[{"name":"wp","href":"https:\/\/api.w.org\/{rel}","templated":true}]}}