{"id":3985,"date":"2016-05-09T09:40:36","date_gmt":"2016-05-09T07:40:36","guid":{"rendered":"http:\/\/www.altercampagne.net\/?p=3985"},"modified":"2019-09-13T14:29:27","modified_gmt":"2019-09-13T12:29:27","slug":"lacipa-le-10-juillet-a-notre-dame-des-landes","status":"publish","type":"post","link":"https:\/\/www.altercampagne.net\/?p=3985","title":{"rendered":"L&rsquo;ACIPA le 10 juillet \u00e0 Notre-Dame-des-Landes"},"content":{"rendered":"<p><a href=\"http:\/\/www.altercampagne.net\/wp-content\/uploads\/2016\/04\/2016-07-10-Acipa-NDDL.jpg\"><img loading=\"lazy\" decoding=\"async\" class=\" size-medium wp-image-4349 alignright\" src=\"http:\/\/www.altercampagne.net\/wp-content\/uploads\/2016\/05\/2016-07-10-Acipa-NDDL.jpg\" alt=\"2016-07-10-Acipa-NDDL\" width=\"300\" height=\"219\"><\/a>Question pour du pognon ! Top chrono : je suis un projet qui voit le jour dans les ann\u00e9es 60. Mon \u00e9tude d\u2019utilit\u00e9 publique a \u00e9t\u00e9 men\u00e9e par un pr\u00e9fet qui travaille maintenant chez mon promoteur priv\u00e9. Mon \u00e9tude d\u2019impact sur la biodiversit\u00e9 est b\u00e2cl\u00e9e avec \u00ab l\u2019oubli \u00bb de plusieurs esp\u00e8ces v\u00e9g\u00e9tales et animales prot\u00e9g\u00e9es. Je me moque de la loi sur l\u2019eau car mon lieu de construction comportant 98% de zone humide, d\u00e9truira irr\u00e9m\u00e9diablement 1650 ha de bocage d\u2019un double bassin versant. Je fais miroiter un nombre d\u2019emplois d\u00e9mesur\u00e9 en relation avec le transport a\u00e9rien. Je suiiiiiiiiiis ?&#8230; L\u2019a\u00e9roport de Notre-Dame-des-Lannnnndes bien s\u00fbr ! Et bien s\u00fbr, les diff\u00e9rents pouvoirs en place restent sourds aux l\u00e9gitimes protestations. Avec d\u2019autres, les membres de l\u2019<a href=\"https:\/\/www.acipa-ndl.fr\/\" target=\"_blank\" rel=\"noopener noreferrer\">ACIPA<\/a> ont d\u00e9cid\u00e9 de ne rien l\u00e2cher. De r\u00e9unions publiques d\u2019informations en manifestations, d\u2019expertises ind\u00e9pendantes r\u00e9v\u00e9latrices des arnaques en rassemblements annuels festivo-militants, ce Grand Projet Inutile Impos\u00e9 n\u2019est pas pr\u00e8s de voir le jour. Derni\u00e8re escroquerie en date : un soi-disant r\u00e9f\u00e9rendum. Ou comment faire croire que l\u2019on va demander d\u00e9mocratiquement un avis\u2026 sur un dossier pip\u00e9 !!!!!<\/p>\n<p><strong>\u00ab Ne pas gaspiller nos biens communs \u00bb<\/strong><\/p>\n<p><a href=\"http:\/\/www.altercampagne.net\/wp-content\/uploads\/2016\/04\/2016-07-10-NDDL2-bd.jpg\"><img loading=\"lazy\" decoding=\"async\" class=\" size-medium wp-image-3989 alignleft\" src=\"http:\/\/www.altercampagne.net\/wp-content\/uploads\/2016\/04\/2016-07-10-NDDL2-bd-300x201.jpg\" alt=\"NDDL\" width=\"300\" height=\"201\" srcset=\"https:\/\/www.altercampagne.net\/wp-content\/uploads\/2016\/04\/2016-07-10-NDDL2-bd-300x201.jpg 300w, https:\/\/www.altercampagne.net\/wp-content\/uploads\/2016\/04\/2016-07-10-NDDL2-bd.jpg 695w\" sizes=\"auto, (max-width: 300px) 100vw, 300px\" \/><\/a>\u00ab Nous sommes une des 11 familles expulsables. Le projet d\u2019a\u00e9roport a \u00e9t\u00e9 relanc\u00e9 alors qu\u2019on soufflait notre premi\u00e8re bougie. On a eu un coup de foudre pour le lieu, son voisinage agricole accueillant avec une CUMA, Coop\u00e9rative d\u2019Utilisation du Mat\u00e9riel Agricole. On s\u2019est donc dit qu\u2019on allait bien vivre de notre m\u00e9tier. Que cet environnement-l\u00e0 serait bon pour les vaches, qu\u2019elles seraient souvent \u00e0 l\u2019herbe. C\u2019est le classement en ZAD, Zone d\u2019Am\u00e9nagement Diff\u00e9r\u00e9 il y a 40 ans, qui a bien pr\u00e9serv\u00e9 ce territoire du sch\u00e9ma de d\u00e9veloppement intensif et des remembrements ! On ne veut pas gaspiller toutes ses ressources, les terres, le bocage en zone humide de plus en plus rare, les prairies naturelles, la beaut\u00e9 des lieux, tous ces biens communs. Cette lutte n\u2019a de chance de l\u2019emporter qu\u2019en restant ensemble. C\u2019est une des motivations \u00e0 tenir ici : tu t\u2019investis sur ce petit territoire car tu vis quelque chose de diff\u00e9rent, o\u00f9 tout individu a une place. En tout cas, on fait d\u00e9j\u00e0 extr\u00eamement attention \u00e0 nos pratiques, mais d\u00e8s l\u2019abandon du projet, on continue avec notre conversion en bio. \u00bb<\/p>\n<p style=\"text-align: right;\"><strong>Sylvie, paysanne \u00e0 Notre-Dame-Des-Landes<\/strong><\/p>\n<p style=\"text-align: left;\">Extrait du Recueil des Alternatives de l\u2019AlterTour 2016, disponible dans le num\u00e9ro de juin de la <a title=\"Revue Silence\" href=\"http:\/\/www.revuesilence.net\/\" target=\"_blank\" rel=\"noopener noreferrer\">Revue Silence.<\/a><\/p>\n<p style=\"text-align: left;\">L&rsquo;ACIPA accueillera l&rsquo;AlterTour les 9 et 10 juillet 2016 \u00e0 Notre-Dame-des-Landes.<\/p>\n<p style=\"text-align: left;\">\n","protected":false},"excerpt":{"rendered":"<p>Question pour du pognon ! Top chrono : je suis un projet qui voit le jour dans les ann\u00e9es 60. Mon \u00e9tude d\u2019utilit\u00e9 publique a \u00e9t\u00e9 men\u00e9e par un pr\u00e9fet qui travaille maintenant chez mon promoteur priv\u00e9. Mon \u00e9tude d\u2019impact sur la biodiversit\u00e9 est b\u00e2cl\u00e9e avec \u00ab l\u2019oubli \u00bb de &#8230; <\/p>\n<div><a href=\"https:\/\/www.altercampagne.net\/?p=3985\" class=\"more-link\">Read More<\/a><\/div>\n","protected":false},"author":214,"featured_media":3989,"comment_status":"closed","ping_status":"closed","sticky":false,"template":"","format":"standard","meta":{"footnotes":""},"categories":[3459,3542,3481],"tags":[13,144,383,414,484,894,1013,1315,1652,1654,2094,2846,2849,2850,2851],"class_list":["post-3985","post","type-post","status-publish","format-standard","has-post-thumbnail","hentry","category-edition-2016","category-lutte","category-pays-de-la-loire","tag-revue-silence","tag-notre-dame-des-landes","tag-altertour-2016","tag-loire-atlantique","tag-zad","tag-pays-de-la-loire","tag-gpii","tag-acipa","tag-1652","tag-aeroport","tag-nddl","tag-accueillant","tag-accueillant2016","tag-accueillant-2016","tag-altertour2016"],"yoast_head":"<!-- This site is optimized with the Yoast SEO plugin v27.3 - https:\/\/yoast.com\/product\/yoast-seo-wordpress\/ -->\n<title>L&#039;ACIPA le 10 juillet \u00e0 Notre-Dame-des-Landes - AlterTour<\/title>\n<meta name=\"robots\" content=\"index, follow, max-snippet:-1, max-image-preview:large, max-video-preview:-1\" \/>\n<link rel=\"canonical\" href=\"https:\/\/www.altercampagne.net\/?p=3985\" \/>\n<meta property=\"og:locale\" content=\"fr_FR\" \/>\n<meta property=\"og:type\" content=\"article\" \/>\n<meta property=\"og:title\" content=\"L&#039;ACIPA le 10 juillet \u00e0 Notre-Dame-des-Landes - AlterTour\" \/>\n<meta property=\"og:description\" content=\"Question pour du pognon ! Top chrono : je suis un projet qui voit le jour dans les ann\u00e9es 60. Mon \u00e9tude d\u2019utilit\u00e9 publique a \u00e9t\u00e9 men\u00e9e par un pr\u00e9fet qui travaille maintenant chez mon promoteur priv\u00e9. Mon \u00e9tude d\u2019impact sur la biodiversit\u00e9 est b\u00e2cl\u00e9e avec \u00ab l\u2019oubli \u00bb de ... Read More\" \/>\n<meta property=\"og:url\" content=\"https:\/\/www.altercampagne.net\/?p=3985\" \/>\n<meta property=\"og:site_name\" content=\"AlterTour\" \/>\n<meta property=\"article:published_time\" content=\"2016-05-09T07:40:36+00:00\" \/>\n<meta property=\"article:modified_time\" content=\"2019-09-13T12:29:27+00:00\" \/>\n<meta property=\"og:image\" content=\"https:\/\/www.altercampagne.net\/wp-content\/uploads\/2016\/04\/2016-07-10-NDDL2-bd.jpg\" \/>\n\t<meta property=\"og:image:width\" content=\"695\" \/>\n\t<meta property=\"og:image:height\" content=\"466\" \/>\n\t<meta property=\"og:image:type\" content=\"image\/jpeg\" \/>\n<meta name=\"author\" content=\"Mathieu\" \/>\n<meta name=\"twitter:card\" content=\"summary_large_image\" \/>\n<meta name=\"twitter:label1\" content=\"\u00c9crit par\" \/>\n\t<meta name=\"twitter:data1\" content=\"Mathieu\" \/>\n\t<meta name=\"twitter:label2\" content=\"Dur\u00e9e de lecture estim\u00e9e\" \/>\n\t<meta name=\"twitter:data2\" content=\"2 minutes\" \/>\n<script type=\"application\/ld+json\" class=\"yoast-schema-graph\">{\"@context\":\"https:\\\/\\\/schema.org\",\"@graph\":[{\"@type\":\"Article\",\"@id\":\"https:\\\/\\\/www.altercampagne.net\\\/?p=3985#article\",\"isPartOf\":{\"@id\":\"https:\\\/\\\/www.altercampagne.net\\\/?p=3985\"},\"author\":{\"name\":\"Mathieu\",\"@id\":\"https:\\\/\\\/www.altercampagne.net\\\/#\\\/schema\\\/person\\\/0f261460c09e430caa0f9bcffa319109\"},\"headline\":\"L&rsquo;ACIPA le 10 juillet \u00e0 Notre-Dame-des-Landes\",\"datePublished\":\"2016-05-09T07:40:36+00:00\",\"dateModified\":\"2019-09-13T12:29:27+00:00\",\"mainEntityOfPage\":{\"@id\":\"https:\\\/\\\/www.altercampagne.net\\\/?p=3985\"},\"wordCount\":463,\"image\":{\"@id\":\"https:\\\/\\\/www.altercampagne.net\\\/?p=3985#primaryimage\"},\"thumbnailUrl\":\"https:\\\/\\\/www.altercampagne.net\\\/wp-content\\\/uploads\\\/2016\\\/04\\\/2016-07-10-NDDL2-bd.jpg\",\"keywords\":[\"revue Silence\",\"Notre Dame des Landes\",\"AlterTour 2016\",\"loire atlantique\",\"zad\",\"Pays de la Loire\",\"GPII\",\"ACIPA\",\"2016\",\"a\u00e9roport\",\"NDDL\",\"accueillant\",\"accueillant2016\",\"accueillant 2016\",\"AlterTour2016\"],\"articleSection\":[\"\u00c9dition 2016\",\"Lutte\",\"Pays de la Loire\"],\"inLanguage\":\"fr-FR\"},{\"@type\":\"WebPage\",\"@id\":\"https:\\\/\\\/www.altercampagne.net\\\/?p=3985\",\"url\":\"https:\\\/\\\/www.altercampagne.net\\\/?p=3985\",\"name\":\"L'ACIPA le 10 juillet \u00e0 Notre-Dame-des-Landes - AlterTour\",\"isPartOf\":{\"@id\":\"https:\\\/\\\/www.altercampagne.net\\\/#website\"},\"primaryImageOfPage\":{\"@id\":\"https:\\\/\\\/www.altercampagne.net\\\/?p=3985#primaryimage\"},\"image\":{\"@id\":\"https:\\\/\\\/www.altercampagne.net\\\/?p=3985#primaryimage\"},\"thumbnailUrl\":\"https:\\\/\\\/www.altercampagne.net\\\/wp-content\\\/uploads\\\/2016\\\/04\\\/2016-07-10-NDDL2-bd.jpg\",\"datePublished\":\"2016-05-09T07:40:36+00:00\",\"dateModified\":\"2019-09-13T12:29:27+00:00\",\"author\":{\"@id\":\"https:\\\/\\\/www.altercampagne.net\\\/#\\\/schema\\\/person\\\/0f261460c09e430caa0f9bcffa319109\"},\"breadcrumb\":{\"@id\":\"https:\\\/\\\/www.altercampagne.net\\\/?p=3985#breadcrumb\"},\"inLanguage\":\"fr-FR\",\"potentialAction\":[{\"@type\":\"ReadAction\",\"target\":[\"https:\\\/\\\/www.altercampagne.net\\\/?p=3985\"]}]},{\"@type\":\"ImageObject\",\"inLanguage\":\"fr-FR\",\"@id\":\"https:\\\/\\\/www.altercampagne.net\\\/?p=3985#primaryimage\",\"url\":\"https:\\\/\\\/www.altercampagne.net\\\/wp-content\\\/uploads\\\/2016\\\/04\\\/2016-07-10-NDDL2-bd.jpg\",\"contentUrl\":\"https:\\\/\\\/www.altercampagne.net\\\/wp-content\\\/uploads\\\/2016\\\/04\\\/2016-07-10-NDDL2-bd.jpg\",\"width\":695,\"height\":466},{\"@type\":\"BreadcrumbList\",\"@id\":\"https:\\\/\\\/www.altercampagne.net\\\/?p=3985#breadcrumb\",\"itemListElement\":[{\"@type\":\"ListItem\",\"position\":1,\"name\":\"Accueil\",\"item\":\"https:\\\/\\\/www.altercampagne.net\\\/\"},{\"@type\":\"ListItem\",\"position\":2,\"name\":\"L&rsquo;ACIPA le 10 juillet \u00e0 Notre-Dame-des-Landes\"}]},{\"@type\":\"WebSite\",\"@id\":\"https:\\\/\\\/www.altercampagne.net\\\/#website\",\"url\":\"https:\\\/\\\/www.altercampagne.net\\\/\",\"name\":\"AlterTour\",\"description\":\"Reliez les Alternatives \u00e0 v\u00e9lo\",\"potentialAction\":[{\"@type\":\"SearchAction\",\"target\":{\"@type\":\"EntryPoint\",\"urlTemplate\":\"https:\\\/\\\/www.altercampagne.net\\\/?s={search_term_string}\"},\"query-input\":{\"@type\":\"PropertyValueSpecification\",\"valueRequired\":true,\"valueName\":\"search_term_string\"}}],\"inLanguage\":\"fr-FR\"},{\"@type\":\"Person\",\"@id\":\"https:\\\/\\\/www.altercampagne.net\\\/#\\\/schema\\\/person\\\/0f261460c09e430caa0f9bcffa319109\",\"name\":\"Mathieu\",\"image\":{\"@type\":\"ImageObject\",\"inLanguage\":\"fr-FR\",\"@id\":\"https:\\\/\\\/secure.gravatar.com\\\/avatar\\\/aa9d3d24c83f2141e5e2709d0f63d09a99f6be6bb7a50abc4915838d9f54501a?s=96&d=mm&r=g\",\"url\":\"https:\\\/\\\/secure.gravatar.com\\\/avatar\\\/aa9d3d24c83f2141e5e2709d0f63d09a99f6be6bb7a50abc4915838d9f54501a?s=96&d=mm&r=g\",\"contentUrl\":\"https:\\\/\\\/secure.gravatar.com\\\/avatar\\\/aa9d3d24c83f2141e5e2709d0f63d09a99f6be6bb7a50abc4915838d9f54501a?s=96&d=mm&r=g\",\"caption\":\"Mathieu\"},\"url\":\"https:\\\/\\\/www.altercampagne.net\\\/?author=214\"}]}<\/script>\n<!-- \/ Yoast SEO plugin. -->","yoast_head_json":{"title":"L'ACIPA le 10 juillet \u00e0 Notre-Dame-des-Landes - AlterTour","robots":{"index":"index","follow":"follow","max-snippet":"max-snippet:-1","max-image-preview":"max-image-preview:large","max-video-preview":"max-video-preview:-1"},"canonical":"https:\/\/www.altercampagne.net\/?p=3985","og_locale":"fr_FR","og_type":"article","og_title":"L'ACIPA le 10 juillet \u00e0 Notre-Dame-des-Landes - AlterTour","og_description":"Question pour du pognon ! Top chrono : je suis un projet qui voit le jour dans les ann\u00e9es 60. Mon \u00e9tude d\u2019utilit\u00e9 publique a \u00e9t\u00e9 men\u00e9e par un pr\u00e9fet qui travaille maintenant chez mon promoteur priv\u00e9. Mon \u00e9tude d\u2019impact sur la biodiversit\u00e9 est b\u00e2cl\u00e9e avec \u00ab l\u2019oubli \u00bb de ... Read More","og_url":"https:\/\/www.altercampagne.net\/?p=3985","og_site_name":"AlterTour","article_published_time":"2016-05-09T07:40:36+00:00","article_modified_time":"2019-09-13T12:29:27+00:00","og_image":[{"width":695,"height":466,"url":"https:\/\/www.altercampagne.net\/wp-content\/uploads\/2016\/04\/2016-07-10-NDDL2-bd.jpg","type":"image\/jpeg"}],"author":"Mathieu","twitter_card":"summary_large_image","twitter_misc":{"\u00c9crit par":"Mathieu","Dur\u00e9e de lecture estim\u00e9e":"2 minutes"},"schema":{"@context":"https:\/\/schema.org","@graph":[{"@type":"Article","@id":"https:\/\/www.altercampagne.net\/?p=3985#article","isPartOf":{"@id":"https:\/\/www.altercampagne.net\/?p=3985"},"author":{"name":"Mathieu","@id":"https:\/\/www.altercampagne.net\/#\/schema\/person\/0f261460c09e430caa0f9bcffa319109"},"headline":"L&rsquo;ACIPA le 10 juillet \u00e0 Notre-Dame-des-Landes","datePublished":"2016-05-09T07:40:36+00:00","dateModified":"2019-09-13T12:29:27+00:00","mainEntityOfPage":{"@id":"https:\/\/www.altercampagne.net\/?p=3985"},"wordCount":463,"image":{"@id":"https:\/\/www.altercampagne.net\/?p=3985#primaryimage"},"thumbnailUrl":"https:\/\/www.altercampagne.net\/wp-content\/uploads\/2016\/04\/2016-07-10-NDDL2-bd.jpg","keywords":["revue Silence","Notre Dame des Landes","AlterTour 2016","loire atlantique","zad","Pays de la Loire","GPII","ACIPA","2016","a\u00e9roport","NDDL","accueillant","accueillant2016","accueillant 2016","AlterTour2016"],"articleSection":["\u00c9dition 2016","Lutte","Pays de la Loire"],"inLanguage":"fr-FR"},{"@type":"WebPage","@id":"https:\/\/www.altercampagne.net\/?p=3985","url":"https:\/\/www.altercampagne.net\/?p=3985","name":"L'ACIPA le 10 juillet \u00e0 Notre-Dame-des-Landes - AlterTour","isPartOf":{"@id":"https:\/\/www.altercampagne.net\/#website"},"primaryImageOfPage":{"@id":"https:\/\/www.altercampagne.net\/?p=3985#primaryimage"},"image":{"@id":"https:\/\/www.altercampagne.net\/?p=3985#primaryimage"},"thumbnailUrl":"https:\/\/www.altercampagne.net\/wp-content\/uploads\/2016\/04\/2016-07-10-NDDL2-bd.jpg","datePublished":"2016-05-09T07:40:36+00:00","dateModified":"2019-09-13T12:29:27+00:00","author":{"@id":"https:\/\/www.altercampagne.net\/#\/schema\/person\/0f261460c09e430caa0f9bcffa319109"},"breadcrumb":{"@id":"https:\/\/www.altercampagne.net\/?p=3985#breadcrumb"},"inLanguage":"fr-FR","potentialAction":[{"@type":"ReadAction","target":["https:\/\/www.altercampagne.net\/?p=3985"]}]},{"@type":"ImageObject","inLanguage":"fr-FR","@id":"https:\/\/www.altercampagne.net\/?p=3985#primaryimage","url":"https:\/\/www.altercampagne.net\/wp-content\/uploads\/2016\/04\/2016-07-10-NDDL2-bd.jpg","contentUrl":"https:\/\/www.altercampagne.net\/wp-content\/uploads\/2016\/04\/2016-07-10-NDDL2-bd.jpg","width":695,"height":466},{"@type":"BreadcrumbList","@id":"https:\/\/www.altercampagne.net\/?p=3985#breadcrumb","itemListElement":[{"@type":"ListItem","position":1,"name":"Accueil","item":"https:\/\/www.altercampagne.net\/"},{"@type":"ListItem","position":2,"name":"L&rsquo;ACIPA le 10 juillet \u00e0 Notre-Dame-des-Landes"}]},{"@type":"WebSite","@id":"https:\/\/www.altercampagne.net\/#website","url":"https:\/\/www.altercampagne.net\/","name":"AlterTour","description":"Reliez les Alternatives \u00e0 v\u00e9lo","potentialAction":[{"@type":"SearchAction","target":{"@type":"EntryPoint","urlTemplate":"https:\/\/www.altercampagne.net\/?s={search_term_string}"},"query-input":{"@type":"PropertyValueSpecification","valueRequired":true,"valueName":"search_term_string"}}],"inLanguage":"fr-FR"},{"@type":"Person","@id":"https:\/\/www.altercampagne.net\/#\/schema\/person\/0f261460c09e430caa0f9bcffa319109","name":"Mathieu","image":{"@type":"ImageObject","inLanguage":"fr-FR","@id":"https:\/\/secure.gravatar.com\/avatar\/aa9d3d24c83f2141e5e2709d0f63d09a99f6be6bb7a50abc4915838d9f54501a?s=96&d=mm&r=g","url":"https:\/\/secure.gravatar.com\/avatar\/aa9d3d24c83f2141e5e2709d0f63d09a99f6be6bb7a50abc4915838d9f54501a?s=96&d=mm&r=g","contentUrl":"https:\/\/secure.gravatar.com\/avatar\/aa9d3d24c83f2141e5e2709d0f63d09a99f6be6bb7a50abc4915838d9f54501a?s=96&d=mm&r=g","caption":"Mathieu"},"url":"https:\/\/www.altercampagne.net\/?author=214"}]}},"_links":{"self":[{"href":"https:\/\/www.altercampagne.net\/index.php?rest_route=\/wp\/v2\/posts\/3985","targetHints":{"allow":["GET"]}}],"collection":[{"href":"https:\/\/www.altercampagne.net\/index.php?rest_route=\/wp\/v2\/posts"}],"about":[{"href":"https:\/\/www.altercampagne.net\/index.php?rest_route=\/wp\/v2\/types\/post"}],"author":[{"embeddable":true,"href":"https:\/\/www.altercampagne.net\/index.php?rest_route=\/wp\/v2\/users\/214"}],"replies":[{"embeddable":true,"href":"https:\/\/www.altercampagne.net\/index.php?rest_route=%2Fwp%2Fv2%2Fcomments&post=3985"}],"version-history":[{"count":0,"href":"https:\/\/www.altercampagne.net\/index.php?rest_route=\/wp\/v2\/posts\/3985\/revisions"}],"wp:featuredmedia":[{"embeddable":true,"href":"https:\/\/www.altercampagne.net\/index.php?rest_route=\/wp\/v2\/media\/3989"}],"wp:attachment":[{"href":"https:\/\/www.altercampagne.net\/index.php?rest_route=%2Fwp%2Fv2%2Fmedia&parent=3985"}],"wp:term":[{"taxonomy":"category","embeddable":true,"href":"https:\/\/www.altercampagne.net\/index.php?rest_route=%2Fwp%2Fv2%2Fcategories&post=3985"},{"taxonomy":"post_tag","embeddable":true,"href":"https:\/\/www.altercampagne.net\/index.php?rest_route=%2Fwp%2Fv2%2Ftags&post=3985"}],"curies":[{"name":"wp","href":"https:\/\/api.w.org\/{rel}","templated":true}]}}