{"id":4006,"date":"2016-04-11T08:57:27","date_gmt":"2016-04-11T06:57:27","guid":{"rendered":"http:\/\/www.altercampagne.net\/?p=4006"},"modified":"2018-05-25T07:30:50","modified_gmt":"2018-05-25T05:30:50","slug":"week-end-de-reparation-des-velos-de-laltertour-du-5-au-8-mai-en-vendee","status":"publish","type":"post","link":"https:\/\/www.altercampagne.net\/?p=4006","title":{"rendered":"Week-End de R\u00e9paration des V\u00e9los de l&rsquo;AlterTour du 5 au 8 mai en Vend\u00e9e"},"content":{"rendered":"<p><a href=\"http:\/\/www.altercampagne.net\/wp-content\/uploads\/2016\/04\/WERVA.jpg\"><img loading=\"lazy\" decoding=\"async\" class=\" size-full wp-image-4011 alignleft\" src=\"http:\/\/www.altercampagne.net\/wp-content\/uploads\/2016\/04\/WERVA.jpg\" alt=\"WERVA\" width=\"658\" height=\"348\" srcset=\"https:\/\/www.altercampagne.net\/wp-content\/uploads\/2016\/04\/WERVA.jpg 658w, https:\/\/www.altercampagne.net\/wp-content\/uploads\/2016\/04\/WERVA-300x159.jpg 300w\" sizes=\"auto, (max-width: 658px) 100vw, 658px\" \/><\/a>Le WERVA (Week-End de R\u00e9paration des V\u00e9los de l&rsquo;AlterTour) aura lieu du jeudi 5 au dimanche 8 mai 2016, chez Jacqueline et Pierrot Cotron \u00e0 la Levraudi\u00e8re 85400 Sainte Gemme la plaine. Rejoignez-nous pour ces 4 jours r\u00e9unissant :<\/p>\n<p>&#8211; la 8e r\u00e9union d&rsquo;organisation de l&rsquo;AlterTour 2016, <a href=\"https:\/\/docs.google.com\/document\/d\/1nGqrI01r15c5N9Ndi0eQI8PzySTxq9oK-DA0_h6iiis\/edit#heading=h.va59d49gt1r7\" target=\"_blank\" rel=\"noopener\">inscription ici<\/a><br \/>\n&#8211; l&rsquo;entretien et la r\u00e9paration annuelle des v\u00e9los<br \/>\n&#8211; la m\u00e9canique des camions<br \/>\n&#8211; des temps de discussion (Autogestion ; Mixit\u00e9 ; AT : 10 ans et apr\u00e8s ? \u00c9ducation populaire ; Comment accueillir les nouveaux sur l\u2019AT&#8230;)<br \/>\n&#8211; des ateliers ( fabrications\/r\u00e9paration panneaux, banni\u00e8res, drapeaux..)<br \/>\n&#8211; et bien s\u00fbr, des retrouvailles, des festivit\u00e9s et vos 1\u00e8res nuit sous tente de l&rsquo;ann\u00e9e !<br \/>\nPlus de d\u00e9tail du programme, \u00e0 venir d&rsquo;ici 15 jours.<br \/>\n&#8211; <a href=\"https:\/\/www.google.fr\/maps\/place\/La+Levraudi%C3%A8re,+85400+Sainte-Gemme-la-Plaine\/@46.4637878,-1.1062175,13z\/data=!4m2!3m1!1s0x4806bcc41bb4cc93:0x5bc8e06966334f97\" target=\"_blank\" rel=\"noopener\">plan d&rsquo;acc\u00e8s<\/a><\/p>\n<p>&#8211; acc\u00e8s par :<\/p>\n<ul>\n<li>la gare SNCF de Lu\u00e7on (ligne Nantes La Rochelle), ou par<\/li>\n<li>le car,<\/li>\n<\/ul>\n<ul>\n<li><a href=\"https:\/\/docs.google.com\/document\/d\/1nGqrI01r15c5N9Ndi0eQI8PzySTxq9oK-DA0_h6iiis\/edit#heading=h.7609ndiox1nr\" target=\"_blank\" rel=\"noopener\">alter-covoiturage<\/a><\/li>\n<li>ou en v\u00e9lo<\/li>\n<\/ul>\n<p>&#8211; arriv\u00e9e possible le mercredi fin de soir\u00e9e ou tout au long du week-end<\/p>\n<p>En pl\u00e9ni\u00e8re de mars nous avons choisi quelques th\u00e8mes de fond \u00e0 discuter entre nous, mais, si vous avez une id\u00e9e d&rsquo;atelier ou de sujet \u00e0 traiter pour les groupes de paroles et \/ ou ateliers que vous voulez en animer un, merci de nous contacter pour le programmer au bon moment dans le WE.<\/p>\n<p>Le groupe d&rsquo;organisation de ce WE a besoin de s&rsquo;\u00e9toffer, votre aide est la bienvenue<\/p>\n<p>&#8211;\u00a0Genevi\u00e8ve &gt;\u00a0gf.cribier-AT-cegetel.net<br \/>\n&#8211; Mathieu &gt; altertour-AT-gmail.com<br \/>\nEn vous souhaitant \u00e0 toutes et \u00e0 tous une bien belle journ\u00e9e, on esp\u00e8re vous (re)voir en mai ou cet \u00e9t\u00e9 !!! \ud83d\ude42<\/p>\n","protected":false},"excerpt":{"rendered":"<p>Le WERVA (Week-End de R\u00e9paration des V\u00e9los de l&rsquo;AlterTour) aura lieu du jeudi 5 au dimanche 8 mai 2016, chez Jacqueline et Pierrot Cotron \u00e0 la Levraudi\u00e8re 85400 Sainte Gemme la plaine. Rejoignez-nous pour ces 4 jours r\u00e9unissant : &#8211; la 8e r\u00e9union d&rsquo;organisation de l&rsquo;AlterTour 2016, inscription ici &#8211; &#8230; <\/p>\n<div><a href=\"https:\/\/www.altercampagne.net\/?p=4006\" class=\"more-link\">Read More<\/a><\/div>\n","protected":false},"author":214,"featured_media":0,"comment_status":"closed","ping_status":"closed","sticky":false,"template":"","format":"standard","meta":{"footnotes":""},"categories":[3539],"tags":[383,434,476,894,2089,2090,2091,2092,2093,3565],"class_list":["post-4006","post","type-post","status-publish","format-standard","hentry","category-we-de-preparation","tag-altertour-2016","tag-pleniere","tag-reunion","tag-pays-de-la-loire","tag-vendee","tag-werva","tag-sainte-gemme-la-plaine","tag-week-end-de-reparation-des-velos-de-laltertour","tag-9eme-pleniere","tag-week-end","no-post-thumbnail"],"yoast_head":"<!-- This site is optimized with the Yoast SEO plugin v27.3 - https:\/\/yoast.com\/product\/yoast-seo-wordpress\/ -->\n<title>Week-End de R\u00e9paration des V\u00e9los de l&#039;AlterTour du 5 au 8 mai en Vend\u00e9e - AlterTour<\/title>\n<meta name=\"robots\" content=\"index, follow, max-snippet:-1, max-image-preview:large, max-video-preview:-1\" \/>\n<link rel=\"canonical\" href=\"https:\/\/www.altercampagne.net\/?p=4006\" \/>\n<meta property=\"og:locale\" content=\"fr_FR\" \/>\n<meta property=\"og:type\" content=\"article\" \/>\n<meta property=\"og:title\" content=\"Week-End de R\u00e9paration des V\u00e9los de l&#039;AlterTour du 5 au 8 mai en Vend\u00e9e - AlterTour\" \/>\n<meta property=\"og:description\" content=\"Le WERVA (Week-End de R\u00e9paration des V\u00e9los de l&rsquo;AlterTour) aura lieu du jeudi 5 au dimanche 8 mai 2016, chez Jacqueline et Pierrot Cotron \u00e0 la Levraudi\u00e8re 85400 Sainte Gemme la plaine. Rejoignez-nous pour ces 4 jours r\u00e9unissant : &#8211; la 8e r\u00e9union d&rsquo;organisation de l&rsquo;AlterTour 2016, inscription ici &#8211; ... Read More\" \/>\n<meta property=\"og:url\" content=\"https:\/\/www.altercampagne.net\/?p=4006\" \/>\n<meta property=\"og:site_name\" content=\"AlterTour\" \/>\n<meta property=\"article:published_time\" content=\"2016-04-11T06:57:27+00:00\" \/>\n<meta property=\"article:modified_time\" content=\"2018-05-25T05:30:50+00:00\" \/>\n<meta property=\"og:image\" content=\"http:\/\/www.altercampagne.net\/wp-content\/uploads\/2016\/04\/WERVA.jpg\" \/>\n<meta name=\"author\" content=\"Mathieu\" \/>\n<meta name=\"twitter:card\" content=\"summary_large_image\" \/>\n<meta name=\"twitter:label1\" content=\"\u00c9crit par\" \/>\n\t<meta name=\"twitter:data1\" content=\"Mathieu\" \/>\n\t<meta name=\"twitter:label2\" content=\"Dur\u00e9e de lecture estim\u00e9e\" \/>\n\t<meta name=\"twitter:data2\" content=\"1 minute\" \/>\n<script type=\"application\/ld+json\" class=\"yoast-schema-graph\">{\"@context\":\"https:\\\/\\\/schema.org\",\"@graph\":[{\"@type\":\"Article\",\"@id\":\"https:\\\/\\\/www.altercampagne.net\\\/?p=4006#article\",\"isPartOf\":{\"@id\":\"https:\\\/\\\/www.altercampagne.net\\\/?p=4006\"},\"author\":{\"name\":\"Mathieu\",\"@id\":\"https:\\\/\\\/www.altercampagne.net\\\/#\\\/schema\\\/person\\\/0f261460c09e430caa0f9bcffa319109\"},\"headline\":\"Week-End de R\u00e9paration des V\u00e9los de l&rsquo;AlterTour du 5 au 8 mai en Vend\u00e9e\",\"datePublished\":\"2016-04-11T06:57:27+00:00\",\"dateModified\":\"2018-05-25T05:30:50+00:00\",\"mainEntityOfPage\":{\"@id\":\"https:\\\/\\\/www.altercampagne.net\\\/?p=4006\"},\"wordCount\":295,\"image\":{\"@id\":\"https:\\\/\\\/www.altercampagne.net\\\/?p=4006#primaryimage\"},\"thumbnailUrl\":\"http:\\\/\\\/www.altercampagne.net\\\/wp-content\\\/uploads\\\/2016\\\/04\\\/WERVA.jpg\",\"keywords\":[\"AlterTour 2016\",\"pl\u00e9ni\u00e8re\",\"r\u00e9union\",\"Pays de la Loire\",\"Vend\u00e9e\",\"werva\",\"sainte-Gemme-la-plaine\",\"Week-end de r\u00e9paration des v\u00e9los de l'AlterTour\",\"9\u00e8me pl\u00e9ni\u00e8re\",\"week-end\"],\"articleSection\":[\"WE de pr\u00e9paration\"],\"inLanguage\":\"fr-FR\"},{\"@type\":\"WebPage\",\"@id\":\"https:\\\/\\\/www.altercampagne.net\\\/?p=4006\",\"url\":\"https:\\\/\\\/www.altercampagne.net\\\/?p=4006\",\"name\":\"Week-End de R\u00e9paration des V\u00e9los de l'AlterTour du 5 au 8 mai en Vend\u00e9e - AlterTour\",\"isPartOf\":{\"@id\":\"https:\\\/\\\/www.altercampagne.net\\\/#website\"},\"primaryImageOfPage\":{\"@id\":\"https:\\\/\\\/www.altercampagne.net\\\/?p=4006#primaryimage\"},\"image\":{\"@id\":\"https:\\\/\\\/www.altercampagne.net\\\/?p=4006#primaryimage\"},\"thumbnailUrl\":\"http:\\\/\\\/www.altercampagne.net\\\/wp-content\\\/uploads\\\/2016\\\/04\\\/WERVA.jpg\",\"datePublished\":\"2016-04-11T06:57:27+00:00\",\"dateModified\":\"2018-05-25T05:30:50+00:00\",\"author\":{\"@id\":\"https:\\\/\\\/www.altercampagne.net\\\/#\\\/schema\\\/person\\\/0f261460c09e430caa0f9bcffa319109\"},\"breadcrumb\":{\"@id\":\"https:\\\/\\\/www.altercampagne.net\\\/?p=4006#breadcrumb\"},\"inLanguage\":\"fr-FR\",\"potentialAction\":[{\"@type\":\"ReadAction\",\"target\":[\"https:\\\/\\\/www.altercampagne.net\\\/?p=4006\"]}]},{\"@type\":\"ImageObject\",\"inLanguage\":\"fr-FR\",\"@id\":\"https:\\\/\\\/www.altercampagne.net\\\/?p=4006#primaryimage\",\"url\":\"http:\\\/\\\/www.altercampagne.net\\\/wp-content\\\/uploads\\\/2016\\\/04\\\/WERVA.jpg\",\"contentUrl\":\"http:\\\/\\\/www.altercampagne.net\\\/wp-content\\\/uploads\\\/2016\\\/04\\\/WERVA.jpg\"},{\"@type\":\"BreadcrumbList\",\"@id\":\"https:\\\/\\\/www.altercampagne.net\\\/?p=4006#breadcrumb\",\"itemListElement\":[{\"@type\":\"ListItem\",\"position\":1,\"name\":\"Accueil\",\"item\":\"https:\\\/\\\/www.altercampagne.net\\\/\"},{\"@type\":\"ListItem\",\"position\":2,\"name\":\"Week-End de R\u00e9paration des V\u00e9los de l&rsquo;AlterTour du 5 au 8 mai en Vend\u00e9e\"}]},{\"@type\":\"WebSite\",\"@id\":\"https:\\\/\\\/www.altercampagne.net\\\/#website\",\"url\":\"https:\\\/\\\/www.altercampagne.net\\\/\",\"name\":\"AlterTour\",\"description\":\"Reliez les Alternatives \u00e0 v\u00e9lo\",\"potentialAction\":[{\"@type\":\"SearchAction\",\"target\":{\"@type\":\"EntryPoint\",\"urlTemplate\":\"https:\\\/\\\/www.altercampagne.net\\\/?s={search_term_string}\"},\"query-input\":{\"@type\":\"PropertyValueSpecification\",\"valueRequired\":true,\"valueName\":\"search_term_string\"}}],\"inLanguage\":\"fr-FR\"},{\"@type\":\"Person\",\"@id\":\"https:\\\/\\\/www.altercampagne.net\\\/#\\\/schema\\\/person\\\/0f261460c09e430caa0f9bcffa319109\",\"name\":\"Mathieu\",\"image\":{\"@type\":\"ImageObject\",\"inLanguage\":\"fr-FR\",\"@id\":\"https:\\\/\\\/secure.gravatar.com\\\/avatar\\\/aa9d3d24c83f2141e5e2709d0f63d09a99f6be6bb7a50abc4915838d9f54501a?s=96&d=mm&r=g\",\"url\":\"https:\\\/\\\/secure.gravatar.com\\\/avatar\\\/aa9d3d24c83f2141e5e2709d0f63d09a99f6be6bb7a50abc4915838d9f54501a?s=96&d=mm&r=g\",\"contentUrl\":\"https:\\\/\\\/secure.gravatar.com\\\/avatar\\\/aa9d3d24c83f2141e5e2709d0f63d09a99f6be6bb7a50abc4915838d9f54501a?s=96&d=mm&r=g\",\"caption\":\"Mathieu\"},\"url\":\"https:\\\/\\\/www.altercampagne.net\\\/?author=214\"}]}<\/script>\n<!-- \/ Yoast SEO plugin. -->","yoast_head_json":{"title":"Week-End de R\u00e9paration des V\u00e9los de l'AlterTour du 5 au 8 mai en Vend\u00e9e - AlterTour","robots":{"index":"index","follow":"follow","max-snippet":"max-snippet:-1","max-image-preview":"max-image-preview:large","max-video-preview":"max-video-preview:-1"},"canonical":"https:\/\/www.altercampagne.net\/?p=4006","og_locale":"fr_FR","og_type":"article","og_title":"Week-End de R\u00e9paration des V\u00e9los de l'AlterTour du 5 au 8 mai en Vend\u00e9e - AlterTour","og_description":"Le WERVA (Week-End de R\u00e9paration des V\u00e9los de l&rsquo;AlterTour) aura lieu du jeudi 5 au dimanche 8 mai 2016, chez Jacqueline et Pierrot Cotron \u00e0 la Levraudi\u00e8re 85400 Sainte Gemme la plaine. Rejoignez-nous pour ces 4 jours r\u00e9unissant : &#8211; la 8e r\u00e9union d&rsquo;organisation de l&rsquo;AlterTour 2016, inscription ici &#8211; ... Read More","og_url":"https:\/\/www.altercampagne.net\/?p=4006","og_site_name":"AlterTour","article_published_time":"2016-04-11T06:57:27+00:00","article_modified_time":"2018-05-25T05:30:50+00:00","og_image":[{"url":"http:\/\/www.altercampagne.net\/wp-content\/uploads\/2016\/04\/WERVA.jpg","type":"","width":"","height":""}],"author":"Mathieu","twitter_card":"summary_large_image","twitter_misc":{"\u00c9crit par":"Mathieu","Dur\u00e9e de lecture estim\u00e9e":"1 minute"},"schema":{"@context":"https:\/\/schema.org","@graph":[{"@type":"Article","@id":"https:\/\/www.altercampagne.net\/?p=4006#article","isPartOf":{"@id":"https:\/\/www.altercampagne.net\/?p=4006"},"author":{"name":"Mathieu","@id":"https:\/\/www.altercampagne.net\/#\/schema\/person\/0f261460c09e430caa0f9bcffa319109"},"headline":"Week-End de R\u00e9paration des V\u00e9los de l&rsquo;AlterTour du 5 au 8 mai en Vend\u00e9e","datePublished":"2016-04-11T06:57:27+00:00","dateModified":"2018-05-25T05:30:50+00:00","mainEntityOfPage":{"@id":"https:\/\/www.altercampagne.net\/?p=4006"},"wordCount":295,"image":{"@id":"https:\/\/www.altercampagne.net\/?p=4006#primaryimage"},"thumbnailUrl":"http:\/\/www.altercampagne.net\/wp-content\/uploads\/2016\/04\/WERVA.jpg","keywords":["AlterTour 2016","pl\u00e9ni\u00e8re","r\u00e9union","Pays de la Loire","Vend\u00e9e","werva","sainte-Gemme-la-plaine","Week-end de r\u00e9paration des v\u00e9los de l'AlterTour","9\u00e8me pl\u00e9ni\u00e8re","week-end"],"articleSection":["WE de pr\u00e9paration"],"inLanguage":"fr-FR"},{"@type":"WebPage","@id":"https:\/\/www.altercampagne.net\/?p=4006","url":"https:\/\/www.altercampagne.net\/?p=4006","name":"Week-End de R\u00e9paration des V\u00e9los de l'AlterTour du 5 au 8 mai en Vend\u00e9e - AlterTour","isPartOf":{"@id":"https:\/\/www.altercampagne.net\/#website"},"primaryImageOfPage":{"@id":"https:\/\/www.altercampagne.net\/?p=4006#primaryimage"},"image":{"@id":"https:\/\/www.altercampagne.net\/?p=4006#primaryimage"},"thumbnailUrl":"http:\/\/www.altercampagne.net\/wp-content\/uploads\/2016\/04\/WERVA.jpg","datePublished":"2016-04-11T06:57:27+00:00","dateModified":"2018-05-25T05:30:50+00:00","author":{"@id":"https:\/\/www.altercampagne.net\/#\/schema\/person\/0f261460c09e430caa0f9bcffa319109"},"breadcrumb":{"@id":"https:\/\/www.altercampagne.net\/?p=4006#breadcrumb"},"inLanguage":"fr-FR","potentialAction":[{"@type":"ReadAction","target":["https:\/\/www.altercampagne.net\/?p=4006"]}]},{"@type":"ImageObject","inLanguage":"fr-FR","@id":"https:\/\/www.altercampagne.net\/?p=4006#primaryimage","url":"http:\/\/www.altercampagne.net\/wp-content\/uploads\/2016\/04\/WERVA.jpg","contentUrl":"http:\/\/www.altercampagne.net\/wp-content\/uploads\/2016\/04\/WERVA.jpg"},{"@type":"BreadcrumbList","@id":"https:\/\/www.altercampagne.net\/?p=4006#breadcrumb","itemListElement":[{"@type":"ListItem","position":1,"name":"Accueil","item":"https:\/\/www.altercampagne.net\/"},{"@type":"ListItem","position":2,"name":"Week-End de R\u00e9paration des V\u00e9los de l&rsquo;AlterTour du 5 au 8 mai en Vend\u00e9e"}]},{"@type":"WebSite","@id":"https:\/\/www.altercampagne.net\/#website","url":"https:\/\/www.altercampagne.net\/","name":"AlterTour","description":"Reliez les Alternatives \u00e0 v\u00e9lo","potentialAction":[{"@type":"SearchAction","target":{"@type":"EntryPoint","urlTemplate":"https:\/\/www.altercampagne.net\/?s={search_term_string}"},"query-input":{"@type":"PropertyValueSpecification","valueRequired":true,"valueName":"search_term_string"}}],"inLanguage":"fr-FR"},{"@type":"Person","@id":"https:\/\/www.altercampagne.net\/#\/schema\/person\/0f261460c09e430caa0f9bcffa319109","name":"Mathieu","image":{"@type":"ImageObject","inLanguage":"fr-FR","@id":"https:\/\/secure.gravatar.com\/avatar\/aa9d3d24c83f2141e5e2709d0f63d09a99f6be6bb7a50abc4915838d9f54501a?s=96&d=mm&r=g","url":"https:\/\/secure.gravatar.com\/avatar\/aa9d3d24c83f2141e5e2709d0f63d09a99f6be6bb7a50abc4915838d9f54501a?s=96&d=mm&r=g","contentUrl":"https:\/\/secure.gravatar.com\/avatar\/aa9d3d24c83f2141e5e2709d0f63d09a99f6be6bb7a50abc4915838d9f54501a?s=96&d=mm&r=g","caption":"Mathieu"},"url":"https:\/\/www.altercampagne.net\/?author=214"}]}},"_links":{"self":[{"href":"https:\/\/www.altercampagne.net\/index.php?rest_route=\/wp\/v2\/posts\/4006","targetHints":{"allow":["GET"]}}],"collection":[{"href":"https:\/\/www.altercampagne.net\/index.php?rest_route=\/wp\/v2\/posts"}],"about":[{"href":"https:\/\/www.altercampagne.net\/index.php?rest_route=\/wp\/v2\/types\/post"}],"author":[{"embeddable":true,"href":"https:\/\/www.altercampagne.net\/index.php?rest_route=\/wp\/v2\/users\/214"}],"replies":[{"embeddable":true,"href":"https:\/\/www.altercampagne.net\/index.php?rest_route=%2Fwp%2Fv2%2Fcomments&post=4006"}],"version-history":[{"count":0,"href":"https:\/\/www.altercampagne.net\/index.php?rest_route=\/wp\/v2\/posts\/4006\/revisions"}],"wp:attachment":[{"href":"https:\/\/www.altercampagne.net\/index.php?rest_route=%2Fwp%2Fv2%2Fmedia&parent=4006"}],"wp:term":[{"taxonomy":"category","embeddable":true,"href":"https:\/\/www.altercampagne.net\/index.php?rest_route=%2Fwp%2Fv2%2Fcategories&post=4006"},{"taxonomy":"post_tag","embeddable":true,"href":"https:\/\/www.altercampagne.net\/index.php?rest_route=%2Fwp%2Fv2%2Ftags&post=4006"}],"curies":[{"name":"wp","href":"https:\/\/api.w.org\/{rel}","templated":true}]}}