{"id":4029,"date":"2014-05-20T12:47:33","date_gmt":"2014-05-20T10:47:33","guid":{"rendered":"http:\/\/www.altercampagne.net\/?p=4029"},"modified":"2020-02-24T17:33:38","modified_gmt":"2020-02-24T16:33:38","slug":"le-collectif-le-durable-a-son-village-les-27-et-28-juillet-a-ayen","status":"publish","type":"post","link":"https:\/\/www.altercampagne.net\/?p=4029","title":{"rendered":"Le Collectif \u00ab Le durable a son village \u00bb les 27 et 28 juillet \u00e0 Ayen"},"content":{"rendered":"<p><a href=\"http:\/\/www.altercampagne.net\/wp-content\/uploads\/2016\/04\/Ayen.jpg\"><img loading=\"lazy\" decoding=\"async\" class=\" size-medium wp-image-4030 alignleft\" src=\"http:\/\/www.altercampagne.net\/wp-content\/uploads\/2016\/04\/Ayen-300x244.jpg\" alt=\"Ayen\" width=\"300\" height=\"244\" srcset=\"https:\/\/www.altercampagne.net\/wp-content\/uploads\/2016\/04\/Ayen-300x244.jpg 300w, https:\/\/www.altercampagne.net\/wp-content\/uploads\/2016\/04\/Ayen.jpg 320w\" sizes=\"auto, (max-width: 300px) 100vw, 300px\" \/><\/a>\u00ab Motive ton voisin, tu auras fait un bout du chemin \u00bb. C\u2019est le leitmotiv d\u2019Ayen, un petit village de Corr\u00e8ze, au nord-ouest de Brive-La-Gaillarde. Petit village certes, mais grande \u00e9nergie ! Tout commence en 1995, lorsque le maire et son \u00e9quipe entendent redynamiser les 632 \u00e2mes pour favoriser l\u2019accueil de nouveaux habitants. Ils d\u00e9cident en 2005 d\u2019ins\u00e9rer ce projet dans un Agenda 21 \u00e0 leur \u00e9chelle. De la r\u00e9duction des in\u00e9galit\u00e9s \u00e0 la gestion \u00e9conome et durable des ressources, l\u2019Agenda 21 se d\u00e9cline en une s\u00e9rie d\u2019actions locales : jardin p\u00e9dagogique, compostage collectif, caf\u00e9-d\u00e9bat, commune z\u00e9ro phyto, d\u00e9mocratie participative&#8230; Le collectif \u00ab Le Durable a son village \u00bb est garant de la d\u00e9marche de d\u00e9veloppement durable. \u00ab On f\u00e9d\u00e8re les habitants et associations du territoire, autour d\u2019actions concr\u00e8tes et pragmatiques \u00bb commente Maryl\u00e8ne VAL\u00c8S, responsable du collectif. Cette ann\u00e9e, le projet d\u2019un covoiturage de proximit\u00e9 assorti d\u2019une monnaie locale est dans les cartons. C\u2019est s\u00fbr, \u00e0 Ayen, ils font du chemin.<\/p>\n<p><strong>\u00ab Mieux Travailler, c\u2019est peut \u00eatre faire moins de choses pour bien les faire. \u00bb<\/strong><\/p>\n<p>\u00ab Pour moi, le travail est une part importante de mon quotidien. A Ayen, on essaie de rassembler beaucoup d\u2019acteurs de domaines tr\u00e8s diff\u00e9rents : des associations environnementales, artistiques et sociales. Mon action au sein du collectif est passionnante et tr\u00e8s diversifi\u00e9e. Je touche \u00e0 beaucoup de projets et cela me pla\u00eet : l\u2019organisation des caf\u00e9-d\u00e9bats, g\u00e9rer les partenariats donc il y a un c\u00f4t\u00e9 relationnel. Je travaille aussi sur tout le volet administratif de l\u2019Agenda 21 de la commune et l\u2019interaction entre tous les services. \u00catre sur plusieurs projets et interlocuteurs, c\u2019est tr\u00e8s riche. C\u2019est le c\u00f4t\u00e9 partage que j\u2019aime. Des fois, c\u2019est pas \u00e9vident, il ne faut oublier personne. Nous sommes un collectif, donc on peut s\u2019exprimer. C\u2019est assez ouvert. On a une amplitude, mais il ne faut pas s\u2019\u00e9parpiller car beaucoup de gens ont des id\u00e9es. Mieux Travailler, c\u2019est peut \u00eatre faire moins de choses que pr\u00e9vu pour bien les faire. \u00bb<\/p>\n<p style=\"text-align: right;\"><strong>Maryl\u00e8ne Vales, charg\u00e9e de mission du collectif <\/strong><strong>\u00abLe durable a son village\u00bb<\/strong><\/p>\n<p>Extrait du Recueil des Alternatives de l\u2019AlterTour 2014, disponible dans le num\u00e9ro de juin de la <a title=\"Revue Silence\" href=\"http:\/\/www.revuesilence.net\/\" target=\"_blank\" rel=\"noopener noreferrer\">Revue Silence<\/a><\/p>\n<p>L\u2019AlterTour rendra visite au Collectif \u00ab Le durable a son village \u00bb les 27 et 28 juillet 2014 \u00e0 Ayen.<\/p>\n","protected":false},"excerpt":{"rendered":"<p>\u00ab Motive ton voisin, tu auras fait un bout du chemin \u00bb. C\u2019est le leitmotiv d\u2019Ayen, un petit village de Corr\u00e8ze, au nord-ouest de Brive-La-Gaillarde. Petit village certes, mais grande \u00e9nergie ! Tout commence en 1995, lorsque le maire et son \u00e9quipe entendent redynamiser les 632 \u00e2mes pour favoriser l\u2019accueil &#8230; <\/p>\n<div><a href=\"https:\/\/www.altercampagne.net\/?p=4029\" class=\"more-link\">Read More<\/a><\/div>\n","protected":false},"author":214,"featured_media":0,"comment_status":"closed","ping_status":"closed","sticky":false,"template":"","format":"standard","meta":{"footnotes":""},"categories":[3479,3461,3540],"tags":[13,50,90,97,126,319,580,1124,1685,1686,1687,1688],"class_list":["post-4029","post","type-post","status-publish","format-standard","hentry","category-nouvelle-aquitaine","category-edition-2014","category-transverse","tag-revue-silence","tag-50","tag-ayen","tag-agenda-21","tag-travail","tag-altertour-2014","tag-limousin","tag-correze","tag-brive-la-gaillarde","tag-zero-phyto","tag-durable","tag-marylene-vales","no-post-thumbnail"],"yoast_head":"<!-- This site is optimized with the Yoast SEO plugin v27.3 - https:\/\/yoast.com\/product\/yoast-seo-wordpress\/ -->\n<title>Le Collectif \u00ab Le durable a son village \u00bb les 27 et 28 juillet \u00e0 Ayen - AlterTour<\/title>\n<meta name=\"robots\" content=\"index, follow, max-snippet:-1, max-image-preview:large, max-video-preview:-1\" \/>\n<link rel=\"canonical\" href=\"https:\/\/www.altercampagne.net\/?p=4029\" \/>\n<meta property=\"og:locale\" content=\"fr_FR\" \/>\n<meta property=\"og:type\" content=\"article\" \/>\n<meta property=\"og:title\" content=\"Le Collectif \u00ab Le durable a son village \u00bb les 27 et 28 juillet \u00e0 Ayen - AlterTour\" \/>\n<meta property=\"og:description\" content=\"\u00ab Motive ton voisin, tu auras fait un bout du chemin \u00bb. C\u2019est le leitmotiv d\u2019Ayen, un petit village de Corr\u00e8ze, au nord-ouest de Brive-La-Gaillarde. Petit village certes, mais grande \u00e9nergie ! Tout commence en 1995, lorsque le maire et son \u00e9quipe entendent redynamiser les 632 \u00e2mes pour favoriser l\u2019accueil ... Read More\" \/>\n<meta property=\"og:url\" content=\"https:\/\/www.altercampagne.net\/?p=4029\" \/>\n<meta property=\"og:site_name\" content=\"AlterTour\" \/>\n<meta property=\"article:published_time\" content=\"2014-05-20T10:47:33+00:00\" \/>\n<meta property=\"article:modified_time\" content=\"2020-02-24T16:33:38+00:00\" \/>\n<meta property=\"og:image\" content=\"http:\/\/www.altercampagne.net\/wp-content\/uploads\/2016\/04\/Ayen-300x244.jpg\" \/>\n<meta name=\"author\" content=\"Mathieu\" \/>\n<meta name=\"twitter:card\" content=\"summary_large_image\" \/>\n<meta name=\"twitter:label1\" content=\"\u00c9crit par\" \/>\n\t<meta name=\"twitter:data1\" content=\"Mathieu\" \/>\n\t<meta name=\"twitter:label2\" content=\"Dur\u00e9e de lecture estim\u00e9e\" \/>\n\t<meta name=\"twitter:data2\" content=\"2 minutes\" \/>\n<script type=\"application\/ld+json\" class=\"yoast-schema-graph\">{\"@context\":\"https:\\\/\\\/schema.org\",\"@graph\":[{\"@type\":\"Article\",\"@id\":\"https:\\\/\\\/www.altercampagne.net\\\/?p=4029#article\",\"isPartOf\":{\"@id\":\"https:\\\/\\\/www.altercampagne.net\\\/?p=4029\"},\"author\":{\"name\":\"Mathieu\",\"@id\":\"https:\\\/\\\/www.altercampagne.net\\\/#\\\/schema\\\/person\\\/0f261460c09e430caa0f9bcffa319109\"},\"headline\":\"Le Collectif \u00ab Le durable a son village \u00bb les 27 et 28 juillet \u00e0 Ayen\",\"datePublished\":\"2014-05-20T10:47:33+00:00\",\"dateModified\":\"2020-02-24T16:33:38+00:00\",\"mainEntityOfPage\":{\"@id\":\"https:\\\/\\\/www.altercampagne.net\\\/?p=4029\"},\"wordCount\":425,\"image\":{\"@id\":\"https:\\\/\\\/www.altercampagne.net\\\/?p=4029#primaryimage\"},\"thumbnailUrl\":\"http:\\\/\\\/www.altercampagne.net\\\/wp-content\\\/uploads\\\/2016\\\/04\\\/Ayen-300x244.jpg\",\"keywords\":[\"revue Silence\",\"2014\",\"Ayen\",\"AGENDA 21\",\"travail\",\"altertour 2014\",\"Limousin\",\"Corr\u00e8ze\",\"Brive-La-Gaillarde\",\"z\u00e9ro phyto\",\"Durable\",\"Maryl\u00e8ne Vales\"],\"articleSection\":[\"Nouvelle-Aquitaine\",\"\u00c9dition 2014\",\"Transverse\"],\"inLanguage\":\"fr-FR\"},{\"@type\":\"WebPage\",\"@id\":\"https:\\\/\\\/www.altercampagne.net\\\/?p=4029\",\"url\":\"https:\\\/\\\/www.altercampagne.net\\\/?p=4029\",\"name\":\"Le Collectif \u00ab Le durable a son village \u00bb les 27 et 28 juillet \u00e0 Ayen - AlterTour\",\"isPartOf\":{\"@id\":\"https:\\\/\\\/www.altercampagne.net\\\/#website\"},\"primaryImageOfPage\":{\"@id\":\"https:\\\/\\\/www.altercampagne.net\\\/?p=4029#primaryimage\"},\"image\":{\"@id\":\"https:\\\/\\\/www.altercampagne.net\\\/?p=4029#primaryimage\"},\"thumbnailUrl\":\"http:\\\/\\\/www.altercampagne.net\\\/wp-content\\\/uploads\\\/2016\\\/04\\\/Ayen-300x244.jpg\",\"datePublished\":\"2014-05-20T10:47:33+00:00\",\"dateModified\":\"2020-02-24T16:33:38+00:00\",\"author\":{\"@id\":\"https:\\\/\\\/www.altercampagne.net\\\/#\\\/schema\\\/person\\\/0f261460c09e430caa0f9bcffa319109\"},\"breadcrumb\":{\"@id\":\"https:\\\/\\\/www.altercampagne.net\\\/?p=4029#breadcrumb\"},\"inLanguage\":\"fr-FR\",\"potentialAction\":[{\"@type\":\"ReadAction\",\"target\":[\"https:\\\/\\\/www.altercampagne.net\\\/?p=4029\"]}]},{\"@type\":\"ImageObject\",\"inLanguage\":\"fr-FR\",\"@id\":\"https:\\\/\\\/www.altercampagne.net\\\/?p=4029#primaryimage\",\"url\":\"https:\\\/\\\/www.altercampagne.net\\\/wp-content\\\/uploads\\\/2016\\\/04\\\/Ayen.jpg\",\"contentUrl\":\"https:\\\/\\\/www.altercampagne.net\\\/wp-content\\\/uploads\\\/2016\\\/04\\\/Ayen.jpg\",\"width\":320,\"height\":260},{\"@type\":\"BreadcrumbList\",\"@id\":\"https:\\\/\\\/www.altercampagne.net\\\/?p=4029#breadcrumb\",\"itemListElement\":[{\"@type\":\"ListItem\",\"position\":1,\"name\":\"Accueil\",\"item\":\"https:\\\/\\\/www.altercampagne.net\\\/\"},{\"@type\":\"ListItem\",\"position\":2,\"name\":\"Le Collectif \u00ab Le durable a son village \u00bb les 27 et 28 juillet \u00e0 Ayen\"}]},{\"@type\":\"WebSite\",\"@id\":\"https:\\\/\\\/www.altercampagne.net\\\/#website\",\"url\":\"https:\\\/\\\/www.altercampagne.net\\\/\",\"name\":\"AlterTour\",\"description\":\"Reliez les Alternatives \u00e0 v\u00e9lo\",\"potentialAction\":[{\"@type\":\"SearchAction\",\"target\":{\"@type\":\"EntryPoint\",\"urlTemplate\":\"https:\\\/\\\/www.altercampagne.net\\\/?s={search_term_string}\"},\"query-input\":{\"@type\":\"PropertyValueSpecification\",\"valueRequired\":true,\"valueName\":\"search_term_string\"}}],\"inLanguage\":\"fr-FR\"},{\"@type\":\"Person\",\"@id\":\"https:\\\/\\\/www.altercampagne.net\\\/#\\\/schema\\\/person\\\/0f261460c09e430caa0f9bcffa319109\",\"name\":\"Mathieu\",\"image\":{\"@type\":\"ImageObject\",\"inLanguage\":\"fr-FR\",\"@id\":\"https:\\\/\\\/secure.gravatar.com\\\/avatar\\\/aa9d3d24c83f2141e5e2709d0f63d09a99f6be6bb7a50abc4915838d9f54501a?s=96&d=mm&r=g\",\"url\":\"https:\\\/\\\/secure.gravatar.com\\\/avatar\\\/aa9d3d24c83f2141e5e2709d0f63d09a99f6be6bb7a50abc4915838d9f54501a?s=96&d=mm&r=g\",\"contentUrl\":\"https:\\\/\\\/secure.gravatar.com\\\/avatar\\\/aa9d3d24c83f2141e5e2709d0f63d09a99f6be6bb7a50abc4915838d9f54501a?s=96&d=mm&r=g\",\"caption\":\"Mathieu\"},\"url\":\"https:\\\/\\\/www.altercampagne.net\\\/?author=214\"}]}<\/script>\n<!-- \/ Yoast SEO plugin. -->","yoast_head_json":{"title":"Le Collectif \u00ab Le durable a son village \u00bb les 27 et 28 juillet \u00e0 Ayen - AlterTour","robots":{"index":"index","follow":"follow","max-snippet":"max-snippet:-1","max-image-preview":"max-image-preview:large","max-video-preview":"max-video-preview:-1"},"canonical":"https:\/\/www.altercampagne.net\/?p=4029","og_locale":"fr_FR","og_type":"article","og_title":"Le Collectif \u00ab Le durable a son village \u00bb les 27 et 28 juillet \u00e0 Ayen - AlterTour","og_description":"\u00ab Motive ton voisin, tu auras fait un bout du chemin \u00bb. C\u2019est le leitmotiv d\u2019Ayen, un petit village de Corr\u00e8ze, au nord-ouest de Brive-La-Gaillarde. Petit village certes, mais grande \u00e9nergie ! Tout commence en 1995, lorsque le maire et son \u00e9quipe entendent redynamiser les 632 \u00e2mes pour favoriser l\u2019accueil ... Read More","og_url":"https:\/\/www.altercampagne.net\/?p=4029","og_site_name":"AlterTour","article_published_time":"2014-05-20T10:47:33+00:00","article_modified_time":"2020-02-24T16:33:38+00:00","og_image":[{"url":"http:\/\/www.altercampagne.net\/wp-content\/uploads\/2016\/04\/Ayen-300x244.jpg","type":"","width":"","height":""}],"author":"Mathieu","twitter_card":"summary_large_image","twitter_misc":{"\u00c9crit par":"Mathieu","Dur\u00e9e de lecture estim\u00e9e":"2 minutes"},"schema":{"@context":"https:\/\/schema.org","@graph":[{"@type":"Article","@id":"https:\/\/www.altercampagne.net\/?p=4029#article","isPartOf":{"@id":"https:\/\/www.altercampagne.net\/?p=4029"},"author":{"name":"Mathieu","@id":"https:\/\/www.altercampagne.net\/#\/schema\/person\/0f261460c09e430caa0f9bcffa319109"},"headline":"Le Collectif \u00ab Le durable a son village \u00bb les 27 et 28 juillet \u00e0 Ayen","datePublished":"2014-05-20T10:47:33+00:00","dateModified":"2020-02-24T16:33:38+00:00","mainEntityOfPage":{"@id":"https:\/\/www.altercampagne.net\/?p=4029"},"wordCount":425,"image":{"@id":"https:\/\/www.altercampagne.net\/?p=4029#primaryimage"},"thumbnailUrl":"http:\/\/www.altercampagne.net\/wp-content\/uploads\/2016\/04\/Ayen-300x244.jpg","keywords":["revue Silence","2014","Ayen","AGENDA 21","travail","altertour 2014","Limousin","Corr\u00e8ze","Brive-La-Gaillarde","z\u00e9ro phyto","Durable","Maryl\u00e8ne Vales"],"articleSection":["Nouvelle-Aquitaine","\u00c9dition 2014","Transverse"],"inLanguage":"fr-FR"},{"@type":"WebPage","@id":"https:\/\/www.altercampagne.net\/?p=4029","url":"https:\/\/www.altercampagne.net\/?p=4029","name":"Le Collectif \u00ab Le durable a son village \u00bb les 27 et 28 juillet \u00e0 Ayen - AlterTour","isPartOf":{"@id":"https:\/\/www.altercampagne.net\/#website"},"primaryImageOfPage":{"@id":"https:\/\/www.altercampagne.net\/?p=4029#primaryimage"},"image":{"@id":"https:\/\/www.altercampagne.net\/?p=4029#primaryimage"},"thumbnailUrl":"http:\/\/www.altercampagne.net\/wp-content\/uploads\/2016\/04\/Ayen-300x244.jpg","datePublished":"2014-05-20T10:47:33+00:00","dateModified":"2020-02-24T16:33:38+00:00","author":{"@id":"https:\/\/www.altercampagne.net\/#\/schema\/person\/0f261460c09e430caa0f9bcffa319109"},"breadcrumb":{"@id":"https:\/\/www.altercampagne.net\/?p=4029#breadcrumb"},"inLanguage":"fr-FR","potentialAction":[{"@type":"ReadAction","target":["https:\/\/www.altercampagne.net\/?p=4029"]}]},{"@type":"ImageObject","inLanguage":"fr-FR","@id":"https:\/\/www.altercampagne.net\/?p=4029#primaryimage","url":"https:\/\/www.altercampagne.net\/wp-content\/uploads\/2016\/04\/Ayen.jpg","contentUrl":"https:\/\/www.altercampagne.net\/wp-content\/uploads\/2016\/04\/Ayen.jpg","width":320,"height":260},{"@type":"BreadcrumbList","@id":"https:\/\/www.altercampagne.net\/?p=4029#breadcrumb","itemListElement":[{"@type":"ListItem","position":1,"name":"Accueil","item":"https:\/\/www.altercampagne.net\/"},{"@type":"ListItem","position":2,"name":"Le Collectif \u00ab Le durable a son village \u00bb les 27 et 28 juillet \u00e0 Ayen"}]},{"@type":"WebSite","@id":"https:\/\/www.altercampagne.net\/#website","url":"https:\/\/www.altercampagne.net\/","name":"AlterTour","description":"Reliez les Alternatives \u00e0 v\u00e9lo","potentialAction":[{"@type":"SearchAction","target":{"@type":"EntryPoint","urlTemplate":"https:\/\/www.altercampagne.net\/?s={search_term_string}"},"query-input":{"@type":"PropertyValueSpecification","valueRequired":true,"valueName":"search_term_string"}}],"inLanguage":"fr-FR"},{"@type":"Person","@id":"https:\/\/www.altercampagne.net\/#\/schema\/person\/0f261460c09e430caa0f9bcffa319109","name":"Mathieu","image":{"@type":"ImageObject","inLanguage":"fr-FR","@id":"https:\/\/secure.gravatar.com\/avatar\/aa9d3d24c83f2141e5e2709d0f63d09a99f6be6bb7a50abc4915838d9f54501a?s=96&d=mm&r=g","url":"https:\/\/secure.gravatar.com\/avatar\/aa9d3d24c83f2141e5e2709d0f63d09a99f6be6bb7a50abc4915838d9f54501a?s=96&d=mm&r=g","contentUrl":"https:\/\/secure.gravatar.com\/avatar\/aa9d3d24c83f2141e5e2709d0f63d09a99f6be6bb7a50abc4915838d9f54501a?s=96&d=mm&r=g","caption":"Mathieu"},"url":"https:\/\/www.altercampagne.net\/?author=214"}]}},"_links":{"self":[{"href":"https:\/\/www.altercampagne.net\/index.php?rest_route=\/wp\/v2\/posts\/4029","targetHints":{"allow":["GET"]}}],"collection":[{"href":"https:\/\/www.altercampagne.net\/index.php?rest_route=\/wp\/v2\/posts"}],"about":[{"href":"https:\/\/www.altercampagne.net\/index.php?rest_route=\/wp\/v2\/types\/post"}],"author":[{"embeddable":true,"href":"https:\/\/www.altercampagne.net\/index.php?rest_route=\/wp\/v2\/users\/214"}],"replies":[{"embeddable":true,"href":"https:\/\/www.altercampagne.net\/index.php?rest_route=%2Fwp%2Fv2%2Fcomments&post=4029"}],"version-history":[{"count":1,"href":"https:\/\/www.altercampagne.net\/index.php?rest_route=\/wp\/v2\/posts\/4029\/revisions"}],"predecessor-version":[{"id":17467,"href":"https:\/\/www.altercampagne.net\/index.php?rest_route=\/wp\/v2\/posts\/4029\/revisions\/17467"}],"wp:attachment":[{"href":"https:\/\/www.altercampagne.net\/index.php?rest_route=%2Fwp%2Fv2%2Fmedia&parent=4029"}],"wp:term":[{"taxonomy":"category","embeddable":true,"href":"https:\/\/www.altercampagne.net\/index.php?rest_route=%2Fwp%2Fv2%2Fcategories&post=4029"},{"taxonomy":"post_tag","embeddable":true,"href":"https:\/\/www.altercampagne.net\/index.php?rest_route=%2Fwp%2Fv2%2Ftags&post=4029"}],"curies":[{"name":"wp","href":"https:\/\/api.w.org\/{rel}","templated":true}]}}