{"id":4032,"date":"2014-05-21T12:57:33","date_gmt":"2014-05-21T10:57:33","guid":{"rendered":"http:\/\/www.altercampagne.net\/?p=4032"},"modified":"2020-02-24T17:32:48","modified_gmt":"2020-02-24T16:32:48","slug":"le-monde-allant-vers-le-30-juillet-a-eymoutiers","status":"publish","type":"post","link":"https:\/\/www.altercampagne.net\/?p=4032","title":{"rendered":"Le Monde Allant Vers le 30 juillet \u00e0 Eymoutiers"},"content":{"rendered":"<p><a href=\"http:\/\/www.altercampagne.net\/wp-content\/uploads\/2016\/04\/Le-monde-allant-vers.jpg\"><img loading=\"lazy\" decoding=\"async\" class=\" size-medium wp-image-4033 alignright\" src=\"http:\/\/www.altercampagne.net\/wp-content\/uploads\/2016\/04\/Le-monde-allant-vers-300x244.jpg\" alt=\"Le monde allant vers\" width=\"300\" height=\"244\" srcset=\"https:\/\/www.altercampagne.net\/wp-content\/uploads\/2016\/04\/Le-monde-allant-vers-300x244.jpg 300w, https:\/\/www.altercampagne.net\/wp-content\/uploads\/2016\/04\/Le-monde-allant-vers.jpg 320w\" sizes=\"auto, (max-width: 300px) 100vw, 300px\" \/><\/a>Objets inanim\u00e9s, avez-vous une seconde vie ? \u00c0 Eymoutiers, la r\u00e9ponse est oui ! Valoriser les d\u00e9chets ? Une question de bon sens. Et en la mati\u00e8re, \u00ab <a href=\"http:\/\/www.lemondeallantvers.org\/\" target=\"_blank\" rel=\"noopener noreferrer\">Le Monde allant vers<\/a>\u2026 \u00bb est expert. Collecter, trier, nettoyer, r\u00e9parer, tester. Le recyclage, c\u2019est le credo de cette association n\u00e9e en 2002 avec la rencontre de compagnons du <a href=\"http:\/\/www.reseaurepas.free.fr\/\" target=\"_blank\" rel=\"noopener noreferrer\">r\u00e9seau REPAS<\/a> et d\u2019une ressourcerie. Balais WC, livres, brocante, v\u00eatements, produits d\u2019entretien&#8230; on trouve de tout \u00e0 la boutique situ\u00e9e dans le bourg. Une boutique devenue un vrai lieu de vie, o\u00f9 les gens du coin aiment se retrouver. Pour les objets<br \/>\nplus volumineux (gros meubles, literie, \u00e9lectrom\u00e9nager, quincaillerie, mat\u00e9riaux de construction), rendez-vous dans la zone artisanale, pr\u00e9s de la d\u00e9chetterie. Mais pour modifier les comportements, il faut aussi sensibiliser le public, jeune et moins jeune. Les six \u00ab animateurs-valoristes \u00bb de l\u2019association proposent donc de nombreuses animations de sensibilisation \u00e0 l\u2019environnement.<\/p>\n<p><strong>\u00ab Valoriser les compl\u00e9mentarit\u00e9s \u00bb<\/strong><\/p>\n<p>\u00ab La question de la place de l\u2019humain dans le travail est pr\u00e9sente dans notre association depuis sa naissance. Nous sommes structure d\u2019accueil des compagnons du r\u00e9seau Repas. Nous cherchons \u00e0 travailler autrement et valorisons la compl\u00e9mentarit\u00e9 des uns et des autres. Nous sommes donc en autogestion et prenons les d\u00e9cisions au consensus pour prendre en compte l\u2019avis de tous. Les salari\u00e9s sont tous des \u00ab animateurs-valoristes \u00bb, mais avec des comp\u00e9tences et des exp\u00e9riences diff\u00e9rentes. Comment mettre tout cela en musique ? C\u2019est l\u2019un de nos challenges. Et ce n\u2019est pas toujours simple. Il peut y avoir des tensions dans l\u2019\u00e9quipe et les t\u00e2ches sont parfois ingrates. Mais comment sensibiliser \u00e0 la probl\u00e9matique des d\u00e9chets si on ne met pas le nez dedans ? Nous nous inscrivons clairement dans l\u2019\u00e9conomie r\u00e9elle en tant que structure de l\u2019\u00e9conomie sociale et solidaire, acteur de la gestion des d\u00e9chets. Mais nous avons aussi choisi d\u2019avoir un conseil d\u2019administration coll\u00e9gial sans pr\u00e9sident, ni secr\u00e9taire ni tr\u00e9sorier. \u00bb<\/p>\n<p style=\"text-align: right;\"><strong>Isabelle Lamanda, salari\u00e9e de l\u2019association<\/strong><\/p>\n<p>Extrait du Recueil des Alternatives de l\u2019AlterTour 2014, disponible dans le num\u00e9ro de juin de la <a title=\"Revue Silence\" href=\"http:\/\/www.revuesilence.net\/\" target=\"_blank\" rel=\"noopener noreferrer\">Revue Silence<\/a><\/p>\n<p>L\u2019AlterTour rendra visite au Monde Allant Vers le 30 juillet 2014 \u00e0 Eymoutiers<\/p>\n","protected":false},"excerpt":{"rendered":"<p>Objets inanim\u00e9s, avez-vous une seconde vie ? \u00c0 Eymoutiers, la r\u00e9ponse est oui ! Valoriser les d\u00e9chets ? Une question de bon sens. Et en la mati\u00e8re, \u00ab Le Monde allant vers\u2026 \u00bb est expert. Collecter, trier, nettoyer, r\u00e9parer, tester. Le recyclage, c\u2019est le credo de cette association n\u00e9e en &#8230; <\/p>\n<div><a href=\"https:\/\/www.altercampagne.net\/?p=4032\" class=\"more-link\">Read More<\/a><\/div>\n","protected":false},"author":214,"featured_media":0,"comment_status":"closed","ping_status":"closed","sticky":false,"template":"","format":"standard","meta":{"footnotes":""},"categories":[3484,3479,3461],"tags":[13,50,80,319,580,590,645,1689,1690,1691],"class_list":["post-4032","post","type-post","status-publish","format-standard","hentry","category-economie","category-nouvelle-aquitaine","category-edition-2014","tag-revue-silence","tag-50","tag-reseau-repas","tag-altertour-2014","tag-limousin","tag-le-monde-allant-vers","tag-eymoutiers","tag-haute-vienne","tag-ressourcerie","tag-isabelle-lamanda","no-post-thumbnail"],"yoast_head":"<!-- This site is optimized with the Yoast SEO plugin v27.3 - https:\/\/yoast.com\/product\/yoast-seo-wordpress\/ -->\n<title>Le Monde Allant Vers le 30 juillet \u00e0 Eymoutiers - AlterTour<\/title>\n<meta name=\"robots\" content=\"index, follow, max-snippet:-1, max-image-preview:large, max-video-preview:-1\" \/>\n<link rel=\"canonical\" href=\"https:\/\/www.altercampagne.net\/?p=4032\" \/>\n<meta property=\"og:locale\" content=\"fr_FR\" \/>\n<meta property=\"og:type\" content=\"article\" \/>\n<meta property=\"og:title\" content=\"Le Monde Allant Vers le 30 juillet \u00e0 Eymoutiers - AlterTour\" \/>\n<meta property=\"og:description\" content=\"Objets inanim\u00e9s, avez-vous une seconde vie ? \u00c0 Eymoutiers, la r\u00e9ponse est oui ! Valoriser les d\u00e9chets ? Une question de bon sens. Et en la mati\u00e8re, \u00ab Le Monde allant vers\u2026 \u00bb est expert. Collecter, trier, nettoyer, r\u00e9parer, tester. Le recyclage, c\u2019est le credo de cette association n\u00e9e en ... Read More\" \/>\n<meta property=\"og:url\" content=\"https:\/\/www.altercampagne.net\/?p=4032\" \/>\n<meta property=\"og:site_name\" content=\"AlterTour\" \/>\n<meta property=\"article:published_time\" content=\"2014-05-21T10:57:33+00:00\" \/>\n<meta property=\"article:modified_time\" content=\"2020-02-24T16:32:48+00:00\" \/>\n<meta property=\"og:image\" content=\"http:\/\/www.altercampagne.net\/wp-content\/uploads\/2016\/04\/Le-monde-allant-vers-300x244.jpg\" \/>\n<meta name=\"author\" content=\"Mathieu\" \/>\n<meta name=\"twitter:card\" content=\"summary_large_image\" \/>\n<meta name=\"twitter:label1\" content=\"\u00c9crit par\" \/>\n\t<meta name=\"twitter:data1\" content=\"Mathieu\" \/>\n\t<meta name=\"twitter:label2\" content=\"Dur\u00e9e de lecture estim\u00e9e\" \/>\n\t<meta name=\"twitter:data2\" content=\"2 minutes\" \/>\n<script type=\"application\/ld+json\" class=\"yoast-schema-graph\">{\"@context\":\"https:\\\/\\\/schema.org\",\"@graph\":[{\"@type\":\"Article\",\"@id\":\"https:\\\/\\\/www.altercampagne.net\\\/?p=4032#article\",\"isPartOf\":{\"@id\":\"https:\\\/\\\/www.altercampagne.net\\\/?p=4032\"},\"author\":{\"name\":\"Mathieu\",\"@id\":\"https:\\\/\\\/www.altercampagne.net\\\/#\\\/schema\\\/person\\\/0f261460c09e430caa0f9bcffa319109\"},\"headline\":\"Le Monde Allant Vers le 30 juillet \u00e0 Eymoutiers\",\"datePublished\":\"2014-05-21T10:57:33+00:00\",\"dateModified\":\"2020-02-24T16:32:48+00:00\",\"mainEntityOfPage\":{\"@id\":\"https:\\\/\\\/www.altercampagne.net\\\/?p=4032\"},\"wordCount\":389,\"image\":{\"@id\":\"https:\\\/\\\/www.altercampagne.net\\\/?p=4032#primaryimage\"},\"thumbnailUrl\":\"http:\\\/\\\/www.altercampagne.net\\\/wp-content\\\/uploads\\\/2016\\\/04\\\/Le-monde-allant-vers-300x244.jpg\",\"keywords\":[\"revue Silence\",\"2014\",\"R\u00e9seau Repas\",\"altertour 2014\",\"Limousin\",\"le monde allant vers\",\"Eymoutiers\",\"Haute-Vienne\",\"ressourcerie\",\"Isabelle Lamanda\"],\"articleSection\":[\"\u00c9conomie\",\"Nouvelle-Aquitaine\",\"\u00c9dition 2014\"],\"inLanguage\":\"fr-FR\"},{\"@type\":\"WebPage\",\"@id\":\"https:\\\/\\\/www.altercampagne.net\\\/?p=4032\",\"url\":\"https:\\\/\\\/www.altercampagne.net\\\/?p=4032\",\"name\":\"Le Monde Allant Vers le 30 juillet \u00e0 Eymoutiers - AlterTour\",\"isPartOf\":{\"@id\":\"https:\\\/\\\/www.altercampagne.net\\\/#website\"},\"primaryImageOfPage\":{\"@id\":\"https:\\\/\\\/www.altercampagne.net\\\/?p=4032#primaryimage\"},\"image\":{\"@id\":\"https:\\\/\\\/www.altercampagne.net\\\/?p=4032#primaryimage\"},\"thumbnailUrl\":\"http:\\\/\\\/www.altercampagne.net\\\/wp-content\\\/uploads\\\/2016\\\/04\\\/Le-monde-allant-vers-300x244.jpg\",\"datePublished\":\"2014-05-21T10:57:33+00:00\",\"dateModified\":\"2020-02-24T16:32:48+00:00\",\"author\":{\"@id\":\"https:\\\/\\\/www.altercampagne.net\\\/#\\\/schema\\\/person\\\/0f261460c09e430caa0f9bcffa319109\"},\"breadcrumb\":{\"@id\":\"https:\\\/\\\/www.altercampagne.net\\\/?p=4032#breadcrumb\"},\"inLanguage\":\"fr-FR\",\"potentialAction\":[{\"@type\":\"ReadAction\",\"target\":[\"https:\\\/\\\/www.altercampagne.net\\\/?p=4032\"]}]},{\"@type\":\"ImageObject\",\"inLanguage\":\"fr-FR\",\"@id\":\"https:\\\/\\\/www.altercampagne.net\\\/?p=4032#primaryimage\",\"url\":\"https:\\\/\\\/www.altercampagne.net\\\/wp-content\\\/uploads\\\/2016\\\/04\\\/Le-monde-allant-vers.jpg\",\"contentUrl\":\"https:\\\/\\\/www.altercampagne.net\\\/wp-content\\\/uploads\\\/2016\\\/04\\\/Le-monde-allant-vers.jpg\",\"width\":320,\"height\":260},{\"@type\":\"BreadcrumbList\",\"@id\":\"https:\\\/\\\/www.altercampagne.net\\\/?p=4032#breadcrumb\",\"itemListElement\":[{\"@type\":\"ListItem\",\"position\":1,\"name\":\"Accueil\",\"item\":\"https:\\\/\\\/www.altercampagne.net\\\/\"},{\"@type\":\"ListItem\",\"position\":2,\"name\":\"Le Monde Allant Vers le 30 juillet \u00e0 Eymoutiers\"}]},{\"@type\":\"WebSite\",\"@id\":\"https:\\\/\\\/www.altercampagne.net\\\/#website\",\"url\":\"https:\\\/\\\/www.altercampagne.net\\\/\",\"name\":\"AlterTour\",\"description\":\"Reliez les Alternatives \u00e0 v\u00e9lo\",\"potentialAction\":[{\"@type\":\"SearchAction\",\"target\":{\"@type\":\"EntryPoint\",\"urlTemplate\":\"https:\\\/\\\/www.altercampagne.net\\\/?s={search_term_string}\"},\"query-input\":{\"@type\":\"PropertyValueSpecification\",\"valueRequired\":true,\"valueName\":\"search_term_string\"}}],\"inLanguage\":\"fr-FR\"},{\"@type\":\"Person\",\"@id\":\"https:\\\/\\\/www.altercampagne.net\\\/#\\\/schema\\\/person\\\/0f261460c09e430caa0f9bcffa319109\",\"name\":\"Mathieu\",\"image\":{\"@type\":\"ImageObject\",\"inLanguage\":\"fr-FR\",\"@id\":\"https:\\\/\\\/secure.gravatar.com\\\/avatar\\\/aa9d3d24c83f2141e5e2709d0f63d09a99f6be6bb7a50abc4915838d9f54501a?s=96&d=mm&r=g\",\"url\":\"https:\\\/\\\/secure.gravatar.com\\\/avatar\\\/aa9d3d24c83f2141e5e2709d0f63d09a99f6be6bb7a50abc4915838d9f54501a?s=96&d=mm&r=g\",\"contentUrl\":\"https:\\\/\\\/secure.gravatar.com\\\/avatar\\\/aa9d3d24c83f2141e5e2709d0f63d09a99f6be6bb7a50abc4915838d9f54501a?s=96&d=mm&r=g\",\"caption\":\"Mathieu\"},\"url\":\"https:\\\/\\\/www.altercampagne.net\\\/?author=214\"}]}<\/script>\n<!-- \/ Yoast SEO plugin. -->","yoast_head_json":{"title":"Le Monde Allant Vers le 30 juillet \u00e0 Eymoutiers - AlterTour","robots":{"index":"index","follow":"follow","max-snippet":"max-snippet:-1","max-image-preview":"max-image-preview:large","max-video-preview":"max-video-preview:-1"},"canonical":"https:\/\/www.altercampagne.net\/?p=4032","og_locale":"fr_FR","og_type":"article","og_title":"Le Monde Allant Vers le 30 juillet \u00e0 Eymoutiers - AlterTour","og_description":"Objets inanim\u00e9s, avez-vous une seconde vie ? \u00c0 Eymoutiers, la r\u00e9ponse est oui ! Valoriser les d\u00e9chets ? Une question de bon sens. Et en la mati\u00e8re, \u00ab Le Monde allant vers\u2026 \u00bb est expert. Collecter, trier, nettoyer, r\u00e9parer, tester. Le recyclage, c\u2019est le credo de cette association n\u00e9e en ... Read More","og_url":"https:\/\/www.altercampagne.net\/?p=4032","og_site_name":"AlterTour","article_published_time":"2014-05-21T10:57:33+00:00","article_modified_time":"2020-02-24T16:32:48+00:00","og_image":[{"url":"http:\/\/www.altercampagne.net\/wp-content\/uploads\/2016\/04\/Le-monde-allant-vers-300x244.jpg","type":"","width":"","height":""}],"author":"Mathieu","twitter_card":"summary_large_image","twitter_misc":{"\u00c9crit par":"Mathieu","Dur\u00e9e de lecture estim\u00e9e":"2 minutes"},"schema":{"@context":"https:\/\/schema.org","@graph":[{"@type":"Article","@id":"https:\/\/www.altercampagne.net\/?p=4032#article","isPartOf":{"@id":"https:\/\/www.altercampagne.net\/?p=4032"},"author":{"name":"Mathieu","@id":"https:\/\/www.altercampagne.net\/#\/schema\/person\/0f261460c09e430caa0f9bcffa319109"},"headline":"Le Monde Allant Vers le 30 juillet \u00e0 Eymoutiers","datePublished":"2014-05-21T10:57:33+00:00","dateModified":"2020-02-24T16:32:48+00:00","mainEntityOfPage":{"@id":"https:\/\/www.altercampagne.net\/?p=4032"},"wordCount":389,"image":{"@id":"https:\/\/www.altercampagne.net\/?p=4032#primaryimage"},"thumbnailUrl":"http:\/\/www.altercampagne.net\/wp-content\/uploads\/2016\/04\/Le-monde-allant-vers-300x244.jpg","keywords":["revue Silence","2014","R\u00e9seau Repas","altertour 2014","Limousin","le monde allant vers","Eymoutiers","Haute-Vienne","ressourcerie","Isabelle Lamanda"],"articleSection":["\u00c9conomie","Nouvelle-Aquitaine","\u00c9dition 2014"],"inLanguage":"fr-FR"},{"@type":"WebPage","@id":"https:\/\/www.altercampagne.net\/?p=4032","url":"https:\/\/www.altercampagne.net\/?p=4032","name":"Le Monde Allant Vers le 30 juillet \u00e0 Eymoutiers - AlterTour","isPartOf":{"@id":"https:\/\/www.altercampagne.net\/#website"},"primaryImageOfPage":{"@id":"https:\/\/www.altercampagne.net\/?p=4032#primaryimage"},"image":{"@id":"https:\/\/www.altercampagne.net\/?p=4032#primaryimage"},"thumbnailUrl":"http:\/\/www.altercampagne.net\/wp-content\/uploads\/2016\/04\/Le-monde-allant-vers-300x244.jpg","datePublished":"2014-05-21T10:57:33+00:00","dateModified":"2020-02-24T16:32:48+00:00","author":{"@id":"https:\/\/www.altercampagne.net\/#\/schema\/person\/0f261460c09e430caa0f9bcffa319109"},"breadcrumb":{"@id":"https:\/\/www.altercampagne.net\/?p=4032#breadcrumb"},"inLanguage":"fr-FR","potentialAction":[{"@type":"ReadAction","target":["https:\/\/www.altercampagne.net\/?p=4032"]}]},{"@type":"ImageObject","inLanguage":"fr-FR","@id":"https:\/\/www.altercampagne.net\/?p=4032#primaryimage","url":"https:\/\/www.altercampagne.net\/wp-content\/uploads\/2016\/04\/Le-monde-allant-vers.jpg","contentUrl":"https:\/\/www.altercampagne.net\/wp-content\/uploads\/2016\/04\/Le-monde-allant-vers.jpg","width":320,"height":260},{"@type":"BreadcrumbList","@id":"https:\/\/www.altercampagne.net\/?p=4032#breadcrumb","itemListElement":[{"@type":"ListItem","position":1,"name":"Accueil","item":"https:\/\/www.altercampagne.net\/"},{"@type":"ListItem","position":2,"name":"Le Monde Allant Vers le 30 juillet \u00e0 Eymoutiers"}]},{"@type":"WebSite","@id":"https:\/\/www.altercampagne.net\/#website","url":"https:\/\/www.altercampagne.net\/","name":"AlterTour","description":"Reliez les Alternatives \u00e0 v\u00e9lo","potentialAction":[{"@type":"SearchAction","target":{"@type":"EntryPoint","urlTemplate":"https:\/\/www.altercampagne.net\/?s={search_term_string}"},"query-input":{"@type":"PropertyValueSpecification","valueRequired":true,"valueName":"search_term_string"}}],"inLanguage":"fr-FR"},{"@type":"Person","@id":"https:\/\/www.altercampagne.net\/#\/schema\/person\/0f261460c09e430caa0f9bcffa319109","name":"Mathieu","image":{"@type":"ImageObject","inLanguage":"fr-FR","@id":"https:\/\/secure.gravatar.com\/avatar\/aa9d3d24c83f2141e5e2709d0f63d09a99f6be6bb7a50abc4915838d9f54501a?s=96&d=mm&r=g","url":"https:\/\/secure.gravatar.com\/avatar\/aa9d3d24c83f2141e5e2709d0f63d09a99f6be6bb7a50abc4915838d9f54501a?s=96&d=mm&r=g","contentUrl":"https:\/\/secure.gravatar.com\/avatar\/aa9d3d24c83f2141e5e2709d0f63d09a99f6be6bb7a50abc4915838d9f54501a?s=96&d=mm&r=g","caption":"Mathieu"},"url":"https:\/\/www.altercampagne.net\/?author=214"}]}},"_links":{"self":[{"href":"https:\/\/www.altercampagne.net\/index.php?rest_route=\/wp\/v2\/posts\/4032","targetHints":{"allow":["GET"]}}],"collection":[{"href":"https:\/\/www.altercampagne.net\/index.php?rest_route=\/wp\/v2\/posts"}],"about":[{"href":"https:\/\/www.altercampagne.net\/index.php?rest_route=\/wp\/v2\/types\/post"}],"author":[{"embeddable":true,"href":"https:\/\/www.altercampagne.net\/index.php?rest_route=\/wp\/v2\/users\/214"}],"replies":[{"embeddable":true,"href":"https:\/\/www.altercampagne.net\/index.php?rest_route=%2Fwp%2Fv2%2Fcomments&post=4032"}],"version-history":[{"count":1,"href":"https:\/\/www.altercampagne.net\/index.php?rest_route=\/wp\/v2\/posts\/4032\/revisions"}],"predecessor-version":[{"id":17466,"href":"https:\/\/www.altercampagne.net\/index.php?rest_route=\/wp\/v2\/posts\/4032\/revisions\/17466"}],"wp:attachment":[{"href":"https:\/\/www.altercampagne.net\/index.php?rest_route=%2Fwp%2Fv2%2Fmedia&parent=4032"}],"wp:term":[{"taxonomy":"category","embeddable":true,"href":"https:\/\/www.altercampagne.net\/index.php?rest_route=%2Fwp%2Fv2%2Fcategories&post=4032"},{"taxonomy":"post_tag","embeddable":true,"href":"https:\/\/www.altercampagne.net\/index.php?rest_route=%2Fwp%2Fv2%2Ftags&post=4032"}],"curies":[{"name":"wp","href":"https:\/\/api.w.org\/{rel}","templated":true}]}}