{"id":4040,"date":"2014-05-26T13:57:17","date_gmt":"2014-05-26T11:57:17","guid":{"rendered":"http:\/\/www.altercampagne.net\/?p=4040"},"modified":"2020-03-09T17:26:36","modified_gmt":"2020-03-09T16:26:36","slug":"le-collectif-anti-lgv-pro-polt-le-3-aout-au-bost","status":"publish","type":"post","link":"https:\/\/www.altercampagne.net\/?p=4040","title":{"rendered":"Le Collectif anti-LGV \/ pro-POLT le 3 ao\u00fbt au Bost"},"content":{"rendered":"<p>\u00ab Plus vite, plus haut, plus fort \u00bb. Certes, la devise s\u2019applique au TGV, v\u00e9ritable vitrine technologique nationale. Mais aussi \u00ab Plus cher \u00bb, BEAUCOUP PLUS CHER ! Et pas seulement sur le plan budg\u00e9taire. En 2004, l\u2019am\u00e9nagement du r\u00e9seau existant pour un TGV Paris-Orl\u00e9ans-Limoges-Toulouse (POLT) est abandonn\u00e9 au profit d\u2019un projet de LGV Limoges &#8211; Poitiers. Le <a href=\"http:\/\/non-lgv-poitiers-limoges.fr\/wp\/\" target=\"_blank\" rel=\"noopener noreferrer\">Collectif anti-LGV et pro-POLT<\/a> r\u00e9unit alors associations, f\u00e9d\u00e9rations, syndicats et partis politiques pour mener un triple combat : r\u00e9nover la ligne POLT, am\u00e9liorer les lignes transversales et s\u2019opposer \u00e0 une LGV prohibitive. Ces lignes LGV font payer le prix fort dans de nombreux domaines. Elles impactent directement l\u2019environnement, l\u2019agriculture, la sant\u00e9 des secteurs travers\u00e9s. De plus, les activit\u00e9s socio\u00e9conomiques chutent dans les r\u00e9gions o\u00f9 le \u00ab petit \u00bb trafic ferroviaire est d\u00e9tourn\u00e9 au profit des LGV.<\/p>\n<p><strong>\u00ab Le travail du contribuable pour supporter les financements priv\u00e9s \u00bb<\/strong><\/p>\n<p>\u00ab Il est surprenant que des projets de ce type soient encore vendus sur fond d\u2019utilit\u00e9 publique. Pourtant des \u00e9tudes prouvent que la vitesse ne profite pas \u00e0 la baisse du ch\u00f4mage sur les agglom\u00e9rations concern\u00e9es. La r\u00e9alisation du barreau Limoges-Poitiers co\u00fbterait 2,2 milliards d\u2019euros, soit 3 fois plus cher que l\u2019am\u00e9nagement des lignes existantes classiques entre Limoges et Toulouse et vers la fa\u00e7ade atlantique, lignes qui seront d\u00e9laiss\u00e9es \u00e0 terme. Le nombre de trains sera volontairement diminu\u00e9 par souci de rentabilit\u00e9 pour la LGV. L\u2019impact \u00e9cologique porterait sur 16 000 ha de terres de toutes natures. 163 fermes seraient d\u00e9pr\u00e9ci\u00e9es ou supprim\u00e9es, 800 ha de terres agricoles dispara\u00eetraient, 300 ha seraient confisqu\u00e9s pour y d\u00e9poser des d\u00e9blais pollu\u00e9s, parfois radioactifs ! Le contribuable devra par son travail supporter pendant plusieurs g\u00e9n\u00e9rations un remboursement du financement de Vinci calcul\u00e9 \u00e0 partir de recettes voyageurs surestim\u00e9es. Comme pour le projet d\u2019a\u00e9roport de Notre-Dame-des-Landes ! Cela rel\u00e8ve d\u2019un incroyable cynisme qui ne laisse aucun doute sur la nature des vrais b\u00e9n\u00e9ficiaires. \u00bb<\/p>\n<p style=\"text-align: right;\"><strong>Jean-Pierre Chauffier, membre du collectif<\/strong><\/p>\n<p>Extrait du Recueil des Alternatives de l\u2019AlterTour 2014, disponible dans le num\u00e9ro de juin de la <a title=\"Revue Silence\" href=\"http:\/\/www.revuesilence.net\/\" target=\"_blank\" rel=\"noopener noreferrer\">Revue Silence<\/a><\/p>\n<p>L\u2019AlterTour rendra visite au Collectif anti-LGV \/ pro-POLT le 3 ao\u00fbt 2014 au Bost (commune de Roy\u00e8res)<\/p>\n","protected":false},"excerpt":{"rendered":"<p>\u00ab Plus vite, plus haut, plus fort \u00bb. Certes, la devise s\u2019applique au TGV, v\u00e9ritable vitrine technologique nationale. Mais aussi \u00ab Plus cher \u00bb, BEAUCOUP PLUS CHER ! Et pas seulement sur le plan budg\u00e9taire. En 2004, l\u2019am\u00e9nagement du r\u00e9seau existant pour un TGV Paris-Orl\u00e9ans-Limoges-Toulouse (POLT) est abandonn\u00e9 au profit &#8230; <\/p>\n<div><a href=\"https:\/\/www.altercampagne.net\/?p=4040\" class=\"more-link\">Read More<\/a><\/div>\n","protected":false},"author":214,"featured_media":17707,"comment_status":"closed","ping_status":"closed","sticky":false,"template":"","format":"standard","meta":{"footnotes":""},"categories":[3479,3542,3461],"tags":[50,319,580,637,1689,1694,1695,1696,1697,1698,1699,1700],"class_list":["post-4040","post","type-post","status-publish","format-standard","has-post-thumbnail","hentry","category-nouvelle-aquitaine","category-lutte","category-edition-2014","tag-50","tag-altertour-2014","tag-limousin","tag-collectif-anti-lgv","tag-haute-vienne","tag-le-bost","tag-royeres","tag-jean-pierre-chauffier","tag-collectif-pro-polt","tag-tvg","tag-lgv-limoges-poitiers","tag-train"],"yoast_head":"<!-- This site is optimized with the Yoast SEO plugin v27.3 - https:\/\/yoast.com\/product\/yoast-seo-wordpress\/ -->\n<title>Le Collectif anti-LGV \/ pro-POLT le 3 ao\u00fbt au Bost - AlterTour<\/title>\n<meta name=\"robots\" content=\"index, follow, max-snippet:-1, max-image-preview:large, max-video-preview:-1\" \/>\n<link rel=\"canonical\" href=\"https:\/\/www.altercampagne.net\/?p=4040\" \/>\n<meta property=\"og:locale\" content=\"fr_FR\" \/>\n<meta property=\"og:type\" content=\"article\" \/>\n<meta property=\"og:title\" content=\"Le Collectif anti-LGV \/ pro-POLT le 3 ao\u00fbt au Bost - AlterTour\" \/>\n<meta property=\"og:description\" content=\"\u00ab Plus vite, plus haut, plus fort \u00bb. Certes, la devise s\u2019applique au TGV, v\u00e9ritable vitrine technologique nationale. Mais aussi \u00ab Plus cher \u00bb, BEAUCOUP PLUS CHER ! Et pas seulement sur le plan budg\u00e9taire. En 2004, l\u2019am\u00e9nagement du r\u00e9seau existant pour un TGV Paris-Orl\u00e9ans-Limoges-Toulouse (POLT) est abandonn\u00e9 au profit ... Read More\" \/>\n<meta property=\"og:url\" content=\"https:\/\/www.altercampagne.net\/?p=4040\" \/>\n<meta property=\"og:site_name\" content=\"AlterTour\" \/>\n<meta property=\"article:published_time\" content=\"2014-05-26T11:57:17+00:00\" \/>\n<meta property=\"article:modified_time\" content=\"2020-03-09T16:26:36+00:00\" \/>\n<meta property=\"og:image\" content=\"https:\/\/www.altercampagne.net\/wp-content\/uploads\/2014\/05\/2014-08-03_20.11.jpg\" \/>\n\t<meta property=\"og:image:width\" content=\"821\" \/>\n\t<meta property=\"og:image:height\" content=\"429\" \/>\n\t<meta property=\"og:image:type\" content=\"image\/jpeg\" \/>\n<meta name=\"author\" content=\"Mathieu\" \/>\n<meta name=\"twitter:card\" content=\"summary_large_image\" \/>\n<meta name=\"twitter:label1\" content=\"\u00c9crit par\" \/>\n\t<meta name=\"twitter:data1\" content=\"Mathieu\" \/>\n\t<meta name=\"twitter:label2\" content=\"Dur\u00e9e de lecture estim\u00e9e\" \/>\n\t<meta name=\"twitter:data2\" content=\"2 minutes\" \/>\n<script type=\"application\/ld+json\" class=\"yoast-schema-graph\">{\"@context\":\"https:\\\/\\\/schema.org\",\"@graph\":[{\"@type\":\"Article\",\"@id\":\"https:\\\/\\\/www.altercampagne.net\\\/?p=4040#article\",\"isPartOf\":{\"@id\":\"https:\\\/\\\/www.altercampagne.net\\\/?p=4040\"},\"author\":{\"name\":\"Mathieu\",\"@id\":\"https:\\\/\\\/www.altercampagne.net\\\/#\\\/schema\\\/person\\\/0f261460c09e430caa0f9bcffa319109\"},\"headline\":\"Le Collectif anti-LGV \\\/ pro-POLT le 3 ao\u00fbt au Bost\",\"datePublished\":\"2014-05-26T11:57:17+00:00\",\"dateModified\":\"2020-03-09T16:26:36+00:00\",\"mainEntityOfPage\":{\"@id\":\"https:\\\/\\\/www.altercampagne.net\\\/?p=4040\"},\"wordCount\":392,\"image\":{\"@id\":\"https:\\\/\\\/www.altercampagne.net\\\/?p=4040#primaryimage\"},\"thumbnailUrl\":\"https:\\\/\\\/www.altercampagne.net\\\/wp-content\\\/uploads\\\/2014\\\/05\\\/2014-08-03_20.11.jpg\",\"keywords\":[\"2014\",\"altertour 2014\",\"Limousin\",\"Collectif anti-LGV\",\"Haute-Vienne\",\"Le Bost\",\"Roy\u00e8res\",\"Jean-Pierre Chauffier\",\"Collectif pro-POLT\",\"TVG\",\"LGV Limoges-Poitiers\",\"train\"],\"articleSection\":[\"Nouvelle-Aquitaine\",\"Lutte\",\"\u00c9dition 2014\"],\"inLanguage\":\"fr-FR\"},{\"@type\":\"WebPage\",\"@id\":\"https:\\\/\\\/www.altercampagne.net\\\/?p=4040\",\"url\":\"https:\\\/\\\/www.altercampagne.net\\\/?p=4040\",\"name\":\"Le Collectif anti-LGV \\\/ pro-POLT le 3 ao\u00fbt au Bost - AlterTour\",\"isPartOf\":{\"@id\":\"https:\\\/\\\/www.altercampagne.net\\\/#website\"},\"primaryImageOfPage\":{\"@id\":\"https:\\\/\\\/www.altercampagne.net\\\/?p=4040#primaryimage\"},\"image\":{\"@id\":\"https:\\\/\\\/www.altercampagne.net\\\/?p=4040#primaryimage\"},\"thumbnailUrl\":\"https:\\\/\\\/www.altercampagne.net\\\/wp-content\\\/uploads\\\/2014\\\/05\\\/2014-08-03_20.11.jpg\",\"datePublished\":\"2014-05-26T11:57:17+00:00\",\"dateModified\":\"2020-03-09T16:26:36+00:00\",\"author\":{\"@id\":\"https:\\\/\\\/www.altercampagne.net\\\/#\\\/schema\\\/person\\\/0f261460c09e430caa0f9bcffa319109\"},\"breadcrumb\":{\"@id\":\"https:\\\/\\\/www.altercampagne.net\\\/?p=4040#breadcrumb\"},\"inLanguage\":\"fr-FR\",\"potentialAction\":[{\"@type\":\"ReadAction\",\"target\":[\"https:\\\/\\\/www.altercampagne.net\\\/?p=4040\"]}]},{\"@type\":\"ImageObject\",\"inLanguage\":\"fr-FR\",\"@id\":\"https:\\\/\\\/www.altercampagne.net\\\/?p=4040#primaryimage\",\"url\":\"https:\\\/\\\/www.altercampagne.net\\\/wp-content\\\/uploads\\\/2014\\\/05\\\/2014-08-03_20.11.jpg\",\"contentUrl\":\"https:\\\/\\\/www.altercampagne.net\\\/wp-content\\\/uploads\\\/2014\\\/05\\\/2014-08-03_20.11.jpg\",\"width\":821,\"height\":429},{\"@type\":\"BreadcrumbList\",\"@id\":\"https:\\\/\\\/www.altercampagne.net\\\/?p=4040#breadcrumb\",\"itemListElement\":[{\"@type\":\"ListItem\",\"position\":1,\"name\":\"Accueil\",\"item\":\"https:\\\/\\\/www.altercampagne.net\\\/\"},{\"@type\":\"ListItem\",\"position\":2,\"name\":\"Le Collectif anti-LGV \\\/ pro-POLT le 3 ao\u00fbt au Bost\"}]},{\"@type\":\"WebSite\",\"@id\":\"https:\\\/\\\/www.altercampagne.net\\\/#website\",\"url\":\"https:\\\/\\\/www.altercampagne.net\\\/\",\"name\":\"AlterTour\",\"description\":\"Reliez les Alternatives \u00e0 v\u00e9lo\",\"potentialAction\":[{\"@type\":\"SearchAction\",\"target\":{\"@type\":\"EntryPoint\",\"urlTemplate\":\"https:\\\/\\\/www.altercampagne.net\\\/?s={search_term_string}\"},\"query-input\":{\"@type\":\"PropertyValueSpecification\",\"valueRequired\":true,\"valueName\":\"search_term_string\"}}],\"inLanguage\":\"fr-FR\"},{\"@type\":\"Person\",\"@id\":\"https:\\\/\\\/www.altercampagne.net\\\/#\\\/schema\\\/person\\\/0f261460c09e430caa0f9bcffa319109\",\"name\":\"Mathieu\",\"image\":{\"@type\":\"ImageObject\",\"inLanguage\":\"fr-FR\",\"@id\":\"https:\\\/\\\/secure.gravatar.com\\\/avatar\\\/aa9d3d24c83f2141e5e2709d0f63d09a99f6be6bb7a50abc4915838d9f54501a?s=96&d=mm&r=g\",\"url\":\"https:\\\/\\\/secure.gravatar.com\\\/avatar\\\/aa9d3d24c83f2141e5e2709d0f63d09a99f6be6bb7a50abc4915838d9f54501a?s=96&d=mm&r=g\",\"contentUrl\":\"https:\\\/\\\/secure.gravatar.com\\\/avatar\\\/aa9d3d24c83f2141e5e2709d0f63d09a99f6be6bb7a50abc4915838d9f54501a?s=96&d=mm&r=g\",\"caption\":\"Mathieu\"},\"url\":\"https:\\\/\\\/www.altercampagne.net\\\/?author=214\"}]}<\/script>\n<!-- \/ Yoast SEO plugin. -->","yoast_head_json":{"title":"Le Collectif anti-LGV \/ pro-POLT le 3 ao\u00fbt au Bost - AlterTour","robots":{"index":"index","follow":"follow","max-snippet":"max-snippet:-1","max-image-preview":"max-image-preview:large","max-video-preview":"max-video-preview:-1"},"canonical":"https:\/\/www.altercampagne.net\/?p=4040","og_locale":"fr_FR","og_type":"article","og_title":"Le Collectif anti-LGV \/ pro-POLT le 3 ao\u00fbt au Bost - AlterTour","og_description":"\u00ab Plus vite, plus haut, plus fort \u00bb. Certes, la devise s\u2019applique au TGV, v\u00e9ritable vitrine technologique nationale. Mais aussi \u00ab Plus cher \u00bb, BEAUCOUP PLUS CHER ! Et pas seulement sur le plan budg\u00e9taire. En 2004, l\u2019am\u00e9nagement du r\u00e9seau existant pour un TGV Paris-Orl\u00e9ans-Limoges-Toulouse (POLT) est abandonn\u00e9 au profit ... Read More","og_url":"https:\/\/www.altercampagne.net\/?p=4040","og_site_name":"AlterTour","article_published_time":"2014-05-26T11:57:17+00:00","article_modified_time":"2020-03-09T16:26:36+00:00","og_image":[{"width":821,"height":429,"url":"https:\/\/www.altercampagne.net\/wp-content\/uploads\/2014\/05\/2014-08-03_20.11.jpg","type":"image\/jpeg"}],"author":"Mathieu","twitter_card":"summary_large_image","twitter_misc":{"\u00c9crit par":"Mathieu","Dur\u00e9e de lecture estim\u00e9e":"2 minutes"},"schema":{"@context":"https:\/\/schema.org","@graph":[{"@type":"Article","@id":"https:\/\/www.altercampagne.net\/?p=4040#article","isPartOf":{"@id":"https:\/\/www.altercampagne.net\/?p=4040"},"author":{"name":"Mathieu","@id":"https:\/\/www.altercampagne.net\/#\/schema\/person\/0f261460c09e430caa0f9bcffa319109"},"headline":"Le Collectif anti-LGV \/ pro-POLT le 3 ao\u00fbt au Bost","datePublished":"2014-05-26T11:57:17+00:00","dateModified":"2020-03-09T16:26:36+00:00","mainEntityOfPage":{"@id":"https:\/\/www.altercampagne.net\/?p=4040"},"wordCount":392,"image":{"@id":"https:\/\/www.altercampagne.net\/?p=4040#primaryimage"},"thumbnailUrl":"https:\/\/www.altercampagne.net\/wp-content\/uploads\/2014\/05\/2014-08-03_20.11.jpg","keywords":["2014","altertour 2014","Limousin","Collectif anti-LGV","Haute-Vienne","Le Bost","Roy\u00e8res","Jean-Pierre Chauffier","Collectif pro-POLT","TVG","LGV Limoges-Poitiers","train"],"articleSection":["Nouvelle-Aquitaine","Lutte","\u00c9dition 2014"],"inLanguage":"fr-FR"},{"@type":"WebPage","@id":"https:\/\/www.altercampagne.net\/?p=4040","url":"https:\/\/www.altercampagne.net\/?p=4040","name":"Le Collectif anti-LGV \/ pro-POLT le 3 ao\u00fbt au Bost - AlterTour","isPartOf":{"@id":"https:\/\/www.altercampagne.net\/#website"},"primaryImageOfPage":{"@id":"https:\/\/www.altercampagne.net\/?p=4040#primaryimage"},"image":{"@id":"https:\/\/www.altercampagne.net\/?p=4040#primaryimage"},"thumbnailUrl":"https:\/\/www.altercampagne.net\/wp-content\/uploads\/2014\/05\/2014-08-03_20.11.jpg","datePublished":"2014-05-26T11:57:17+00:00","dateModified":"2020-03-09T16:26:36+00:00","author":{"@id":"https:\/\/www.altercampagne.net\/#\/schema\/person\/0f261460c09e430caa0f9bcffa319109"},"breadcrumb":{"@id":"https:\/\/www.altercampagne.net\/?p=4040#breadcrumb"},"inLanguage":"fr-FR","potentialAction":[{"@type":"ReadAction","target":["https:\/\/www.altercampagne.net\/?p=4040"]}]},{"@type":"ImageObject","inLanguage":"fr-FR","@id":"https:\/\/www.altercampagne.net\/?p=4040#primaryimage","url":"https:\/\/www.altercampagne.net\/wp-content\/uploads\/2014\/05\/2014-08-03_20.11.jpg","contentUrl":"https:\/\/www.altercampagne.net\/wp-content\/uploads\/2014\/05\/2014-08-03_20.11.jpg","width":821,"height":429},{"@type":"BreadcrumbList","@id":"https:\/\/www.altercampagne.net\/?p=4040#breadcrumb","itemListElement":[{"@type":"ListItem","position":1,"name":"Accueil","item":"https:\/\/www.altercampagne.net\/"},{"@type":"ListItem","position":2,"name":"Le Collectif anti-LGV \/ pro-POLT le 3 ao\u00fbt au Bost"}]},{"@type":"WebSite","@id":"https:\/\/www.altercampagne.net\/#website","url":"https:\/\/www.altercampagne.net\/","name":"AlterTour","description":"Reliez les Alternatives \u00e0 v\u00e9lo","potentialAction":[{"@type":"SearchAction","target":{"@type":"EntryPoint","urlTemplate":"https:\/\/www.altercampagne.net\/?s={search_term_string}"},"query-input":{"@type":"PropertyValueSpecification","valueRequired":true,"valueName":"search_term_string"}}],"inLanguage":"fr-FR"},{"@type":"Person","@id":"https:\/\/www.altercampagne.net\/#\/schema\/person\/0f261460c09e430caa0f9bcffa319109","name":"Mathieu","image":{"@type":"ImageObject","inLanguage":"fr-FR","@id":"https:\/\/secure.gravatar.com\/avatar\/aa9d3d24c83f2141e5e2709d0f63d09a99f6be6bb7a50abc4915838d9f54501a?s=96&d=mm&r=g","url":"https:\/\/secure.gravatar.com\/avatar\/aa9d3d24c83f2141e5e2709d0f63d09a99f6be6bb7a50abc4915838d9f54501a?s=96&d=mm&r=g","contentUrl":"https:\/\/secure.gravatar.com\/avatar\/aa9d3d24c83f2141e5e2709d0f63d09a99f6be6bb7a50abc4915838d9f54501a?s=96&d=mm&r=g","caption":"Mathieu"},"url":"https:\/\/www.altercampagne.net\/?author=214"}]}},"_links":{"self":[{"href":"https:\/\/www.altercampagne.net\/index.php?rest_route=\/wp\/v2\/posts\/4040","targetHints":{"allow":["GET"]}}],"collection":[{"href":"https:\/\/www.altercampagne.net\/index.php?rest_route=\/wp\/v2\/posts"}],"about":[{"href":"https:\/\/www.altercampagne.net\/index.php?rest_route=\/wp\/v2\/types\/post"}],"author":[{"embeddable":true,"href":"https:\/\/www.altercampagne.net\/index.php?rest_route=\/wp\/v2\/users\/214"}],"replies":[{"embeddable":true,"href":"https:\/\/www.altercampagne.net\/index.php?rest_route=%2Fwp%2Fv2%2Fcomments&post=4040"}],"version-history":[{"count":1,"href":"https:\/\/www.altercampagne.net\/index.php?rest_route=\/wp\/v2\/posts\/4040\/revisions"}],"predecessor-version":[{"id":17708,"href":"https:\/\/www.altercampagne.net\/index.php?rest_route=\/wp\/v2\/posts\/4040\/revisions\/17708"}],"wp:featuredmedia":[{"embeddable":true,"href":"https:\/\/www.altercampagne.net\/index.php?rest_route=\/wp\/v2\/media\/17707"}],"wp:attachment":[{"href":"https:\/\/www.altercampagne.net\/index.php?rest_route=%2Fwp%2Fv2%2Fmedia&parent=4040"}],"wp:term":[{"taxonomy":"category","embeddable":true,"href":"https:\/\/www.altercampagne.net\/index.php?rest_route=%2Fwp%2Fv2%2Fcategories&post=4040"},{"taxonomy":"post_tag","embeddable":true,"href":"https:\/\/www.altercampagne.net\/index.php?rest_route=%2Fwp%2Fv2%2Ftags&post=4040"}],"curies":[{"name":"wp","href":"https:\/\/api.w.org\/{rel}","templated":true}]}}