{"id":4045,"date":"2014-05-27T14:20:28","date_gmt":"2014-05-27T12:20:28","guid":{"rendered":"http:\/\/www.altercampagne.net\/?p=4045"},"modified":"2020-02-24T16:46:42","modified_gmt":"2020-02-24T15:46:42","slug":"infogm-et-leco-hamaux-du-moulin-de-busseix-le-4-aout-a-ladignac-le-long","status":"publish","type":"post","link":"https:\/\/www.altercampagne.net\/?p=4045","title":{"rendered":"R\u00e9duire le temps de travail r\u00e9mun\u00e9r\u00e9 pour partager"},"content":{"rendered":"<p><a href=\"http:\/\/www.altercampagne.net\/wp-content\/uploads\/2016\/04\/inf-ogm.jpg\"><img loading=\"lazy\" decoding=\"async\" class=\" size-medium wp-image-4044 alignleft\" src=\"http:\/\/www.altercampagne.net\/wp-content\/uploads\/2016\/04\/inf-ogm-300x244.jpg\" alt=\"inf'ogm\" width=\"300\" height=\"244\" srcset=\"https:\/\/www.altercampagne.net\/wp-content\/uploads\/2016\/04\/inf-ogm-300x244.jpg 300w, https:\/\/www.altercampagne.net\/wp-content\/uploads\/2016\/04\/inf-ogm.jpg 320w\" sizes=\"auto, (max-width: 300px) 100vw, 300px\" \/><\/a>Les OGM ? Plus on en sait, moins on en veut ! Face \u00e0 un choix fondamental de soci\u00e9t\u00e9, l\u2019alimentation, <a href=\"http:\/\/www.infogm.org\/\" target=\"_blank\" rel=\"noopener noreferrer\"><strong>Inf\u2019OGM<\/strong><\/a> remplit une fonction fondamentale : celui de recenser, analyser et synth\u00e9tiser l\u2019information mondiale sur la th\u00e9matique des OGM agricoles. Au point o\u00f9, apr\u00e8s 15 ann\u00e9es d\u2019existence, Inf\u2019OGM est devenu une r\u00e9f\u00e9rence ind\u00e9pendante incontournable, y compris aupr\u00e8s des grands m\u00e9dias nationaux. Fort d\u2019une parution mensuelle \u00e9lectronique et papier compl\u00e9t\u00e9e par un site Internet, l\u2019association ne se contente pas du d\u00e9bat scientifico-scientifique. Elle aborde \u00e9galement les questions g\u00e9opolitiques, sociales, juridiques, environnementales, sanitaires que soul\u00e8vent les manipulations du vivant dans les champs et les assiettes. Christophe NOISETTE, l\u2019un de ses salari\u00e9s, r\u00e9alise ce travail au c\u0153ur d\u2019un \u00e9co-hamaux, le <strong><a href=\"http:\/\/www.moulindebusseix.org\/\" target=\"_blank\" rel=\"noopener noreferrer\">Moulin de Busseix<\/a><\/strong>. 1 maison en pierres, 1 roulote, 2 maisons de paille, 3 b\u00e2tisses en mono-mur, 1 cabane en bois et 1 yourte \u00e0 venir, 10 personnes y vivent dans une ambiance d\u2019auto construction. Et bien s\u00fbr, pas d\u2019OGM au jardin !!!<\/p>\n<p><strong>\u00ab R\u00e9duire le temps de travail r\u00e9mun\u00e9r\u00e9 pour partager \u00bb<\/strong><\/p>\n<p><a href=\"http:\/\/www.altercampagne.net\/wp-content\/uploads\/2014\/05\/Moulin-de-busseix.jpg\"><img loading=\"lazy\" decoding=\"async\" class=\" size-medium wp-image-4048 alignright\" src=\"http:\/\/www.altercampagne.net\/wp-content\/uploads\/2014\/05\/Moulin-de-busseix-300x244.jpg\" alt=\"Moulin de Busseix\" width=\"300\" height=\"244\" srcset=\"https:\/\/www.altercampagne.net\/wp-content\/uploads\/2014\/05\/Moulin-de-busseix-300x244.jpg 300w, https:\/\/www.altercampagne.net\/wp-content\/uploads\/2014\/05\/Moulin-de-busseix.jpg 320w\" sizes=\"auto, (max-width: 300px) 100vw, 300px\" \/><\/a>\u00ab Le Moulin du Busseix n\u2019est pas un lotissement. C\u2019est un projet collectif et non communautaire parce que nous tenons \u00e0 la conservation de la sph\u00e8re individuelle. Par exemple, nous ne partageons pas l\u2019argent mais avons une voiture et une \u00e9picerie commune. Nous menons une r\u00e9flexion importante sur nos activit\u00e9s respectives. Beaucoup d\u2019entre nous sont \u00e0 mi-temps pour se consacrer aux t\u00e2ches communes comme la pr\u00e9paration du repas collectif du midi. Cette r\u00e9duction du temps de travail r\u00e9mun\u00e9r\u00e9 se fait au profit d\u2019un autre enrichissement : celui du partage de connaissances. Mon activit\u00e9 de salari\u00e9 au sein d\u2019Inf\u2019OGM est \u00e9galement une remise en question d\u2019une certaine id\u00e9e du travail : les OGM agricoles simplifient \u00e0 outrance les pratiques agro-culturales. On exploite, au sens litt\u00e9ral, la terre avec moins de main d\u2019\u0153uvre. Toute l\u2019histoire de la chimie est l\u00e0 : elle remplace le temps humain. Et maintenant que la nature se rebelle, il faut changer de mod\u00e8le. Et puis il y a un autre travail que le syst\u00e8me OGM tue : celui des organismes vivants du sol, ce qui rend nos sols malades. \u00bb<\/p>\n<p style=\"text-align: right;\"><strong>Christophe NOISETTE, salari\u00e9 Inf\u2019OGM<\/strong><\/p>\n<p>Extrait du Recueil des Alternatives de l\u2019AlterTour 2014, disponible dans le num\u00e9ro de juin de la <a title=\"Revue Silence\" href=\"http:\/\/www.revuesilence.net\/\" target=\"_blank\" rel=\"noopener noreferrer\">Revue Silence<\/a><\/p>\n<p>L\u2019AlterTour rendra visite \u00e0 Inf\u2019OGM et \u00e0 l\u2019\u00c9co-hamaux du Moulin de Busseix le 4 ao\u00fbt 2014 \u00e0 Ladignac-le-Long.<\/p>\n","protected":false},"excerpt":{"rendered":"<p>Les OGM ? Plus on en sait, moins on en veut ! Face \u00e0 un choix fondamental de soci\u00e9t\u00e9, l\u2019alimentation, Inf\u2019OGM remplit une fonction fondamentale : celui de recenser, analyser et synth\u00e9tiser l\u2019information mondiale sur la th\u00e9matique des OGM agricoles. Au point o\u00f9, apr\u00e8s 15 ann\u00e9es d\u2019existence, Inf\u2019OGM est devenu &#8230; <\/p>\n<div><a href=\"https:\/\/www.altercampagne.net\/?p=4045\" class=\"more-link\">Read More<\/a><\/div>\n","protected":false},"author":214,"featured_media":0,"comment_status":"closed","ping_status":"closed","sticky":false,"template":"","format":"standard","meta":{"footnotes":""},"categories":[3485,3479,3542,3461],"tags":[13,50,143,319,580,628,629,1689,1701,1702,1703,1704],"class_list":["post-4045","post","type-post","status-publish","format-standard","hentry","category-habitat","category-nouvelle-aquitaine","category-lutte","category-edition-2014","tag-revue-silence","tag-50","tag-ogm","tag-altertour-2014","tag-limousin","tag-infogm","tag-moulin-de-busseix","tag-haute-vienne","tag-ladignac-le-long","tag-eco-hamaux-du-moulin-de-busseix","tag-christophe-noisette","tag-busseix","no-post-thumbnail"],"yoast_head":"<!-- This site is optimized with the Yoast SEO plugin v27.3 - https:\/\/yoast.com\/product\/yoast-seo-wordpress\/ -->\n<title>R\u00e9duire le temps de travail r\u00e9mun\u00e9r\u00e9 pour partager - AlterTour<\/title>\n<meta name=\"robots\" content=\"index, follow, max-snippet:-1, max-image-preview:large, max-video-preview:-1\" \/>\n<link rel=\"canonical\" href=\"https:\/\/www.altercampagne.net\/?p=4045\" \/>\n<meta property=\"og:locale\" content=\"fr_FR\" \/>\n<meta property=\"og:type\" content=\"article\" \/>\n<meta property=\"og:title\" content=\"R\u00e9duire le temps de travail r\u00e9mun\u00e9r\u00e9 pour partager - AlterTour\" \/>\n<meta property=\"og:description\" content=\"Les OGM ? Plus on en sait, moins on en veut ! Face \u00e0 un choix fondamental de soci\u00e9t\u00e9, l\u2019alimentation, Inf\u2019OGM remplit une fonction fondamentale : celui de recenser, analyser et synth\u00e9tiser l\u2019information mondiale sur la th\u00e9matique des OGM agricoles. Au point o\u00f9, apr\u00e8s 15 ann\u00e9es d\u2019existence, Inf\u2019OGM est devenu ... Read More\" \/>\n<meta property=\"og:url\" content=\"https:\/\/www.altercampagne.net\/?p=4045\" \/>\n<meta property=\"og:site_name\" content=\"AlterTour\" \/>\n<meta property=\"article:published_time\" content=\"2014-05-27T12:20:28+00:00\" \/>\n<meta property=\"article:modified_time\" content=\"2020-02-24T15:46:42+00:00\" \/>\n<meta property=\"og:image\" content=\"http:\/\/www.altercampagne.net\/wp-content\/uploads\/2016\/04\/inf-ogm-300x244.jpg\" \/>\n<meta name=\"author\" content=\"Mathieu\" \/>\n<meta name=\"twitter:card\" content=\"summary_large_image\" \/>\n<meta name=\"twitter:label1\" content=\"\u00c9crit par\" \/>\n\t<meta name=\"twitter:data1\" content=\"Mathieu\" \/>\n\t<meta name=\"twitter:label2\" content=\"Dur\u00e9e de lecture estim\u00e9e\" \/>\n\t<meta name=\"twitter:data2\" content=\"2 minutes\" \/>\n<script type=\"application\/ld+json\" class=\"yoast-schema-graph\">{\"@context\":\"https:\\\/\\\/schema.org\",\"@graph\":[{\"@type\":\"Article\",\"@id\":\"https:\\\/\\\/www.altercampagne.net\\\/?p=4045#article\",\"isPartOf\":{\"@id\":\"https:\\\/\\\/www.altercampagne.net\\\/?p=4045\"},\"author\":{\"name\":\"Mathieu\",\"@id\":\"https:\\\/\\\/www.altercampagne.net\\\/#\\\/schema\\\/person\\\/0f261460c09e430caa0f9bcffa319109\"},\"headline\":\"R\u00e9duire le temps de travail r\u00e9mun\u00e9r\u00e9 pour partager\",\"datePublished\":\"2014-05-27T12:20:28+00:00\",\"dateModified\":\"2020-02-24T15:46:42+00:00\",\"mainEntityOfPage\":{\"@id\":\"https:\\\/\\\/www.altercampagne.net\\\/?p=4045\"},\"wordCount\":436,\"image\":{\"@id\":\"https:\\\/\\\/www.altercampagne.net\\\/?p=4045#primaryimage\"},\"thumbnailUrl\":\"http:\\\/\\\/www.altercampagne.net\\\/wp-content\\\/uploads\\\/2016\\\/04\\\/inf-ogm-300x244.jpg\",\"keywords\":[\"revue Silence\",\"2014\",\"ogm\",\"altertour 2014\",\"Limousin\",\"Inf\u2019OGM\",\"Moulin de Busseix\",\"Haute-Vienne\",\"Ladignac-le-Long\",\"\u00c9co-hamaux du Moulin de Busseix\",\"Christophe Noisette\",\"Busseix\"],\"articleSection\":[\"Habitat\",\"Nouvelle-Aquitaine\",\"Lutte\",\"\u00c9dition 2014\"],\"inLanguage\":\"fr-FR\"},{\"@type\":\"WebPage\",\"@id\":\"https:\\\/\\\/www.altercampagne.net\\\/?p=4045\",\"url\":\"https:\\\/\\\/www.altercampagne.net\\\/?p=4045\",\"name\":\"R\u00e9duire le temps de travail r\u00e9mun\u00e9r\u00e9 pour partager - AlterTour\",\"isPartOf\":{\"@id\":\"https:\\\/\\\/www.altercampagne.net\\\/#website\"},\"primaryImageOfPage\":{\"@id\":\"https:\\\/\\\/www.altercampagne.net\\\/?p=4045#primaryimage\"},\"image\":{\"@id\":\"https:\\\/\\\/www.altercampagne.net\\\/?p=4045#primaryimage\"},\"thumbnailUrl\":\"http:\\\/\\\/www.altercampagne.net\\\/wp-content\\\/uploads\\\/2016\\\/04\\\/inf-ogm-300x244.jpg\",\"datePublished\":\"2014-05-27T12:20:28+00:00\",\"dateModified\":\"2020-02-24T15:46:42+00:00\",\"author\":{\"@id\":\"https:\\\/\\\/www.altercampagne.net\\\/#\\\/schema\\\/person\\\/0f261460c09e430caa0f9bcffa319109\"},\"breadcrumb\":{\"@id\":\"https:\\\/\\\/www.altercampagne.net\\\/?p=4045#breadcrumb\"},\"inLanguage\":\"fr-FR\",\"potentialAction\":[{\"@type\":\"ReadAction\",\"target\":[\"https:\\\/\\\/www.altercampagne.net\\\/?p=4045\"]}]},{\"@type\":\"ImageObject\",\"inLanguage\":\"fr-FR\",\"@id\":\"https:\\\/\\\/www.altercampagne.net\\\/?p=4045#primaryimage\",\"url\":\"https:\\\/\\\/www.altercampagne.net\\\/wp-content\\\/uploads\\\/2016\\\/04\\\/inf-ogm.jpg\",\"contentUrl\":\"https:\\\/\\\/www.altercampagne.net\\\/wp-content\\\/uploads\\\/2016\\\/04\\\/inf-ogm.jpg\",\"width\":320,\"height\":260},{\"@type\":\"BreadcrumbList\",\"@id\":\"https:\\\/\\\/www.altercampagne.net\\\/?p=4045#breadcrumb\",\"itemListElement\":[{\"@type\":\"ListItem\",\"position\":1,\"name\":\"Accueil\",\"item\":\"https:\\\/\\\/www.altercampagne.net\\\/\"},{\"@type\":\"ListItem\",\"position\":2,\"name\":\"R\u00e9duire le temps de travail r\u00e9mun\u00e9r\u00e9 pour partager\"}]},{\"@type\":\"WebSite\",\"@id\":\"https:\\\/\\\/www.altercampagne.net\\\/#website\",\"url\":\"https:\\\/\\\/www.altercampagne.net\\\/\",\"name\":\"AlterTour\",\"description\":\"Reliez les Alternatives \u00e0 v\u00e9lo\",\"potentialAction\":[{\"@type\":\"SearchAction\",\"target\":{\"@type\":\"EntryPoint\",\"urlTemplate\":\"https:\\\/\\\/www.altercampagne.net\\\/?s={search_term_string}\"},\"query-input\":{\"@type\":\"PropertyValueSpecification\",\"valueRequired\":true,\"valueName\":\"search_term_string\"}}],\"inLanguage\":\"fr-FR\"},{\"@type\":\"Person\",\"@id\":\"https:\\\/\\\/www.altercampagne.net\\\/#\\\/schema\\\/person\\\/0f261460c09e430caa0f9bcffa319109\",\"name\":\"Mathieu\",\"image\":{\"@type\":\"ImageObject\",\"inLanguage\":\"fr-FR\",\"@id\":\"https:\\\/\\\/secure.gravatar.com\\\/avatar\\\/aa9d3d24c83f2141e5e2709d0f63d09a99f6be6bb7a50abc4915838d9f54501a?s=96&d=mm&r=g\",\"url\":\"https:\\\/\\\/secure.gravatar.com\\\/avatar\\\/aa9d3d24c83f2141e5e2709d0f63d09a99f6be6bb7a50abc4915838d9f54501a?s=96&d=mm&r=g\",\"contentUrl\":\"https:\\\/\\\/secure.gravatar.com\\\/avatar\\\/aa9d3d24c83f2141e5e2709d0f63d09a99f6be6bb7a50abc4915838d9f54501a?s=96&d=mm&r=g\",\"caption\":\"Mathieu\"},\"url\":\"https:\\\/\\\/www.altercampagne.net\\\/?author=214\"}]}<\/script>\n<!-- \/ Yoast SEO plugin. -->","yoast_head_json":{"title":"R\u00e9duire le temps de travail r\u00e9mun\u00e9r\u00e9 pour partager - AlterTour","robots":{"index":"index","follow":"follow","max-snippet":"max-snippet:-1","max-image-preview":"max-image-preview:large","max-video-preview":"max-video-preview:-1"},"canonical":"https:\/\/www.altercampagne.net\/?p=4045","og_locale":"fr_FR","og_type":"article","og_title":"R\u00e9duire le temps de travail r\u00e9mun\u00e9r\u00e9 pour partager - AlterTour","og_description":"Les OGM ? Plus on en sait, moins on en veut ! Face \u00e0 un choix fondamental de soci\u00e9t\u00e9, l\u2019alimentation, Inf\u2019OGM remplit une fonction fondamentale : celui de recenser, analyser et synth\u00e9tiser l\u2019information mondiale sur la th\u00e9matique des OGM agricoles. Au point o\u00f9, apr\u00e8s 15 ann\u00e9es d\u2019existence, Inf\u2019OGM est devenu ... Read More","og_url":"https:\/\/www.altercampagne.net\/?p=4045","og_site_name":"AlterTour","article_published_time":"2014-05-27T12:20:28+00:00","article_modified_time":"2020-02-24T15:46:42+00:00","og_image":[{"url":"http:\/\/www.altercampagne.net\/wp-content\/uploads\/2016\/04\/inf-ogm-300x244.jpg","type":"","width":"","height":""}],"author":"Mathieu","twitter_card":"summary_large_image","twitter_misc":{"\u00c9crit par":"Mathieu","Dur\u00e9e de lecture estim\u00e9e":"2 minutes"},"schema":{"@context":"https:\/\/schema.org","@graph":[{"@type":"Article","@id":"https:\/\/www.altercampagne.net\/?p=4045#article","isPartOf":{"@id":"https:\/\/www.altercampagne.net\/?p=4045"},"author":{"name":"Mathieu","@id":"https:\/\/www.altercampagne.net\/#\/schema\/person\/0f261460c09e430caa0f9bcffa319109"},"headline":"R\u00e9duire le temps de travail r\u00e9mun\u00e9r\u00e9 pour partager","datePublished":"2014-05-27T12:20:28+00:00","dateModified":"2020-02-24T15:46:42+00:00","mainEntityOfPage":{"@id":"https:\/\/www.altercampagne.net\/?p=4045"},"wordCount":436,"image":{"@id":"https:\/\/www.altercampagne.net\/?p=4045#primaryimage"},"thumbnailUrl":"http:\/\/www.altercampagne.net\/wp-content\/uploads\/2016\/04\/inf-ogm-300x244.jpg","keywords":["revue Silence","2014","ogm","altertour 2014","Limousin","Inf\u2019OGM","Moulin de Busseix","Haute-Vienne","Ladignac-le-Long","\u00c9co-hamaux du Moulin de Busseix","Christophe Noisette","Busseix"],"articleSection":["Habitat","Nouvelle-Aquitaine","Lutte","\u00c9dition 2014"],"inLanguage":"fr-FR"},{"@type":"WebPage","@id":"https:\/\/www.altercampagne.net\/?p=4045","url":"https:\/\/www.altercampagne.net\/?p=4045","name":"R\u00e9duire le temps de travail r\u00e9mun\u00e9r\u00e9 pour partager - AlterTour","isPartOf":{"@id":"https:\/\/www.altercampagne.net\/#website"},"primaryImageOfPage":{"@id":"https:\/\/www.altercampagne.net\/?p=4045#primaryimage"},"image":{"@id":"https:\/\/www.altercampagne.net\/?p=4045#primaryimage"},"thumbnailUrl":"http:\/\/www.altercampagne.net\/wp-content\/uploads\/2016\/04\/inf-ogm-300x244.jpg","datePublished":"2014-05-27T12:20:28+00:00","dateModified":"2020-02-24T15:46:42+00:00","author":{"@id":"https:\/\/www.altercampagne.net\/#\/schema\/person\/0f261460c09e430caa0f9bcffa319109"},"breadcrumb":{"@id":"https:\/\/www.altercampagne.net\/?p=4045#breadcrumb"},"inLanguage":"fr-FR","potentialAction":[{"@type":"ReadAction","target":["https:\/\/www.altercampagne.net\/?p=4045"]}]},{"@type":"ImageObject","inLanguage":"fr-FR","@id":"https:\/\/www.altercampagne.net\/?p=4045#primaryimage","url":"https:\/\/www.altercampagne.net\/wp-content\/uploads\/2016\/04\/inf-ogm.jpg","contentUrl":"https:\/\/www.altercampagne.net\/wp-content\/uploads\/2016\/04\/inf-ogm.jpg","width":320,"height":260},{"@type":"BreadcrumbList","@id":"https:\/\/www.altercampagne.net\/?p=4045#breadcrumb","itemListElement":[{"@type":"ListItem","position":1,"name":"Accueil","item":"https:\/\/www.altercampagne.net\/"},{"@type":"ListItem","position":2,"name":"R\u00e9duire le temps de travail r\u00e9mun\u00e9r\u00e9 pour partager"}]},{"@type":"WebSite","@id":"https:\/\/www.altercampagne.net\/#website","url":"https:\/\/www.altercampagne.net\/","name":"AlterTour","description":"Reliez les Alternatives \u00e0 v\u00e9lo","potentialAction":[{"@type":"SearchAction","target":{"@type":"EntryPoint","urlTemplate":"https:\/\/www.altercampagne.net\/?s={search_term_string}"},"query-input":{"@type":"PropertyValueSpecification","valueRequired":true,"valueName":"search_term_string"}}],"inLanguage":"fr-FR"},{"@type":"Person","@id":"https:\/\/www.altercampagne.net\/#\/schema\/person\/0f261460c09e430caa0f9bcffa319109","name":"Mathieu","image":{"@type":"ImageObject","inLanguage":"fr-FR","@id":"https:\/\/secure.gravatar.com\/avatar\/aa9d3d24c83f2141e5e2709d0f63d09a99f6be6bb7a50abc4915838d9f54501a?s=96&d=mm&r=g","url":"https:\/\/secure.gravatar.com\/avatar\/aa9d3d24c83f2141e5e2709d0f63d09a99f6be6bb7a50abc4915838d9f54501a?s=96&d=mm&r=g","contentUrl":"https:\/\/secure.gravatar.com\/avatar\/aa9d3d24c83f2141e5e2709d0f63d09a99f6be6bb7a50abc4915838d9f54501a?s=96&d=mm&r=g","caption":"Mathieu"},"url":"https:\/\/www.altercampagne.net\/?author=214"}]}},"_links":{"self":[{"href":"https:\/\/www.altercampagne.net\/index.php?rest_route=\/wp\/v2\/posts\/4045","targetHints":{"allow":["GET"]}}],"collection":[{"href":"https:\/\/www.altercampagne.net\/index.php?rest_route=\/wp\/v2\/posts"}],"about":[{"href":"https:\/\/www.altercampagne.net\/index.php?rest_route=\/wp\/v2\/types\/post"}],"author":[{"embeddable":true,"href":"https:\/\/www.altercampagne.net\/index.php?rest_route=\/wp\/v2\/users\/214"}],"replies":[{"embeddable":true,"href":"https:\/\/www.altercampagne.net\/index.php?rest_route=%2Fwp%2Fv2%2Fcomments&post=4045"}],"version-history":[{"count":2,"href":"https:\/\/www.altercampagne.net\/index.php?rest_route=\/wp\/v2\/posts\/4045\/revisions"}],"predecessor-version":[{"id":17389,"href":"https:\/\/www.altercampagne.net\/index.php?rest_route=\/wp\/v2\/posts\/4045\/revisions\/17389"}],"wp:attachment":[{"href":"https:\/\/www.altercampagne.net\/index.php?rest_route=%2Fwp%2Fv2%2Fmedia&parent=4045"}],"wp:term":[{"taxonomy":"category","embeddable":true,"href":"https:\/\/www.altercampagne.net\/index.php?rest_route=%2Fwp%2Fv2%2Fcategories&post=4045"},{"taxonomy":"post_tag","embeddable":true,"href":"https:\/\/www.altercampagne.net\/index.php?rest_route=%2Fwp%2Fv2%2Ftags&post=4045"}],"curies":[{"name":"wp","href":"https:\/\/api.w.org\/{rel}","templated":true}]}}