{"id":4052,"date":"2014-05-28T14:29:48","date_gmt":"2014-05-28T12:29:48","guid":{"rendered":"http:\/\/www.altercampagne.net\/?p=4052"},"modified":"2020-02-24T16:40:50","modified_gmt":"2020-02-24T15:40:50","slug":"la-scierie-le-6-aout-a-piegut-pluviers","status":"publish","type":"post","link":"https:\/\/www.altercampagne.net\/?p=4052","title":{"rendered":"Un groupe de potes en qu\u00eate de sens et de collectif"},"content":{"rendered":"<p><a href=\"http:\/\/www.altercampagne.net\/wp-content\/uploads\/2014\/05\/la-scierie.jpg\"><img loading=\"lazy\" decoding=\"async\" class=\" size-medium wp-image-4054 alignright\" src=\"http:\/\/www.altercampagne.net\/wp-content\/uploads\/2014\/05\/la-scierie-300x244.jpg\" alt=\"la Scierie\" width=\"300\" height=\"244\" srcset=\"https:\/\/www.altercampagne.net\/wp-content\/uploads\/2014\/05\/la-scierie-300x244.jpg 300w, https:\/\/www.altercampagne.net\/wp-content\/uploads\/2014\/05\/la-scierie.jpg 320w\" sizes=\"auto, (max-width: 300px) 100vw, 300px\" \/><\/a>\u00ab <a href=\"http:\/\/asso.la-scierie.overblog.com\/\" target=\"_blank\" rel=\"noopener noreferrer\"><strong>La Scierie<\/strong><\/a> \u00bb, c\u2019est d\u2019abord une aventure. Un groupe de potes en qu\u00eate de sens et de collectif. Lorsqu\u2019ils d\u00e9barquent en Dordogne il y a 6 ans, c\u2019est avec l\u2019ambition de construire un lieu de vie coupl\u00e9 avec un lieu associatif et culturel : ils d\u00e9gotent le grand hangar en bois d\u2019une scierie abandonn\u00e9e et son grand terrain bois\u00e9 de 3ha. Coup de foudre ! M\u00eame si ils ne peuvent y habiter, ils d\u00e9cident de le retaper. Pari r\u00e9ussi : tous les ans depuis 2010, plus de 100 personnes viennent de toute la France donner un coup de main sur ce chantier participatif de r\u00e9habilitation. Des \u00e9v\u00e9nements sont organis\u00e9s, tant sur le site que dans les villages alentours, histoire de partir \u00e0 la rencontre des populations locales. Repr\u00e9sentations th\u00e9\u00e2trales, spectacles de cirque, concerts et bals se tiennent tout au long de l\u2019ann\u00e9e sous l\u2019impulsion de cette jeune \u00e9quipe, porteuse de r\u00eaves et avec les pieds bien ancr\u00e9s sur Terre.<\/p>\n<p><strong>\u00ab Travailler donne localement du cr\u00e9dit \u00bb<\/strong><\/p>\n<p>\u00ab Le projet est fortement li\u00e9 \u00e0 la notion de travail. On choisit toujours des artisans locaux qui ont une d\u00e9marche respectueuse du territoire et de l\u2019environnement. Sur le chantier participatif, il n\u2019y a que des b\u00e9n\u00e9voles. Ils bossent, non pas pour de l\u2019argent, mais pour participer \u00e0 l\u2019am\u00e9nagement du lieu. Pour eux, mais aussi pour les autres, pour nos enfants. C\u2019est tr\u00e8s gratifiant de voir le projet se concr\u00e9tiser gr\u00e2ce \u00e0 l\u2019implication de tous. Pour les gens du coin, notamment les plus \u00e2g\u00e9s, la notion de travail est tr\u00e8s importante. Travailler donne du cr\u00e9dit aupr\u00e8s de la population locale. C\u2019est une valeur commune, interg\u00e9n\u00e9rationnelle. La plupart des membres de la Scierie ont \u00e9galement un travail en tant qu\u2019ind\u00e9pendants, souvent dans l\u2019artisanat. On fait tous notre m\u00e9tier avec une certaine vigilance : ne pas tomber dans l\u2019ali\u00e9nation du travail, rester libres. Et on s\u2019entraide. On a toujours un petit chantier chez les uns et les autres. Certes, c\u2019est du travail, mais toujours dans le collectif, dans le partage. \u00bb<\/p>\n<p style=\"text-align: right;\"><strong>Cako, Shivain, Patrick, administrateurEs<\/strong><\/p>\n<p>Extrait du Recueil des Alternatives de l\u2019AlterTour 2014, disponible dans le num\u00e9ro de juin de la <a title=\"Revue Silence\" href=\"http:\/\/www.revuesilence.net\/\" target=\"_blank\" rel=\"noopener noreferrer\">Revue Silence<\/a><\/p>\n<p>L\u2019AlterTour rendra visite \u00e0 la Scierie le 6 ao\u00fbt 2014 \u00e0 Piegut-Pluviers.<\/p>\n","protected":false},"excerpt":{"rendered":"<p>\u00ab La Scierie \u00bb, c\u2019est d\u2019abord une aventure. Un groupe de potes en qu\u00eate de sens et de collectif. Lorsqu\u2019ils d\u00e9barquent en Dordogne il y a 6 ans, c\u2019est avec l\u2019ambition de construire un lieu de vie coupl\u00e9 avec un lieu associatif et culturel : ils d\u00e9gotent le grand hangar &#8230; <\/p>\n<div><a href=\"https:\/\/www.altercampagne.net\/?p=4052\" class=\"more-link\">Read More<\/a><\/div>\n","protected":false},"author":214,"featured_media":0,"comment_status":"closed","ping_status":"closed","sticky":false,"template":"","format":"standard","meta":{"footnotes":""},"categories":[3490,3479,3461],"tags":[50,116,126,319,468,881,892,1705,1706,1707,1708],"class_list":["post-4052","post","type-post","status-publish","format-standard","hentry","category-culture","category-nouvelle-aquitaine","category-edition-2014","tag-50","tag-la-scierie","tag-travail","tag-altertour-2014","tag-collectif","tag-chantier-participatif","tag-aquitaine","tag-piegut-pluviers","tag-dordogne","tag-theatre","tag-cirque","no-post-thumbnail"],"yoast_head":"<!-- This site is optimized with the Yoast SEO plugin v27.3 - https:\/\/yoast.com\/product\/yoast-seo-wordpress\/ -->\n<title>Un groupe de potes en qu\u00eate de sens et de collectif - AlterTour<\/title>\n<meta name=\"robots\" content=\"index, follow, max-snippet:-1, max-image-preview:large, max-video-preview:-1\" \/>\n<link rel=\"canonical\" href=\"https:\/\/www.altercampagne.net\/?p=4052\" \/>\n<meta property=\"og:locale\" content=\"fr_FR\" \/>\n<meta property=\"og:type\" content=\"article\" \/>\n<meta property=\"og:title\" content=\"Un groupe de potes en qu\u00eate de sens et de collectif - AlterTour\" \/>\n<meta property=\"og:description\" content=\"\u00ab La Scierie \u00bb, c\u2019est d\u2019abord une aventure. Un groupe de potes en qu\u00eate de sens et de collectif. Lorsqu\u2019ils d\u00e9barquent en Dordogne il y a 6 ans, c\u2019est avec l\u2019ambition de construire un lieu de vie coupl\u00e9 avec un lieu associatif et culturel : ils d\u00e9gotent le grand hangar ... Read More\" \/>\n<meta property=\"og:url\" content=\"https:\/\/www.altercampagne.net\/?p=4052\" \/>\n<meta property=\"og:site_name\" content=\"AlterTour\" \/>\n<meta property=\"article:published_time\" content=\"2014-05-28T12:29:48+00:00\" \/>\n<meta property=\"article:modified_time\" content=\"2020-02-24T15:40:50+00:00\" \/>\n<meta property=\"og:image\" content=\"http:\/\/www.altercampagne.net\/wp-content\/uploads\/2014\/05\/la-scierie-300x244.jpg\" \/>\n<meta name=\"author\" content=\"Mathieu\" \/>\n<meta name=\"twitter:card\" content=\"summary_large_image\" \/>\n<meta name=\"twitter:label1\" content=\"\u00c9crit par\" \/>\n\t<meta name=\"twitter:data1\" content=\"Mathieu\" \/>\n\t<meta name=\"twitter:label2\" content=\"Dur\u00e9e de lecture estim\u00e9e\" \/>\n\t<meta name=\"twitter:data2\" content=\"2 minutes\" \/>\n<script type=\"application\/ld+json\" class=\"yoast-schema-graph\">{\"@context\":\"https:\\\/\\\/schema.org\",\"@graph\":[{\"@type\":\"Article\",\"@id\":\"https:\\\/\\\/www.altercampagne.net\\\/?p=4052#article\",\"isPartOf\":{\"@id\":\"https:\\\/\\\/www.altercampagne.net\\\/?p=4052\"},\"author\":{\"name\":\"Mathieu\",\"@id\":\"https:\\\/\\\/www.altercampagne.net\\\/#\\\/schema\\\/person\\\/0f261460c09e430caa0f9bcffa319109\"},\"headline\":\"Un groupe de potes en qu\u00eate de sens et de collectif\",\"datePublished\":\"2014-05-28T12:29:48+00:00\",\"dateModified\":\"2020-02-24T15:40:50+00:00\",\"mainEntityOfPage\":{\"@id\":\"https:\\\/\\\/www.altercampagne.net\\\/?p=4052\"},\"wordCount\":416,\"image\":{\"@id\":\"https:\\\/\\\/www.altercampagne.net\\\/?p=4052#primaryimage\"},\"thumbnailUrl\":\"http:\\\/\\\/www.altercampagne.net\\\/wp-content\\\/uploads\\\/2014\\\/05\\\/la-scierie-300x244.jpg\",\"keywords\":[\"2014\",\"la scierie\",\"travail\",\"altertour 2014\",\"collectif\",\"chantier participatif\",\"Aquitaine\",\"Pi\u00e9gut-Pluviers\",\"Dordogne\",\"th\u00e9\u00e2tre\",\"cirque\"],\"articleSection\":[\"Culture\",\"Nouvelle-Aquitaine\",\"\u00c9dition 2014\"],\"inLanguage\":\"fr-FR\"},{\"@type\":\"WebPage\",\"@id\":\"https:\\\/\\\/www.altercampagne.net\\\/?p=4052\",\"url\":\"https:\\\/\\\/www.altercampagne.net\\\/?p=4052\",\"name\":\"Un groupe de potes en qu\u00eate de sens et de collectif - AlterTour\",\"isPartOf\":{\"@id\":\"https:\\\/\\\/www.altercampagne.net\\\/#website\"},\"primaryImageOfPage\":{\"@id\":\"https:\\\/\\\/www.altercampagne.net\\\/?p=4052#primaryimage\"},\"image\":{\"@id\":\"https:\\\/\\\/www.altercampagne.net\\\/?p=4052#primaryimage\"},\"thumbnailUrl\":\"http:\\\/\\\/www.altercampagne.net\\\/wp-content\\\/uploads\\\/2014\\\/05\\\/la-scierie-300x244.jpg\",\"datePublished\":\"2014-05-28T12:29:48+00:00\",\"dateModified\":\"2020-02-24T15:40:50+00:00\",\"author\":{\"@id\":\"https:\\\/\\\/www.altercampagne.net\\\/#\\\/schema\\\/person\\\/0f261460c09e430caa0f9bcffa319109\"},\"breadcrumb\":{\"@id\":\"https:\\\/\\\/www.altercampagne.net\\\/?p=4052#breadcrumb\"},\"inLanguage\":\"fr-FR\",\"potentialAction\":[{\"@type\":\"ReadAction\",\"target\":[\"https:\\\/\\\/www.altercampagne.net\\\/?p=4052\"]}]},{\"@type\":\"ImageObject\",\"inLanguage\":\"fr-FR\",\"@id\":\"https:\\\/\\\/www.altercampagne.net\\\/?p=4052#primaryimage\",\"url\":\"https:\\\/\\\/www.altercampagne.net\\\/wp-content\\\/uploads\\\/2014\\\/05\\\/la-scierie.jpg\",\"contentUrl\":\"https:\\\/\\\/www.altercampagne.net\\\/wp-content\\\/uploads\\\/2014\\\/05\\\/la-scierie.jpg\",\"width\":320,\"height\":260},{\"@type\":\"BreadcrumbList\",\"@id\":\"https:\\\/\\\/www.altercampagne.net\\\/?p=4052#breadcrumb\",\"itemListElement\":[{\"@type\":\"ListItem\",\"position\":1,\"name\":\"Accueil\",\"item\":\"https:\\\/\\\/www.altercampagne.net\\\/\"},{\"@type\":\"ListItem\",\"position\":2,\"name\":\"Un groupe de potes en qu\u00eate de sens et de collectif\"}]},{\"@type\":\"WebSite\",\"@id\":\"https:\\\/\\\/www.altercampagne.net\\\/#website\",\"url\":\"https:\\\/\\\/www.altercampagne.net\\\/\",\"name\":\"AlterTour\",\"description\":\"Reliez les Alternatives \u00e0 v\u00e9lo\",\"potentialAction\":[{\"@type\":\"SearchAction\",\"target\":{\"@type\":\"EntryPoint\",\"urlTemplate\":\"https:\\\/\\\/www.altercampagne.net\\\/?s={search_term_string}\"},\"query-input\":{\"@type\":\"PropertyValueSpecification\",\"valueRequired\":true,\"valueName\":\"search_term_string\"}}],\"inLanguage\":\"fr-FR\"},{\"@type\":\"Person\",\"@id\":\"https:\\\/\\\/www.altercampagne.net\\\/#\\\/schema\\\/person\\\/0f261460c09e430caa0f9bcffa319109\",\"name\":\"Mathieu\",\"image\":{\"@type\":\"ImageObject\",\"inLanguage\":\"fr-FR\",\"@id\":\"https:\\\/\\\/secure.gravatar.com\\\/avatar\\\/aa9d3d24c83f2141e5e2709d0f63d09a99f6be6bb7a50abc4915838d9f54501a?s=96&d=mm&r=g\",\"url\":\"https:\\\/\\\/secure.gravatar.com\\\/avatar\\\/aa9d3d24c83f2141e5e2709d0f63d09a99f6be6bb7a50abc4915838d9f54501a?s=96&d=mm&r=g\",\"contentUrl\":\"https:\\\/\\\/secure.gravatar.com\\\/avatar\\\/aa9d3d24c83f2141e5e2709d0f63d09a99f6be6bb7a50abc4915838d9f54501a?s=96&d=mm&r=g\",\"caption\":\"Mathieu\"},\"url\":\"https:\\\/\\\/www.altercampagne.net\\\/?author=214\"}]}<\/script>\n<!-- \/ Yoast SEO plugin. -->","yoast_head_json":{"title":"Un groupe de potes en qu\u00eate de sens et de collectif - AlterTour","robots":{"index":"index","follow":"follow","max-snippet":"max-snippet:-1","max-image-preview":"max-image-preview:large","max-video-preview":"max-video-preview:-1"},"canonical":"https:\/\/www.altercampagne.net\/?p=4052","og_locale":"fr_FR","og_type":"article","og_title":"Un groupe de potes en qu\u00eate de sens et de collectif - AlterTour","og_description":"\u00ab La Scierie \u00bb, c\u2019est d\u2019abord une aventure. Un groupe de potes en qu\u00eate de sens et de collectif. Lorsqu\u2019ils d\u00e9barquent en Dordogne il y a 6 ans, c\u2019est avec l\u2019ambition de construire un lieu de vie coupl\u00e9 avec un lieu associatif et culturel : ils d\u00e9gotent le grand hangar ... Read More","og_url":"https:\/\/www.altercampagne.net\/?p=4052","og_site_name":"AlterTour","article_published_time":"2014-05-28T12:29:48+00:00","article_modified_time":"2020-02-24T15:40:50+00:00","og_image":[{"url":"http:\/\/www.altercampagne.net\/wp-content\/uploads\/2014\/05\/la-scierie-300x244.jpg","type":"","width":"","height":""}],"author":"Mathieu","twitter_card":"summary_large_image","twitter_misc":{"\u00c9crit par":"Mathieu","Dur\u00e9e de lecture estim\u00e9e":"2 minutes"},"schema":{"@context":"https:\/\/schema.org","@graph":[{"@type":"Article","@id":"https:\/\/www.altercampagne.net\/?p=4052#article","isPartOf":{"@id":"https:\/\/www.altercampagne.net\/?p=4052"},"author":{"name":"Mathieu","@id":"https:\/\/www.altercampagne.net\/#\/schema\/person\/0f261460c09e430caa0f9bcffa319109"},"headline":"Un groupe de potes en qu\u00eate de sens et de collectif","datePublished":"2014-05-28T12:29:48+00:00","dateModified":"2020-02-24T15:40:50+00:00","mainEntityOfPage":{"@id":"https:\/\/www.altercampagne.net\/?p=4052"},"wordCount":416,"image":{"@id":"https:\/\/www.altercampagne.net\/?p=4052#primaryimage"},"thumbnailUrl":"http:\/\/www.altercampagne.net\/wp-content\/uploads\/2014\/05\/la-scierie-300x244.jpg","keywords":["2014","la scierie","travail","altertour 2014","collectif","chantier participatif","Aquitaine","Pi\u00e9gut-Pluviers","Dordogne","th\u00e9\u00e2tre","cirque"],"articleSection":["Culture","Nouvelle-Aquitaine","\u00c9dition 2014"],"inLanguage":"fr-FR"},{"@type":"WebPage","@id":"https:\/\/www.altercampagne.net\/?p=4052","url":"https:\/\/www.altercampagne.net\/?p=4052","name":"Un groupe de potes en qu\u00eate de sens et de collectif - AlterTour","isPartOf":{"@id":"https:\/\/www.altercampagne.net\/#website"},"primaryImageOfPage":{"@id":"https:\/\/www.altercampagne.net\/?p=4052#primaryimage"},"image":{"@id":"https:\/\/www.altercampagne.net\/?p=4052#primaryimage"},"thumbnailUrl":"http:\/\/www.altercampagne.net\/wp-content\/uploads\/2014\/05\/la-scierie-300x244.jpg","datePublished":"2014-05-28T12:29:48+00:00","dateModified":"2020-02-24T15:40:50+00:00","author":{"@id":"https:\/\/www.altercampagne.net\/#\/schema\/person\/0f261460c09e430caa0f9bcffa319109"},"breadcrumb":{"@id":"https:\/\/www.altercampagne.net\/?p=4052#breadcrumb"},"inLanguage":"fr-FR","potentialAction":[{"@type":"ReadAction","target":["https:\/\/www.altercampagne.net\/?p=4052"]}]},{"@type":"ImageObject","inLanguage":"fr-FR","@id":"https:\/\/www.altercampagne.net\/?p=4052#primaryimage","url":"https:\/\/www.altercampagne.net\/wp-content\/uploads\/2014\/05\/la-scierie.jpg","contentUrl":"https:\/\/www.altercampagne.net\/wp-content\/uploads\/2014\/05\/la-scierie.jpg","width":320,"height":260},{"@type":"BreadcrumbList","@id":"https:\/\/www.altercampagne.net\/?p=4052#breadcrumb","itemListElement":[{"@type":"ListItem","position":1,"name":"Accueil","item":"https:\/\/www.altercampagne.net\/"},{"@type":"ListItem","position":2,"name":"Un groupe de potes en qu\u00eate de sens et de collectif"}]},{"@type":"WebSite","@id":"https:\/\/www.altercampagne.net\/#website","url":"https:\/\/www.altercampagne.net\/","name":"AlterTour","description":"Reliez les Alternatives \u00e0 v\u00e9lo","potentialAction":[{"@type":"SearchAction","target":{"@type":"EntryPoint","urlTemplate":"https:\/\/www.altercampagne.net\/?s={search_term_string}"},"query-input":{"@type":"PropertyValueSpecification","valueRequired":true,"valueName":"search_term_string"}}],"inLanguage":"fr-FR"},{"@type":"Person","@id":"https:\/\/www.altercampagne.net\/#\/schema\/person\/0f261460c09e430caa0f9bcffa319109","name":"Mathieu","image":{"@type":"ImageObject","inLanguage":"fr-FR","@id":"https:\/\/secure.gravatar.com\/avatar\/aa9d3d24c83f2141e5e2709d0f63d09a99f6be6bb7a50abc4915838d9f54501a?s=96&d=mm&r=g","url":"https:\/\/secure.gravatar.com\/avatar\/aa9d3d24c83f2141e5e2709d0f63d09a99f6be6bb7a50abc4915838d9f54501a?s=96&d=mm&r=g","contentUrl":"https:\/\/secure.gravatar.com\/avatar\/aa9d3d24c83f2141e5e2709d0f63d09a99f6be6bb7a50abc4915838d9f54501a?s=96&d=mm&r=g","caption":"Mathieu"},"url":"https:\/\/www.altercampagne.net\/?author=214"}]}},"_links":{"self":[{"href":"https:\/\/www.altercampagne.net\/index.php?rest_route=\/wp\/v2\/posts\/4052","targetHints":{"allow":["GET"]}}],"collection":[{"href":"https:\/\/www.altercampagne.net\/index.php?rest_route=\/wp\/v2\/posts"}],"about":[{"href":"https:\/\/www.altercampagne.net\/index.php?rest_route=\/wp\/v2\/types\/post"}],"author":[{"embeddable":true,"href":"https:\/\/www.altercampagne.net\/index.php?rest_route=\/wp\/v2\/users\/214"}],"replies":[{"embeddable":true,"href":"https:\/\/www.altercampagne.net\/index.php?rest_route=%2Fwp%2Fv2%2Fcomments&post=4052"}],"version-history":[{"count":1,"href":"https:\/\/www.altercampagne.net\/index.php?rest_route=\/wp\/v2\/posts\/4052\/revisions"}],"predecessor-version":[{"id":17387,"href":"https:\/\/www.altercampagne.net\/index.php?rest_route=\/wp\/v2\/posts\/4052\/revisions\/17387"}],"wp:attachment":[{"href":"https:\/\/www.altercampagne.net\/index.php?rest_route=%2Fwp%2Fv2%2Fmedia&parent=4052"}],"wp:term":[{"taxonomy":"category","embeddable":true,"href":"https:\/\/www.altercampagne.net\/index.php?rest_route=%2Fwp%2Fv2%2Fcategories&post=4052"},{"taxonomy":"post_tag","embeddable":true,"href":"https:\/\/www.altercampagne.net\/index.php?rest_route=%2Fwp%2Fv2%2Ftags&post=4052"}],"curies":[{"name":"wp","href":"https:\/\/api.w.org\/{rel}","templated":true}]}}