{"id":4068,"date":"2014-06-03T12:22:09","date_gmt":"2014-06-03T10:22:09","guid":{"rendered":"http:\/\/www.altercampagne.net\/?p=4068"},"modified":"2020-02-24T15:36:21","modified_gmt":"2020-02-24T14:36:21","slug":"terre-de-reves-les-11-et-12-aout-a-argenton-les-vallee","status":"publish","type":"post","link":"https:\/\/www.altercampagne.net\/?p=4068","title":{"rendered":"Je n\u2019ai pas l\u2019impression de travailler mais de vivre"},"content":{"rendered":"<p><a href=\"http:\/\/www.altercampagne.net\/wp-content\/uploads\/2016\/04\/Terre-de-reves.jpg\"><img loading=\"lazy\" decoding=\"async\" class=\" size-medium wp-image-4070 alignleft\" src=\"http:\/\/www.altercampagne.net\/wp-content\/uploads\/2016\/04\/Terre-de-reves-300x244.jpg\" alt=\"Terre de r\u00eaves\" width=\"300\" height=\"244\" srcset=\"https:\/\/www.altercampagne.net\/wp-content\/uploads\/2016\/04\/Terre-de-reves-300x244.jpg 300w, https:\/\/www.altercampagne.net\/wp-content\/uploads\/2016\/04\/Terre-de-reves.jpg 320w\" sizes=\"auto, (max-width: 300px) 100vw, 300px\" \/><\/a>De l\u2019horizon vu des sommets, il est pass\u00e9 \u00e0 l\u2019horizon vu du haut de son v\u00e9lo. En 5 ans, \u00e0 la force des mollets, Guillaume MIOT a parcouru 47 000km en Ecocyclette autour du globe sans passage par la France. De reportages en volontariat dans des structures locales, il rencontre le monde paysan, d\u2019abord vers le Sud puis vers l\u2019Est. Dans 39 pays, il observe et vit le rapport \u00e0 la nature que d\u2019autres peuples du monde, eux, n\u2019ont pas perdu. Revenu en France, il met logiquement en application son apprentissage : d\u00e9fendre un rapport plus sain, plus lent au monde, il s\u2019installe dans les Deux S\u00e8vres. Sur un terrain d\u2019un hectare, une yourte est mont\u00e9e. \u00ab <a href=\"http:\/\/revedeterre.asso.free.fr\/blog\/\" target=\"_blank\" rel=\"noopener noreferrer\"><strong>Terre de r\u00eaves<\/strong><\/a> \u00bb y accueille entre autres des stages de permaculture. Guillaume, l\u2019accompagnateur en montagne devient jardinier-animateur. Il est salari\u00e9 \u00e0 temps partiel de l\u2019association, surtout pour la couverture m\u00e9dicale. Outre les stages, la vente de son r\u00e9cit \u00ab Par chemins de Terre \u00bb de globe-p\u00e9daleur assure les revenus de l\u2019association. En compl\u00e9ment, il projette de produire et vendre des herbes aromatiques. Il vise l\u2019autonomie \u00e9nerg\u00e9tique et alimentaire, pour une d\u00e9pendance individuelle moindre au syst\u00e8me \u00e9conomique dominateur.<\/p>\n<p><strong>\u00ab Je n\u2019ai pas l\u2019impression de travailler mais de vivre \u00bb<\/strong><\/p>\n<p>\u00ab A propos du WWOOFing, ce volontariat \u00e0 la ferme n\u2019est pas un travail mais bien un \u00e9change. La notion de d\u00e9couverte est plus importante que celle de l\u2019engagement. Aujourd\u2019hui au quotidien, je n\u2019ai pas l\u2019impression de travailler, mais de vivre. Je ne consid\u00e8re pas mes activit\u00e9s comme professionnelles. Tout est li\u00e9, mon projet de vie et mon projet professionnel. Je ne compte pas mes heures. J\u2019ai eu l\u2019envie de me mettre en marge du syst\u00e8me mon\u00e9taire, et je sais d\u2019o\u00f9 vient l\u2019argent que je touche. Ce n\u2019est pas la solution mais je continue \u00e0 cogiter. Chaque matin je fais un nouveau voyage et je ressens le m\u00eame enthousiasme au gr\u00e9 des rencontres, du r\u00e9seau et des dynamiques locales que je fr\u00e9quente. \u00bb<\/p>\n<p style=\"text-align: right;\"><strong>Guillaume Miot, jardinier-animateur<\/strong><\/p>\n<p>Extrait du Recueil des Alternatives de l\u2019AlterTour 2014, disponible dans le num\u00e9ro de juin de la <a title=\"Revue Silence\" href=\"http:\/\/www.revuesilence.net\/\" target=\"_blank\" rel=\"noopener noreferrer\">Revue Silence<\/a><\/p>\n<p>L\u2019AlterTour rendra visite \u00e0 Terre de R\u00eaves les 11 et 12 Ao\u00fbt 2014 \u00e0 Argenton-Les-Vall\u00e9e.<\/p>\n","protected":false},"excerpt":{"rendered":"<p>De l\u2019horizon vu des sommets, il est pass\u00e9 \u00e0 l\u2019horizon vu du haut de son v\u00e9lo. En 5 ans, \u00e0 la force des mollets, Guillaume MIOT a parcouru 47 000km en Ecocyclette autour du globe sans passage par la France. De reportages en volontariat dans des structures locales, il rencontre &#8230; <\/p>\n<div><a href=\"https:\/\/www.altercampagne.net\/?p=4068\" class=\"more-link\">Read More<\/a><\/div>\n","protected":false},"author":214,"featured_media":0,"comment_status":"closed","ping_status":"closed","sticky":false,"template":"","format":"standard","meta":{"footnotes":""},"categories":[3479,3461,3932],"tags":[13,50,319,581,632,827,1642,1718,1719,1720],"class_list":["post-4068","post","type-post","status-publish","format-standard","hentry","category-nouvelle-aquitaine","category-edition-2014","category-velo","tag-revue-silence","tag-50","tag-altertour-2014","tag-poitou-charentes","tag-terre-de-reves","tag-velo","tag-deux-sevres","tag-guillaume-miot","tag-ecocyclette","tag-yourte","no-post-thumbnail"],"yoast_head":"<!-- This site is optimized with the Yoast SEO plugin v27.3 - https:\/\/yoast.com\/product\/yoast-seo-wordpress\/ -->\n<title>Je n\u2019ai pas l\u2019impression de travailler mais de vivre - AlterTour<\/title>\n<meta name=\"robots\" content=\"index, follow, max-snippet:-1, max-image-preview:large, max-video-preview:-1\" \/>\n<link rel=\"canonical\" href=\"https:\/\/www.altercampagne.net\/?p=4068\" \/>\n<meta property=\"og:locale\" content=\"fr_FR\" \/>\n<meta property=\"og:type\" content=\"article\" \/>\n<meta property=\"og:title\" content=\"Je n\u2019ai pas l\u2019impression de travailler mais de vivre - AlterTour\" \/>\n<meta property=\"og:description\" content=\"De l\u2019horizon vu des sommets, il est pass\u00e9 \u00e0 l\u2019horizon vu du haut de son v\u00e9lo. En 5 ans, \u00e0 la force des mollets, Guillaume MIOT a parcouru 47 000km en Ecocyclette autour du globe sans passage par la France. De reportages en volontariat dans des structures locales, il rencontre ... Read More\" \/>\n<meta property=\"og:url\" content=\"https:\/\/www.altercampagne.net\/?p=4068\" \/>\n<meta property=\"og:site_name\" content=\"AlterTour\" \/>\n<meta property=\"article:published_time\" content=\"2014-06-03T10:22:09+00:00\" \/>\n<meta property=\"article:modified_time\" content=\"2020-02-24T14:36:21+00:00\" \/>\n<meta property=\"og:image\" content=\"http:\/\/www.altercampagne.net\/wp-content\/uploads\/2016\/04\/Terre-de-reves-300x244.jpg\" \/>\n<meta name=\"author\" content=\"Mathieu\" \/>\n<meta name=\"twitter:card\" content=\"summary_large_image\" \/>\n<meta name=\"twitter:label1\" content=\"\u00c9crit par\" \/>\n\t<meta name=\"twitter:data1\" content=\"Mathieu\" \/>\n\t<meta name=\"twitter:label2\" content=\"Dur\u00e9e de lecture estim\u00e9e\" \/>\n\t<meta name=\"twitter:data2\" content=\"2 minutes\" \/>\n<script type=\"application\/ld+json\" class=\"yoast-schema-graph\">{\"@context\":\"https:\\\/\\\/schema.org\",\"@graph\":[{\"@type\":\"Article\",\"@id\":\"https:\\\/\\\/www.altercampagne.net\\\/?p=4068#article\",\"isPartOf\":{\"@id\":\"https:\\\/\\\/www.altercampagne.net\\\/?p=4068\"},\"author\":{\"name\":\"Mathieu\",\"@id\":\"https:\\\/\\\/www.altercampagne.net\\\/#\\\/schema\\\/person\\\/0f261460c09e430caa0f9bcffa319109\"},\"headline\":\"Je n\u2019ai pas l\u2019impression de travailler mais de vivre\",\"datePublished\":\"2014-06-03T10:22:09+00:00\",\"dateModified\":\"2020-02-24T14:36:21+00:00\",\"mainEntityOfPage\":{\"@id\":\"https:\\\/\\\/www.altercampagne.net\\\/?p=4068\"},\"wordCount\":402,\"image\":{\"@id\":\"https:\\\/\\\/www.altercampagne.net\\\/?p=4068#primaryimage\"},\"thumbnailUrl\":\"http:\\\/\\\/www.altercampagne.net\\\/wp-content\\\/uploads\\\/2016\\\/04\\\/Terre-de-reves-300x244.jpg\",\"keywords\":[\"revue Silence\",\"2014\",\"altertour 2014\",\"Poitou-Charentes\",\"Terre de R\u00eaves\",\"v\u00e9lo\",\"Deux-S\u00e8vres\",\"Guillaume Miot\",\"Ecocyclette\",\"yourte\"],\"articleSection\":[\"Nouvelle-Aquitaine\",\"\u00c9dition 2014\",\"V\u00e9lo\"],\"inLanguage\":\"fr-FR\"},{\"@type\":\"WebPage\",\"@id\":\"https:\\\/\\\/www.altercampagne.net\\\/?p=4068\",\"url\":\"https:\\\/\\\/www.altercampagne.net\\\/?p=4068\",\"name\":\"Je n\u2019ai pas l\u2019impression de travailler mais de vivre - AlterTour\",\"isPartOf\":{\"@id\":\"https:\\\/\\\/www.altercampagne.net\\\/#website\"},\"primaryImageOfPage\":{\"@id\":\"https:\\\/\\\/www.altercampagne.net\\\/?p=4068#primaryimage\"},\"image\":{\"@id\":\"https:\\\/\\\/www.altercampagne.net\\\/?p=4068#primaryimage\"},\"thumbnailUrl\":\"http:\\\/\\\/www.altercampagne.net\\\/wp-content\\\/uploads\\\/2016\\\/04\\\/Terre-de-reves-300x244.jpg\",\"datePublished\":\"2014-06-03T10:22:09+00:00\",\"dateModified\":\"2020-02-24T14:36:21+00:00\",\"author\":{\"@id\":\"https:\\\/\\\/www.altercampagne.net\\\/#\\\/schema\\\/person\\\/0f261460c09e430caa0f9bcffa319109\"},\"breadcrumb\":{\"@id\":\"https:\\\/\\\/www.altercampagne.net\\\/?p=4068#breadcrumb\"},\"inLanguage\":\"fr-FR\",\"potentialAction\":[{\"@type\":\"ReadAction\",\"target\":[\"https:\\\/\\\/www.altercampagne.net\\\/?p=4068\"]}]},{\"@type\":\"ImageObject\",\"inLanguage\":\"fr-FR\",\"@id\":\"https:\\\/\\\/www.altercampagne.net\\\/?p=4068#primaryimage\",\"url\":\"https:\\\/\\\/www.altercampagne.net\\\/wp-content\\\/uploads\\\/2016\\\/04\\\/Terre-de-reves.jpg\",\"contentUrl\":\"https:\\\/\\\/www.altercampagne.net\\\/wp-content\\\/uploads\\\/2016\\\/04\\\/Terre-de-reves.jpg\",\"width\":320,\"height\":260},{\"@type\":\"BreadcrumbList\",\"@id\":\"https:\\\/\\\/www.altercampagne.net\\\/?p=4068#breadcrumb\",\"itemListElement\":[{\"@type\":\"ListItem\",\"position\":1,\"name\":\"Accueil\",\"item\":\"https:\\\/\\\/www.altercampagne.net\\\/\"},{\"@type\":\"ListItem\",\"position\":2,\"name\":\"Je n\u2019ai pas l\u2019impression de travailler mais de vivre\"}]},{\"@type\":\"WebSite\",\"@id\":\"https:\\\/\\\/www.altercampagne.net\\\/#website\",\"url\":\"https:\\\/\\\/www.altercampagne.net\\\/\",\"name\":\"AlterTour\",\"description\":\"Reliez les Alternatives \u00e0 v\u00e9lo\",\"potentialAction\":[{\"@type\":\"SearchAction\",\"target\":{\"@type\":\"EntryPoint\",\"urlTemplate\":\"https:\\\/\\\/www.altercampagne.net\\\/?s={search_term_string}\"},\"query-input\":{\"@type\":\"PropertyValueSpecification\",\"valueRequired\":true,\"valueName\":\"search_term_string\"}}],\"inLanguage\":\"fr-FR\"},{\"@type\":\"Person\",\"@id\":\"https:\\\/\\\/www.altercampagne.net\\\/#\\\/schema\\\/person\\\/0f261460c09e430caa0f9bcffa319109\",\"name\":\"Mathieu\",\"image\":{\"@type\":\"ImageObject\",\"inLanguage\":\"fr-FR\",\"@id\":\"https:\\\/\\\/secure.gravatar.com\\\/avatar\\\/aa9d3d24c83f2141e5e2709d0f63d09a99f6be6bb7a50abc4915838d9f54501a?s=96&d=mm&r=g\",\"url\":\"https:\\\/\\\/secure.gravatar.com\\\/avatar\\\/aa9d3d24c83f2141e5e2709d0f63d09a99f6be6bb7a50abc4915838d9f54501a?s=96&d=mm&r=g\",\"contentUrl\":\"https:\\\/\\\/secure.gravatar.com\\\/avatar\\\/aa9d3d24c83f2141e5e2709d0f63d09a99f6be6bb7a50abc4915838d9f54501a?s=96&d=mm&r=g\",\"caption\":\"Mathieu\"},\"url\":\"https:\\\/\\\/www.altercampagne.net\\\/?author=214\"}]}<\/script>\n<!-- \/ Yoast SEO plugin. -->","yoast_head_json":{"title":"Je n\u2019ai pas l\u2019impression de travailler mais de vivre - AlterTour","robots":{"index":"index","follow":"follow","max-snippet":"max-snippet:-1","max-image-preview":"max-image-preview:large","max-video-preview":"max-video-preview:-1"},"canonical":"https:\/\/www.altercampagne.net\/?p=4068","og_locale":"fr_FR","og_type":"article","og_title":"Je n\u2019ai pas l\u2019impression de travailler mais de vivre - AlterTour","og_description":"De l\u2019horizon vu des sommets, il est pass\u00e9 \u00e0 l\u2019horizon vu du haut de son v\u00e9lo. En 5 ans, \u00e0 la force des mollets, Guillaume MIOT a parcouru 47 000km en Ecocyclette autour du globe sans passage par la France. De reportages en volontariat dans des structures locales, il rencontre ... Read More","og_url":"https:\/\/www.altercampagne.net\/?p=4068","og_site_name":"AlterTour","article_published_time":"2014-06-03T10:22:09+00:00","article_modified_time":"2020-02-24T14:36:21+00:00","og_image":[{"url":"http:\/\/www.altercampagne.net\/wp-content\/uploads\/2016\/04\/Terre-de-reves-300x244.jpg","type":"","width":"","height":""}],"author":"Mathieu","twitter_card":"summary_large_image","twitter_misc":{"\u00c9crit par":"Mathieu","Dur\u00e9e de lecture estim\u00e9e":"2 minutes"},"schema":{"@context":"https:\/\/schema.org","@graph":[{"@type":"Article","@id":"https:\/\/www.altercampagne.net\/?p=4068#article","isPartOf":{"@id":"https:\/\/www.altercampagne.net\/?p=4068"},"author":{"name":"Mathieu","@id":"https:\/\/www.altercampagne.net\/#\/schema\/person\/0f261460c09e430caa0f9bcffa319109"},"headline":"Je n\u2019ai pas l\u2019impression de travailler mais de vivre","datePublished":"2014-06-03T10:22:09+00:00","dateModified":"2020-02-24T14:36:21+00:00","mainEntityOfPage":{"@id":"https:\/\/www.altercampagne.net\/?p=4068"},"wordCount":402,"image":{"@id":"https:\/\/www.altercampagne.net\/?p=4068#primaryimage"},"thumbnailUrl":"http:\/\/www.altercampagne.net\/wp-content\/uploads\/2016\/04\/Terre-de-reves-300x244.jpg","keywords":["revue Silence","2014","altertour 2014","Poitou-Charentes","Terre de R\u00eaves","v\u00e9lo","Deux-S\u00e8vres","Guillaume Miot","Ecocyclette","yourte"],"articleSection":["Nouvelle-Aquitaine","\u00c9dition 2014","V\u00e9lo"],"inLanguage":"fr-FR"},{"@type":"WebPage","@id":"https:\/\/www.altercampagne.net\/?p=4068","url":"https:\/\/www.altercampagne.net\/?p=4068","name":"Je n\u2019ai pas l\u2019impression de travailler mais de vivre - AlterTour","isPartOf":{"@id":"https:\/\/www.altercampagne.net\/#website"},"primaryImageOfPage":{"@id":"https:\/\/www.altercampagne.net\/?p=4068#primaryimage"},"image":{"@id":"https:\/\/www.altercampagne.net\/?p=4068#primaryimage"},"thumbnailUrl":"http:\/\/www.altercampagne.net\/wp-content\/uploads\/2016\/04\/Terre-de-reves-300x244.jpg","datePublished":"2014-06-03T10:22:09+00:00","dateModified":"2020-02-24T14:36:21+00:00","author":{"@id":"https:\/\/www.altercampagne.net\/#\/schema\/person\/0f261460c09e430caa0f9bcffa319109"},"breadcrumb":{"@id":"https:\/\/www.altercampagne.net\/?p=4068#breadcrumb"},"inLanguage":"fr-FR","potentialAction":[{"@type":"ReadAction","target":["https:\/\/www.altercampagne.net\/?p=4068"]}]},{"@type":"ImageObject","inLanguage":"fr-FR","@id":"https:\/\/www.altercampagne.net\/?p=4068#primaryimage","url":"https:\/\/www.altercampagne.net\/wp-content\/uploads\/2016\/04\/Terre-de-reves.jpg","contentUrl":"https:\/\/www.altercampagne.net\/wp-content\/uploads\/2016\/04\/Terre-de-reves.jpg","width":320,"height":260},{"@type":"BreadcrumbList","@id":"https:\/\/www.altercampagne.net\/?p=4068#breadcrumb","itemListElement":[{"@type":"ListItem","position":1,"name":"Accueil","item":"https:\/\/www.altercampagne.net\/"},{"@type":"ListItem","position":2,"name":"Je n\u2019ai pas l\u2019impression de travailler mais de vivre"}]},{"@type":"WebSite","@id":"https:\/\/www.altercampagne.net\/#website","url":"https:\/\/www.altercampagne.net\/","name":"AlterTour","description":"Reliez les Alternatives \u00e0 v\u00e9lo","potentialAction":[{"@type":"SearchAction","target":{"@type":"EntryPoint","urlTemplate":"https:\/\/www.altercampagne.net\/?s={search_term_string}"},"query-input":{"@type":"PropertyValueSpecification","valueRequired":true,"valueName":"search_term_string"}}],"inLanguage":"fr-FR"},{"@type":"Person","@id":"https:\/\/www.altercampagne.net\/#\/schema\/person\/0f261460c09e430caa0f9bcffa319109","name":"Mathieu","image":{"@type":"ImageObject","inLanguage":"fr-FR","@id":"https:\/\/secure.gravatar.com\/avatar\/aa9d3d24c83f2141e5e2709d0f63d09a99f6be6bb7a50abc4915838d9f54501a?s=96&d=mm&r=g","url":"https:\/\/secure.gravatar.com\/avatar\/aa9d3d24c83f2141e5e2709d0f63d09a99f6be6bb7a50abc4915838d9f54501a?s=96&d=mm&r=g","contentUrl":"https:\/\/secure.gravatar.com\/avatar\/aa9d3d24c83f2141e5e2709d0f63d09a99f6be6bb7a50abc4915838d9f54501a?s=96&d=mm&r=g","caption":"Mathieu"},"url":"https:\/\/www.altercampagne.net\/?author=214"}]}},"_links":{"self":[{"href":"https:\/\/www.altercampagne.net\/index.php?rest_route=\/wp\/v2\/posts\/4068","targetHints":{"allow":["GET"]}}],"collection":[{"href":"https:\/\/www.altercampagne.net\/index.php?rest_route=\/wp\/v2\/posts"}],"about":[{"href":"https:\/\/www.altercampagne.net\/index.php?rest_route=\/wp\/v2\/types\/post"}],"author":[{"embeddable":true,"href":"https:\/\/www.altercampagne.net\/index.php?rest_route=\/wp\/v2\/users\/214"}],"replies":[{"embeddable":true,"href":"https:\/\/www.altercampagne.net\/index.php?rest_route=%2Fwp%2Fv2%2Fcomments&post=4068"}],"version-history":[{"count":2,"href":"https:\/\/www.altercampagne.net\/index.php?rest_route=\/wp\/v2\/posts\/4068\/revisions"}],"predecessor-version":[{"id":17381,"href":"https:\/\/www.altercampagne.net\/index.php?rest_route=\/wp\/v2\/posts\/4068\/revisions\/17381"}],"wp:attachment":[{"href":"https:\/\/www.altercampagne.net\/index.php?rest_route=%2Fwp%2Fv2%2Fmedia&parent=4068"}],"wp:term":[{"taxonomy":"category","embeddable":true,"href":"https:\/\/www.altercampagne.net\/index.php?rest_route=%2Fwp%2Fv2%2Fcategories&post=4068"},{"taxonomy":"post_tag","embeddable":true,"href":"https:\/\/www.altercampagne.net\/index.php?rest_route=%2Fwp%2Fv2%2Ftags&post=4068"}],"curies":[{"name":"wp","href":"https:\/\/api.w.org\/{rel}","templated":true}]}}