{"id":4075,"date":"2014-06-05T12:49:35","date_gmt":"2014-06-05T10:49:35","guid":{"rendered":"http:\/\/www.altercampagne.net\/?p=4075"},"modified":"2020-02-24T15:33:32","modified_gmt":"2020-02-24T14:33:32","slug":"la-frenaie-les-14-et-15-aout-a-la-greve-sur-mignon","status":"publish","type":"post","link":"https:\/\/www.altercampagne.net\/?p=4075","title":{"rendered":"La Fr\u00eanaie les 14 et 15 ao\u00fbt \u00e0 la Gr\u00e8ve sur Mignon"},"content":{"rendered":"<p><a href=\"http:\/\/www.altercampagne.net\/wp-content\/uploads\/2016\/04\/La-frenaie.jpg\"><img loading=\"lazy\" decoding=\"async\" class=\" size-medium wp-image-4076 alignleft\" src=\"http:\/\/www.altercampagne.net\/wp-content\/uploads\/2016\/04\/La-frenaie-300x244.jpg\" alt=\"La Frenaie\" width=\"300\" height=\"244\" srcset=\"https:\/\/www.altercampagne.net\/wp-content\/uploads\/2016\/04\/La-frenaie-300x244.jpg 300w, https:\/\/www.altercampagne.net\/wp-content\/uploads\/2016\/04\/La-frenaie.jpg 320w\" sizes=\"auto, (max-width: 300px) 100vw, 300px\" \/><\/a>C\u2019est l\u2019histoire de 5 jeunes, chacun initi\u00e9 de son c\u00f4t\u00e9 \u00e0 la construction d\u2019une yourte. En 2007, Titou, Julien, Guillaume, Joseph et David mutualisent leurs forces : bienvenue \u00e0 la SCOP\/association \u00ab <strong><a href=\"http:\/\/lafrenaie.org\/\" target=\"_blank\" rel=\"noopener noreferrer\">La Fr\u00eanaie<\/a><\/strong> \u00bb. Ici, ils construisent et forment \u00e0 la construction de yourtes et de tipis, habitats nomades \u00e9cologiques. L\u00e0, ils construisent un projet autonome et \u00e9quitable avec prises de d\u00e9cisions collectives, \u00e9galit\u00e9 des salaires, etc&#8230; L\u00e0 encore, ils construisent l\u2019avenir avec les gens en s\u2019appuyant sur le Marais Poitevin, qui offre un th\u00e9\u00e2tre id\u00e9al pour la sensibilisation \u00e0 l\u2019environnement. Humblement. Les principales valeurs de tout ce petit alter-monde nourrissent de fait l\u2019esprit d\u2019\u00e9quipe. Aujourd\u2019hui ils sont 10, tous ancr\u00e9s dans le territoire par leur implication dans la dynamique locale : AMAP, CIVAM, d\u00e9fense du marais&#8230; Ils entretiennent un engagement militant solide par leurs actions de sensibilisation et de promotion de l\u2019habitat l\u00e9ger, par leur envie d\u2019entretenir le c\u00f4t\u00e9 humain de leur entreprise. Leur force : la remise en question permanente afin de \u00ab savoir pourquoi on fait les choses \u00bb.<\/p>\n<p><strong>\u00ab Nous voulons un travail qui nourrit \u00bb<\/strong><\/p>\n<p>\u00ab La libert\u00e9 du travail, c\u2019est \u00eatre d\u00e9cisionnaire de son outil de production tout en s\u2019\u00e9loignant de l\u2019ali\u00e9nation de l\u2019argent : \u00eatre riche n\u2019est pas la cl\u00e9 pour s\u2019enrichir du quotidien. C\u2019est m\u00eame une sorte de protection de ne pas gagner trop ! Nous voulons un travail qui nourrit, et qui soit choisi plut\u00f4t que subi. Notre enrichissement vient avant tout de l\u2019esprit d\u2019entraide, de la bricole, de la convivialit\u00e9 et des multiples autres avantages en nature. On ressent vite la forte dimension d\u2019\u00e9ducation populaire impuls\u00e9e par ces acteurs du territoire qui \u00ab ont des valeurs et ne l\u00e2chent pas le morceau \u00bb. Nous en faisons partie. Le camping municipal dont on s\u2019occupe est un v\u00e9ritable outil p\u00e9dagogique. On plante des graines, puis on invite les gens \u00e0 \u00eatre autonomes, responsables et \u00e0 d\u00e9velopper leur esprit critique. \u00c7a ouvre leurs champs des possibles. \u00bb<\/p>\n<p style=\"text-align: right;\"><strong>Ana\u00efs et Guillaume, salari\u00e9Es de la Fr\u00eanaie<\/strong><\/p>\n<p>Extrait du Recueil des Alternatives de l\u2019AlterTour 2014, disponible dans le num\u00e9ro de juin de la <a title=\"Revue Silence\" href=\"http:\/\/www.revuesilence.net\/\" target=\"_blank\" rel=\"noopener noreferrer\">Revue Silence<\/a><\/p>\n<p>L\u2019AlterTour rendra visite \u00e0 la Fr\u00eanaie les 14 et 15 ao\u00fbt 2014 \u00e0 la Gr\u00e8ve sur Mignon.<\/p>\n","protected":false},"excerpt":{"rendered":"<p>C\u2019est l\u2019histoire de 5 jeunes, chacun initi\u00e9 de son c\u00f4t\u00e9 \u00e0 la construction d\u2019une yourte. En 2007, Titou, Julien, Guillaume, Joseph et David mutualisent leurs forces : bienvenue \u00e0 la SCOP\/association \u00ab La Fr\u00eanaie \u00bb. Ici, ils construisent et forment \u00e0 la construction de yourtes et de tipis, habitats nomades &#8230; <\/p>\n<div><a href=\"https:\/\/www.altercampagne.net\/?p=4075\" class=\"more-link\">Read More<\/a><\/div>\n","protected":false},"author":214,"featured_media":0,"comment_status":"closed","ping_status":"closed","sticky":false,"template":"","format":"standard","meta":{"footnotes":""},"categories":[3485,3479,3461],"tags":[13,50,80,319,591,1099,1641,1720,1724,1725,1726,1727],"class_list":["post-4075","post","type-post","status-publish","format-standard","hentry","category-habitat","category-nouvelle-aquitaine","category-edition-2014","tag-revue-silence","tag-50","tag-reseau-repas","tag-altertour-2014","tag-la-frenaie","tag-collectif-poil-a-gratter","tag-charente-maritime","tag-yourte","tag-la-greve-sur-mignon","tag-construction","tag-marais-poitevin","tag-scop","no-post-thumbnail"],"yoast_head":"<!-- This site is optimized with the Yoast SEO plugin v27.3 - https:\/\/yoast.com\/product\/yoast-seo-wordpress\/ -->\n<title>La Fr\u00eanaie les 14 et 15 ao\u00fbt \u00e0 la Gr\u00e8ve sur Mignon - AlterTour<\/title>\n<meta name=\"robots\" content=\"index, follow, max-snippet:-1, max-image-preview:large, max-video-preview:-1\" \/>\n<link rel=\"canonical\" href=\"https:\/\/www.altercampagne.net\/?p=4075\" \/>\n<meta property=\"og:locale\" content=\"fr_FR\" \/>\n<meta property=\"og:type\" content=\"article\" \/>\n<meta property=\"og:title\" content=\"La Fr\u00eanaie les 14 et 15 ao\u00fbt \u00e0 la Gr\u00e8ve sur Mignon - AlterTour\" \/>\n<meta property=\"og:description\" content=\"C\u2019est l\u2019histoire de 5 jeunes, chacun initi\u00e9 de son c\u00f4t\u00e9 \u00e0 la construction d\u2019une yourte. En 2007, Titou, Julien, Guillaume, Joseph et David mutualisent leurs forces : bienvenue \u00e0 la SCOP\/association \u00ab La Fr\u00eanaie \u00bb. Ici, ils construisent et forment \u00e0 la construction de yourtes et de tipis, habitats nomades ... Read More\" \/>\n<meta property=\"og:url\" content=\"https:\/\/www.altercampagne.net\/?p=4075\" \/>\n<meta property=\"og:site_name\" content=\"AlterTour\" \/>\n<meta property=\"article:published_time\" content=\"2014-06-05T10:49:35+00:00\" \/>\n<meta property=\"article:modified_time\" content=\"2020-02-24T14:33:32+00:00\" \/>\n<meta property=\"og:image\" content=\"http:\/\/www.altercampagne.net\/wp-content\/uploads\/2016\/04\/La-frenaie-300x244.jpg\" \/>\n<meta name=\"author\" content=\"Mathieu\" \/>\n<meta name=\"twitter:card\" content=\"summary_large_image\" \/>\n<meta name=\"twitter:label1\" content=\"\u00c9crit par\" \/>\n\t<meta name=\"twitter:data1\" content=\"Mathieu\" \/>\n\t<meta name=\"twitter:label2\" content=\"Dur\u00e9e de lecture estim\u00e9e\" \/>\n\t<meta name=\"twitter:data2\" content=\"2 minutes\" \/>\n<script type=\"application\/ld+json\" class=\"yoast-schema-graph\">{\"@context\":\"https:\\\/\\\/schema.org\",\"@graph\":[{\"@type\":\"Article\",\"@id\":\"https:\\\/\\\/www.altercampagne.net\\\/?p=4075#article\",\"isPartOf\":{\"@id\":\"https:\\\/\\\/www.altercampagne.net\\\/?p=4075\"},\"author\":{\"name\":\"Mathieu\",\"@id\":\"https:\\\/\\\/www.altercampagne.net\\\/#\\\/schema\\\/person\\\/0f261460c09e430caa0f9bcffa319109\"},\"headline\":\"La Fr\u00eanaie les 14 et 15 ao\u00fbt \u00e0 la Gr\u00e8ve sur Mignon\",\"datePublished\":\"2014-06-05T10:49:35+00:00\",\"dateModified\":\"2020-02-24T14:33:32+00:00\",\"mainEntityOfPage\":{\"@id\":\"https:\\\/\\\/www.altercampagne.net\\\/?p=4075\"},\"wordCount\":399,\"image\":{\"@id\":\"https:\\\/\\\/www.altercampagne.net\\\/?p=4075#primaryimage\"},\"thumbnailUrl\":\"http:\\\/\\\/www.altercampagne.net\\\/wp-content\\\/uploads\\\/2016\\\/04\\\/La-frenaie-300x244.jpg\",\"keywords\":[\"revue Silence\",\"2014\",\"R\u00e9seau Repas\",\"altertour 2014\",\"la Fr\u00eanaie\",\"collectif poil \u00e0 gratter\",\"Charente-Maritime\",\"yourte\",\"La Gr\u00e8ve sur Mignon\",\"construction\",\"Marais Poitevin\",\"SCOP\"],\"articleSection\":[\"Habitat\",\"Nouvelle-Aquitaine\",\"\u00c9dition 2014\"],\"inLanguage\":\"fr-FR\"},{\"@type\":\"WebPage\",\"@id\":\"https:\\\/\\\/www.altercampagne.net\\\/?p=4075\",\"url\":\"https:\\\/\\\/www.altercampagne.net\\\/?p=4075\",\"name\":\"La Fr\u00eanaie les 14 et 15 ao\u00fbt \u00e0 la Gr\u00e8ve sur Mignon - AlterTour\",\"isPartOf\":{\"@id\":\"https:\\\/\\\/www.altercampagne.net\\\/#website\"},\"primaryImageOfPage\":{\"@id\":\"https:\\\/\\\/www.altercampagne.net\\\/?p=4075#primaryimage\"},\"image\":{\"@id\":\"https:\\\/\\\/www.altercampagne.net\\\/?p=4075#primaryimage\"},\"thumbnailUrl\":\"http:\\\/\\\/www.altercampagne.net\\\/wp-content\\\/uploads\\\/2016\\\/04\\\/La-frenaie-300x244.jpg\",\"datePublished\":\"2014-06-05T10:49:35+00:00\",\"dateModified\":\"2020-02-24T14:33:32+00:00\",\"author\":{\"@id\":\"https:\\\/\\\/www.altercampagne.net\\\/#\\\/schema\\\/person\\\/0f261460c09e430caa0f9bcffa319109\"},\"breadcrumb\":{\"@id\":\"https:\\\/\\\/www.altercampagne.net\\\/?p=4075#breadcrumb\"},\"inLanguage\":\"fr-FR\",\"potentialAction\":[{\"@type\":\"ReadAction\",\"target\":[\"https:\\\/\\\/www.altercampagne.net\\\/?p=4075\"]}]},{\"@type\":\"ImageObject\",\"inLanguage\":\"fr-FR\",\"@id\":\"https:\\\/\\\/www.altercampagne.net\\\/?p=4075#primaryimage\",\"url\":\"https:\\\/\\\/www.altercampagne.net\\\/wp-content\\\/uploads\\\/2016\\\/04\\\/La-frenaie.jpg\",\"contentUrl\":\"https:\\\/\\\/www.altercampagne.net\\\/wp-content\\\/uploads\\\/2016\\\/04\\\/La-frenaie.jpg\",\"width\":320,\"height\":260},{\"@type\":\"BreadcrumbList\",\"@id\":\"https:\\\/\\\/www.altercampagne.net\\\/?p=4075#breadcrumb\",\"itemListElement\":[{\"@type\":\"ListItem\",\"position\":1,\"name\":\"Accueil\",\"item\":\"https:\\\/\\\/www.altercampagne.net\\\/\"},{\"@type\":\"ListItem\",\"position\":2,\"name\":\"La Fr\u00eanaie les 14 et 15 ao\u00fbt \u00e0 la Gr\u00e8ve sur Mignon\"}]},{\"@type\":\"WebSite\",\"@id\":\"https:\\\/\\\/www.altercampagne.net\\\/#website\",\"url\":\"https:\\\/\\\/www.altercampagne.net\\\/\",\"name\":\"AlterTour\",\"description\":\"Reliez les Alternatives \u00e0 v\u00e9lo\",\"potentialAction\":[{\"@type\":\"SearchAction\",\"target\":{\"@type\":\"EntryPoint\",\"urlTemplate\":\"https:\\\/\\\/www.altercampagne.net\\\/?s={search_term_string}\"},\"query-input\":{\"@type\":\"PropertyValueSpecification\",\"valueRequired\":true,\"valueName\":\"search_term_string\"}}],\"inLanguage\":\"fr-FR\"},{\"@type\":\"Person\",\"@id\":\"https:\\\/\\\/www.altercampagne.net\\\/#\\\/schema\\\/person\\\/0f261460c09e430caa0f9bcffa319109\",\"name\":\"Mathieu\",\"image\":{\"@type\":\"ImageObject\",\"inLanguage\":\"fr-FR\",\"@id\":\"https:\\\/\\\/secure.gravatar.com\\\/avatar\\\/aa9d3d24c83f2141e5e2709d0f63d09a99f6be6bb7a50abc4915838d9f54501a?s=96&d=mm&r=g\",\"url\":\"https:\\\/\\\/secure.gravatar.com\\\/avatar\\\/aa9d3d24c83f2141e5e2709d0f63d09a99f6be6bb7a50abc4915838d9f54501a?s=96&d=mm&r=g\",\"contentUrl\":\"https:\\\/\\\/secure.gravatar.com\\\/avatar\\\/aa9d3d24c83f2141e5e2709d0f63d09a99f6be6bb7a50abc4915838d9f54501a?s=96&d=mm&r=g\",\"caption\":\"Mathieu\"},\"url\":\"https:\\\/\\\/www.altercampagne.net\\\/?author=214\"}]}<\/script>\n<!-- \/ Yoast SEO plugin. -->","yoast_head_json":{"title":"La Fr\u00eanaie les 14 et 15 ao\u00fbt \u00e0 la Gr\u00e8ve sur Mignon - AlterTour","robots":{"index":"index","follow":"follow","max-snippet":"max-snippet:-1","max-image-preview":"max-image-preview:large","max-video-preview":"max-video-preview:-1"},"canonical":"https:\/\/www.altercampagne.net\/?p=4075","og_locale":"fr_FR","og_type":"article","og_title":"La Fr\u00eanaie les 14 et 15 ao\u00fbt \u00e0 la Gr\u00e8ve sur Mignon - AlterTour","og_description":"C\u2019est l\u2019histoire de 5 jeunes, chacun initi\u00e9 de son c\u00f4t\u00e9 \u00e0 la construction d\u2019une yourte. En 2007, Titou, Julien, Guillaume, Joseph et David mutualisent leurs forces : bienvenue \u00e0 la SCOP\/association \u00ab La Fr\u00eanaie \u00bb. Ici, ils construisent et forment \u00e0 la construction de yourtes et de tipis, habitats nomades ... Read More","og_url":"https:\/\/www.altercampagne.net\/?p=4075","og_site_name":"AlterTour","article_published_time":"2014-06-05T10:49:35+00:00","article_modified_time":"2020-02-24T14:33:32+00:00","og_image":[{"url":"http:\/\/www.altercampagne.net\/wp-content\/uploads\/2016\/04\/La-frenaie-300x244.jpg","type":"","width":"","height":""}],"author":"Mathieu","twitter_card":"summary_large_image","twitter_misc":{"\u00c9crit par":"Mathieu","Dur\u00e9e de lecture estim\u00e9e":"2 minutes"},"schema":{"@context":"https:\/\/schema.org","@graph":[{"@type":"Article","@id":"https:\/\/www.altercampagne.net\/?p=4075#article","isPartOf":{"@id":"https:\/\/www.altercampagne.net\/?p=4075"},"author":{"name":"Mathieu","@id":"https:\/\/www.altercampagne.net\/#\/schema\/person\/0f261460c09e430caa0f9bcffa319109"},"headline":"La Fr\u00eanaie les 14 et 15 ao\u00fbt \u00e0 la Gr\u00e8ve sur Mignon","datePublished":"2014-06-05T10:49:35+00:00","dateModified":"2020-02-24T14:33:32+00:00","mainEntityOfPage":{"@id":"https:\/\/www.altercampagne.net\/?p=4075"},"wordCount":399,"image":{"@id":"https:\/\/www.altercampagne.net\/?p=4075#primaryimage"},"thumbnailUrl":"http:\/\/www.altercampagne.net\/wp-content\/uploads\/2016\/04\/La-frenaie-300x244.jpg","keywords":["revue Silence","2014","R\u00e9seau Repas","altertour 2014","la Fr\u00eanaie","collectif poil \u00e0 gratter","Charente-Maritime","yourte","La Gr\u00e8ve sur Mignon","construction","Marais Poitevin","SCOP"],"articleSection":["Habitat","Nouvelle-Aquitaine","\u00c9dition 2014"],"inLanguage":"fr-FR"},{"@type":"WebPage","@id":"https:\/\/www.altercampagne.net\/?p=4075","url":"https:\/\/www.altercampagne.net\/?p=4075","name":"La Fr\u00eanaie les 14 et 15 ao\u00fbt \u00e0 la Gr\u00e8ve sur Mignon - AlterTour","isPartOf":{"@id":"https:\/\/www.altercampagne.net\/#website"},"primaryImageOfPage":{"@id":"https:\/\/www.altercampagne.net\/?p=4075#primaryimage"},"image":{"@id":"https:\/\/www.altercampagne.net\/?p=4075#primaryimage"},"thumbnailUrl":"http:\/\/www.altercampagne.net\/wp-content\/uploads\/2016\/04\/La-frenaie-300x244.jpg","datePublished":"2014-06-05T10:49:35+00:00","dateModified":"2020-02-24T14:33:32+00:00","author":{"@id":"https:\/\/www.altercampagne.net\/#\/schema\/person\/0f261460c09e430caa0f9bcffa319109"},"breadcrumb":{"@id":"https:\/\/www.altercampagne.net\/?p=4075#breadcrumb"},"inLanguage":"fr-FR","potentialAction":[{"@type":"ReadAction","target":["https:\/\/www.altercampagne.net\/?p=4075"]}]},{"@type":"ImageObject","inLanguage":"fr-FR","@id":"https:\/\/www.altercampagne.net\/?p=4075#primaryimage","url":"https:\/\/www.altercampagne.net\/wp-content\/uploads\/2016\/04\/La-frenaie.jpg","contentUrl":"https:\/\/www.altercampagne.net\/wp-content\/uploads\/2016\/04\/La-frenaie.jpg","width":320,"height":260},{"@type":"BreadcrumbList","@id":"https:\/\/www.altercampagne.net\/?p=4075#breadcrumb","itemListElement":[{"@type":"ListItem","position":1,"name":"Accueil","item":"https:\/\/www.altercampagne.net\/"},{"@type":"ListItem","position":2,"name":"La Fr\u00eanaie les 14 et 15 ao\u00fbt \u00e0 la Gr\u00e8ve sur Mignon"}]},{"@type":"WebSite","@id":"https:\/\/www.altercampagne.net\/#website","url":"https:\/\/www.altercampagne.net\/","name":"AlterTour","description":"Reliez les Alternatives \u00e0 v\u00e9lo","potentialAction":[{"@type":"SearchAction","target":{"@type":"EntryPoint","urlTemplate":"https:\/\/www.altercampagne.net\/?s={search_term_string}"},"query-input":{"@type":"PropertyValueSpecification","valueRequired":true,"valueName":"search_term_string"}}],"inLanguage":"fr-FR"},{"@type":"Person","@id":"https:\/\/www.altercampagne.net\/#\/schema\/person\/0f261460c09e430caa0f9bcffa319109","name":"Mathieu","image":{"@type":"ImageObject","inLanguage":"fr-FR","@id":"https:\/\/secure.gravatar.com\/avatar\/aa9d3d24c83f2141e5e2709d0f63d09a99f6be6bb7a50abc4915838d9f54501a?s=96&d=mm&r=g","url":"https:\/\/secure.gravatar.com\/avatar\/aa9d3d24c83f2141e5e2709d0f63d09a99f6be6bb7a50abc4915838d9f54501a?s=96&d=mm&r=g","contentUrl":"https:\/\/secure.gravatar.com\/avatar\/aa9d3d24c83f2141e5e2709d0f63d09a99f6be6bb7a50abc4915838d9f54501a?s=96&d=mm&r=g","caption":"Mathieu"},"url":"https:\/\/www.altercampagne.net\/?author=214"}]}},"_links":{"self":[{"href":"https:\/\/www.altercampagne.net\/index.php?rest_route=\/wp\/v2\/posts\/4075","targetHints":{"allow":["GET"]}}],"collection":[{"href":"https:\/\/www.altercampagne.net\/index.php?rest_route=\/wp\/v2\/posts"}],"about":[{"href":"https:\/\/www.altercampagne.net\/index.php?rest_route=\/wp\/v2\/types\/post"}],"author":[{"embeddable":true,"href":"https:\/\/www.altercampagne.net\/index.php?rest_route=\/wp\/v2\/users\/214"}],"replies":[{"embeddable":true,"href":"https:\/\/www.altercampagne.net\/index.php?rest_route=%2Fwp%2Fv2%2Fcomments&post=4075"}],"version-history":[{"count":1,"href":"https:\/\/www.altercampagne.net\/index.php?rest_route=\/wp\/v2\/posts\/4075\/revisions"}],"predecessor-version":[{"id":17377,"href":"https:\/\/www.altercampagne.net\/index.php?rest_route=\/wp\/v2\/posts\/4075\/revisions\/17377"}],"wp:attachment":[{"href":"https:\/\/www.altercampagne.net\/index.php?rest_route=%2Fwp%2Fv2%2Fmedia&parent=4075"}],"wp:term":[{"taxonomy":"category","embeddable":true,"href":"https:\/\/www.altercampagne.net\/index.php?rest_route=%2Fwp%2Fv2%2Fcategories&post=4075"},{"taxonomy":"post_tag","embeddable":true,"href":"https:\/\/www.altercampagne.net\/index.php?rest_route=%2Fwp%2Fv2%2Ftags&post=4075"}],"curies":[{"name":"wp","href":"https:\/\/api.w.org\/{rel}","templated":true}]}}