{"id":4078,"date":"2014-06-09T12:59:44","date_gmt":"2014-06-09T10:59:44","guid":{"rendered":"http:\/\/www.altercampagne.net\/?p=4078"},"modified":"2020-02-24T15:31:17","modified_gmt":"2020-02-24T14:31:17","slug":"initiative-catering-le-17-aout-a-la-rochelle","status":"publish","type":"post","link":"https:\/\/www.altercampagne.net\/?p=4078","title":{"rendered":"Cuisiner, c\u2019est f\u00e9d\u00e9rer !"},"content":{"rendered":"<p><a href=\"http:\/\/www.altercampagne.net\/wp-content\/uploads\/2016\/04\/initiative-catering.jpg\"><img loading=\"lazy\" decoding=\"async\" class=\" size-medium wp-image-4079 alignright\" src=\"http:\/\/www.altercampagne.net\/wp-content\/uploads\/2016\/04\/initiative-catering-300x244.jpg\" alt=\"initiative catering\" width=\"300\" height=\"244\" srcset=\"https:\/\/www.altercampagne.net\/wp-content\/uploads\/2016\/04\/initiative-catering-300x244.jpg 300w, https:\/\/www.altercampagne.net\/wp-content\/uploads\/2016\/04\/initiative-catering.jpg 320w\" sizes=\"auto, (max-width: 300px) 100vw, 300px\" \/><\/a>Du pain pas perdu pour tout le monde, de la soupe sans moulin \u00e0 l\u00e9gumes et des conserves de produits en fin de saison\u2026 Voil\u00e0 entre autres choses, ce qui occupe Camille et Isabelle au sein d\u2019\u00ab <strong><a href=\"http:\/\/www.initiative-catering.fr\/accueil.html\" target=\"_blank\" rel=\"noopener noreferrer\">Initiative Catering<\/a><\/strong> \u00bb. Leurs ateliers de cuisine participative tournent autour de l\u2019\u00e9quilibre d\u2019un menu, de la pr\u00e9paration des l\u00e9gumes d\u2019hiver ou des plaisirs de la table. Lien social, accompagnement culturel, \u00e9ducation populaire sont autant de valeurs qui animent ces filles dynamiques. Pour compl\u00e9ter les revenus de la structure, elles m\u00e8nent une table d\u2019h\u00f4tes itin\u00e9rante et fabriquent des conserves (tartinades de l\u00e9gumes, soupes\u2026). Suite \u00e0 leur rencontre dans leur pr\u00e9c\u00e9dent emploi au sein d\u2019un centre social, elles ont d\u00e9cid\u00e9 de monter leur propre cadre de travail. Gr\u00e2ce \u00e0 leurs droits au ch\u00f4mage, elles ont pu lancer ce projet associatif dont elles sont maintenant toutes deux salari\u00e9es. Elles portent leurs id\u00e9es et r\u00e9alisations de cuisine au travers des groupes qu\u2019elles animent autour de La Rochelle, et plus largement sur la R\u00e9gion Poitou-Charentes&#8230;<\/p>\n<p><strong>\u00ab Cuisiner, c\u2019est f\u00e9d\u00e9rer ! \u00bb<\/strong><\/p>\n<p>\u00ab En travaillant ensemble pendant 5 ans, on peut dire que nous nous sommes choisies professionnellement. On s\u2019est aper\u00e7u que certaines activit\u00e9s b\u00e9n\u00e9voles n\u2019\u00e9taient pas reconnues de la m\u00eame fa\u00e7on que si c\u2019\u00e9tait port\u00e9 en salariat. Nos accompagnants P\u00f4le Emploi ont \u00e9t\u00e9 tr\u00e8s utiles. Ils ont soutenu notre d\u00e9marche d\u00e8s le d\u00e9but. \u00c7a nous a permis d\u2018obtenir des contrats aid\u00e9s apr\u00e8s la fin de nos indemnit\u00e9s ch\u00f4mage. Dans notre propre structure, nous pouvons davantage ma\u00eetriser le contenu et la port\u00e9e de nos ateliers. Les m\u00eames valeurs nous faisant bouger, notre activit\u00e9 la plus importante est l\u2019accompagnement social et culturel par l\u2019alimentation, en particulier au sein d\u2019un parcours de sant\u00e9. M\u00eame si les autres activit\u00e9s, table d\u2019h\u00f4tes et conserverie, sont bien s\u00fbr reli\u00e9es, c\u2019est celle-ci qui justifie notre statut d\u2019association plut\u00f4t que d\u2019entreprise. Malgr\u00e9 des commentaires qui ont tent\u00e9 de nous dissuader et les difficult\u00e9s rencontr\u00e9es, nous avons d\u00e9cid\u00e9 que nous avions \u00e7a \u00e0 vivre ! \u00bb<\/p>\n<p style=\"text-align: right;\"><strong>Camille Ruiz et Isabelle Mabille, Fondatrices et salari\u00e9es<\/strong><\/p>\n<p>Extrait du Recueil des Alternatives de l\u2019AlterTour 2014, disponible dans le num\u00e9ro de juin de la <a title=\"Revue Silence\" href=\"http:\/\/www.revuesilence.net\/\" target=\"_blank\" rel=\"noopener noreferrer\">Revue Silence<\/a><\/p>\n<p>L\u2019AlterTour rendra visite \u00e0 Initiative Catering le 17 ao\u00fbt 2014 \u00e0 la Rochelle.<\/p>\n","protected":false},"excerpt":{"rendered":"<p>Du pain pas perdu pour tout le monde, de la soupe sans moulin \u00e0 l\u00e9gumes et des conserves de produits en fin de saison\u2026 Voil\u00e0 entre autres choses, ce qui occupe Camille et Isabelle au sein d\u2019\u00ab Initiative Catering \u00bb. Leurs ateliers de cuisine participative tournent autour de l\u2019\u00e9quilibre d\u2019un &#8230; <\/p>\n<div><a href=\"https:\/\/www.altercampagne.net\/?p=4078\" class=\"more-link\">Read More<\/a><\/div>\n","protected":false},"author":214,"featured_media":0,"comment_status":"closed","ping_status":"closed","sticky":false,"template":"","format":"standard","meta":{"footnotes":""},"categories":[3489,3479,3461],"tags":[13,50,358,581,633,656,1641,1728,1729,1730],"class_list":["post-4078","post","type-post","status-publish","format-standard","hentry","category-alimentation","category-nouvelle-aquitaine","category-edition-2014","tag-revue-silence","tag-50","tag-altertour","tag-poitou-charentes","tag-initiative-catering","tag-la-rochelle","tag-charente-maritime","tag-cuisine","tag-camille-ruiz","tag-isabelle-mabille","no-post-thumbnail"],"yoast_head":"<!-- This site is optimized with the Yoast SEO plugin v27.3 - https:\/\/yoast.com\/product\/yoast-seo-wordpress\/ -->\n<title>Cuisiner, c\u2019est f\u00e9d\u00e9rer ! - AlterTour<\/title>\n<meta name=\"robots\" content=\"index, follow, max-snippet:-1, max-image-preview:large, max-video-preview:-1\" \/>\n<link rel=\"canonical\" href=\"https:\/\/www.altercampagne.net\/?p=4078\" \/>\n<meta property=\"og:locale\" content=\"fr_FR\" \/>\n<meta property=\"og:type\" content=\"article\" \/>\n<meta property=\"og:title\" content=\"Cuisiner, c\u2019est f\u00e9d\u00e9rer ! - AlterTour\" \/>\n<meta property=\"og:description\" content=\"Du pain pas perdu pour tout le monde, de la soupe sans moulin \u00e0 l\u00e9gumes et des conserves de produits en fin de saison\u2026 Voil\u00e0 entre autres choses, ce qui occupe Camille et Isabelle au sein d\u2019\u00ab Initiative Catering \u00bb. Leurs ateliers de cuisine participative tournent autour de l\u2019\u00e9quilibre d\u2019un ... Read More\" \/>\n<meta property=\"og:url\" content=\"https:\/\/www.altercampagne.net\/?p=4078\" \/>\n<meta property=\"og:site_name\" content=\"AlterTour\" \/>\n<meta property=\"article:published_time\" content=\"2014-06-09T10:59:44+00:00\" \/>\n<meta property=\"article:modified_time\" content=\"2020-02-24T14:31:17+00:00\" \/>\n<meta property=\"og:image\" content=\"http:\/\/www.altercampagne.net\/wp-content\/uploads\/2016\/04\/initiative-catering-300x244.jpg\" \/>\n<meta name=\"author\" content=\"Mathieu\" \/>\n<meta name=\"twitter:card\" content=\"summary_large_image\" \/>\n<meta name=\"twitter:label1\" content=\"\u00c9crit par\" \/>\n\t<meta name=\"twitter:data1\" content=\"Mathieu\" \/>\n\t<meta name=\"twitter:label2\" content=\"Dur\u00e9e de lecture estim\u00e9e\" \/>\n\t<meta name=\"twitter:data2\" content=\"2 minutes\" \/>\n<script type=\"application\/ld+json\" class=\"yoast-schema-graph\">{\"@context\":\"https:\\\/\\\/schema.org\",\"@graph\":[{\"@type\":\"Article\",\"@id\":\"https:\\\/\\\/www.altercampagne.net\\\/?p=4078#article\",\"isPartOf\":{\"@id\":\"https:\\\/\\\/www.altercampagne.net\\\/?p=4078\"},\"author\":{\"name\":\"Mathieu\",\"@id\":\"https:\\\/\\\/www.altercampagne.net\\\/#\\\/schema\\\/person\\\/0f261460c09e430caa0f9bcffa319109\"},\"headline\":\"Cuisiner, c\u2019est f\u00e9d\u00e9rer !\",\"datePublished\":\"2014-06-09T10:59:44+00:00\",\"dateModified\":\"2020-02-24T14:31:17+00:00\",\"mainEntityOfPage\":{\"@id\":\"https:\\\/\\\/www.altercampagne.net\\\/?p=4078\"},\"wordCount\":426,\"image\":{\"@id\":\"https:\\\/\\\/www.altercampagne.net\\\/?p=4078#primaryimage\"},\"thumbnailUrl\":\"http:\\\/\\\/www.altercampagne.net\\\/wp-content\\\/uploads\\\/2016\\\/04\\\/initiative-catering-300x244.jpg\",\"keywords\":[\"revue Silence\",\"2014\",\"AlterTour\",\"Poitou-Charentes\",\"Initiative catering\",\"La Rochelle\",\"Charente-Maritime\",\"cuisine\",\"Camille Ruiz\",\"Isabelle Mabille\"],\"articleSection\":[\"Alimentation\",\"Nouvelle-Aquitaine\",\"\u00c9dition 2014\"],\"inLanguage\":\"fr-FR\"},{\"@type\":\"WebPage\",\"@id\":\"https:\\\/\\\/www.altercampagne.net\\\/?p=4078\",\"url\":\"https:\\\/\\\/www.altercampagne.net\\\/?p=4078\",\"name\":\"Cuisiner, c\u2019est f\u00e9d\u00e9rer ! - AlterTour\",\"isPartOf\":{\"@id\":\"https:\\\/\\\/www.altercampagne.net\\\/#website\"},\"primaryImageOfPage\":{\"@id\":\"https:\\\/\\\/www.altercampagne.net\\\/?p=4078#primaryimage\"},\"image\":{\"@id\":\"https:\\\/\\\/www.altercampagne.net\\\/?p=4078#primaryimage\"},\"thumbnailUrl\":\"http:\\\/\\\/www.altercampagne.net\\\/wp-content\\\/uploads\\\/2016\\\/04\\\/initiative-catering-300x244.jpg\",\"datePublished\":\"2014-06-09T10:59:44+00:00\",\"dateModified\":\"2020-02-24T14:31:17+00:00\",\"author\":{\"@id\":\"https:\\\/\\\/www.altercampagne.net\\\/#\\\/schema\\\/person\\\/0f261460c09e430caa0f9bcffa319109\"},\"breadcrumb\":{\"@id\":\"https:\\\/\\\/www.altercampagne.net\\\/?p=4078#breadcrumb\"},\"inLanguage\":\"fr-FR\",\"potentialAction\":[{\"@type\":\"ReadAction\",\"target\":[\"https:\\\/\\\/www.altercampagne.net\\\/?p=4078\"]}]},{\"@type\":\"ImageObject\",\"inLanguage\":\"fr-FR\",\"@id\":\"https:\\\/\\\/www.altercampagne.net\\\/?p=4078#primaryimage\",\"url\":\"https:\\\/\\\/www.altercampagne.net\\\/wp-content\\\/uploads\\\/2016\\\/04\\\/initiative-catering.jpg\",\"contentUrl\":\"https:\\\/\\\/www.altercampagne.net\\\/wp-content\\\/uploads\\\/2016\\\/04\\\/initiative-catering.jpg\",\"width\":320,\"height\":260},{\"@type\":\"BreadcrumbList\",\"@id\":\"https:\\\/\\\/www.altercampagne.net\\\/?p=4078#breadcrumb\",\"itemListElement\":[{\"@type\":\"ListItem\",\"position\":1,\"name\":\"Accueil\",\"item\":\"https:\\\/\\\/www.altercampagne.net\\\/\"},{\"@type\":\"ListItem\",\"position\":2,\"name\":\"Cuisiner, c\u2019est f\u00e9d\u00e9rer !\"}]},{\"@type\":\"WebSite\",\"@id\":\"https:\\\/\\\/www.altercampagne.net\\\/#website\",\"url\":\"https:\\\/\\\/www.altercampagne.net\\\/\",\"name\":\"AlterTour\",\"description\":\"Reliez les Alternatives \u00e0 v\u00e9lo\",\"potentialAction\":[{\"@type\":\"SearchAction\",\"target\":{\"@type\":\"EntryPoint\",\"urlTemplate\":\"https:\\\/\\\/www.altercampagne.net\\\/?s={search_term_string}\"},\"query-input\":{\"@type\":\"PropertyValueSpecification\",\"valueRequired\":true,\"valueName\":\"search_term_string\"}}],\"inLanguage\":\"fr-FR\"},{\"@type\":\"Person\",\"@id\":\"https:\\\/\\\/www.altercampagne.net\\\/#\\\/schema\\\/person\\\/0f261460c09e430caa0f9bcffa319109\",\"name\":\"Mathieu\",\"image\":{\"@type\":\"ImageObject\",\"inLanguage\":\"fr-FR\",\"@id\":\"https:\\\/\\\/secure.gravatar.com\\\/avatar\\\/aa9d3d24c83f2141e5e2709d0f63d09a99f6be6bb7a50abc4915838d9f54501a?s=96&d=mm&r=g\",\"url\":\"https:\\\/\\\/secure.gravatar.com\\\/avatar\\\/aa9d3d24c83f2141e5e2709d0f63d09a99f6be6bb7a50abc4915838d9f54501a?s=96&d=mm&r=g\",\"contentUrl\":\"https:\\\/\\\/secure.gravatar.com\\\/avatar\\\/aa9d3d24c83f2141e5e2709d0f63d09a99f6be6bb7a50abc4915838d9f54501a?s=96&d=mm&r=g\",\"caption\":\"Mathieu\"},\"url\":\"https:\\\/\\\/www.altercampagne.net\\\/?author=214\"}]}<\/script>\n<!-- \/ Yoast SEO plugin. -->","yoast_head_json":{"title":"Cuisiner, c\u2019est f\u00e9d\u00e9rer ! - AlterTour","robots":{"index":"index","follow":"follow","max-snippet":"max-snippet:-1","max-image-preview":"max-image-preview:large","max-video-preview":"max-video-preview:-1"},"canonical":"https:\/\/www.altercampagne.net\/?p=4078","og_locale":"fr_FR","og_type":"article","og_title":"Cuisiner, c\u2019est f\u00e9d\u00e9rer ! - AlterTour","og_description":"Du pain pas perdu pour tout le monde, de la soupe sans moulin \u00e0 l\u00e9gumes et des conserves de produits en fin de saison\u2026 Voil\u00e0 entre autres choses, ce qui occupe Camille et Isabelle au sein d\u2019\u00ab Initiative Catering \u00bb. Leurs ateliers de cuisine participative tournent autour de l\u2019\u00e9quilibre d\u2019un ... Read More","og_url":"https:\/\/www.altercampagne.net\/?p=4078","og_site_name":"AlterTour","article_published_time":"2014-06-09T10:59:44+00:00","article_modified_time":"2020-02-24T14:31:17+00:00","og_image":[{"url":"http:\/\/www.altercampagne.net\/wp-content\/uploads\/2016\/04\/initiative-catering-300x244.jpg","type":"","width":"","height":""}],"author":"Mathieu","twitter_card":"summary_large_image","twitter_misc":{"\u00c9crit par":"Mathieu","Dur\u00e9e de lecture estim\u00e9e":"2 minutes"},"schema":{"@context":"https:\/\/schema.org","@graph":[{"@type":"Article","@id":"https:\/\/www.altercampagne.net\/?p=4078#article","isPartOf":{"@id":"https:\/\/www.altercampagne.net\/?p=4078"},"author":{"name":"Mathieu","@id":"https:\/\/www.altercampagne.net\/#\/schema\/person\/0f261460c09e430caa0f9bcffa319109"},"headline":"Cuisiner, c\u2019est f\u00e9d\u00e9rer !","datePublished":"2014-06-09T10:59:44+00:00","dateModified":"2020-02-24T14:31:17+00:00","mainEntityOfPage":{"@id":"https:\/\/www.altercampagne.net\/?p=4078"},"wordCount":426,"image":{"@id":"https:\/\/www.altercampagne.net\/?p=4078#primaryimage"},"thumbnailUrl":"http:\/\/www.altercampagne.net\/wp-content\/uploads\/2016\/04\/initiative-catering-300x244.jpg","keywords":["revue Silence","2014","AlterTour","Poitou-Charentes","Initiative catering","La Rochelle","Charente-Maritime","cuisine","Camille Ruiz","Isabelle Mabille"],"articleSection":["Alimentation","Nouvelle-Aquitaine","\u00c9dition 2014"],"inLanguage":"fr-FR"},{"@type":"WebPage","@id":"https:\/\/www.altercampagne.net\/?p=4078","url":"https:\/\/www.altercampagne.net\/?p=4078","name":"Cuisiner, c\u2019est f\u00e9d\u00e9rer ! - AlterTour","isPartOf":{"@id":"https:\/\/www.altercampagne.net\/#website"},"primaryImageOfPage":{"@id":"https:\/\/www.altercampagne.net\/?p=4078#primaryimage"},"image":{"@id":"https:\/\/www.altercampagne.net\/?p=4078#primaryimage"},"thumbnailUrl":"http:\/\/www.altercampagne.net\/wp-content\/uploads\/2016\/04\/initiative-catering-300x244.jpg","datePublished":"2014-06-09T10:59:44+00:00","dateModified":"2020-02-24T14:31:17+00:00","author":{"@id":"https:\/\/www.altercampagne.net\/#\/schema\/person\/0f261460c09e430caa0f9bcffa319109"},"breadcrumb":{"@id":"https:\/\/www.altercampagne.net\/?p=4078#breadcrumb"},"inLanguage":"fr-FR","potentialAction":[{"@type":"ReadAction","target":["https:\/\/www.altercampagne.net\/?p=4078"]}]},{"@type":"ImageObject","inLanguage":"fr-FR","@id":"https:\/\/www.altercampagne.net\/?p=4078#primaryimage","url":"https:\/\/www.altercampagne.net\/wp-content\/uploads\/2016\/04\/initiative-catering.jpg","contentUrl":"https:\/\/www.altercampagne.net\/wp-content\/uploads\/2016\/04\/initiative-catering.jpg","width":320,"height":260},{"@type":"BreadcrumbList","@id":"https:\/\/www.altercampagne.net\/?p=4078#breadcrumb","itemListElement":[{"@type":"ListItem","position":1,"name":"Accueil","item":"https:\/\/www.altercampagne.net\/"},{"@type":"ListItem","position":2,"name":"Cuisiner, c\u2019est f\u00e9d\u00e9rer !"}]},{"@type":"WebSite","@id":"https:\/\/www.altercampagne.net\/#website","url":"https:\/\/www.altercampagne.net\/","name":"AlterTour","description":"Reliez les Alternatives \u00e0 v\u00e9lo","potentialAction":[{"@type":"SearchAction","target":{"@type":"EntryPoint","urlTemplate":"https:\/\/www.altercampagne.net\/?s={search_term_string}"},"query-input":{"@type":"PropertyValueSpecification","valueRequired":true,"valueName":"search_term_string"}}],"inLanguage":"fr-FR"},{"@type":"Person","@id":"https:\/\/www.altercampagne.net\/#\/schema\/person\/0f261460c09e430caa0f9bcffa319109","name":"Mathieu","image":{"@type":"ImageObject","inLanguage":"fr-FR","@id":"https:\/\/secure.gravatar.com\/avatar\/aa9d3d24c83f2141e5e2709d0f63d09a99f6be6bb7a50abc4915838d9f54501a?s=96&d=mm&r=g","url":"https:\/\/secure.gravatar.com\/avatar\/aa9d3d24c83f2141e5e2709d0f63d09a99f6be6bb7a50abc4915838d9f54501a?s=96&d=mm&r=g","contentUrl":"https:\/\/secure.gravatar.com\/avatar\/aa9d3d24c83f2141e5e2709d0f63d09a99f6be6bb7a50abc4915838d9f54501a?s=96&d=mm&r=g","caption":"Mathieu"},"url":"https:\/\/www.altercampagne.net\/?author=214"}]}},"_links":{"self":[{"href":"https:\/\/www.altercampagne.net\/index.php?rest_route=\/wp\/v2\/posts\/4078","targetHints":{"allow":["GET"]}}],"collection":[{"href":"https:\/\/www.altercampagne.net\/index.php?rest_route=\/wp\/v2\/posts"}],"about":[{"href":"https:\/\/www.altercampagne.net\/index.php?rest_route=\/wp\/v2\/types\/post"}],"author":[{"embeddable":true,"href":"https:\/\/www.altercampagne.net\/index.php?rest_route=\/wp\/v2\/users\/214"}],"replies":[{"embeddable":true,"href":"https:\/\/www.altercampagne.net\/index.php?rest_route=%2Fwp%2Fv2%2Fcomments&post=4078"}],"version-history":[{"count":1,"href":"https:\/\/www.altercampagne.net\/index.php?rest_route=\/wp\/v2\/posts\/4078\/revisions"}],"predecessor-version":[{"id":17376,"href":"https:\/\/www.altercampagne.net\/index.php?rest_route=\/wp\/v2\/posts\/4078\/revisions\/17376"}],"wp:attachment":[{"href":"https:\/\/www.altercampagne.net\/index.php?rest_route=%2Fwp%2Fv2%2Fmedia&parent=4078"}],"wp:term":[{"taxonomy":"category","embeddable":true,"href":"https:\/\/www.altercampagne.net\/index.php?rest_route=%2Fwp%2Fv2%2Fcategories&post=4078"},{"taxonomy":"post_tag","embeddable":true,"href":"https:\/\/www.altercampagne.net\/index.php?rest_route=%2Fwp%2Fv2%2Ftags&post=4078"}],"curies":[{"name":"wp","href":"https:\/\/api.w.org\/{rel}","templated":true}]}}