{"id":4082,"date":"2013-09-06T13:20:29","date_gmt":"2013-09-06T11:20:29","guid":{"rendered":"http:\/\/www.altercampagne.net\/?p=4082"},"modified":"2016-04-13T13:32:59","modified_gmt":"2016-04-13T11:32:59","slug":"eu-selle-vers-les-alternatives","status":"publish","type":"post","link":"https:\/\/www.altercampagne.net\/?p=4082","title":{"rendered":"En selle vers les Alternatives"},"content":{"rendered":"<p class=\"Style271 Style138 Style152 Style142\" align=\"justify\"><img loading=\"lazy\" decoding=\"async\" class=\" alignleft\" src=\"http:\/\/altercampagne.free.fr\/pages\/2008\/AlterTour\/pic\/2013-08-08_09.jpg\" alt=\"\" width=\"400\" height=\"269\" \/>C\u00e9cile, <a href=\"http:\/\/www.solidarite.asso.fr\/Cecile-BES\" target=\"_blank\">experte b\u00e9n\u00e9vole pour SOLIDARITE<\/a>, a particip\u00e9 aux \u00e9ditions 2012 et 2013 et nous invite \u00e0 partir \u00e0 la rencontre d\u2019une belle aventure solidaire \u00e0 deux roues.<\/p>\n<p class=\"Style271 Style138 Style152 Style142\" align=\"justify\">Chaque ann\u00e9e c\u2019est une nouvelle r\u00e9gion qui d\u00e9voile ses alternatives et ses luttes locales aux Altercyclistes, le vent en poupe dans les descentes, le mollet grima\u00e7ant dans les c\u00f4tes et la p\u00e9dale toujours intr\u00e9pide et bien d\u00e9cid\u00e9e.<\/p>\n<p class=\"Style271 Style138 Style152 Style142\" align=\"justify\">P\u00e9daler, oui \u2026 mais pour quoi faire ? Loin de garder la t\u00eate dans le guidon, les v\u00e9lo-cyclistes font de cette \u00e9pop\u00e9e estivale une occasion de recr\u00e9er du sens commun et de s\u2019interroger sur un autre projet de soci\u00e9t\u00e9. Cet \u00e9t\u00e9 encore, un menu h\u00e9t\u00e9roclite pour une faim d\u2019alternatives gargantuesque : rencontres internationales des mouvements contre les OGM, centre d\u2019\u00e9quith\u00e9rapie \u00ab A cheval sur soi \u00bb, \u00ab Ecolieu du Portail \u00bb avec son fournil et sa ferme paysanne, la brasserie artisanale \u00ab La Franche \u00bb ou encore, pour ne citer que quelques uns des moments forts qui ont marqu\u00e9 ce parcours, le festival \u00ab Les R\u00e9sistives \u00bb organis\u00e9 par le Collectif Citoyens R\u00e9sistants.<\/p>\n<p class=\"Style271 Style138 Style152 Style142\" align=\"justify\">Aussi, de kilom\u00e8tre en kilom\u00e8tre parcouru, l\u2019AlterTour est une occasion d\u2019apprendre beaucoup sur le monde, sur cette autre soci\u00e9t\u00e9 dont on d\u00e9couvre, au fil des rencontres avec les porteurs de projets, qu\u2019elle est bel et bien d\u00e9j\u00e0 en route, et souvent tout pr\u00e8s de chez soi. Mais l\u2019altersoci\u00e9t\u00e9 se construit \u00e9galement au quotidien dans le ventre de l\u2019AlterTour. Car s\u2019il consiste \u00e0 sillonner la route des alternatives, ce tour est avant tout une aventure humaine tant collective que personnelle. Mu-e-s par des valeurs de convivialit\u00e9 et de solidarit\u00e9 interg\u00e9n\u00e9rationnelle, les participant-e-s exp\u00e9rimentent chaque jour l\u2019autogestion et la vie itin\u00e9rante en communaut\u00e9. Une entreprise men\u00e9e non sans difficult\u00e9, parfois m\u00eame un brin d\u00e9routante, et qui amorce pour certain-e-s d\u2019entre nous une r\u00e9elle transition personnelle et intime.<\/p>\n<p class=\"Style271 Style138 Style152 Style142\" align=\"justify\">En somme, un grand coup de p\u00e9dale vers la d\u00e9croissance, la solidarit\u00e9, l\u2019autonomie individuelle et collective&#8230;autant de valeurs qui font ind\u00e9niablement \u00e9cho au projet associatif de SOLIDARIT\u00c9 et aux objectifs qu\u2019elle poursuit depuis plus de 30 ans dans ses relations avec les \u00ab Pays des Suds \u00bb.<\/p>\n<p class=\"Style271 Style138 Style152 Style142\" align=\"justify\">Rappelons ici que l\u2019apr\u00e8s-d\u00e9veloppement signifie pour notre association soutenir \u00e0 la fois des luttes contre des grands projets inutiles et la vision d\u00e9veloppementiste qui y est associ\u00e9e comme celles men\u00e9es en faveur des petits projets alternatifs, conviviaux et g\u00e9n\u00e9rateurs de sens.<\/p>\n<p class=\"Style271 Style138 Style152 Style142\" align=\"justify\">Et tout comme Ivan Illich, penseur de la convivialit\u00e9 et inspirateur conceptuel de SOLIDARIT\u00c9, s\u2019\u00e9tait appliqu\u00e9 \u00e0 nous le d\u00e9montrer, le v\u00e9lo, mode de d\u00e9placement humain selon lui optimal, constitue un r\u00e9el outil d\u2019autonomie participant \u00e0 la cr\u00e9ation d\u2019une soci\u00e9t\u00e9 conviviale, festive et de d\u00e9croissance. De quoi pr\u00e9parer nos gambettes pour la prochaine \u00e9dition !<\/p>\n<p class=\"Style271 Style138 Style152 Style142\" align=\"justify\">Source : <a href=\"http:\/\/www.solidarite.asso.fr\/IMG\/pdf\/En_selle_vers_les_alternatives.pdf\" target=\"_blank\">http:\/\/www.solidarite.asso.fr\/IMG\/pdf\/En_selle_vers_les_alternatives.pdf<\/a><\/p>\n","protected":false},"excerpt":{"rendered":"<p>C\u00e9cile, experte b\u00e9n\u00e9vole pour SOLIDARITE, a particip\u00e9 aux \u00e9ditions 2012 et 2013 et nous invite \u00e0 partir \u00e0 la rencontre d\u2019une belle aventure solidaire \u00e0 deux roues. Chaque ann\u00e9e c\u2019est une nouvelle r\u00e9gion qui d\u00e9voile ses alternatives et ses luttes locales aux Altercyclistes, le vent en poupe dans les descentes, &#8230; <\/p>\n<div><a href=\"https:\/\/www.altercampagne.net\/?p=4082\" class=\"more-link\">Read More<\/a><\/div>\n","protected":false},"author":214,"featured_media":0,"comment_status":"closed","ping_status":"closed","sticky":false,"template":"","format":"standard","meta":{"footnotes":""},"categories":[239],"tags":[665,672,694,1656,1731],"class_list":["post-4082","post","type-post","status-publish","format-standard","hentry","category-revue-de-presse","tag-alternative","tag-solidarite","tag-altertour-2013","tag-1656","tag-cecile-bes","no-post-thumbnail"],"yoast_head":"<!-- This site is optimized with the Yoast SEO plugin v27.3 - https:\/\/yoast.com\/product\/yoast-seo-wordpress\/ -->\n<title>En selle vers les Alternatives - AlterTour<\/title>\n<meta name=\"robots\" content=\"index, follow, max-snippet:-1, max-image-preview:large, max-video-preview:-1\" \/>\n<link rel=\"canonical\" href=\"https:\/\/www.altercampagne.net\/?p=4082\" \/>\n<meta property=\"og:locale\" content=\"fr_FR\" \/>\n<meta property=\"og:type\" content=\"article\" \/>\n<meta property=\"og:title\" content=\"En selle vers les Alternatives - AlterTour\" \/>\n<meta property=\"og:description\" content=\"C\u00e9cile, experte b\u00e9n\u00e9vole pour SOLIDARITE, a particip\u00e9 aux \u00e9ditions 2012 et 2013 et nous invite \u00e0 partir \u00e0 la rencontre d\u2019une belle aventure solidaire \u00e0 deux roues. Chaque ann\u00e9e c\u2019est une nouvelle r\u00e9gion qui d\u00e9voile ses alternatives et ses luttes locales aux Altercyclistes, le vent en poupe dans les descentes, ... Read More\" \/>\n<meta property=\"og:url\" content=\"https:\/\/www.altercampagne.net\/?p=4082\" \/>\n<meta property=\"og:site_name\" content=\"AlterTour\" \/>\n<meta property=\"article:published_time\" content=\"2013-09-06T11:20:29+00:00\" \/>\n<meta property=\"article:modified_time\" content=\"2016-04-13T11:32:59+00:00\" \/>\n<meta property=\"og:image\" content=\"http:\/\/altercampagne.free.fr\/pages\/2008\/AlterTour\/pic\/2013-08-08_09.jpg\" \/>\n<meta name=\"author\" content=\"Mathieu\" \/>\n<meta name=\"twitter:card\" content=\"summary_large_image\" \/>\n<meta name=\"twitter:label1\" content=\"\u00c9crit par\" \/>\n\t<meta name=\"twitter:data1\" content=\"Mathieu\" \/>\n\t<meta name=\"twitter:label2\" content=\"Dur\u00e9e de lecture estim\u00e9e\" \/>\n\t<meta name=\"twitter:data2\" content=\"3 minutes\" \/>\n<script type=\"application\/ld+json\" class=\"yoast-schema-graph\">{\"@context\":\"https:\\\/\\\/schema.org\",\"@graph\":[{\"@type\":\"Article\",\"@id\":\"https:\\\/\\\/www.altercampagne.net\\\/?p=4082#article\",\"isPartOf\":{\"@id\":\"https:\\\/\\\/www.altercampagne.net\\\/?p=4082\"},\"author\":{\"name\":\"Mathieu\",\"@id\":\"https:\\\/\\\/www.altercampagne.net\\\/#\\\/schema\\\/person\\\/0f261460c09e430caa0f9bcffa319109\"},\"headline\":\"En selle vers les Alternatives\",\"datePublished\":\"2013-09-06T11:20:29+00:00\",\"dateModified\":\"2016-04-13T11:32:59+00:00\",\"mainEntityOfPage\":{\"@id\":\"https:\\\/\\\/www.altercampagne.net\\\/?p=4082\"},\"wordCount\":516,\"image\":{\"@id\":\"https:\\\/\\\/www.altercampagne.net\\\/?p=4082#primaryimage\"},\"thumbnailUrl\":\"http:\\\/\\\/altercampagne.free.fr\\\/pages\\\/2008\\\/AlterTour\\\/pic\\\/2013-08-08_09.jpg\",\"keywords\":[\"alternative\",\"solidarit\u00e9\",\"AlterTour 2013\",\"2013\",\"C\u00e9cile Bes\"],\"articleSection\":[\"Revue de presse\"],\"inLanguage\":\"fr-FR\"},{\"@type\":\"WebPage\",\"@id\":\"https:\\\/\\\/www.altercampagne.net\\\/?p=4082\",\"url\":\"https:\\\/\\\/www.altercampagne.net\\\/?p=4082\",\"name\":\"En selle vers les Alternatives - AlterTour\",\"isPartOf\":{\"@id\":\"https:\\\/\\\/www.altercampagne.net\\\/#website\"},\"primaryImageOfPage\":{\"@id\":\"https:\\\/\\\/www.altercampagne.net\\\/?p=4082#primaryimage\"},\"image\":{\"@id\":\"https:\\\/\\\/www.altercampagne.net\\\/?p=4082#primaryimage\"},\"thumbnailUrl\":\"http:\\\/\\\/altercampagne.free.fr\\\/pages\\\/2008\\\/AlterTour\\\/pic\\\/2013-08-08_09.jpg\",\"datePublished\":\"2013-09-06T11:20:29+00:00\",\"dateModified\":\"2016-04-13T11:32:59+00:00\",\"author\":{\"@id\":\"https:\\\/\\\/www.altercampagne.net\\\/#\\\/schema\\\/person\\\/0f261460c09e430caa0f9bcffa319109\"},\"breadcrumb\":{\"@id\":\"https:\\\/\\\/www.altercampagne.net\\\/?p=4082#breadcrumb\"},\"inLanguage\":\"fr-FR\",\"potentialAction\":[{\"@type\":\"ReadAction\",\"target\":[\"https:\\\/\\\/www.altercampagne.net\\\/?p=4082\"]}]},{\"@type\":\"ImageObject\",\"inLanguage\":\"fr-FR\",\"@id\":\"https:\\\/\\\/www.altercampagne.net\\\/?p=4082#primaryimage\",\"url\":\"http:\\\/\\\/altercampagne.free.fr\\\/pages\\\/2008\\\/AlterTour\\\/pic\\\/2013-08-08_09.jpg\",\"contentUrl\":\"http:\\\/\\\/altercampagne.free.fr\\\/pages\\\/2008\\\/AlterTour\\\/pic\\\/2013-08-08_09.jpg\"},{\"@type\":\"BreadcrumbList\",\"@id\":\"https:\\\/\\\/www.altercampagne.net\\\/?p=4082#breadcrumb\",\"itemListElement\":[{\"@type\":\"ListItem\",\"position\":1,\"name\":\"Accueil\",\"item\":\"https:\\\/\\\/www.altercampagne.net\\\/\"},{\"@type\":\"ListItem\",\"position\":2,\"name\":\"En selle vers les Alternatives\"}]},{\"@type\":\"WebSite\",\"@id\":\"https:\\\/\\\/www.altercampagne.net\\\/#website\",\"url\":\"https:\\\/\\\/www.altercampagne.net\\\/\",\"name\":\"AlterTour\",\"description\":\"Reliez les Alternatives \u00e0 v\u00e9lo\",\"potentialAction\":[{\"@type\":\"SearchAction\",\"target\":{\"@type\":\"EntryPoint\",\"urlTemplate\":\"https:\\\/\\\/www.altercampagne.net\\\/?s={search_term_string}\"},\"query-input\":{\"@type\":\"PropertyValueSpecification\",\"valueRequired\":true,\"valueName\":\"search_term_string\"}}],\"inLanguage\":\"fr-FR\"},{\"@type\":\"Person\",\"@id\":\"https:\\\/\\\/www.altercampagne.net\\\/#\\\/schema\\\/person\\\/0f261460c09e430caa0f9bcffa319109\",\"name\":\"Mathieu\",\"image\":{\"@type\":\"ImageObject\",\"inLanguage\":\"fr-FR\",\"@id\":\"https:\\\/\\\/secure.gravatar.com\\\/avatar\\\/aa9d3d24c83f2141e5e2709d0f63d09a99f6be6bb7a50abc4915838d9f54501a?s=96&d=mm&r=g\",\"url\":\"https:\\\/\\\/secure.gravatar.com\\\/avatar\\\/aa9d3d24c83f2141e5e2709d0f63d09a99f6be6bb7a50abc4915838d9f54501a?s=96&d=mm&r=g\",\"contentUrl\":\"https:\\\/\\\/secure.gravatar.com\\\/avatar\\\/aa9d3d24c83f2141e5e2709d0f63d09a99f6be6bb7a50abc4915838d9f54501a?s=96&d=mm&r=g\",\"caption\":\"Mathieu\"},\"url\":\"https:\\\/\\\/www.altercampagne.net\\\/?author=214\"}]}<\/script>\n<!-- \/ Yoast SEO plugin. -->","yoast_head_json":{"title":"En selle vers les Alternatives - AlterTour","robots":{"index":"index","follow":"follow","max-snippet":"max-snippet:-1","max-image-preview":"max-image-preview:large","max-video-preview":"max-video-preview:-1"},"canonical":"https:\/\/www.altercampagne.net\/?p=4082","og_locale":"fr_FR","og_type":"article","og_title":"En selle vers les Alternatives - AlterTour","og_description":"C\u00e9cile, experte b\u00e9n\u00e9vole pour SOLIDARITE, a particip\u00e9 aux \u00e9ditions 2012 et 2013 et nous invite \u00e0 partir \u00e0 la rencontre d\u2019une belle aventure solidaire \u00e0 deux roues. Chaque ann\u00e9e c\u2019est une nouvelle r\u00e9gion qui d\u00e9voile ses alternatives et ses luttes locales aux Altercyclistes, le vent en poupe dans les descentes, ... Read More","og_url":"https:\/\/www.altercampagne.net\/?p=4082","og_site_name":"AlterTour","article_published_time":"2013-09-06T11:20:29+00:00","article_modified_time":"2016-04-13T11:32:59+00:00","og_image":[{"url":"http:\/\/altercampagne.free.fr\/pages\/2008\/AlterTour\/pic\/2013-08-08_09.jpg","type":"","width":"","height":""}],"author":"Mathieu","twitter_card":"summary_large_image","twitter_misc":{"\u00c9crit par":"Mathieu","Dur\u00e9e de lecture estim\u00e9e":"3 minutes"},"schema":{"@context":"https:\/\/schema.org","@graph":[{"@type":"Article","@id":"https:\/\/www.altercampagne.net\/?p=4082#article","isPartOf":{"@id":"https:\/\/www.altercampagne.net\/?p=4082"},"author":{"name":"Mathieu","@id":"https:\/\/www.altercampagne.net\/#\/schema\/person\/0f261460c09e430caa0f9bcffa319109"},"headline":"En selle vers les Alternatives","datePublished":"2013-09-06T11:20:29+00:00","dateModified":"2016-04-13T11:32:59+00:00","mainEntityOfPage":{"@id":"https:\/\/www.altercampagne.net\/?p=4082"},"wordCount":516,"image":{"@id":"https:\/\/www.altercampagne.net\/?p=4082#primaryimage"},"thumbnailUrl":"http:\/\/altercampagne.free.fr\/pages\/2008\/AlterTour\/pic\/2013-08-08_09.jpg","keywords":["alternative","solidarit\u00e9","AlterTour 2013","2013","C\u00e9cile Bes"],"articleSection":["Revue de presse"],"inLanguage":"fr-FR"},{"@type":"WebPage","@id":"https:\/\/www.altercampagne.net\/?p=4082","url":"https:\/\/www.altercampagne.net\/?p=4082","name":"En selle vers les Alternatives - AlterTour","isPartOf":{"@id":"https:\/\/www.altercampagne.net\/#website"},"primaryImageOfPage":{"@id":"https:\/\/www.altercampagne.net\/?p=4082#primaryimage"},"image":{"@id":"https:\/\/www.altercampagne.net\/?p=4082#primaryimage"},"thumbnailUrl":"http:\/\/altercampagne.free.fr\/pages\/2008\/AlterTour\/pic\/2013-08-08_09.jpg","datePublished":"2013-09-06T11:20:29+00:00","dateModified":"2016-04-13T11:32:59+00:00","author":{"@id":"https:\/\/www.altercampagne.net\/#\/schema\/person\/0f261460c09e430caa0f9bcffa319109"},"breadcrumb":{"@id":"https:\/\/www.altercampagne.net\/?p=4082#breadcrumb"},"inLanguage":"fr-FR","potentialAction":[{"@type":"ReadAction","target":["https:\/\/www.altercampagne.net\/?p=4082"]}]},{"@type":"ImageObject","inLanguage":"fr-FR","@id":"https:\/\/www.altercampagne.net\/?p=4082#primaryimage","url":"http:\/\/altercampagne.free.fr\/pages\/2008\/AlterTour\/pic\/2013-08-08_09.jpg","contentUrl":"http:\/\/altercampagne.free.fr\/pages\/2008\/AlterTour\/pic\/2013-08-08_09.jpg"},{"@type":"BreadcrumbList","@id":"https:\/\/www.altercampagne.net\/?p=4082#breadcrumb","itemListElement":[{"@type":"ListItem","position":1,"name":"Accueil","item":"https:\/\/www.altercampagne.net\/"},{"@type":"ListItem","position":2,"name":"En selle vers les Alternatives"}]},{"@type":"WebSite","@id":"https:\/\/www.altercampagne.net\/#website","url":"https:\/\/www.altercampagne.net\/","name":"AlterTour","description":"Reliez les Alternatives \u00e0 v\u00e9lo","potentialAction":[{"@type":"SearchAction","target":{"@type":"EntryPoint","urlTemplate":"https:\/\/www.altercampagne.net\/?s={search_term_string}"},"query-input":{"@type":"PropertyValueSpecification","valueRequired":true,"valueName":"search_term_string"}}],"inLanguage":"fr-FR"},{"@type":"Person","@id":"https:\/\/www.altercampagne.net\/#\/schema\/person\/0f261460c09e430caa0f9bcffa319109","name":"Mathieu","image":{"@type":"ImageObject","inLanguage":"fr-FR","@id":"https:\/\/secure.gravatar.com\/avatar\/aa9d3d24c83f2141e5e2709d0f63d09a99f6be6bb7a50abc4915838d9f54501a?s=96&d=mm&r=g","url":"https:\/\/secure.gravatar.com\/avatar\/aa9d3d24c83f2141e5e2709d0f63d09a99f6be6bb7a50abc4915838d9f54501a?s=96&d=mm&r=g","contentUrl":"https:\/\/secure.gravatar.com\/avatar\/aa9d3d24c83f2141e5e2709d0f63d09a99f6be6bb7a50abc4915838d9f54501a?s=96&d=mm&r=g","caption":"Mathieu"},"url":"https:\/\/www.altercampagne.net\/?author=214"}]}},"_links":{"self":[{"href":"https:\/\/www.altercampagne.net\/index.php?rest_route=\/wp\/v2\/posts\/4082","targetHints":{"allow":["GET"]}}],"collection":[{"href":"https:\/\/www.altercampagne.net\/index.php?rest_route=\/wp\/v2\/posts"}],"about":[{"href":"https:\/\/www.altercampagne.net\/index.php?rest_route=\/wp\/v2\/types\/post"}],"author":[{"embeddable":true,"href":"https:\/\/www.altercampagne.net\/index.php?rest_route=\/wp\/v2\/users\/214"}],"replies":[{"embeddable":true,"href":"https:\/\/www.altercampagne.net\/index.php?rest_route=%2Fwp%2Fv2%2Fcomments&post=4082"}],"version-history":[{"count":0,"href":"https:\/\/www.altercampagne.net\/index.php?rest_route=\/wp\/v2\/posts\/4082\/revisions"}],"wp:attachment":[{"href":"https:\/\/www.altercampagne.net\/index.php?rest_route=%2Fwp%2Fv2%2Fmedia&parent=4082"}],"wp:term":[{"taxonomy":"category","embeddable":true,"href":"https:\/\/www.altercampagne.net\/index.php?rest_route=%2Fwp%2Fv2%2Fcategories&post=4082"},{"taxonomy":"post_tag","embeddable":true,"href":"https:\/\/www.altercampagne.net\/index.php?rest_route=%2Fwp%2Fv2%2Ftags&post=4082"}],"curies":[{"name":"wp","href":"https:\/\/api.w.org\/{rel}","templated":true}]}}