{"id":4084,"date":"2013-08-14T13:32:40","date_gmt":"2013-08-14T11:32:40","guid":{"rendered":"http:\/\/www.altercampagne.net\/?p=4084"},"modified":"2016-04-13T13:34:43","modified_gmt":"2016-04-13T11:34:43","slug":"reithouse-les-cyclistes-de-laltertour-reprennent-des-forces-au-village","status":"publish","type":"post","link":"https:\/\/www.altercampagne.net\/?p=4084","title":{"rendered":"Reithouse. Les cyclistes de l\u2019AlterTour reprennent des forces au village"},"content":{"rendered":"<p class=\"Style271 Style138 Style152 Style142\" align=\"justify\">La 6e \u00e9dition de l\u2019AlterTour se d\u00e9roule cette ann\u00e9e du 18 juillet au 21 ao\u00fbt. Le parcours passe notamment par le Jura et le village de Reithouse.<\/p>\n<p class=\"Style271 Style138 Style152 Style142\" align=\"justify\">De nombreuses animations sont ainsi mises en place ce jeudi. De 10 \u00e0 12 heures : ateliers participatifs : construction d\u2019une spirale d\u2019aromates, fabrication de lasagne pour culture mara\u00eech\u00e8re. De 14 \u00e0 17 heures : r\u00e9flexion sur les \u00e9nergies grises, discussion autour des placements \u00e9thiques dans les banques. De 17 heures \u00e0 18 h 30, intervention publique sur les gaz de schiste. D\u00e8s 20 h 30 : soir\u00e9e festive avec conte musical.<\/p>\n<p class=\"Style271 Style138 Style152 Style142\" align=\"justify\">Source : <a href=\"http:\/\/www.leprogres.fr\/jura\/2013\/08\/14\/les-cyclistes-de-l-alter-tour-reprennent-des-forces-au-village\" target=\"_blank\">http:\/\/www.leprogres.fr\/jura\/2013\/08\/14\/les-cyclistes-de-l-alter-tour-reprennent-des-forces-au-village<\/a><\/p>\n","protected":false},"excerpt":{"rendered":"<p>La 6e \u00e9dition de l\u2019AlterTour se d\u00e9roule cette ann\u00e9e du 18 juillet au 21 ao\u00fbt. Le parcours passe notamment par le Jura et le village de Reithouse. De nombreuses animations sont ainsi mises en place ce jeudi. De 10 \u00e0 12 heures : ateliers participatifs : construction d\u2019une spirale d\u2019aromates, &#8230; <\/p>\n<div><a href=\"https:\/\/www.altercampagne.net\/?p=4084\" class=\"more-link\">Read More<\/a><\/div>\n","protected":false},"author":214,"featured_media":0,"comment_status":"closed","ping_status":"closed","sticky":false,"template":"","format":"standard","meta":{"footnotes":""},"categories":[239],"tags":[287,598,694,883,1018,1656],"class_list":["post-4084","post","type-post","status-publish","format-standard","hentry","category-revue-de-presse","tag-gaz-de-schiste","tag-jura","tag-altertour-2013","tag-reithouse","tag-franche-comte","tag-1656","no-post-thumbnail"],"yoast_head":"<!-- This site is optimized with the Yoast SEO plugin v27.3 - https:\/\/yoast.com\/product\/yoast-seo-wordpress\/ -->\n<title>Reithouse. Les cyclistes de l\u2019AlterTour reprennent des forces au village - AlterTour<\/title>\n<meta name=\"robots\" content=\"index, follow, max-snippet:-1, max-image-preview:large, max-video-preview:-1\" \/>\n<link rel=\"canonical\" href=\"https:\/\/www.altercampagne.net\/?p=4084\" \/>\n<meta property=\"og:locale\" content=\"fr_FR\" \/>\n<meta property=\"og:type\" content=\"article\" \/>\n<meta property=\"og:title\" content=\"Reithouse. Les cyclistes de l\u2019AlterTour reprennent des forces au village - AlterTour\" \/>\n<meta property=\"og:description\" content=\"La 6e \u00e9dition de l\u2019AlterTour se d\u00e9roule cette ann\u00e9e du 18 juillet au 21 ao\u00fbt. Le parcours passe notamment par le Jura et le village de Reithouse. De nombreuses animations sont ainsi mises en place ce jeudi. De 10 \u00e0 12 heures : ateliers participatifs : construction d\u2019une spirale d\u2019aromates, ... Read More\" \/>\n<meta property=\"og:url\" content=\"https:\/\/www.altercampagne.net\/?p=4084\" \/>\n<meta property=\"og:site_name\" content=\"AlterTour\" \/>\n<meta property=\"article:published_time\" content=\"2013-08-14T11:32:40+00:00\" \/>\n<meta property=\"article:modified_time\" content=\"2016-04-13T11:34:43+00:00\" \/>\n<meta name=\"author\" content=\"Mathieu\" \/>\n<meta name=\"twitter:card\" content=\"summary_large_image\" \/>\n<meta name=\"twitter:label1\" content=\"\u00c9crit par\" \/>\n\t<meta name=\"twitter:data1\" content=\"Mathieu\" \/>\n<script type=\"application\/ld+json\" class=\"yoast-schema-graph\">{\"@context\":\"https:\\\/\\\/schema.org\",\"@graph\":[{\"@type\":\"Article\",\"@id\":\"https:\\\/\\\/www.altercampagne.net\\\/?p=4084#article\",\"isPartOf\":{\"@id\":\"https:\\\/\\\/www.altercampagne.net\\\/?p=4084\"},\"author\":{\"name\":\"Mathieu\",\"@id\":\"https:\\\/\\\/www.altercampagne.net\\\/#\\\/schema\\\/person\\\/0f261460c09e430caa0f9bcffa319109\"},\"headline\":\"Reithouse. Les cyclistes de l\u2019AlterTour reprennent des forces au village\",\"datePublished\":\"2013-08-14T11:32:40+00:00\",\"dateModified\":\"2016-04-13T11:34:43+00:00\",\"mainEntityOfPage\":{\"@id\":\"https:\\\/\\\/www.altercampagne.net\\\/?p=4084\"},\"wordCount\":110,\"keywords\":[\"gaz de schiste\",\"jura\",\"AlterTour 2013\",\"Reithouse\",\"Franche-Comt\u00e9\",\"2013\"],\"articleSection\":[\"Revue de presse\"],\"inLanguage\":\"fr-FR\"},{\"@type\":\"WebPage\",\"@id\":\"https:\\\/\\\/www.altercampagne.net\\\/?p=4084\",\"url\":\"https:\\\/\\\/www.altercampagne.net\\\/?p=4084\",\"name\":\"Reithouse. Les cyclistes de l\u2019AlterTour reprennent des forces au village - AlterTour\",\"isPartOf\":{\"@id\":\"https:\\\/\\\/www.altercampagne.net\\\/#website\"},\"datePublished\":\"2013-08-14T11:32:40+00:00\",\"dateModified\":\"2016-04-13T11:34:43+00:00\",\"author\":{\"@id\":\"https:\\\/\\\/www.altercampagne.net\\\/#\\\/schema\\\/person\\\/0f261460c09e430caa0f9bcffa319109\"},\"breadcrumb\":{\"@id\":\"https:\\\/\\\/www.altercampagne.net\\\/?p=4084#breadcrumb\"},\"inLanguage\":\"fr-FR\",\"potentialAction\":[{\"@type\":\"ReadAction\",\"target\":[\"https:\\\/\\\/www.altercampagne.net\\\/?p=4084\"]}]},{\"@type\":\"BreadcrumbList\",\"@id\":\"https:\\\/\\\/www.altercampagne.net\\\/?p=4084#breadcrumb\",\"itemListElement\":[{\"@type\":\"ListItem\",\"position\":1,\"name\":\"Accueil\",\"item\":\"https:\\\/\\\/www.altercampagne.net\\\/\"},{\"@type\":\"ListItem\",\"position\":2,\"name\":\"Reithouse. Les cyclistes de l\u2019AlterTour reprennent des forces au village\"}]},{\"@type\":\"WebSite\",\"@id\":\"https:\\\/\\\/www.altercampagne.net\\\/#website\",\"url\":\"https:\\\/\\\/www.altercampagne.net\\\/\",\"name\":\"AlterTour\",\"description\":\"Reliez les Alternatives \u00e0 v\u00e9lo\",\"potentialAction\":[{\"@type\":\"SearchAction\",\"target\":{\"@type\":\"EntryPoint\",\"urlTemplate\":\"https:\\\/\\\/www.altercampagne.net\\\/?s={search_term_string}\"},\"query-input\":{\"@type\":\"PropertyValueSpecification\",\"valueRequired\":true,\"valueName\":\"search_term_string\"}}],\"inLanguage\":\"fr-FR\"},{\"@type\":\"Person\",\"@id\":\"https:\\\/\\\/www.altercampagne.net\\\/#\\\/schema\\\/person\\\/0f261460c09e430caa0f9bcffa319109\",\"name\":\"Mathieu\",\"image\":{\"@type\":\"ImageObject\",\"inLanguage\":\"fr-FR\",\"@id\":\"https:\\\/\\\/secure.gravatar.com\\\/avatar\\\/aa9d3d24c83f2141e5e2709d0f63d09a99f6be6bb7a50abc4915838d9f54501a?s=96&d=mm&r=g\",\"url\":\"https:\\\/\\\/secure.gravatar.com\\\/avatar\\\/aa9d3d24c83f2141e5e2709d0f63d09a99f6be6bb7a50abc4915838d9f54501a?s=96&d=mm&r=g\",\"contentUrl\":\"https:\\\/\\\/secure.gravatar.com\\\/avatar\\\/aa9d3d24c83f2141e5e2709d0f63d09a99f6be6bb7a50abc4915838d9f54501a?s=96&d=mm&r=g\",\"caption\":\"Mathieu\"},\"url\":\"https:\\\/\\\/www.altercampagne.net\\\/?author=214\"}]}<\/script>\n<!-- \/ Yoast SEO plugin. -->","yoast_head_json":{"title":"Reithouse. Les cyclistes de l\u2019AlterTour reprennent des forces au village - AlterTour","robots":{"index":"index","follow":"follow","max-snippet":"max-snippet:-1","max-image-preview":"max-image-preview:large","max-video-preview":"max-video-preview:-1"},"canonical":"https:\/\/www.altercampagne.net\/?p=4084","og_locale":"fr_FR","og_type":"article","og_title":"Reithouse. Les cyclistes de l\u2019AlterTour reprennent des forces au village - AlterTour","og_description":"La 6e \u00e9dition de l\u2019AlterTour se d\u00e9roule cette ann\u00e9e du 18 juillet au 21 ao\u00fbt. Le parcours passe notamment par le Jura et le village de Reithouse. De nombreuses animations sont ainsi mises en place ce jeudi. De 10 \u00e0 12 heures : ateliers participatifs : construction d\u2019une spirale d\u2019aromates, ... Read More","og_url":"https:\/\/www.altercampagne.net\/?p=4084","og_site_name":"AlterTour","article_published_time":"2013-08-14T11:32:40+00:00","article_modified_time":"2016-04-13T11:34:43+00:00","author":"Mathieu","twitter_card":"summary_large_image","twitter_misc":{"\u00c9crit par":"Mathieu"},"schema":{"@context":"https:\/\/schema.org","@graph":[{"@type":"Article","@id":"https:\/\/www.altercampagne.net\/?p=4084#article","isPartOf":{"@id":"https:\/\/www.altercampagne.net\/?p=4084"},"author":{"name":"Mathieu","@id":"https:\/\/www.altercampagne.net\/#\/schema\/person\/0f261460c09e430caa0f9bcffa319109"},"headline":"Reithouse. Les cyclistes de l\u2019AlterTour reprennent des forces au village","datePublished":"2013-08-14T11:32:40+00:00","dateModified":"2016-04-13T11:34:43+00:00","mainEntityOfPage":{"@id":"https:\/\/www.altercampagne.net\/?p=4084"},"wordCount":110,"keywords":["gaz de schiste","jura","AlterTour 2013","Reithouse","Franche-Comt\u00e9","2013"],"articleSection":["Revue de presse"],"inLanguage":"fr-FR"},{"@type":"WebPage","@id":"https:\/\/www.altercampagne.net\/?p=4084","url":"https:\/\/www.altercampagne.net\/?p=4084","name":"Reithouse. Les cyclistes de l\u2019AlterTour reprennent des forces au village - AlterTour","isPartOf":{"@id":"https:\/\/www.altercampagne.net\/#website"},"datePublished":"2013-08-14T11:32:40+00:00","dateModified":"2016-04-13T11:34:43+00:00","author":{"@id":"https:\/\/www.altercampagne.net\/#\/schema\/person\/0f261460c09e430caa0f9bcffa319109"},"breadcrumb":{"@id":"https:\/\/www.altercampagne.net\/?p=4084#breadcrumb"},"inLanguage":"fr-FR","potentialAction":[{"@type":"ReadAction","target":["https:\/\/www.altercampagne.net\/?p=4084"]}]},{"@type":"BreadcrumbList","@id":"https:\/\/www.altercampagne.net\/?p=4084#breadcrumb","itemListElement":[{"@type":"ListItem","position":1,"name":"Accueil","item":"https:\/\/www.altercampagne.net\/"},{"@type":"ListItem","position":2,"name":"Reithouse. Les cyclistes de l\u2019AlterTour reprennent des forces au village"}]},{"@type":"WebSite","@id":"https:\/\/www.altercampagne.net\/#website","url":"https:\/\/www.altercampagne.net\/","name":"AlterTour","description":"Reliez les Alternatives \u00e0 v\u00e9lo","potentialAction":[{"@type":"SearchAction","target":{"@type":"EntryPoint","urlTemplate":"https:\/\/www.altercampagne.net\/?s={search_term_string}"},"query-input":{"@type":"PropertyValueSpecification","valueRequired":true,"valueName":"search_term_string"}}],"inLanguage":"fr-FR"},{"@type":"Person","@id":"https:\/\/www.altercampagne.net\/#\/schema\/person\/0f261460c09e430caa0f9bcffa319109","name":"Mathieu","image":{"@type":"ImageObject","inLanguage":"fr-FR","@id":"https:\/\/secure.gravatar.com\/avatar\/aa9d3d24c83f2141e5e2709d0f63d09a99f6be6bb7a50abc4915838d9f54501a?s=96&d=mm&r=g","url":"https:\/\/secure.gravatar.com\/avatar\/aa9d3d24c83f2141e5e2709d0f63d09a99f6be6bb7a50abc4915838d9f54501a?s=96&d=mm&r=g","contentUrl":"https:\/\/secure.gravatar.com\/avatar\/aa9d3d24c83f2141e5e2709d0f63d09a99f6be6bb7a50abc4915838d9f54501a?s=96&d=mm&r=g","caption":"Mathieu"},"url":"https:\/\/www.altercampagne.net\/?author=214"}]}},"_links":{"self":[{"href":"https:\/\/www.altercampagne.net\/index.php?rest_route=\/wp\/v2\/posts\/4084","targetHints":{"allow":["GET"]}}],"collection":[{"href":"https:\/\/www.altercampagne.net\/index.php?rest_route=\/wp\/v2\/posts"}],"about":[{"href":"https:\/\/www.altercampagne.net\/index.php?rest_route=\/wp\/v2\/types\/post"}],"author":[{"embeddable":true,"href":"https:\/\/www.altercampagne.net\/index.php?rest_route=\/wp\/v2\/users\/214"}],"replies":[{"embeddable":true,"href":"https:\/\/www.altercampagne.net\/index.php?rest_route=%2Fwp%2Fv2%2Fcomments&post=4084"}],"version-history":[{"count":0,"href":"https:\/\/www.altercampagne.net\/index.php?rest_route=\/wp\/v2\/posts\/4084\/revisions"}],"wp:attachment":[{"href":"https:\/\/www.altercampagne.net\/index.php?rest_route=%2Fwp%2Fv2%2Fmedia&parent=4084"}],"wp:term":[{"taxonomy":"category","embeddable":true,"href":"https:\/\/www.altercampagne.net\/index.php?rest_route=%2Fwp%2Fv2%2Fcategories&post=4084"},{"taxonomy":"post_tag","embeddable":true,"href":"https:\/\/www.altercampagne.net\/index.php?rest_route=%2Fwp%2Fv2%2Ftags&post=4084"}],"curies":[{"name":"wp","href":"https:\/\/api.w.org\/{rel}","templated":true}]}}